{"id":89776,"date":"2015-10-21T07:52:39","date_gmt":"2015-10-21T05:52:39","guid":{"rendered":"http:\/\/batijournal.com\/?p=89776"},"modified":"2019-07-15T11:17:06","modified_gmt":"2019-07-15T09:17:06","slug":"strasbourg-1200-1230-la-revolution-gothique","status":"publish","type":"post","link":"https:\/\/batijournal.com\/index.php\/strasbourg-1200-1230-la-revolution-gothique\/89776\/","title":{"rendered":"Strasbourg 1200-1230 : la r\u00e9volution gothique"},"content":{"rendered":"<div class=\"page\" title=\"Page 1\">\n<div class=\"layoutArea\">\n<div class=\"column\">\n<p><strong><img loading=\"lazy\" decoding=\"async\" class=\"alignleft size-medium wp-image-89774\" src=\"https:\/\/batijournal.com\/wp-content\/uploads\/2015\/10\/1.-L\u2019Atlante-204x300.jpeg\" alt=\"1. L\u2019Atlante\" width=\"204\" height=\"300\" srcset=\"https:\/\/batijournal.com\/wp-content\/uploads\/2015\/10\/1.-L\u2019Atlante-204x300.jpeg 204w, https:\/\/batijournal.com\/wp-content\/uploads\/2015\/10\/1.-L\u2019Atlante-102x150.jpeg 102w, https:\/\/batijournal.com\/wp-content\/uploads\/2015\/10\/1.-L\u2019Atlante.jpeg 697w, https:\/\/batijournal.com\/wp-content\/uploads\/2015\/10\/1.-L\u2019Atlante-600x882.jpeg 600w\" sizes=\"(max-width: 204px) 100vw, 204px\" \/>Propos\u00e9e dans le cadre du Mill\u00e9naire des fondations de la cath\u00e9drale de Strasbourg, cette exposition \u00e9voque l\u2019arriv\u00e9e du style gothique \u00e0 Strasbourg au d\u00e9but du XIIIe si\u00e8cle.<\/strong><\/p>\n<p>La construction du transept sud de la cath\u00e9drale est la premi\u00e8re manifestation du nouveau style en terre germanique. Les travaux de sculpture qu\u2019elle occasionne, en particulier les statues de l\u2019\u00c9glise, de la Synagogue et du Pilier des Anges, comptent parmi les plus c\u00e9l\u00e8bres chefs-d\u2019\u0153uvre de l\u2019art occidental du Moyen Age. Strasbourg se trouve alors projet\u00e9 sur le devant de la sc\u00e8ne artistique, \u00e0 la fois par les commandes \u00e0 ses ateliers et par l\u2019influence des \u0153uvres qui y sont produites. La statuaire de la cath\u00e9drale de Strasbourg manifeste l\u2019influence des cath\u00e9drales de Chartres et de Sens. Elle a \u00e9t\u00e9 aussit\u00f4t imit\u00e9e \u00e0 la cath\u00e9drale de Bamberg et on en trouve l\u2019\u00e9cho jusque dans les vitraux de Sainte-Elisabeth \u00e0 Marburg.<\/p>\n<p>L\u2019exposition r\u00e9unit ce qu\u2019il est possible des \u0153uvres dispers\u00e9es provenant de collections publiques et priv\u00e9es europ\u00e9ennes qui t\u00e9moignent de ce bouleversement artistique (sculpture, vitrail, enluminure, orf\u00e8vrerie&#8230;) et \u00e9voque les sources ainsi que le rayonnement de cet atelier exceptionnel.<\/p>\n<p>Mus\u00e9e de l&rsquo;\u0153uvre Notre-Dame, Strasbourg, 16 Octobre 2015 &#8211; 14 F\u00e9vrier 2016<\/p>\n<\/div>\n<\/div>\n<\/div>\n","protected":false},"excerpt":{"rendered":"<p>Propos\u00e9e dans le cadre du Mill\u00e9naire des fondations de la cath\u00e9drale de Strasbourg, cette exposition \u00e9voque l\u2019arriv\u00e9e du style gothique \u00e0 Strasbourg au d\u00e9but du XIIIe si\u00e8cle. La construction du transept sud de la cath\u00e9drale est la premi\u00e8re manifestation du nouveau style en terre germanique. Les travaux de sculpture qu\u2019elle occasionne, en particulier les statues [&hellip;]<\/p>\n","protected":false},"author":17,"featured_media":89775,"comment_status":"closed","ping_status":"closed","sticky":false,"template":"","format":"standard","meta":{"_et_pb_use_builder":"","_et_pb_old_content":"","_et_gb_content_width":"","footnotes":""},"categories":[6340],"tags":[4474],"class_list":["post-89776","post","type-post","status-publish","format-standard","has-post-thumbnail","hentry","category-architecture-conception","tag-monuments-historiques"],"yoast_head":"<!-- This site is optimized with the Yoast SEO plugin v27.4 - https:\/\/yoast.com\/product\/yoast-seo-wordpress\/ -->\n<title>Strasbourg 1200-1230 : la r\u00e9volution gothique<\/title>\n<meta name=\"robots\" content=\"index, follow, max-snippet:-1, max-image-preview:large, max-video-preview:-1\" \/>\n<link rel=\"canonical\" href=\"https:\/\/batijournal.com\/index.php\/strasbourg-1200-1230-la-revolution-gothique\/89776\/\" \/>\n<meta property=\"og:locale\" content=\"fr_FR\" \/>\n<meta property=\"og:type\" content=\"article\" \/>\n<meta property=\"og:title\" content=\"Strasbourg 1200-1230 : la r\u00e9volution gothique\" \/>\n<meta property=\"og:description\" content=\"Propos\u00e9e dans le cadre du Mill\u00e9naire des fondations de la cath\u00e9drale de Strasbourg, cette exposition \u00e9voque l\u2019arriv\u00e9e du style gothique \u00e0 Strasbourg au d\u00e9but du XIIIe si\u00e8cle. La construction du transept sud de la cath\u00e9drale est la premi\u00e8re manifestation du nouveau style en terre germanique. Les travaux de sculpture qu\u2019elle occasionne, en particulier les statues [&hellip;]\" \/>\n<meta property=\"og:url\" content=\"https:\/\/batijournal.com\/index.php\/strasbourg-1200-1230-la-revolution-gothique\/89776\/\" \/>\n<meta property=\"og:site_name\" content=\"Batijournal\" \/>\n<meta property=\"article:published_time\" content=\"2015-10-21T05:52:39+00:00\" \/>\n<meta property=\"article:modified_time\" content=\"2019-07-15T09:17:06+00:00\" \/>\n<meta property=\"og:image\" content=\"https:\/\/batijournal.com\/wp-content\/uploads\/2015\/10\/8.-Couronnement-de-la-Vierge-par-le-Christ.jpeg\" \/>\n\t<meta property=\"og:image:width\" content=\"1024\" \/>\n\t<meta property=\"og:image:height\" content=\"998\" \/>\n\t<meta property=\"og:image:type\" content=\"image\/jpeg\" \/>\n<meta name=\"author\" content=\"St\u00e9phane Miget\" \/>\n<meta name=\"twitter:card\" content=\"summary_large_image\" \/>\n<meta name=\"twitter:creator\" content=\"@bati_journal\" \/>\n<meta name=\"twitter:site\" content=\"@bati_journal\" \/>\n<meta name=\"twitter:label1\" content=\"\u00c9crit par\" \/>\n\t<meta name=\"twitter:data1\" content=\"St\u00e9phane Miget\" \/>\n\t<meta name=\"twitter:label2\" content=\"Dur\u00e9e de lecture estim\u00e9e\" \/>\n\t<meta name=\"twitter:data2\" content=\"1 minute\" \/>\n<script type=\"application\/ld+json\" class=\"yoast-schema-graph\">{\"@context\":\"https:\\\/\\\/schema.org\",\"@graph\":[{\"@type\":\"Article\",\"@id\":\"https:\\\/\\\/batijournal.com\\\/index.php\\\/strasbourg-1200-1230-la-revolution-gothique\\\/89776\\\/#article\",\"isPartOf\":{\"@id\":\"https:\\\/\\\/batijournal.com\\\/index.php\\\/strasbourg-1200-1230-la-revolution-gothique\\\/89776\\\/\"},\"author\":{\"name\":\"St\u00e9phane Miget\",\"@id\":\"https:\\\/\\\/batijournal.com\\\/#\\\/schema\\\/person\\\/1dc96ec6957aa1ccb25ebe78bb19f100\"},\"headline\":\"Strasbourg 1200-1230 : la r\u00e9volution gothique\",\"datePublished\":\"2015-10-21T05:52:39+00:00\",\"dateModified\":\"2019-07-15T09:17:06+00:00\",\"mainEntityOfPage\":{\"@id\":\"https:\\\/\\\/batijournal.com\\\/index.php\\\/strasbourg-1200-1230-la-revolution-gothique\\\/89776\\\/\"},\"wordCount\":228,\"image\":{\"@id\":\"https:\\\/\\\/batijournal.com\\\/index.php\\\/strasbourg-1200-1230-la-revolution-gothique\\\/89776\\\/#primaryimage\"},\"thumbnailUrl\":\"https:\\\/\\\/batijournal.com\\\/wp-content\\\/uploads\\\/2015\\\/10\\\/8.-Couronnement-de-la-Vierge-par-le-Christ.jpeg\",\"keywords\":[\"monuments historiques\"],\"articleSection\":[\"Architecture &amp; Conception\"],\"inLanguage\":\"fr-FR\"},{\"@type\":\"WebPage\",\"@id\":\"https:\\\/\\\/batijournal.com\\\/index.php\\\/strasbourg-1200-1230-la-revolution-gothique\\\/89776\\\/\",\"url\":\"https:\\\/\\\/batijournal.com\\\/index.php\\\/strasbourg-1200-1230-la-revolution-gothique\\\/89776\\\/\",\"name\":\"Strasbourg 1200-1230 : la r\u00e9volution gothique\",\"isPartOf\":{\"@id\":\"https:\\\/\\\/batijournal.com\\\/#website\"},\"primaryImageOfPage\":{\"@id\":\"https:\\\/\\\/batijournal.com\\\/index.php\\\/strasbourg-1200-1230-la-revolution-gothique\\\/89776\\\/#primaryimage\"},\"image\":{\"@id\":\"https:\\\/\\\/batijournal.com\\\/index.php\\\/strasbourg-1200-1230-la-revolution-gothique\\\/89776\\\/#primaryimage\"},\"thumbnailUrl\":\"https:\\\/\\\/batijournal.com\\\/wp-content\\\/uploads\\\/2015\\\/10\\\/8.-Couronnement-de-la-Vierge-par-le-Christ.jpeg\",\"datePublished\":\"2015-10-21T05:52:39+00:00\",\"dateModified\":\"2019-07-15T09:17:06+00:00\",\"author\":{\"@id\":\"https:\\\/\\\/batijournal.com\\\/#\\\/schema\\\/person\\\/1dc96ec6957aa1ccb25ebe78bb19f100\"},\"breadcrumb\":{\"@id\":\"https:\\\/\\\/batijournal.com\\\/index.php\\\/strasbourg-1200-1230-la-revolution-gothique\\\/89776\\\/#breadcrumb\"},\"inLanguage\":\"fr-FR\",\"potentialAction\":[{\"@type\":\"ReadAction\",\"target\":[\"https:\\\/\\\/batijournal.com\\\/index.php\\\/strasbourg-1200-1230-la-revolution-gothique\\\/89776\\\/\"]}]},{\"@type\":\"ImageObject\",\"inLanguage\":\"fr-FR\",\"@id\":\"https:\\\/\\\/batijournal.com\\\/index.php\\\/strasbourg-1200-1230-la-revolution-gothique\\\/89776\\\/#primaryimage\",\"url\":\"https:\\\/\\\/batijournal.com\\\/wp-content\\\/uploads\\\/2015\\\/10\\\/8.-Couronnement-de-la-Vierge-par-le-Christ.jpeg\",\"contentUrl\":\"https:\\\/\\\/batijournal.com\\\/wp-content\\\/uploads\\\/2015\\\/10\\\/8.-Couronnement-de-la-Vierge-par-le-Christ.jpeg\",\"width\":1024,\"height\":998},{\"@type\":\"BreadcrumbList\",\"@id\":\"https:\\\/\\\/batijournal.com\\\/index.php\\\/strasbourg-1200-1230-la-revolution-gothique\\\/89776\\\/#breadcrumb\",\"itemListElement\":[{\"@type\":\"ListItem\",\"position\":1,\"name\":\"Accueil\",\"item\":\"https:\\\/\\\/batijournal.com\\\/\"},{\"@type\":\"ListItem\",\"position\":2,\"name\":\"Actualit\u00e9s\",\"item\":\"https:\\\/\\\/batijournal.com\\\/index.php\\\/category\\\/actualites\\\/\"},{\"@type\":\"ListItem\",\"position\":3,\"name\":\"Architecture &amp; Conception\",\"item\":\"https:\\\/\\\/batijournal.com\\\/index.php\\\/category\\\/actualites\\\/architecture-conception\\\/\"},{\"@type\":\"ListItem\",\"position\":4,\"name\":\"Strasbourg 1200-1230 : la r\u00e9volution gothique\"}]},{\"@type\":\"WebSite\",\"@id\":\"https:\\\/\\\/batijournal.com\\\/#website\",\"url\":\"https:\\\/\\\/batijournal.com\\\/\",\"name\":\"Batijournal\",\"description\":\"L&#039;actualit\u00e9 du b\u00e2timent\",\"potentialAction\":[{\"@type\":\"SearchAction\",\"target\":{\"@type\":\"EntryPoint\",\"urlTemplate\":\"https:\\\/\\\/batijournal.com\\\/?s={search_term_string}\"},\"query-input\":{\"@type\":\"PropertyValueSpecification\",\"valueRequired\":true,\"valueName\":\"search_term_string\"}}],\"inLanguage\":\"fr-FR\"},{\"@type\":\"Person\",\"@id\":\"https:\\\/\\\/batijournal.com\\\/#\\\/schema\\\/person\\\/1dc96ec6957aa1ccb25ebe78bb19f100\",\"name\":\"St\u00e9phane Miget\",\"image\":{\"@type\":\"ImageObject\",\"inLanguage\":\"fr-FR\",\"@id\":\"https:\\\/\\\/secure.gravatar.com\\\/avatar\\\/89915563d925342126b8ef0281b93d9d7fc337043e8df017f780908eb9644451?s=96&d=mm&r=g\",\"url\":\"https:\\\/\\\/secure.gravatar.com\\\/avatar\\\/89915563d925342126b8ef0281b93d9d7fc337043e8df017f780908eb9644451?s=96&d=mm&r=g\",\"contentUrl\":\"https:\\\/\\\/secure.gravatar.com\\\/avatar\\\/89915563d925342126b8ef0281b93d9d7fc337043e8df017f780908eb9644451?s=96&d=mm&r=g\",\"caption\":\"St\u00e9phane Miget\"},\"url\":\"https:\\\/\\\/batijournal.com\\\/index.php\\\/author\\\/stephane\\\/\"}]}<\/script>\n<!-- \/ Yoast SEO plugin. -->","yoast_head_json":{"title":"Strasbourg 1200-1230 : la r\u00e9volution gothique","robots":{"index":"index","follow":"follow","max-snippet":"max-snippet:-1","max-image-preview":"max-image-preview:large","max-video-preview":"max-video-preview:-1"},"canonical":"https:\/\/batijournal.com\/index.php\/strasbourg-1200-1230-la-revolution-gothique\/89776\/","og_locale":"fr_FR","og_type":"article","og_title":"Strasbourg 1200-1230 : la r\u00e9volution gothique","og_description":"Propos\u00e9e dans le cadre du Mill\u00e9naire des fondations de la cath\u00e9drale de Strasbourg, cette exposition \u00e9voque l\u2019arriv\u00e9e du style gothique \u00e0 Strasbourg au d\u00e9but du XIIIe si\u00e8cle. La construction du transept sud de la cath\u00e9drale est la premi\u00e8re manifestation du nouveau style en terre germanique. Les travaux de sculpture qu\u2019elle occasionne, en particulier les statues [&hellip;]","og_url":"https:\/\/batijournal.com\/index.php\/strasbourg-1200-1230-la-revolution-gothique\/89776\/","og_site_name":"Batijournal","article_published_time":"2015-10-21T05:52:39+00:00","article_modified_time":"2019-07-15T09:17:06+00:00","og_image":[{"width":1024,"height":998,"url":"https:\/\/batijournal.com\/wp-content\/uploads\/2015\/10\/8.-Couronnement-de-la-Vierge-par-le-Christ.jpeg","type":"image\/jpeg"}],"author":"St\u00e9phane Miget","twitter_card":"summary_large_image","twitter_creator":"@bati_journal","twitter_site":"@bati_journal","twitter_misc":{"\u00c9crit par":"St\u00e9phane Miget","Dur\u00e9e de lecture estim\u00e9e":"1 minute"},"schema":{"@context":"https:\/\/schema.org","@graph":[{"@type":"Article","@id":"https:\/\/batijournal.com\/index.php\/strasbourg-1200-1230-la-revolution-gothique\/89776\/#article","isPartOf":{"@id":"https:\/\/batijournal.com\/index.php\/strasbourg-1200-1230-la-revolution-gothique\/89776\/"},"author":{"name":"St\u00e9phane Miget","@id":"https:\/\/batijournal.com\/#\/schema\/person\/1dc96ec6957aa1ccb25ebe78bb19f100"},"headline":"Strasbourg 1200-1230 : la r\u00e9volution gothique","datePublished":"2015-10-21T05:52:39+00:00","dateModified":"2019-07-15T09:17:06+00:00","mainEntityOfPage":{"@id":"https:\/\/batijournal.com\/index.php\/strasbourg-1200-1230-la-revolution-gothique\/89776\/"},"wordCount":228,"image":{"@id":"https:\/\/batijournal.com\/index.php\/strasbourg-1200-1230-la-revolution-gothique\/89776\/#primaryimage"},"thumbnailUrl":"https:\/\/batijournal.com\/wp-content\/uploads\/2015\/10\/8.-Couronnement-de-la-Vierge-par-le-Christ.jpeg","keywords":["monuments historiques"],"articleSection":["Architecture &amp; Conception"],"inLanguage":"fr-FR"},{"@type":"WebPage","@id":"https:\/\/batijournal.com\/index.php\/strasbourg-1200-1230-la-revolution-gothique\/89776\/","url":"https:\/\/batijournal.com\/index.php\/strasbourg-1200-1230-la-revolution-gothique\/89776\/","name":"Strasbourg 1200-1230 : la r\u00e9volution gothique","isPartOf":{"@id":"https:\/\/batijournal.com\/#website"},"primaryImageOfPage":{"@id":"https:\/\/batijournal.com\/index.php\/strasbourg-1200-1230-la-revolution-gothique\/89776\/#primaryimage"},"image":{"@id":"https:\/\/batijournal.com\/index.php\/strasbourg-1200-1230-la-revolution-gothique\/89776\/#primaryimage"},"thumbnailUrl":"https:\/\/batijournal.com\/wp-content\/uploads\/2015\/10\/8.-Couronnement-de-la-Vierge-par-le-Christ.jpeg","datePublished":"2015-10-21T05:52:39+00:00","dateModified":"2019-07-15T09:17:06+00:00","author":{"@id":"https:\/\/batijournal.com\/#\/schema\/person\/1dc96ec6957aa1ccb25ebe78bb19f100"},"breadcrumb":{"@id":"https:\/\/batijournal.com\/index.php\/strasbourg-1200-1230-la-revolution-gothique\/89776\/#breadcrumb"},"inLanguage":"fr-FR","potentialAction":[{"@type":"ReadAction","target":["https:\/\/batijournal.com\/index.php\/strasbourg-1200-1230-la-revolution-gothique\/89776\/"]}]},{"@type":"ImageObject","inLanguage":"fr-FR","@id":"https:\/\/batijournal.com\/index.php\/strasbourg-1200-1230-la-revolution-gothique\/89776\/#primaryimage","url":"https:\/\/batijournal.com\/wp-content\/uploads\/2015\/10\/8.-Couronnement-de-la-Vierge-par-le-Christ.jpeg","contentUrl":"https:\/\/batijournal.com\/wp-content\/uploads\/2015\/10\/8.-Couronnement-de-la-Vierge-par-le-Christ.jpeg","width":1024,"height":998},{"@type":"BreadcrumbList","@id":"https:\/\/batijournal.com\/index.php\/strasbourg-1200-1230-la-revolution-gothique\/89776\/#breadcrumb","itemListElement":[{"@type":"ListItem","position":1,"name":"Accueil","item":"https:\/\/batijournal.com\/"},{"@type":"ListItem","position":2,"name":"Actualit\u00e9s","item":"https:\/\/batijournal.com\/index.php\/category\/actualites\/"},{"@type":"ListItem","position":3,"name":"Architecture &amp; Conception","item":"https:\/\/batijournal.com\/index.php\/category\/actualites\/architecture-conception\/"},{"@type":"ListItem","position":4,"name":"Strasbourg 1200-1230 : la r\u00e9volution gothique"}]},{"@type":"WebSite","@id":"https:\/\/batijournal.com\/#website","url":"https:\/\/batijournal.com\/","name":"Batijournal","description":"L&#039;actualit\u00e9 du b\u00e2timent","potentialAction":[{"@type":"SearchAction","target":{"@type":"EntryPoint","urlTemplate":"https:\/\/batijournal.com\/?s={search_term_string}"},"query-input":{"@type":"PropertyValueSpecification","valueRequired":true,"valueName":"search_term_string"}}],"inLanguage":"fr-FR"},{"@type":"Person","@id":"https:\/\/batijournal.com\/#\/schema\/person\/1dc96ec6957aa1ccb25ebe78bb19f100","name":"St\u00e9phane Miget","image":{"@type":"ImageObject","inLanguage":"fr-FR","@id":"https:\/\/secure.gravatar.com\/avatar\/89915563d925342126b8ef0281b93d9d7fc337043e8df017f780908eb9644451?s=96&d=mm&r=g","url":"https:\/\/secure.gravatar.com\/avatar\/89915563d925342126b8ef0281b93d9d7fc337043e8df017f780908eb9644451?s=96&d=mm&r=g","contentUrl":"https:\/\/secure.gravatar.com\/avatar\/89915563d925342126b8ef0281b93d9d7fc337043e8df017f780908eb9644451?s=96&d=mm&r=g","caption":"St\u00e9phane Miget"},"url":"https:\/\/batijournal.com\/index.php\/author\/stephane\/"}]}},"_links":{"self":[{"href":"https:\/\/batijournal.com\/index.php\/wp-json\/wp\/v2\/posts\/89776","targetHints":{"allow":["GET"]}}],"collection":[{"href":"https:\/\/batijournal.com\/index.php\/wp-json\/wp\/v2\/posts"}],"about":[{"href":"https:\/\/batijournal.com\/index.php\/wp-json\/wp\/v2\/types\/post"}],"author":[{"embeddable":true,"href":"https:\/\/batijournal.com\/index.php\/wp-json\/wp\/v2\/users\/17"}],"replies":[{"embeddable":true,"href":"https:\/\/batijournal.com\/index.php\/wp-json\/wp\/v2\/comments?post=89776"}],"version-history":[{"count":0,"href":"https:\/\/batijournal.com\/index.php\/wp-json\/wp\/v2\/posts\/89776\/revisions"}],"wp:featuredmedia":[{"embeddable":true,"href":"https:\/\/batijournal.com\/index.php\/wp-json\/wp\/v2\/media\/89775"}],"wp:attachment":[{"href":"https:\/\/batijournal.com\/index.php\/wp-json\/wp\/v2\/media?parent=89776"}],"wp:term":[{"taxonomy":"category","embeddable":true,"href":"https:\/\/batijournal.com\/index.php\/wp-json\/wp\/v2\/categories?post=89776"},{"taxonomy":"post_tag","embeddable":true,"href":"https:\/\/batijournal.com\/index.php\/wp-json\/wp\/v2\/tags?post=89776"}],"curies":[{"name":"wp","href":"https:\/\/api.w.org\/{rel}","templated":true}]}}