{"id":89801,"date":"2015-10-22T08:36:13","date_gmt":"2015-10-22T06:36:13","guid":{"rendered":"http:\/\/batijournal.com\/?p=89801"},"modified":"2019-07-15T12:11:19","modified_gmt":"2019-07-15T10:11:19","slug":"lintegration-de-linondation-dans-un-projet-urbain-recompensee","status":"publish","type":"post","link":"https:\/\/batijournal.com\/index.php\/lintegration-de-linondation-dans-un-projet-urbain-recompensee\/89801\/","title":{"rendered":"L&rsquo;int\u00e9gration de l\u2019inondation dans un projet urbain r\u00e9compens\u00e9e"},"content":{"rendered":"<div class=\"page\" title=\"Page 1\">\n<div class=\"layoutArea\">\n<div class=\"column\">\n<p>Le \u00ab 14e meet.ING de l\u2019ing\u00e9nierie \u00bb qui s\u2019est d\u00e9roul\u00e9 dans le cadre du salon et congr\u00e8s World Efficiency a d\u00e9montr\u00e9 que les soci\u00e9t\u00e9s d\u2019ing\u00e9nierie fran\u00e7aises innovent et sont mobilis\u00e9es face au changement climatique. Le Prix Am\u00e9nagement et Construction a \u00e9t\u00e9\u00a0d\u00e9cern\u00e9 \u00e0 Carine DUNOGIER, d\u2019Ing\u00e9rop, pour le projet urbain \u00ab Garonne-Eiffel \u00bb.<\/p>\n<div class=\"page\" title=\"Page 2\">\n<div class=\"layoutArea\">\n<div class=\"column\">\n<p>L\u2019ambition de ce projet est la transformation de 128 hectares partiellement en friche au centre de Bordeaux M\u00e9tropole, en nouveaux quartiers vivants. Le d\u00e9fi est important dans un contexte o\u00f9 les contraintes sont fortes : l\u2019inondation, les infrastructures d\u00e9j\u00e0 pr\u00e9sentes et le bruit associ\u00e9 ou encore la pollution des sols.\u00a0L\u2019ing\u00e9nierie a apport\u00e9 des solutions permettant de transformer ces contraintes en moteur du projet urbain en proposant, notamment, d\u2019int\u00e9grer l\u2019inondation et la gestion de l\u2019eau au c\u0153ur du projet.\u00a0L\u2019ing\u00e9nierie professionnelle a su faire preuve de prouesses techniques et manag\u00e9riales pour apporter des solutions innovantes \u00e0 un projet dont la construction a d\u00e9but\u00e9 fin 2014 et qui se d\u00e9veloppera sur les deux prochaines d\u00e9cennies.<\/p>\n<\/div>\n<\/div>\n<\/div>\n<\/div>\n<\/div>\n<\/div>\n","protected":false},"excerpt":{"rendered":"<p>Le \u00ab 14e meet.ING de l\u2019ing\u00e9nierie \u00bb qui s\u2019est d\u00e9roul\u00e9 dans le cadre du salon et congr\u00e8s World Efficiency a d\u00e9montr\u00e9 que les soci\u00e9t\u00e9s d\u2019ing\u00e9nierie fran\u00e7aises innovent et sont mobilis\u00e9es face au changement climatique. Le Prix Am\u00e9nagement et Construction a \u00e9t\u00e9\u00a0d\u00e9cern\u00e9 \u00e0 Carine DUNOGIER, d\u2019Ing\u00e9rop, pour le projet urbain \u00ab Garonne-Eiffel \u00bb. L\u2019ambition de ce [&hellip;]<\/p>\n","protected":false},"author":17,"featured_media":89802,"comment_status":"closed","ping_status":"closed","sticky":false,"template":"","format":"standard","meta":{"_et_pb_use_builder":"","_et_pb_old_content":"","_et_gb_content_width":"","footnotes":""},"categories":[6340],"tags":[11137,1154],"class_list":["post-89801","post","type-post","status-publish","format-standard","has-post-thumbnail","hentry","category-architecture-conception","tag-inondations","tag-urbanisme"],"yoast_head":"<!-- This site is optimized with the Yoast SEO plugin v27.4 - https:\/\/yoast.com\/product\/yoast-seo-wordpress\/ -->\n<title>L&#039;int\u00e9gration de l\u2019inondation dans un projet urbain r\u00e9compens\u00e9e<\/title>\n<meta name=\"robots\" content=\"index, follow, max-snippet:-1, max-image-preview:large, max-video-preview:-1\" \/>\n<link rel=\"canonical\" href=\"https:\/\/batijournal.com\/index.php\/lintegration-de-linondation-dans-un-projet-urbain-recompensee\/89801\/\" \/>\n<meta property=\"og:locale\" content=\"fr_FR\" \/>\n<meta property=\"og:type\" content=\"article\" \/>\n<meta property=\"og:title\" content=\"L&#039;int\u00e9gration de l\u2019inondation dans un projet urbain r\u00e9compens\u00e9e\" \/>\n<meta property=\"og:description\" content=\"Le \u00ab 14e meet.ING de l\u2019ing\u00e9nierie \u00bb qui s\u2019est d\u00e9roul\u00e9 dans le cadre du salon et congr\u00e8s World Efficiency a d\u00e9montr\u00e9 que les soci\u00e9t\u00e9s d\u2019ing\u00e9nierie fran\u00e7aises innovent et sont mobilis\u00e9es face au changement climatique. Le Prix Am\u00e9nagement et Construction a \u00e9t\u00e9\u00a0d\u00e9cern\u00e9 \u00e0 Carine DUNOGIER, d\u2019Ing\u00e9rop, pour le projet urbain \u00ab Garonne-Eiffel \u00bb. L\u2019ambition de ce [&hellip;]\" \/>\n<meta property=\"og:url\" content=\"https:\/\/batijournal.com\/index.php\/lintegration-de-linondation-dans-un-projet-urbain-recompensee\/89801\/\" \/>\n<meta property=\"og:site_name\" content=\"Batijournal\" \/>\n<meta property=\"article:published_time\" content=\"2015-10-22T06:36:13+00:00\" \/>\n<meta property=\"article:modified_time\" content=\"2019-07-15T10:11:19+00:00\" \/>\n<meta property=\"og:image\" content=\"https:\/\/batijournal.com\/wp-content\/uploads\/2015\/10\/Garonne-Eiffel.png\" \/>\n\t<meta property=\"og:image:width\" content=\"873\" \/>\n\t<meta property=\"og:image:height\" content=\"408\" \/>\n\t<meta property=\"og:image:type\" content=\"image\/png\" \/>\n<meta name=\"author\" content=\"St\u00e9phane Miget\" \/>\n<meta name=\"twitter:card\" content=\"summary_large_image\" \/>\n<meta name=\"twitter:creator\" content=\"@bati_journal\" \/>\n<meta name=\"twitter:site\" content=\"@bati_journal\" \/>\n<meta name=\"twitter:label1\" content=\"\u00c9crit par\" \/>\n\t<meta name=\"twitter:data1\" content=\"St\u00e9phane Miget\" \/>\n\t<meta name=\"twitter:label2\" content=\"Dur\u00e9e de lecture estim\u00e9e\" \/>\n\t<meta name=\"twitter:data2\" content=\"1 minute\" \/>\n<script type=\"application\/ld+json\" class=\"yoast-schema-graph\">{\"@context\":\"https:\\\/\\\/schema.org\",\"@graph\":[{\"@type\":\"Article\",\"@id\":\"https:\\\/\\\/batijournal.com\\\/index.php\\\/lintegration-de-linondation-dans-un-projet-urbain-recompensee\\\/89801\\\/#article\",\"isPartOf\":{\"@id\":\"https:\\\/\\\/batijournal.com\\\/index.php\\\/lintegration-de-linondation-dans-un-projet-urbain-recompensee\\\/89801\\\/\"},\"author\":{\"name\":\"St\u00e9phane Miget\",\"@id\":\"https:\\\/\\\/batijournal.com\\\/#\\\/schema\\\/person\\\/1dc96ec6957aa1ccb25ebe78bb19f100\"},\"headline\":\"L&rsquo;int\u00e9gration de l\u2019inondation dans un projet urbain r\u00e9compens\u00e9e\",\"datePublished\":\"2015-10-22T06:36:13+00:00\",\"dateModified\":\"2019-07-15T10:11:19+00:00\",\"mainEntityOfPage\":{\"@id\":\"https:\\\/\\\/batijournal.com\\\/index.php\\\/lintegration-de-linondation-dans-un-projet-urbain-recompensee\\\/89801\\\/\"},\"wordCount\":207,\"image\":{\"@id\":\"https:\\\/\\\/batijournal.com\\\/index.php\\\/lintegration-de-linondation-dans-un-projet-urbain-recompensee\\\/89801\\\/#primaryimage\"},\"thumbnailUrl\":\"https:\\\/\\\/batijournal.com\\\/wp-content\\\/uploads\\\/2015\\\/10\\\/Garonne-Eiffel.png\",\"keywords\":[\"inondations\",\"urbanisme\"],\"articleSection\":[\"Architecture &amp; Conception\"],\"inLanguage\":\"fr-FR\"},{\"@type\":\"WebPage\",\"@id\":\"https:\\\/\\\/batijournal.com\\\/index.php\\\/lintegration-de-linondation-dans-un-projet-urbain-recompensee\\\/89801\\\/\",\"url\":\"https:\\\/\\\/batijournal.com\\\/index.php\\\/lintegration-de-linondation-dans-un-projet-urbain-recompensee\\\/89801\\\/\",\"name\":\"L'int\u00e9gration de l\u2019inondation dans un projet urbain r\u00e9compens\u00e9e\",\"isPartOf\":{\"@id\":\"https:\\\/\\\/batijournal.com\\\/#website\"},\"primaryImageOfPage\":{\"@id\":\"https:\\\/\\\/batijournal.com\\\/index.php\\\/lintegration-de-linondation-dans-un-projet-urbain-recompensee\\\/89801\\\/#primaryimage\"},\"image\":{\"@id\":\"https:\\\/\\\/batijournal.com\\\/index.php\\\/lintegration-de-linondation-dans-un-projet-urbain-recompensee\\\/89801\\\/#primaryimage\"},\"thumbnailUrl\":\"https:\\\/\\\/batijournal.com\\\/wp-content\\\/uploads\\\/2015\\\/10\\\/Garonne-Eiffel.png\",\"datePublished\":\"2015-10-22T06:36:13+00:00\",\"dateModified\":\"2019-07-15T10:11:19+00:00\",\"author\":{\"@id\":\"https:\\\/\\\/batijournal.com\\\/#\\\/schema\\\/person\\\/1dc96ec6957aa1ccb25ebe78bb19f100\"},\"breadcrumb\":{\"@id\":\"https:\\\/\\\/batijournal.com\\\/index.php\\\/lintegration-de-linondation-dans-un-projet-urbain-recompensee\\\/89801\\\/#breadcrumb\"},\"inLanguage\":\"fr-FR\",\"potentialAction\":[{\"@type\":\"ReadAction\",\"target\":[\"https:\\\/\\\/batijournal.com\\\/index.php\\\/lintegration-de-linondation-dans-un-projet-urbain-recompensee\\\/89801\\\/\"]}]},{\"@type\":\"ImageObject\",\"inLanguage\":\"fr-FR\",\"@id\":\"https:\\\/\\\/batijournal.com\\\/index.php\\\/lintegration-de-linondation-dans-un-projet-urbain-recompensee\\\/89801\\\/#primaryimage\",\"url\":\"https:\\\/\\\/batijournal.com\\\/wp-content\\\/uploads\\\/2015\\\/10\\\/Garonne-Eiffel.png\",\"contentUrl\":\"https:\\\/\\\/batijournal.com\\\/wp-content\\\/uploads\\\/2015\\\/10\\\/Garonne-Eiffel.png\",\"width\":873,\"height\":408},{\"@type\":\"BreadcrumbList\",\"@id\":\"https:\\\/\\\/batijournal.com\\\/index.php\\\/lintegration-de-linondation-dans-un-projet-urbain-recompensee\\\/89801\\\/#breadcrumb\",\"itemListElement\":[{\"@type\":\"ListItem\",\"position\":1,\"name\":\"Accueil\",\"item\":\"https:\\\/\\\/batijournal.com\\\/\"},{\"@type\":\"ListItem\",\"position\":2,\"name\":\"Actualit\u00e9s\",\"item\":\"https:\\\/\\\/batijournal.com\\\/index.php\\\/category\\\/actualites\\\/\"},{\"@type\":\"ListItem\",\"position\":3,\"name\":\"Architecture &amp; Conception\",\"item\":\"https:\\\/\\\/batijournal.com\\\/index.php\\\/category\\\/actualites\\\/architecture-conception\\\/\"},{\"@type\":\"ListItem\",\"position\":4,\"name\":\"L&rsquo;int\u00e9gration de l\u2019inondation dans un projet urbain r\u00e9compens\u00e9e\"}]},{\"@type\":\"WebSite\",\"@id\":\"https:\\\/\\\/batijournal.com\\\/#website\",\"url\":\"https:\\\/\\\/batijournal.com\\\/\",\"name\":\"Batijournal\",\"description\":\"L&#039;actualit\u00e9 du b\u00e2timent\",\"potentialAction\":[{\"@type\":\"SearchAction\",\"target\":{\"@type\":\"EntryPoint\",\"urlTemplate\":\"https:\\\/\\\/batijournal.com\\\/?s={search_term_string}\"},\"query-input\":{\"@type\":\"PropertyValueSpecification\",\"valueRequired\":true,\"valueName\":\"search_term_string\"}}],\"inLanguage\":\"fr-FR\"},{\"@type\":\"Person\",\"@id\":\"https:\\\/\\\/batijournal.com\\\/#\\\/schema\\\/person\\\/1dc96ec6957aa1ccb25ebe78bb19f100\",\"name\":\"St\u00e9phane Miget\",\"image\":{\"@type\":\"ImageObject\",\"inLanguage\":\"fr-FR\",\"@id\":\"https:\\\/\\\/secure.gravatar.com\\\/avatar\\\/89915563d925342126b8ef0281b93d9d7fc337043e8df017f780908eb9644451?s=96&d=mm&r=g\",\"url\":\"https:\\\/\\\/secure.gravatar.com\\\/avatar\\\/89915563d925342126b8ef0281b93d9d7fc337043e8df017f780908eb9644451?s=96&d=mm&r=g\",\"contentUrl\":\"https:\\\/\\\/secure.gravatar.com\\\/avatar\\\/89915563d925342126b8ef0281b93d9d7fc337043e8df017f780908eb9644451?s=96&d=mm&r=g\",\"caption\":\"St\u00e9phane Miget\"},\"url\":\"https:\\\/\\\/batijournal.com\\\/index.php\\\/author\\\/stephane\\\/\"}]}<\/script>\n<!-- \/ Yoast SEO plugin. -->","yoast_head_json":{"title":"L'int\u00e9gration de l\u2019inondation dans un projet urbain r\u00e9compens\u00e9e","robots":{"index":"index","follow":"follow","max-snippet":"max-snippet:-1","max-image-preview":"max-image-preview:large","max-video-preview":"max-video-preview:-1"},"canonical":"https:\/\/batijournal.com\/index.php\/lintegration-de-linondation-dans-un-projet-urbain-recompensee\/89801\/","og_locale":"fr_FR","og_type":"article","og_title":"L'int\u00e9gration de l\u2019inondation dans un projet urbain r\u00e9compens\u00e9e","og_description":"Le \u00ab 14e meet.ING de l\u2019ing\u00e9nierie \u00bb qui s\u2019est d\u00e9roul\u00e9 dans le cadre du salon et congr\u00e8s World Efficiency a d\u00e9montr\u00e9 que les soci\u00e9t\u00e9s d\u2019ing\u00e9nierie fran\u00e7aises innovent et sont mobilis\u00e9es face au changement climatique. Le Prix Am\u00e9nagement et Construction a \u00e9t\u00e9\u00a0d\u00e9cern\u00e9 \u00e0 Carine DUNOGIER, d\u2019Ing\u00e9rop, pour le projet urbain \u00ab Garonne-Eiffel \u00bb. L\u2019ambition de ce [&hellip;]","og_url":"https:\/\/batijournal.com\/index.php\/lintegration-de-linondation-dans-un-projet-urbain-recompensee\/89801\/","og_site_name":"Batijournal","article_published_time":"2015-10-22T06:36:13+00:00","article_modified_time":"2019-07-15T10:11:19+00:00","og_image":[{"width":873,"height":408,"url":"https:\/\/batijournal.com\/wp-content\/uploads\/2015\/10\/Garonne-Eiffel.png","type":"image\/png"}],"author":"St\u00e9phane Miget","twitter_card":"summary_large_image","twitter_creator":"@bati_journal","twitter_site":"@bati_journal","twitter_misc":{"\u00c9crit par":"St\u00e9phane Miget","Dur\u00e9e de lecture estim\u00e9e":"1 minute"},"schema":{"@context":"https:\/\/schema.org","@graph":[{"@type":"Article","@id":"https:\/\/batijournal.com\/index.php\/lintegration-de-linondation-dans-un-projet-urbain-recompensee\/89801\/#article","isPartOf":{"@id":"https:\/\/batijournal.com\/index.php\/lintegration-de-linondation-dans-un-projet-urbain-recompensee\/89801\/"},"author":{"name":"St\u00e9phane Miget","@id":"https:\/\/batijournal.com\/#\/schema\/person\/1dc96ec6957aa1ccb25ebe78bb19f100"},"headline":"L&rsquo;int\u00e9gration de l\u2019inondation dans un projet urbain r\u00e9compens\u00e9e","datePublished":"2015-10-22T06:36:13+00:00","dateModified":"2019-07-15T10:11:19+00:00","mainEntityOfPage":{"@id":"https:\/\/batijournal.com\/index.php\/lintegration-de-linondation-dans-un-projet-urbain-recompensee\/89801\/"},"wordCount":207,"image":{"@id":"https:\/\/batijournal.com\/index.php\/lintegration-de-linondation-dans-un-projet-urbain-recompensee\/89801\/#primaryimage"},"thumbnailUrl":"https:\/\/batijournal.com\/wp-content\/uploads\/2015\/10\/Garonne-Eiffel.png","keywords":["inondations","urbanisme"],"articleSection":["Architecture &amp; Conception"],"inLanguage":"fr-FR"},{"@type":"WebPage","@id":"https:\/\/batijournal.com\/index.php\/lintegration-de-linondation-dans-un-projet-urbain-recompensee\/89801\/","url":"https:\/\/batijournal.com\/index.php\/lintegration-de-linondation-dans-un-projet-urbain-recompensee\/89801\/","name":"L'int\u00e9gration de l\u2019inondation dans un projet urbain r\u00e9compens\u00e9e","isPartOf":{"@id":"https:\/\/batijournal.com\/#website"},"primaryImageOfPage":{"@id":"https:\/\/batijournal.com\/index.php\/lintegration-de-linondation-dans-un-projet-urbain-recompensee\/89801\/#primaryimage"},"image":{"@id":"https:\/\/batijournal.com\/index.php\/lintegration-de-linondation-dans-un-projet-urbain-recompensee\/89801\/#primaryimage"},"thumbnailUrl":"https:\/\/batijournal.com\/wp-content\/uploads\/2015\/10\/Garonne-Eiffel.png","datePublished":"2015-10-22T06:36:13+00:00","dateModified":"2019-07-15T10:11:19+00:00","author":{"@id":"https:\/\/batijournal.com\/#\/schema\/person\/1dc96ec6957aa1ccb25ebe78bb19f100"},"breadcrumb":{"@id":"https:\/\/batijournal.com\/index.php\/lintegration-de-linondation-dans-un-projet-urbain-recompensee\/89801\/#breadcrumb"},"inLanguage":"fr-FR","potentialAction":[{"@type":"ReadAction","target":["https:\/\/batijournal.com\/index.php\/lintegration-de-linondation-dans-un-projet-urbain-recompensee\/89801\/"]}]},{"@type":"ImageObject","inLanguage":"fr-FR","@id":"https:\/\/batijournal.com\/index.php\/lintegration-de-linondation-dans-un-projet-urbain-recompensee\/89801\/#primaryimage","url":"https:\/\/batijournal.com\/wp-content\/uploads\/2015\/10\/Garonne-Eiffel.png","contentUrl":"https:\/\/batijournal.com\/wp-content\/uploads\/2015\/10\/Garonne-Eiffel.png","width":873,"height":408},{"@type":"BreadcrumbList","@id":"https:\/\/batijournal.com\/index.php\/lintegration-de-linondation-dans-un-projet-urbain-recompensee\/89801\/#breadcrumb","itemListElement":[{"@type":"ListItem","position":1,"name":"Accueil","item":"https:\/\/batijournal.com\/"},{"@type":"ListItem","position":2,"name":"Actualit\u00e9s","item":"https:\/\/batijournal.com\/index.php\/category\/actualites\/"},{"@type":"ListItem","position":3,"name":"Architecture &amp; Conception","item":"https:\/\/batijournal.com\/index.php\/category\/actualites\/architecture-conception\/"},{"@type":"ListItem","position":4,"name":"L&rsquo;int\u00e9gration de l\u2019inondation dans un projet urbain r\u00e9compens\u00e9e"}]},{"@type":"WebSite","@id":"https:\/\/batijournal.com\/#website","url":"https:\/\/batijournal.com\/","name":"Batijournal","description":"L&#039;actualit\u00e9 du b\u00e2timent","potentialAction":[{"@type":"SearchAction","target":{"@type":"EntryPoint","urlTemplate":"https:\/\/batijournal.com\/?s={search_term_string}"},"query-input":{"@type":"PropertyValueSpecification","valueRequired":true,"valueName":"search_term_string"}}],"inLanguage":"fr-FR"},{"@type":"Person","@id":"https:\/\/batijournal.com\/#\/schema\/person\/1dc96ec6957aa1ccb25ebe78bb19f100","name":"St\u00e9phane Miget","image":{"@type":"ImageObject","inLanguage":"fr-FR","@id":"https:\/\/secure.gravatar.com\/avatar\/89915563d925342126b8ef0281b93d9d7fc337043e8df017f780908eb9644451?s=96&d=mm&r=g","url":"https:\/\/secure.gravatar.com\/avatar\/89915563d925342126b8ef0281b93d9d7fc337043e8df017f780908eb9644451?s=96&d=mm&r=g","contentUrl":"https:\/\/secure.gravatar.com\/avatar\/89915563d925342126b8ef0281b93d9d7fc337043e8df017f780908eb9644451?s=96&d=mm&r=g","caption":"St\u00e9phane Miget"},"url":"https:\/\/batijournal.com\/index.php\/author\/stephane\/"}]}},"_links":{"self":[{"href":"https:\/\/batijournal.com\/index.php\/wp-json\/wp\/v2\/posts\/89801","targetHints":{"allow":["GET"]}}],"collection":[{"href":"https:\/\/batijournal.com\/index.php\/wp-json\/wp\/v2\/posts"}],"about":[{"href":"https:\/\/batijournal.com\/index.php\/wp-json\/wp\/v2\/types\/post"}],"author":[{"embeddable":true,"href":"https:\/\/batijournal.com\/index.php\/wp-json\/wp\/v2\/users\/17"}],"replies":[{"embeddable":true,"href":"https:\/\/batijournal.com\/index.php\/wp-json\/wp\/v2\/comments?post=89801"}],"version-history":[{"count":0,"href":"https:\/\/batijournal.com\/index.php\/wp-json\/wp\/v2\/posts\/89801\/revisions"}],"wp:featuredmedia":[{"embeddable":true,"href":"https:\/\/batijournal.com\/index.php\/wp-json\/wp\/v2\/media\/89802"}],"wp:attachment":[{"href":"https:\/\/batijournal.com\/index.php\/wp-json\/wp\/v2\/media?parent=89801"}],"wp:term":[{"taxonomy":"category","embeddable":true,"href":"https:\/\/batijournal.com\/index.php\/wp-json\/wp\/v2\/categories?post=89801"},{"taxonomy":"post_tag","embeddable":true,"href":"https:\/\/batijournal.com\/index.php\/wp-json\/wp\/v2\/tags?post=89801"}],"curies":[{"name":"wp","href":"https:\/\/api.w.org\/{rel}","templated":true}]}}