{"id":89909,"date":"2015-10-29T07:00:52","date_gmt":"2015-10-29T06:00:52","guid":{"rendered":"http:\/\/batijournal.com\/?p=89909"},"modified":"2019-07-15T12:11:19","modified_gmt":"2019-07-15T10:11:19","slug":"villes-de-demain","status":"publish","type":"post","link":"https:\/\/batijournal.com\/index.php\/villes-de-demain\/89909\/","title":{"rendered":"Villes de demain"},"content":{"rendered":"<p>Retenus par l&rsquo;Ademe dans le cadre de son appel \u00e0 projets de recherche Modeval-Urba (Mod\u00e9lisation et \u00e9valuation au service des acteurs des villes et des territoires de demain), les sept laur\u00e9ats de cette deuxi\u00e8me \u00e9dition sont\u00a0: Oasis (coordinateur\u00a0: Tribu), Mesh (coordinateur\u00a0: Franck Boutt\u00e9 Consultants), Ascens (coordinateur\u00a0: Auxilia), Multiplicit\u00e9s (coordinateur\u00a0: Ensat-LRA \u2013 \u00c9cole nationale sup\u00e9rieure d&rsquo;architecture de Toulouse-Laboratoire de recherche en architecture), Nest Terr 2 (coordinateur\u00a0: Nobatek), NumCes (coordinateur\u00a0: CSTB) et Naturpradi (coordinateurs\u00a0: Lavue \u2013 Laboratoire Architecture Ville Urbanisme Environnement-CNRS). L\u2019objectif principal de cette initiative de l&rsquo;Ademe est d\u2019accompagner la recherche-action afin d\u2019assurer la mise en \u0153uvre des r\u00e9sultats de la recherche dans les pratiques de planification, de conception, de renouvellement ou de r\u00e9habilitation de la ville et du territoire.<br \/>\nCartographie des projets sur <a href=\"http:\/\/presse.ademe.fr\" target=\"_blank\" rel=\"noopener noreferrer\">presse.ademe.fr<\/a><\/p>\n","protected":false},"excerpt":{"rendered":"<p>Retenus par l&rsquo;Ademe dans le cadre de son appel \u00e0 projets de recherche Modeval-Urba (Mod\u00e9lisation et \u00e9valuation au service des acteurs des villes et des territoires de demain), les sept laur\u00e9ats de cette deuxi\u00e8me \u00e9dition sont\u00a0: Oasis (coordinateur\u00a0: Tribu), Mesh (coordinateur\u00a0: Franck Boutt\u00e9 Consultants), Ascens (coordinateur\u00a0: Auxilia), Multiplicit\u00e9s (coordinateur\u00a0: Ensat-LRA \u2013 \u00c9cole nationale sup\u00e9rieure d&rsquo;architecture [&hellip;]<\/p>\n","protected":false},"author":17,"featured_media":90050,"comment_status":"closed","ping_status":"closed","sticky":false,"template":"","format":"standard","meta":{"_et_pb_use_builder":"","_et_pb_old_content":"","_et_gb_content_width":"","footnotes":""},"categories":[10530,6340],"tags":[],"class_list":["post-89909","post","type-post","status-publish","format-standard","has-post-thumbnail","hentry","category-actualites","category-architecture-conception"],"yoast_head":"<!-- This site is optimized with the Yoast SEO plugin v27.4 - https:\/\/yoast.com\/product\/yoast-seo-wordpress\/ -->\n<title>Villes de demain<\/title>\n<meta name=\"robots\" content=\"index, follow, max-snippet:-1, max-image-preview:large, max-video-preview:-1\" \/>\n<link rel=\"canonical\" href=\"https:\/\/batijournal.com\/index.php\/villes-de-demain\/89909\/\" \/>\n<meta property=\"og:locale\" content=\"fr_FR\" \/>\n<meta property=\"og:type\" content=\"article\" \/>\n<meta property=\"og:title\" content=\"Villes de demain\" \/>\n<meta property=\"og:description\" content=\"Retenus par l&rsquo;Ademe dans le cadre de son appel \u00e0 projets de recherche Modeval-Urba (Mod\u00e9lisation et \u00e9valuation au service des acteurs des villes et des territoires de demain), les sept laur\u00e9ats de cette deuxi\u00e8me \u00e9dition sont\u00a0: Oasis (coordinateur\u00a0: Tribu), Mesh (coordinateur\u00a0: Franck Boutt\u00e9 Consultants), Ascens (coordinateur\u00a0: Auxilia), Multiplicit\u00e9s (coordinateur\u00a0: Ensat-LRA \u2013 \u00c9cole nationale sup\u00e9rieure d&rsquo;architecture [&hellip;]\" \/>\n<meta property=\"og:url\" content=\"https:\/\/batijournal.com\/index.php\/villes-de-demain\/89909\/\" \/>\n<meta property=\"og:site_name\" content=\"Batijournal\" \/>\n<meta property=\"article:published_time\" content=\"2015-10-29T06:00:52+00:00\" \/>\n<meta property=\"article:modified_time\" content=\"2019-07-15T10:11:19+00:00\" \/>\n<meta property=\"og:image\" content=\"https:\/\/batijournal.com\/wp-content\/uploads\/2015\/10\/Modeval-Urba.jpg\" \/>\n\t<meta property=\"og:image:width\" content=\"889\" \/>\n\t<meta property=\"og:image:height\" content=\"615\" \/>\n\t<meta property=\"og:image:type\" content=\"image\/jpeg\" \/>\n<meta name=\"author\" content=\"St\u00e9phane Miget\" \/>\n<meta name=\"twitter:card\" content=\"summary_large_image\" \/>\n<meta name=\"twitter:creator\" content=\"@bati_journal\" \/>\n<meta name=\"twitter:site\" content=\"@bati_journal\" \/>\n<meta name=\"twitter:label1\" content=\"\u00c9crit par\" \/>\n\t<meta name=\"twitter:data1\" content=\"St\u00e9phane Miget\" \/>\n\t<meta name=\"twitter:label2\" content=\"Dur\u00e9e de lecture estim\u00e9e\" \/>\n\t<meta name=\"twitter:data2\" content=\"1 minute\" \/>\n<script type=\"application\/ld+json\" class=\"yoast-schema-graph\">{\"@context\":\"https:\\\/\\\/schema.org\",\"@graph\":[{\"@type\":\"Article\",\"@id\":\"https:\\\/\\\/batijournal.com\\\/index.php\\\/villes-de-demain\\\/89909\\\/#article\",\"isPartOf\":{\"@id\":\"https:\\\/\\\/batijournal.com\\\/index.php\\\/villes-de-demain\\\/89909\\\/\"},\"author\":{\"name\":\"St\u00e9phane Miget\",\"@id\":\"https:\\\/\\\/batijournal.com\\\/#\\\/schema\\\/person\\\/1dc96ec6957aa1ccb25ebe78bb19f100\"},\"headline\":\"Villes de demain\",\"datePublished\":\"2015-10-29T06:00:52+00:00\",\"dateModified\":\"2019-07-15T10:11:19+00:00\",\"mainEntityOfPage\":{\"@id\":\"https:\\\/\\\/batijournal.com\\\/index.php\\\/villes-de-demain\\\/89909\\\/\"},\"wordCount\":138,\"image\":{\"@id\":\"https:\\\/\\\/batijournal.com\\\/index.php\\\/villes-de-demain\\\/89909\\\/#primaryimage\"},\"thumbnailUrl\":\"https:\\\/\\\/batijournal.com\\\/wp-content\\\/uploads\\\/2015\\\/10\\\/Modeval-Urba.jpg\",\"articleSection\":[\"Actualit\u00e9s\",\"Architecture &amp; Conception\"],\"inLanguage\":\"fr-FR\"},{\"@type\":\"WebPage\",\"@id\":\"https:\\\/\\\/batijournal.com\\\/index.php\\\/villes-de-demain\\\/89909\\\/\",\"url\":\"https:\\\/\\\/batijournal.com\\\/index.php\\\/villes-de-demain\\\/89909\\\/\",\"name\":\"Villes de demain\",\"isPartOf\":{\"@id\":\"https:\\\/\\\/batijournal.com\\\/#website\"},\"primaryImageOfPage\":{\"@id\":\"https:\\\/\\\/batijournal.com\\\/index.php\\\/villes-de-demain\\\/89909\\\/#primaryimage\"},\"image\":{\"@id\":\"https:\\\/\\\/batijournal.com\\\/index.php\\\/villes-de-demain\\\/89909\\\/#primaryimage\"},\"thumbnailUrl\":\"https:\\\/\\\/batijournal.com\\\/wp-content\\\/uploads\\\/2015\\\/10\\\/Modeval-Urba.jpg\",\"datePublished\":\"2015-10-29T06:00:52+00:00\",\"dateModified\":\"2019-07-15T10:11:19+00:00\",\"author\":{\"@id\":\"https:\\\/\\\/batijournal.com\\\/#\\\/schema\\\/person\\\/1dc96ec6957aa1ccb25ebe78bb19f100\"},\"breadcrumb\":{\"@id\":\"https:\\\/\\\/batijournal.com\\\/index.php\\\/villes-de-demain\\\/89909\\\/#breadcrumb\"},\"inLanguage\":\"fr-FR\",\"potentialAction\":[{\"@type\":\"ReadAction\",\"target\":[\"https:\\\/\\\/batijournal.com\\\/index.php\\\/villes-de-demain\\\/89909\\\/\"]}]},{\"@type\":\"ImageObject\",\"inLanguage\":\"fr-FR\",\"@id\":\"https:\\\/\\\/batijournal.com\\\/index.php\\\/villes-de-demain\\\/89909\\\/#primaryimage\",\"url\":\"https:\\\/\\\/batijournal.com\\\/wp-content\\\/uploads\\\/2015\\\/10\\\/Modeval-Urba.jpg\",\"contentUrl\":\"https:\\\/\\\/batijournal.com\\\/wp-content\\\/uploads\\\/2015\\\/10\\\/Modeval-Urba.jpg\",\"width\":889,\"height\":615},{\"@type\":\"BreadcrumbList\",\"@id\":\"https:\\\/\\\/batijournal.com\\\/index.php\\\/villes-de-demain\\\/89909\\\/#breadcrumb\",\"itemListElement\":[{\"@type\":\"ListItem\",\"position\":1,\"name\":\"Accueil\",\"item\":\"https:\\\/\\\/batijournal.com\\\/\"},{\"@type\":\"ListItem\",\"position\":2,\"name\":\"Actualit\u00e9s\",\"item\":\"https:\\\/\\\/batijournal.com\\\/index.php\\\/category\\\/actualites\\\/\"},{\"@type\":\"ListItem\",\"position\":3,\"name\":\"Architecture &amp; Conception\",\"item\":\"https:\\\/\\\/batijournal.com\\\/index.php\\\/category\\\/actualites\\\/architecture-conception\\\/\"},{\"@type\":\"ListItem\",\"position\":4,\"name\":\"Villes de demain\"}]},{\"@type\":\"WebSite\",\"@id\":\"https:\\\/\\\/batijournal.com\\\/#website\",\"url\":\"https:\\\/\\\/batijournal.com\\\/\",\"name\":\"Batijournal\",\"description\":\"L&#039;actualit\u00e9 du b\u00e2timent\",\"potentialAction\":[{\"@type\":\"SearchAction\",\"target\":{\"@type\":\"EntryPoint\",\"urlTemplate\":\"https:\\\/\\\/batijournal.com\\\/?s={search_term_string}\"},\"query-input\":{\"@type\":\"PropertyValueSpecification\",\"valueRequired\":true,\"valueName\":\"search_term_string\"}}],\"inLanguage\":\"fr-FR\"},{\"@type\":\"Person\",\"@id\":\"https:\\\/\\\/batijournal.com\\\/#\\\/schema\\\/person\\\/1dc96ec6957aa1ccb25ebe78bb19f100\",\"name\":\"St\u00e9phane Miget\",\"image\":{\"@type\":\"ImageObject\",\"inLanguage\":\"fr-FR\",\"@id\":\"https:\\\/\\\/secure.gravatar.com\\\/avatar\\\/89915563d925342126b8ef0281b93d9d7fc337043e8df017f780908eb9644451?s=96&d=mm&r=g\",\"url\":\"https:\\\/\\\/secure.gravatar.com\\\/avatar\\\/89915563d925342126b8ef0281b93d9d7fc337043e8df017f780908eb9644451?s=96&d=mm&r=g\",\"contentUrl\":\"https:\\\/\\\/secure.gravatar.com\\\/avatar\\\/89915563d925342126b8ef0281b93d9d7fc337043e8df017f780908eb9644451?s=96&d=mm&r=g\",\"caption\":\"St\u00e9phane Miget\"},\"url\":\"https:\\\/\\\/batijournal.com\\\/index.php\\\/author\\\/stephane\\\/\"}]}<\/script>\n<!-- \/ Yoast SEO plugin. -->","yoast_head_json":{"title":"Villes de demain","robots":{"index":"index","follow":"follow","max-snippet":"max-snippet:-1","max-image-preview":"max-image-preview:large","max-video-preview":"max-video-preview:-1"},"canonical":"https:\/\/batijournal.com\/index.php\/villes-de-demain\/89909\/","og_locale":"fr_FR","og_type":"article","og_title":"Villes de demain","og_description":"Retenus par l&rsquo;Ademe dans le cadre de son appel \u00e0 projets de recherche Modeval-Urba (Mod\u00e9lisation et \u00e9valuation au service des acteurs des villes et des territoires de demain), les sept laur\u00e9ats de cette deuxi\u00e8me \u00e9dition sont\u00a0: Oasis (coordinateur\u00a0: Tribu), Mesh (coordinateur\u00a0: Franck Boutt\u00e9 Consultants), Ascens (coordinateur\u00a0: Auxilia), Multiplicit\u00e9s (coordinateur\u00a0: Ensat-LRA \u2013 \u00c9cole nationale sup\u00e9rieure d&rsquo;architecture [&hellip;]","og_url":"https:\/\/batijournal.com\/index.php\/villes-de-demain\/89909\/","og_site_name":"Batijournal","article_published_time":"2015-10-29T06:00:52+00:00","article_modified_time":"2019-07-15T10:11:19+00:00","og_image":[{"width":889,"height":615,"url":"https:\/\/batijournal.com\/wp-content\/uploads\/2015\/10\/Modeval-Urba.jpg","type":"image\/jpeg"}],"author":"St\u00e9phane Miget","twitter_card":"summary_large_image","twitter_creator":"@bati_journal","twitter_site":"@bati_journal","twitter_misc":{"\u00c9crit par":"St\u00e9phane Miget","Dur\u00e9e de lecture estim\u00e9e":"1 minute"},"schema":{"@context":"https:\/\/schema.org","@graph":[{"@type":"Article","@id":"https:\/\/batijournal.com\/index.php\/villes-de-demain\/89909\/#article","isPartOf":{"@id":"https:\/\/batijournal.com\/index.php\/villes-de-demain\/89909\/"},"author":{"name":"St\u00e9phane Miget","@id":"https:\/\/batijournal.com\/#\/schema\/person\/1dc96ec6957aa1ccb25ebe78bb19f100"},"headline":"Villes de demain","datePublished":"2015-10-29T06:00:52+00:00","dateModified":"2019-07-15T10:11:19+00:00","mainEntityOfPage":{"@id":"https:\/\/batijournal.com\/index.php\/villes-de-demain\/89909\/"},"wordCount":138,"image":{"@id":"https:\/\/batijournal.com\/index.php\/villes-de-demain\/89909\/#primaryimage"},"thumbnailUrl":"https:\/\/batijournal.com\/wp-content\/uploads\/2015\/10\/Modeval-Urba.jpg","articleSection":["Actualit\u00e9s","Architecture &amp; Conception"],"inLanguage":"fr-FR"},{"@type":"WebPage","@id":"https:\/\/batijournal.com\/index.php\/villes-de-demain\/89909\/","url":"https:\/\/batijournal.com\/index.php\/villes-de-demain\/89909\/","name":"Villes de demain","isPartOf":{"@id":"https:\/\/batijournal.com\/#website"},"primaryImageOfPage":{"@id":"https:\/\/batijournal.com\/index.php\/villes-de-demain\/89909\/#primaryimage"},"image":{"@id":"https:\/\/batijournal.com\/index.php\/villes-de-demain\/89909\/#primaryimage"},"thumbnailUrl":"https:\/\/batijournal.com\/wp-content\/uploads\/2015\/10\/Modeval-Urba.jpg","datePublished":"2015-10-29T06:00:52+00:00","dateModified":"2019-07-15T10:11:19+00:00","author":{"@id":"https:\/\/batijournal.com\/#\/schema\/person\/1dc96ec6957aa1ccb25ebe78bb19f100"},"breadcrumb":{"@id":"https:\/\/batijournal.com\/index.php\/villes-de-demain\/89909\/#breadcrumb"},"inLanguage":"fr-FR","potentialAction":[{"@type":"ReadAction","target":["https:\/\/batijournal.com\/index.php\/villes-de-demain\/89909\/"]}]},{"@type":"ImageObject","inLanguage":"fr-FR","@id":"https:\/\/batijournal.com\/index.php\/villes-de-demain\/89909\/#primaryimage","url":"https:\/\/batijournal.com\/wp-content\/uploads\/2015\/10\/Modeval-Urba.jpg","contentUrl":"https:\/\/batijournal.com\/wp-content\/uploads\/2015\/10\/Modeval-Urba.jpg","width":889,"height":615},{"@type":"BreadcrumbList","@id":"https:\/\/batijournal.com\/index.php\/villes-de-demain\/89909\/#breadcrumb","itemListElement":[{"@type":"ListItem","position":1,"name":"Accueil","item":"https:\/\/batijournal.com\/"},{"@type":"ListItem","position":2,"name":"Actualit\u00e9s","item":"https:\/\/batijournal.com\/index.php\/category\/actualites\/"},{"@type":"ListItem","position":3,"name":"Architecture &amp; Conception","item":"https:\/\/batijournal.com\/index.php\/category\/actualites\/architecture-conception\/"},{"@type":"ListItem","position":4,"name":"Villes de demain"}]},{"@type":"WebSite","@id":"https:\/\/batijournal.com\/#website","url":"https:\/\/batijournal.com\/","name":"Batijournal","description":"L&#039;actualit\u00e9 du b\u00e2timent","potentialAction":[{"@type":"SearchAction","target":{"@type":"EntryPoint","urlTemplate":"https:\/\/batijournal.com\/?s={search_term_string}"},"query-input":{"@type":"PropertyValueSpecification","valueRequired":true,"valueName":"search_term_string"}}],"inLanguage":"fr-FR"},{"@type":"Person","@id":"https:\/\/batijournal.com\/#\/schema\/person\/1dc96ec6957aa1ccb25ebe78bb19f100","name":"St\u00e9phane Miget","image":{"@type":"ImageObject","inLanguage":"fr-FR","@id":"https:\/\/secure.gravatar.com\/avatar\/89915563d925342126b8ef0281b93d9d7fc337043e8df017f780908eb9644451?s=96&d=mm&r=g","url":"https:\/\/secure.gravatar.com\/avatar\/89915563d925342126b8ef0281b93d9d7fc337043e8df017f780908eb9644451?s=96&d=mm&r=g","contentUrl":"https:\/\/secure.gravatar.com\/avatar\/89915563d925342126b8ef0281b93d9d7fc337043e8df017f780908eb9644451?s=96&d=mm&r=g","caption":"St\u00e9phane Miget"},"url":"https:\/\/batijournal.com\/index.php\/author\/stephane\/"}]}},"_links":{"self":[{"href":"https:\/\/batijournal.com\/index.php\/wp-json\/wp\/v2\/posts\/89909","targetHints":{"allow":["GET"]}}],"collection":[{"href":"https:\/\/batijournal.com\/index.php\/wp-json\/wp\/v2\/posts"}],"about":[{"href":"https:\/\/batijournal.com\/index.php\/wp-json\/wp\/v2\/types\/post"}],"author":[{"embeddable":true,"href":"https:\/\/batijournal.com\/index.php\/wp-json\/wp\/v2\/users\/17"}],"replies":[{"embeddable":true,"href":"https:\/\/batijournal.com\/index.php\/wp-json\/wp\/v2\/comments?post=89909"}],"version-history":[{"count":0,"href":"https:\/\/batijournal.com\/index.php\/wp-json\/wp\/v2\/posts\/89909\/revisions"}],"wp:featuredmedia":[{"embeddable":true,"href":"https:\/\/batijournal.com\/index.php\/wp-json\/wp\/v2\/media\/90050"}],"wp:attachment":[{"href":"https:\/\/batijournal.com\/index.php\/wp-json\/wp\/v2\/media?parent=89909"}],"wp:term":[{"taxonomy":"category","embeddable":true,"href":"https:\/\/batijournal.com\/index.php\/wp-json\/wp\/v2\/categories?post=89909"},{"taxonomy":"post_tag","embeddable":true,"href":"https:\/\/batijournal.com\/index.php\/wp-json\/wp\/v2\/tags?post=89909"}],"curies":[{"name":"wp","href":"https:\/\/api.w.org\/{rel}","templated":true}]}}