{"id":89929,"date":"2015-10-30T07:00:40","date_gmt":"2015-10-30T06:00:40","guid":{"rendered":"http:\/\/batijournal.com\/?p=89929"},"modified":"2015-11-02T09:37:51","modified_gmt":"2015-11-02T08:37:51","slug":"mondial-du-batiment-j-3","status":"publish","type":"post","link":"https:\/\/batijournal.com\/index.php\/mondial-du-batiment-j-3\/89929\/","title":{"rendered":"Mondial du b\u00e2timent"},"content":{"rendered":"<p>Du 2 au 6 novembre 2015, au parc des Expositions de Paris Nord Villepinte, le Mondial\u00a0du B\u00e2timent\u00a0regroupe les salons Batimat, Interclima+Elec et Id\u00e9obain\u00a0afin de\u00a0proposer un ensemble de th\u00e9matiques actuelles qui\u00a0int\u00e9ressent\u00a0les professionnels : r\u00e9volution num\u00e9rique dans le b\u00e2timent, efficacit\u00e9 et performance \u00e9nerg\u00e9tiques, de la maison \u00e0 la ville connect\u00e9e, l\u2019Homme et le B\u00e2timent\u2026 Un programme riche d\u2019animations et d\u2019\u00e9v\u00e9nements, con\u00e7u autour de la d\u00e9couverte, de l\u2019innovation, de l\u2019information, de\u00a0la transmission et de l\u2019exp\u00e9rientiel.<\/p>\n<p>Gros plan sur des moments forts du programme.<\/p>\n<p>Tout d&rsquo;abord, les Awards r\u00e9compenseront les meilleurs produits innovants des industriels exposants avec le Concours de l\u2019Innovation, mais \u00e9galement une d\u00e9marche architecturale durable avec l\u2019Energy Performance + Architecture Award et des installations domotiques\/immotiques avec le Grand Prix Smart Home &amp; Building.<\/p>\n<p>\u00c0 l\u2019heure o\u00f9 le num\u00e9rique ouvre le champ des possibles dans le b\u00e2timent, l\u2019espace B\u00e2timent du Futur, con\u00e7u sous le patronage du Plan de transition num\u00e9rique dans le b\u00e2timent, mettra en sc\u00e8ne dans le hall 5B les nouvelles solutions ou les prototypes destin\u00e9s \u00e0 devenir les standards de demain : les outils de conception (maquette num\u00e9rique, image 3D\u2026), les solutions connect\u00e9es pour concevoir ou g\u00e9rer les b\u00e2timents et les nouveaux outils pour industrialiser les m\u00e9thodes de mise en \u0153uvre (imprimante 3D, outil de pr\u00e9fabrication, logiciel, etc.). Cet espace accueillera un happening quotidien sous forme d\u2019un concours associant \u00e9tudiants et professionnels : le Challenge Bim.<\/p>\n<p>\u00c0 l&rsquo;entr\u00e9e du hall 6, \u00c0vivre \u00c9ditions proposera une exposition itin\u00e9rante \u2013 lanc\u00e9e officiellement \u00e0 Batimat \u2013 sur le th\u00e8me de l\u2019architecture et du climat. Con\u00e7ue par l\u2019architecte Dominique Gauzin-Muller, elle pr\u00e9sentera sous forme de vid\u00e9os des r\u00e9alisations exemplaires d\u2019un point de vue architectural et environnemental ; \u00e0 leur c\u00f4t\u00e9, seront expos\u00e9s des mat\u00e9riaux, des produits et des syst\u00e8mes innovants, s\u00e9lectionn\u00e9s pour leur durabilit\u00e9, leur faible \u00e9nergie grise, leur empreinte \u00e9cologique et leur capacit\u00e9 \u00e0 limiter la consommation d\u2019\u00e9nergie et les rejets de gaz \u00e0 effet de serre.<\/p>\n<p>Nouveaut\u00e9, l\u2019Espace Afrique subsaharienne, dans le hall 5A, constituera le point de rendez-vous des d\u00e9l\u00e9gations africaines, des experts du continent et des soci\u00e9t\u00e9s int\u00e9ress\u00e9es par les opportunit\u00e9s d&rsquo;affaires. Un programme de seize conf\u00e9rences d\u00e9di\u00e9es aux enjeux de cette r\u00e9gion d\u2019Afrique y sera propos\u00e9.<br \/>\n\u00c9mission sp\u00e9ciale \u00e0 cette occasion, parmi les\u00a0seize d\u00e9bats et les dizaines d&rsquo;interviews propos\u00e9s sur le plateau bati-journal.tv (hall 5A K205) : le tout premier sommet Afrique-France de la Construction, le mardi 3 novembre de 14 h 30 \u00e0 15 h 30. Cet \u00e9v\u00e9nement pionnier portera sur les enjeux de la construction durable en Afrique. Il se tiendra en pr\u00e9sence de Monsieur le Ministre Patrice Amba Salla, minist\u00e8re des Travaux publics du Cameroun, de Monsieur le Ministre Di\u00e9ne Farba Sarr, minist\u00e8re du Renouveau urbain, de l&rsquo;Habitat et du Cadre de vie du S\u00e9n\u00e9gal, de Monsieur le Ministre Mamadou Sanogo, minist\u00e8re de la Construction, du Logement, de l&rsquo;Assainissement et de l&rsquo;Urbanisme de la C\u00f4te d\u2019Ivoire, et de Monsieur Jean-Louis Borloo, Fondateur et pr\u00e9sident de la Fondation Energies pour l\u2019Avenir.<\/p>\n<p>Autre temps fort, toujours sur le plateau bati-journal.tv (hall 5A K205), mais le mercredi 4 novembre \u00e0 15 h 30 cette fois, seront remis les troph\u00e9es du Prix national de la construction bois, concours cr\u00e9\u00e9 en 2012 et qui a d\u00e9j\u00e0 atteint ses principaux objectifs\u00a0: suivre et t\u00e9moigner du dynamisme de la construction bois en France.<\/p>\n<p>Retrouvez toutes ces \u00e9missions sur le site d\u00e9di\u00e9\u00a0: bati-journal.tv<br \/>\nLe programme d\u00e9taill\u00e9 des \u00e9missions t\u00e9l\u00e9 de bati-journal.tv est disponible sur<br \/>\n<strong><a href=\"http:\/\/bati-journal.tv\/accueil\/le-programme\/\" target=\"_blank\">http:\/\/bati-journal.tv\/accueil\/le-programme\/<\/a><\/strong><\/p>\n","protected":false},"excerpt":{"rendered":"<p>Du 2 au 6 novembre 2015, au parc des Expositions de Paris Nord Villepinte, le Mondial\u00a0du B\u00e2timent\u00a0regroupe les salons Batimat, Interclima+Elec et Id\u00e9obain\u00a0afin de\u00a0proposer un ensemble de th\u00e9matiques actuelles qui\u00a0int\u00e9ressent\u00a0les professionnels : r\u00e9volution num\u00e9rique dans le b\u00e2timent, efficacit\u00e9 et performance \u00e9nerg\u00e9tiques, de la maison \u00e0 la ville connect\u00e9e, l\u2019Homme et le B\u00e2timent\u2026 Un programme riche [&hellip;]<\/p>\n","protected":false},"author":17,"featured_media":90124,"comment_status":"closed","ping_status":"closed","sticky":false,"template":"","format":"standard","meta":{"_et_pb_use_builder":"","_et_pb_old_content":"","_et_gb_content_width":"","footnotes":""},"categories":[10530,11200,9192],"tags":[11127,439,11151],"class_list":["post-89929","post","type-post","status-publish","format-standard","has-post-thumbnail","hentry","category-actualites","category-batijournal-tv","category-evenements","tag-batimat-2015","tag-batiment","tag-mondial"],"yoast_head":"<!-- This site is optimized with the Yoast SEO plugin v27.4 - https:\/\/yoast.com\/product\/yoast-seo-wordpress\/ -->\n<title>Mondial du b\u00e2timent<\/title>\n<meta name=\"robots\" content=\"index, follow, max-snippet:-1, max-image-preview:large, max-video-preview:-1\" \/>\n<link rel=\"canonical\" href=\"https:\/\/batijournal.com\/index.php\/mondial-du-batiment-j-3\/89929\/\" \/>\n<meta property=\"og:locale\" content=\"fr_FR\" \/>\n<meta property=\"og:type\" content=\"article\" \/>\n<meta property=\"og:title\" content=\"Mondial du b\u00e2timent\" \/>\n<meta property=\"og:description\" content=\"Du 2 au 6 novembre 2015, au parc des Expositions de Paris Nord Villepinte, le Mondial\u00a0du B\u00e2timent\u00a0regroupe les salons Batimat, Interclima+Elec et Id\u00e9obain\u00a0afin de\u00a0proposer un ensemble de th\u00e9matiques actuelles qui\u00a0int\u00e9ressent\u00a0les professionnels : r\u00e9volution num\u00e9rique dans le b\u00e2timent, efficacit\u00e9 et performance \u00e9nerg\u00e9tiques, de la maison \u00e0 la ville connect\u00e9e, l\u2019Homme et le B\u00e2timent\u2026 Un programme riche [&hellip;]\" \/>\n<meta property=\"og:url\" content=\"https:\/\/batijournal.com\/index.php\/mondial-du-batiment-j-3\/89929\/\" \/>\n<meta property=\"og:site_name\" content=\"Batijournal\" \/>\n<meta property=\"article:published_time\" content=\"2015-10-30T06:00:40+00:00\" \/>\n<meta property=\"article:modified_time\" content=\"2015-11-02T08:37:51+00:00\" \/>\n<meta property=\"og:image\" content=\"https:\/\/batijournal.com\/wp-content\/uploads\/2015\/10\/bj-tv.jpg\" \/>\n\t<meta property=\"og:image:width\" content=\"936\" \/>\n\t<meta property=\"og:image:height\" content=\"617\" \/>\n\t<meta property=\"og:image:type\" content=\"image\/jpeg\" \/>\n<meta name=\"author\" content=\"St\u00e9phane Miget\" \/>\n<meta name=\"twitter:card\" content=\"summary_large_image\" \/>\n<meta name=\"twitter:creator\" content=\"@bati_journal\" \/>\n<meta name=\"twitter:site\" content=\"@bati_journal\" \/>\n<meta name=\"twitter:label1\" content=\"\u00c9crit par\" \/>\n\t<meta name=\"twitter:data1\" content=\"St\u00e9phane Miget\" \/>\n\t<meta name=\"twitter:label2\" content=\"Dur\u00e9e de lecture estim\u00e9e\" \/>\n\t<meta name=\"twitter:data2\" content=\"3 minutes\" \/>\n<script type=\"application\/ld+json\" class=\"yoast-schema-graph\">{\"@context\":\"https:\\\/\\\/schema.org\",\"@graph\":[{\"@type\":\"Article\",\"@id\":\"https:\\\/\\\/batijournal.com\\\/index.php\\\/mondial-du-batiment-j-3\\\/89929\\\/#article\",\"isPartOf\":{\"@id\":\"https:\\\/\\\/batijournal.com\\\/index.php\\\/mondial-du-batiment-j-3\\\/89929\\\/\"},\"author\":{\"name\":\"St\u00e9phane Miget\",\"@id\":\"https:\\\/\\\/batijournal.com\\\/#\\\/schema\\\/person\\\/1dc96ec6957aa1ccb25ebe78bb19f100\"},\"headline\":\"Mondial du b\u00e2timent\",\"datePublished\":\"2015-10-30T06:00:40+00:00\",\"dateModified\":\"2015-11-02T08:37:51+00:00\",\"mainEntityOfPage\":{\"@id\":\"https:\\\/\\\/batijournal.com\\\/index.php\\\/mondial-du-batiment-j-3\\\/89929\\\/\"},\"wordCount\":650,\"image\":{\"@id\":\"https:\\\/\\\/batijournal.com\\\/index.php\\\/mondial-du-batiment-j-3\\\/89929\\\/#primaryimage\"},\"thumbnailUrl\":\"https:\\\/\\\/batijournal.com\\\/wp-content\\\/uploads\\\/2015\\\/10\\\/bj-tv.jpg\",\"keywords\":[\"Batimat 2015\",\"b\u00e2timent\",\"Mondial\"],\"articleSection\":[\"Actualit\u00e9s\",\"batijournal TV\",\"\u00c9v\u00e9nements\"],\"inLanguage\":\"fr-FR\"},{\"@type\":\"WebPage\",\"@id\":\"https:\\\/\\\/batijournal.com\\\/index.php\\\/mondial-du-batiment-j-3\\\/89929\\\/\",\"url\":\"https:\\\/\\\/batijournal.com\\\/index.php\\\/mondial-du-batiment-j-3\\\/89929\\\/\",\"name\":\"Mondial du b\u00e2timent\",\"isPartOf\":{\"@id\":\"https:\\\/\\\/batijournal.com\\\/#website\"},\"primaryImageOfPage\":{\"@id\":\"https:\\\/\\\/batijournal.com\\\/index.php\\\/mondial-du-batiment-j-3\\\/89929\\\/#primaryimage\"},\"image\":{\"@id\":\"https:\\\/\\\/batijournal.com\\\/index.php\\\/mondial-du-batiment-j-3\\\/89929\\\/#primaryimage\"},\"thumbnailUrl\":\"https:\\\/\\\/batijournal.com\\\/wp-content\\\/uploads\\\/2015\\\/10\\\/bj-tv.jpg\",\"datePublished\":\"2015-10-30T06:00:40+00:00\",\"dateModified\":\"2015-11-02T08:37:51+00:00\",\"author\":{\"@id\":\"https:\\\/\\\/batijournal.com\\\/#\\\/schema\\\/person\\\/1dc96ec6957aa1ccb25ebe78bb19f100\"},\"breadcrumb\":{\"@id\":\"https:\\\/\\\/batijournal.com\\\/index.php\\\/mondial-du-batiment-j-3\\\/89929\\\/#breadcrumb\"},\"inLanguage\":\"fr-FR\",\"potentialAction\":[{\"@type\":\"ReadAction\",\"target\":[\"https:\\\/\\\/batijournal.com\\\/index.php\\\/mondial-du-batiment-j-3\\\/89929\\\/\"]}]},{\"@type\":\"ImageObject\",\"inLanguage\":\"fr-FR\",\"@id\":\"https:\\\/\\\/batijournal.com\\\/index.php\\\/mondial-du-batiment-j-3\\\/89929\\\/#primaryimage\",\"url\":\"https:\\\/\\\/batijournal.com\\\/wp-content\\\/uploads\\\/2015\\\/10\\\/bj-tv.jpg\",\"contentUrl\":\"https:\\\/\\\/batijournal.com\\\/wp-content\\\/uploads\\\/2015\\\/10\\\/bj-tv.jpg\",\"width\":936,\"height\":617},{\"@type\":\"BreadcrumbList\",\"@id\":\"https:\\\/\\\/batijournal.com\\\/index.php\\\/mondial-du-batiment-j-3\\\/89929\\\/#breadcrumb\",\"itemListElement\":[{\"@type\":\"ListItem\",\"position\":1,\"name\":\"Accueil\",\"item\":\"https:\\\/\\\/batijournal.com\\\/\"},{\"@type\":\"ListItem\",\"position\":2,\"name\":\"Actualit\u00e9s\",\"item\":\"https:\\\/\\\/batijournal.com\\\/index.php\\\/category\\\/actualites\\\/\"},{\"@type\":\"ListItem\",\"position\":3,\"name\":\"Mondial du b\u00e2timent\"}]},{\"@type\":\"WebSite\",\"@id\":\"https:\\\/\\\/batijournal.com\\\/#website\",\"url\":\"https:\\\/\\\/batijournal.com\\\/\",\"name\":\"Batijournal\",\"description\":\"L&#039;actualit\u00e9 du b\u00e2timent\",\"potentialAction\":[{\"@type\":\"SearchAction\",\"target\":{\"@type\":\"EntryPoint\",\"urlTemplate\":\"https:\\\/\\\/batijournal.com\\\/?s={search_term_string}\"},\"query-input\":{\"@type\":\"PropertyValueSpecification\",\"valueRequired\":true,\"valueName\":\"search_term_string\"}}],\"inLanguage\":\"fr-FR\"},{\"@type\":\"Person\",\"@id\":\"https:\\\/\\\/batijournal.com\\\/#\\\/schema\\\/person\\\/1dc96ec6957aa1ccb25ebe78bb19f100\",\"name\":\"St\u00e9phane Miget\",\"image\":{\"@type\":\"ImageObject\",\"inLanguage\":\"fr-FR\",\"@id\":\"https:\\\/\\\/secure.gravatar.com\\\/avatar\\\/89915563d925342126b8ef0281b93d9d7fc337043e8df017f780908eb9644451?s=96&d=mm&r=g\",\"url\":\"https:\\\/\\\/secure.gravatar.com\\\/avatar\\\/89915563d925342126b8ef0281b93d9d7fc337043e8df017f780908eb9644451?s=96&d=mm&r=g\",\"contentUrl\":\"https:\\\/\\\/secure.gravatar.com\\\/avatar\\\/89915563d925342126b8ef0281b93d9d7fc337043e8df017f780908eb9644451?s=96&d=mm&r=g\",\"caption\":\"St\u00e9phane Miget\"},\"url\":\"https:\\\/\\\/batijournal.com\\\/index.php\\\/author\\\/stephane\\\/\"}]}<\/script>\n<!-- \/ Yoast SEO plugin. -->","yoast_head_json":{"title":"Mondial du b\u00e2timent","robots":{"index":"index","follow":"follow","max-snippet":"max-snippet:-1","max-image-preview":"max-image-preview:large","max-video-preview":"max-video-preview:-1"},"canonical":"https:\/\/batijournal.com\/index.php\/mondial-du-batiment-j-3\/89929\/","og_locale":"fr_FR","og_type":"article","og_title":"Mondial du b\u00e2timent","og_description":"Du 2 au 6 novembre 2015, au parc des Expositions de Paris Nord Villepinte, le Mondial\u00a0du B\u00e2timent\u00a0regroupe les salons Batimat, Interclima+Elec et Id\u00e9obain\u00a0afin de\u00a0proposer un ensemble de th\u00e9matiques actuelles qui\u00a0int\u00e9ressent\u00a0les professionnels : r\u00e9volution num\u00e9rique dans le b\u00e2timent, efficacit\u00e9 et performance \u00e9nerg\u00e9tiques, de la maison \u00e0 la ville connect\u00e9e, l\u2019Homme et le B\u00e2timent\u2026 Un programme riche [&hellip;]","og_url":"https:\/\/batijournal.com\/index.php\/mondial-du-batiment-j-3\/89929\/","og_site_name":"Batijournal","article_published_time":"2015-10-30T06:00:40+00:00","article_modified_time":"2015-11-02T08:37:51+00:00","og_image":[{"width":936,"height":617,"url":"https:\/\/batijournal.com\/wp-content\/uploads\/2015\/10\/bj-tv.jpg","type":"image\/jpeg"}],"author":"St\u00e9phane Miget","twitter_card":"summary_large_image","twitter_creator":"@bati_journal","twitter_site":"@bati_journal","twitter_misc":{"\u00c9crit par":"St\u00e9phane Miget","Dur\u00e9e de lecture estim\u00e9e":"3 minutes"},"schema":{"@context":"https:\/\/schema.org","@graph":[{"@type":"Article","@id":"https:\/\/batijournal.com\/index.php\/mondial-du-batiment-j-3\/89929\/#article","isPartOf":{"@id":"https:\/\/batijournal.com\/index.php\/mondial-du-batiment-j-3\/89929\/"},"author":{"name":"St\u00e9phane Miget","@id":"https:\/\/batijournal.com\/#\/schema\/person\/1dc96ec6957aa1ccb25ebe78bb19f100"},"headline":"Mondial du b\u00e2timent","datePublished":"2015-10-30T06:00:40+00:00","dateModified":"2015-11-02T08:37:51+00:00","mainEntityOfPage":{"@id":"https:\/\/batijournal.com\/index.php\/mondial-du-batiment-j-3\/89929\/"},"wordCount":650,"image":{"@id":"https:\/\/batijournal.com\/index.php\/mondial-du-batiment-j-3\/89929\/#primaryimage"},"thumbnailUrl":"https:\/\/batijournal.com\/wp-content\/uploads\/2015\/10\/bj-tv.jpg","keywords":["Batimat 2015","b\u00e2timent","Mondial"],"articleSection":["Actualit\u00e9s","batijournal TV","\u00c9v\u00e9nements"],"inLanguage":"fr-FR"},{"@type":"WebPage","@id":"https:\/\/batijournal.com\/index.php\/mondial-du-batiment-j-3\/89929\/","url":"https:\/\/batijournal.com\/index.php\/mondial-du-batiment-j-3\/89929\/","name":"Mondial du b\u00e2timent","isPartOf":{"@id":"https:\/\/batijournal.com\/#website"},"primaryImageOfPage":{"@id":"https:\/\/batijournal.com\/index.php\/mondial-du-batiment-j-3\/89929\/#primaryimage"},"image":{"@id":"https:\/\/batijournal.com\/index.php\/mondial-du-batiment-j-3\/89929\/#primaryimage"},"thumbnailUrl":"https:\/\/batijournal.com\/wp-content\/uploads\/2015\/10\/bj-tv.jpg","datePublished":"2015-10-30T06:00:40+00:00","dateModified":"2015-11-02T08:37:51+00:00","author":{"@id":"https:\/\/batijournal.com\/#\/schema\/person\/1dc96ec6957aa1ccb25ebe78bb19f100"},"breadcrumb":{"@id":"https:\/\/batijournal.com\/index.php\/mondial-du-batiment-j-3\/89929\/#breadcrumb"},"inLanguage":"fr-FR","potentialAction":[{"@type":"ReadAction","target":["https:\/\/batijournal.com\/index.php\/mondial-du-batiment-j-3\/89929\/"]}]},{"@type":"ImageObject","inLanguage":"fr-FR","@id":"https:\/\/batijournal.com\/index.php\/mondial-du-batiment-j-3\/89929\/#primaryimage","url":"https:\/\/batijournal.com\/wp-content\/uploads\/2015\/10\/bj-tv.jpg","contentUrl":"https:\/\/batijournal.com\/wp-content\/uploads\/2015\/10\/bj-tv.jpg","width":936,"height":617},{"@type":"BreadcrumbList","@id":"https:\/\/batijournal.com\/index.php\/mondial-du-batiment-j-3\/89929\/#breadcrumb","itemListElement":[{"@type":"ListItem","position":1,"name":"Accueil","item":"https:\/\/batijournal.com\/"},{"@type":"ListItem","position":2,"name":"Actualit\u00e9s","item":"https:\/\/batijournal.com\/index.php\/category\/actualites\/"},{"@type":"ListItem","position":3,"name":"Mondial du b\u00e2timent"}]},{"@type":"WebSite","@id":"https:\/\/batijournal.com\/#website","url":"https:\/\/batijournal.com\/","name":"Batijournal","description":"L&#039;actualit\u00e9 du b\u00e2timent","potentialAction":[{"@type":"SearchAction","target":{"@type":"EntryPoint","urlTemplate":"https:\/\/batijournal.com\/?s={search_term_string}"},"query-input":{"@type":"PropertyValueSpecification","valueRequired":true,"valueName":"search_term_string"}}],"inLanguage":"fr-FR"},{"@type":"Person","@id":"https:\/\/batijournal.com\/#\/schema\/person\/1dc96ec6957aa1ccb25ebe78bb19f100","name":"St\u00e9phane Miget","image":{"@type":"ImageObject","inLanguage":"fr-FR","@id":"https:\/\/secure.gravatar.com\/avatar\/89915563d925342126b8ef0281b93d9d7fc337043e8df017f780908eb9644451?s=96&d=mm&r=g","url":"https:\/\/secure.gravatar.com\/avatar\/89915563d925342126b8ef0281b93d9d7fc337043e8df017f780908eb9644451?s=96&d=mm&r=g","contentUrl":"https:\/\/secure.gravatar.com\/avatar\/89915563d925342126b8ef0281b93d9d7fc337043e8df017f780908eb9644451?s=96&d=mm&r=g","caption":"St\u00e9phane Miget"},"url":"https:\/\/batijournal.com\/index.php\/author\/stephane\/"}]}},"_links":{"self":[{"href":"https:\/\/batijournal.com\/index.php\/wp-json\/wp\/v2\/posts\/89929","targetHints":{"allow":["GET"]}}],"collection":[{"href":"https:\/\/batijournal.com\/index.php\/wp-json\/wp\/v2\/posts"}],"about":[{"href":"https:\/\/batijournal.com\/index.php\/wp-json\/wp\/v2\/types\/post"}],"author":[{"embeddable":true,"href":"https:\/\/batijournal.com\/index.php\/wp-json\/wp\/v2\/users\/17"}],"replies":[{"embeddable":true,"href":"https:\/\/batijournal.com\/index.php\/wp-json\/wp\/v2\/comments?post=89929"}],"version-history":[{"count":0,"href":"https:\/\/batijournal.com\/index.php\/wp-json\/wp\/v2\/posts\/89929\/revisions"}],"wp:featuredmedia":[{"embeddable":true,"href":"https:\/\/batijournal.com\/index.php\/wp-json\/wp\/v2\/media\/90124"}],"wp:attachment":[{"href":"https:\/\/batijournal.com\/index.php\/wp-json\/wp\/v2\/media?parent=89929"}],"wp:term":[{"taxonomy":"category","embeddable":true,"href":"https:\/\/batijournal.com\/index.php\/wp-json\/wp\/v2\/categories?post=89929"},{"taxonomy":"post_tag","embeddable":true,"href":"https:\/\/batijournal.com\/index.php\/wp-json\/wp\/v2\/tags?post=89929"}],"curies":[{"name":"wp","href":"https:\/\/api.w.org\/{rel}","templated":true}]}}