{"id":89932,"date":"2015-10-28T05:21:14","date_gmt":"2015-10-28T04:21:14","guid":{"rendered":"http:\/\/batijournal.com\/?p=89932"},"modified":"2019-07-15T11:17:06","modified_gmt":"2019-07-15T09:17:06","slug":"les-briques-de-verre-de-gustave-falconnier","status":"publish","type":"post","link":"https:\/\/batijournal.com\/index.php\/les-briques-de-verre-de-gustave-falconnier\/89932\/","title":{"rendered":"Les briques de verre de Gustave Falconnier"},"content":{"rendered":"<p>Gustave Falconnier, n\u00e9 le 6 juillet 1845 \u00e0 Nyon et mort dans la m\u00eame ville le 10 avril 1934, est une personnalit\u00e9 politique et un architecte suisse, inventeur de pav\u00e9s de verre portant son nom. Une conf\u00e9rence organis\u00e9e par Saverbat aura lieu au Salon International du Patrimoine Culturel, au Carrousel du Louvre le vendredi 6 novembre, \u00e0 17 heures, salle Delorme 1. Elle sera anim\u00e9e par Anne Brugirard, Aline Jeandrevin, Jean-Fran\u00e7ois Cabestan et Pierre Roquette.<\/p>\n<p>Pour obtenir l&rsquo;acc\u00e8s gratuit au salon, connectez vous sur<br \/>\n<a href=\"http:\/\/www.atrium-construction.com\" target=\"_blank\" rel=\"noopener noreferrer\">www.atrium-construction.com<\/a><\/p>\n","protected":false},"excerpt":{"rendered":"<p>Gustave Falconnier, n\u00e9 le 6 juillet 1845 \u00e0 Nyon et mort dans la m\u00eame ville le 10 avril 1934, est une personnalit\u00e9 politique et un architecte suisse, inventeur de pav\u00e9s de verre portant son nom. Une conf\u00e9rence organis\u00e9e par Saverbat aura lieu au Salon International du Patrimoine Culturel, au Carrousel du Louvre le vendredi 6 [&hellip;]<\/p>\n","protected":false},"author":17,"featured_media":89933,"comment_status":"closed","ping_status":"closed","sticky":false,"template":"","format":"standard","meta":{"_et_pb_use_builder":"","_et_pb_old_content":"","_et_gb_content_width":"","footnotes":""},"categories":[6340],"tags":[],"class_list":["post-89932","post","type-post","status-publish","format-standard","has-post-thumbnail","hentry","category-architecture-conception"],"yoast_head":"<!-- This site is optimized with the Yoast SEO plugin v27.4 - https:\/\/yoast.com\/product\/yoast-seo-wordpress\/ -->\n<title>Les briques de verre de Gustave Falconnier<\/title>\n<meta name=\"robots\" content=\"index, follow, max-snippet:-1, max-image-preview:large, max-video-preview:-1\" \/>\n<link rel=\"canonical\" href=\"https:\/\/batijournal.com\/index.php\/les-briques-de-verre-de-gustave-falconnier\/89932\/\" \/>\n<meta property=\"og:locale\" content=\"fr_FR\" \/>\n<meta property=\"og:type\" content=\"article\" \/>\n<meta property=\"og:title\" content=\"Les briques de verre de Gustave Falconnier\" \/>\n<meta property=\"og:description\" content=\"Gustave Falconnier, n\u00e9 le 6 juillet 1845 \u00e0 Nyon et mort dans la m\u00eame ville le 10 avril 1934, est une personnalit\u00e9 politique et un architecte suisse, inventeur de pav\u00e9s de verre portant son nom. Une conf\u00e9rence organis\u00e9e par Saverbat aura lieu au Salon International du Patrimoine Culturel, au Carrousel du Louvre le vendredi 6 [&hellip;]\" \/>\n<meta property=\"og:url\" content=\"https:\/\/batijournal.com\/index.php\/les-briques-de-verre-de-gustave-falconnier\/89932\/\" \/>\n<meta property=\"og:site_name\" content=\"Batijournal\" \/>\n<meta property=\"article:published_time\" content=\"2015-10-28T04:21:14+00:00\" \/>\n<meta property=\"article:modified_time\" content=\"2019-07-15T09:17:06+00:00\" \/>\n<meta property=\"og:image\" content=\"https:\/\/batijournal.com\/wp-content\/uploads\/2015\/10\/Briques-Falconnier.png\" \/>\n\t<meta property=\"og:image:width\" content=\"912\" \/>\n\t<meta property=\"og:image:height\" content=\"368\" \/>\n\t<meta property=\"og:image:type\" content=\"image\/png\" \/>\n<meta name=\"author\" content=\"St\u00e9phane Miget\" \/>\n<meta name=\"twitter:card\" content=\"summary_large_image\" \/>\n<meta name=\"twitter:creator\" content=\"@bati_journal\" \/>\n<meta name=\"twitter:site\" content=\"@bati_journal\" \/>\n<meta name=\"twitter:label1\" content=\"\u00c9crit par\" \/>\n\t<meta name=\"twitter:data1\" content=\"St\u00e9phane Miget\" \/>\n<script type=\"application\/ld+json\" class=\"yoast-schema-graph\">{\"@context\":\"https:\\\/\\\/schema.org\",\"@graph\":[{\"@type\":\"Article\",\"@id\":\"https:\\\/\\\/batijournal.com\\\/index.php\\\/les-briques-de-verre-de-gustave-falconnier\\\/89932\\\/#article\",\"isPartOf\":{\"@id\":\"https:\\\/\\\/batijournal.com\\\/index.php\\\/les-briques-de-verre-de-gustave-falconnier\\\/89932\\\/\"},\"author\":{\"name\":\"St\u00e9phane Miget\",\"@id\":\"https:\\\/\\\/batijournal.com\\\/#\\\/schema\\\/person\\\/1dc96ec6957aa1ccb25ebe78bb19f100\"},\"headline\":\"Les briques de verre de Gustave Falconnier\",\"datePublished\":\"2015-10-28T04:21:14+00:00\",\"dateModified\":\"2019-07-15T09:17:06+00:00\",\"mainEntityOfPage\":{\"@id\":\"https:\\\/\\\/batijournal.com\\\/index.php\\\/les-briques-de-verre-de-gustave-falconnier\\\/89932\\\/\"},\"wordCount\":93,\"image\":{\"@id\":\"https:\\\/\\\/batijournal.com\\\/index.php\\\/les-briques-de-verre-de-gustave-falconnier\\\/89932\\\/#primaryimage\"},\"thumbnailUrl\":\"https:\\\/\\\/batijournal.com\\\/wp-content\\\/uploads\\\/2015\\\/10\\\/Briques-Falconnier.png\",\"articleSection\":[\"Architecture &amp; Conception\"],\"inLanguage\":\"fr-FR\"},{\"@type\":\"WebPage\",\"@id\":\"https:\\\/\\\/batijournal.com\\\/index.php\\\/les-briques-de-verre-de-gustave-falconnier\\\/89932\\\/\",\"url\":\"https:\\\/\\\/batijournal.com\\\/index.php\\\/les-briques-de-verre-de-gustave-falconnier\\\/89932\\\/\",\"name\":\"Les briques de verre de Gustave Falconnier\",\"isPartOf\":{\"@id\":\"https:\\\/\\\/batijournal.com\\\/#website\"},\"primaryImageOfPage\":{\"@id\":\"https:\\\/\\\/batijournal.com\\\/index.php\\\/les-briques-de-verre-de-gustave-falconnier\\\/89932\\\/#primaryimage\"},\"image\":{\"@id\":\"https:\\\/\\\/batijournal.com\\\/index.php\\\/les-briques-de-verre-de-gustave-falconnier\\\/89932\\\/#primaryimage\"},\"thumbnailUrl\":\"https:\\\/\\\/batijournal.com\\\/wp-content\\\/uploads\\\/2015\\\/10\\\/Briques-Falconnier.png\",\"datePublished\":\"2015-10-28T04:21:14+00:00\",\"dateModified\":\"2019-07-15T09:17:06+00:00\",\"author\":{\"@id\":\"https:\\\/\\\/batijournal.com\\\/#\\\/schema\\\/person\\\/1dc96ec6957aa1ccb25ebe78bb19f100\"},\"breadcrumb\":{\"@id\":\"https:\\\/\\\/batijournal.com\\\/index.php\\\/les-briques-de-verre-de-gustave-falconnier\\\/89932\\\/#breadcrumb\"},\"inLanguage\":\"fr-FR\",\"potentialAction\":[{\"@type\":\"ReadAction\",\"target\":[\"https:\\\/\\\/batijournal.com\\\/index.php\\\/les-briques-de-verre-de-gustave-falconnier\\\/89932\\\/\"]}]},{\"@type\":\"ImageObject\",\"inLanguage\":\"fr-FR\",\"@id\":\"https:\\\/\\\/batijournal.com\\\/index.php\\\/les-briques-de-verre-de-gustave-falconnier\\\/89932\\\/#primaryimage\",\"url\":\"https:\\\/\\\/batijournal.com\\\/wp-content\\\/uploads\\\/2015\\\/10\\\/Briques-Falconnier.png\",\"contentUrl\":\"https:\\\/\\\/batijournal.com\\\/wp-content\\\/uploads\\\/2015\\\/10\\\/Briques-Falconnier.png\",\"width\":912,\"height\":368},{\"@type\":\"BreadcrumbList\",\"@id\":\"https:\\\/\\\/batijournal.com\\\/index.php\\\/les-briques-de-verre-de-gustave-falconnier\\\/89932\\\/#breadcrumb\",\"itemListElement\":[{\"@type\":\"ListItem\",\"position\":1,\"name\":\"Accueil\",\"item\":\"https:\\\/\\\/batijournal.com\\\/\"},{\"@type\":\"ListItem\",\"position\":2,\"name\":\"Actualit\u00e9s\",\"item\":\"https:\\\/\\\/batijournal.com\\\/index.php\\\/category\\\/actualites\\\/\"},{\"@type\":\"ListItem\",\"position\":3,\"name\":\"Architecture &amp; Conception\",\"item\":\"https:\\\/\\\/batijournal.com\\\/index.php\\\/category\\\/actualites\\\/architecture-conception\\\/\"},{\"@type\":\"ListItem\",\"position\":4,\"name\":\"Les briques de verre de Gustave Falconnier\"}]},{\"@type\":\"WebSite\",\"@id\":\"https:\\\/\\\/batijournal.com\\\/#website\",\"url\":\"https:\\\/\\\/batijournal.com\\\/\",\"name\":\"Batijournal\",\"description\":\"L&#039;actualit\u00e9 du b\u00e2timent\",\"potentialAction\":[{\"@type\":\"SearchAction\",\"target\":{\"@type\":\"EntryPoint\",\"urlTemplate\":\"https:\\\/\\\/batijournal.com\\\/?s={search_term_string}\"},\"query-input\":{\"@type\":\"PropertyValueSpecification\",\"valueRequired\":true,\"valueName\":\"search_term_string\"}}],\"inLanguage\":\"fr-FR\"},{\"@type\":\"Person\",\"@id\":\"https:\\\/\\\/batijournal.com\\\/#\\\/schema\\\/person\\\/1dc96ec6957aa1ccb25ebe78bb19f100\",\"name\":\"St\u00e9phane Miget\",\"image\":{\"@type\":\"ImageObject\",\"inLanguage\":\"fr-FR\",\"@id\":\"https:\\\/\\\/secure.gravatar.com\\\/avatar\\\/89915563d925342126b8ef0281b93d9d7fc337043e8df017f780908eb9644451?s=96&d=mm&r=g\",\"url\":\"https:\\\/\\\/secure.gravatar.com\\\/avatar\\\/89915563d925342126b8ef0281b93d9d7fc337043e8df017f780908eb9644451?s=96&d=mm&r=g\",\"contentUrl\":\"https:\\\/\\\/secure.gravatar.com\\\/avatar\\\/89915563d925342126b8ef0281b93d9d7fc337043e8df017f780908eb9644451?s=96&d=mm&r=g\",\"caption\":\"St\u00e9phane Miget\"},\"url\":\"https:\\\/\\\/batijournal.com\\\/index.php\\\/author\\\/stephane\\\/\"}]}<\/script>\n<!-- \/ Yoast SEO plugin. -->","yoast_head_json":{"title":"Les briques de verre de Gustave Falconnier","robots":{"index":"index","follow":"follow","max-snippet":"max-snippet:-1","max-image-preview":"max-image-preview:large","max-video-preview":"max-video-preview:-1"},"canonical":"https:\/\/batijournal.com\/index.php\/les-briques-de-verre-de-gustave-falconnier\/89932\/","og_locale":"fr_FR","og_type":"article","og_title":"Les briques de verre de Gustave Falconnier","og_description":"Gustave Falconnier, n\u00e9 le 6 juillet 1845 \u00e0 Nyon et mort dans la m\u00eame ville le 10 avril 1934, est une personnalit\u00e9 politique et un architecte suisse, inventeur de pav\u00e9s de verre portant son nom. Une conf\u00e9rence organis\u00e9e par Saverbat aura lieu au Salon International du Patrimoine Culturel, au Carrousel du Louvre le vendredi 6 [&hellip;]","og_url":"https:\/\/batijournal.com\/index.php\/les-briques-de-verre-de-gustave-falconnier\/89932\/","og_site_name":"Batijournal","article_published_time":"2015-10-28T04:21:14+00:00","article_modified_time":"2019-07-15T09:17:06+00:00","og_image":[{"width":912,"height":368,"url":"https:\/\/batijournal.com\/wp-content\/uploads\/2015\/10\/Briques-Falconnier.png","type":"image\/png"}],"author":"St\u00e9phane Miget","twitter_card":"summary_large_image","twitter_creator":"@bati_journal","twitter_site":"@bati_journal","twitter_misc":{"\u00c9crit par":"St\u00e9phane Miget"},"schema":{"@context":"https:\/\/schema.org","@graph":[{"@type":"Article","@id":"https:\/\/batijournal.com\/index.php\/les-briques-de-verre-de-gustave-falconnier\/89932\/#article","isPartOf":{"@id":"https:\/\/batijournal.com\/index.php\/les-briques-de-verre-de-gustave-falconnier\/89932\/"},"author":{"name":"St\u00e9phane Miget","@id":"https:\/\/batijournal.com\/#\/schema\/person\/1dc96ec6957aa1ccb25ebe78bb19f100"},"headline":"Les briques de verre de Gustave Falconnier","datePublished":"2015-10-28T04:21:14+00:00","dateModified":"2019-07-15T09:17:06+00:00","mainEntityOfPage":{"@id":"https:\/\/batijournal.com\/index.php\/les-briques-de-verre-de-gustave-falconnier\/89932\/"},"wordCount":93,"image":{"@id":"https:\/\/batijournal.com\/index.php\/les-briques-de-verre-de-gustave-falconnier\/89932\/#primaryimage"},"thumbnailUrl":"https:\/\/batijournal.com\/wp-content\/uploads\/2015\/10\/Briques-Falconnier.png","articleSection":["Architecture &amp; Conception"],"inLanguage":"fr-FR"},{"@type":"WebPage","@id":"https:\/\/batijournal.com\/index.php\/les-briques-de-verre-de-gustave-falconnier\/89932\/","url":"https:\/\/batijournal.com\/index.php\/les-briques-de-verre-de-gustave-falconnier\/89932\/","name":"Les briques de verre de Gustave Falconnier","isPartOf":{"@id":"https:\/\/batijournal.com\/#website"},"primaryImageOfPage":{"@id":"https:\/\/batijournal.com\/index.php\/les-briques-de-verre-de-gustave-falconnier\/89932\/#primaryimage"},"image":{"@id":"https:\/\/batijournal.com\/index.php\/les-briques-de-verre-de-gustave-falconnier\/89932\/#primaryimage"},"thumbnailUrl":"https:\/\/batijournal.com\/wp-content\/uploads\/2015\/10\/Briques-Falconnier.png","datePublished":"2015-10-28T04:21:14+00:00","dateModified":"2019-07-15T09:17:06+00:00","author":{"@id":"https:\/\/batijournal.com\/#\/schema\/person\/1dc96ec6957aa1ccb25ebe78bb19f100"},"breadcrumb":{"@id":"https:\/\/batijournal.com\/index.php\/les-briques-de-verre-de-gustave-falconnier\/89932\/#breadcrumb"},"inLanguage":"fr-FR","potentialAction":[{"@type":"ReadAction","target":["https:\/\/batijournal.com\/index.php\/les-briques-de-verre-de-gustave-falconnier\/89932\/"]}]},{"@type":"ImageObject","inLanguage":"fr-FR","@id":"https:\/\/batijournal.com\/index.php\/les-briques-de-verre-de-gustave-falconnier\/89932\/#primaryimage","url":"https:\/\/batijournal.com\/wp-content\/uploads\/2015\/10\/Briques-Falconnier.png","contentUrl":"https:\/\/batijournal.com\/wp-content\/uploads\/2015\/10\/Briques-Falconnier.png","width":912,"height":368},{"@type":"BreadcrumbList","@id":"https:\/\/batijournal.com\/index.php\/les-briques-de-verre-de-gustave-falconnier\/89932\/#breadcrumb","itemListElement":[{"@type":"ListItem","position":1,"name":"Accueil","item":"https:\/\/batijournal.com\/"},{"@type":"ListItem","position":2,"name":"Actualit\u00e9s","item":"https:\/\/batijournal.com\/index.php\/category\/actualites\/"},{"@type":"ListItem","position":3,"name":"Architecture &amp; Conception","item":"https:\/\/batijournal.com\/index.php\/category\/actualites\/architecture-conception\/"},{"@type":"ListItem","position":4,"name":"Les briques de verre de Gustave Falconnier"}]},{"@type":"WebSite","@id":"https:\/\/batijournal.com\/#website","url":"https:\/\/batijournal.com\/","name":"Batijournal","description":"L&#039;actualit\u00e9 du b\u00e2timent","potentialAction":[{"@type":"SearchAction","target":{"@type":"EntryPoint","urlTemplate":"https:\/\/batijournal.com\/?s={search_term_string}"},"query-input":{"@type":"PropertyValueSpecification","valueRequired":true,"valueName":"search_term_string"}}],"inLanguage":"fr-FR"},{"@type":"Person","@id":"https:\/\/batijournal.com\/#\/schema\/person\/1dc96ec6957aa1ccb25ebe78bb19f100","name":"St\u00e9phane Miget","image":{"@type":"ImageObject","inLanguage":"fr-FR","@id":"https:\/\/secure.gravatar.com\/avatar\/89915563d925342126b8ef0281b93d9d7fc337043e8df017f780908eb9644451?s=96&d=mm&r=g","url":"https:\/\/secure.gravatar.com\/avatar\/89915563d925342126b8ef0281b93d9d7fc337043e8df017f780908eb9644451?s=96&d=mm&r=g","contentUrl":"https:\/\/secure.gravatar.com\/avatar\/89915563d925342126b8ef0281b93d9d7fc337043e8df017f780908eb9644451?s=96&d=mm&r=g","caption":"St\u00e9phane Miget"},"url":"https:\/\/batijournal.com\/index.php\/author\/stephane\/"}]}},"_links":{"self":[{"href":"https:\/\/batijournal.com\/index.php\/wp-json\/wp\/v2\/posts\/89932","targetHints":{"allow":["GET"]}}],"collection":[{"href":"https:\/\/batijournal.com\/index.php\/wp-json\/wp\/v2\/posts"}],"about":[{"href":"https:\/\/batijournal.com\/index.php\/wp-json\/wp\/v2\/types\/post"}],"author":[{"embeddable":true,"href":"https:\/\/batijournal.com\/index.php\/wp-json\/wp\/v2\/users\/17"}],"replies":[{"embeddable":true,"href":"https:\/\/batijournal.com\/index.php\/wp-json\/wp\/v2\/comments?post=89932"}],"version-history":[{"count":0,"href":"https:\/\/batijournal.com\/index.php\/wp-json\/wp\/v2\/posts\/89932\/revisions"}],"wp:featuredmedia":[{"embeddable":true,"href":"https:\/\/batijournal.com\/index.php\/wp-json\/wp\/v2\/media\/89933"}],"wp:attachment":[{"href":"https:\/\/batijournal.com\/index.php\/wp-json\/wp\/v2\/media?parent=89932"}],"wp:term":[{"taxonomy":"category","embeddable":true,"href":"https:\/\/batijournal.com\/index.php\/wp-json\/wp\/v2\/categories?post=89932"},{"taxonomy":"post_tag","embeddable":true,"href":"https:\/\/batijournal.com\/index.php\/wp-json\/wp\/v2\/tags?post=89932"}],"curies":[{"name":"wp","href":"https:\/\/api.w.org\/{rel}","templated":true}]}}