{"id":90197,"date":"2015-11-03T17:30:21","date_gmt":"2015-11-03T16:30:21","guid":{"rendered":"http:\/\/batijournal.com\/?p=90197"},"modified":"2019-07-15T11:28:01","modified_gmt":"2019-07-15T09:28:01","slug":"le-pavillon-de-la-france-de-lexposition-universelle-recompense","status":"publish","type":"post","link":"https:\/\/batijournal.com\/index.php\/le-pavillon-de-la-france-de-lexposition-universelle-recompense\/90197\/","title":{"rendered":"Le pavillon de la France r\u00e9compens\u00e9"},"content":{"rendered":"<p>L\u2019exposition universelle de Milan vient de fermer ses portes. Le pavillon de la France \u2013 halle \u00e0 la structure moderne et innovante, en bois du Jura, qui sera prochainement remont\u00e9e en France \u2013 y a connu une affluence remarquable avec plus de 2 millions de visiteurs d\u00e9sireux de d\u00e9couvrir toutes les richesses de notre patrimoine alimentaire et gastronomique. Cette halle a re\u00e7u le premier prix du Bureau international des expositions dans la cat\u00e9gorie architecture, ce qui est un beau symbole pour la\u00a0fili\u00e8re for\u00eat-bois fran\u00e7aise. Le pavillon de la France est une cr\u00e9ation de l\u2019agence d\u2019architecture XT-U. L\u2019entreprise Simonin a \u00e9t\u00e9 sollicit\u00e9e pour construire sa charpente, enti\u00e8rement en bois fran\u00e7ais certifi\u00e9 PEFC. Au total 1 400 m3 de bois : \u00e9pic\u00e9a pour l\u2019int\u00e9rieur, m\u00e9l\u00e8ze pour l\u2019ext\u00e9rieur. Sa g\u00e9om\u00e9trie complexe a pu \u00eatre r\u00e9alis\u00e9e gr\u00e2ce \u00e0 un outil innovant.<\/p>\n","protected":false},"excerpt":{"rendered":"<p>L\u2019exposition universelle de Milan vient de fermer ses portes. Le pavillon de la France \u2013 halle \u00e0 la structure moderne et innovante, en bois du Jura, qui sera prochainement remont\u00e9e en France \u2013 y a connu une affluence remarquable avec plus de 2 millions de visiteurs d\u00e9sireux de d\u00e9couvrir toutes les richesses de notre patrimoine [&hellip;]<\/p>\n","protected":false},"author":17,"featured_media":87055,"comment_status":"closed","ping_status":"closed","sticky":false,"template":"","format":"standard","meta":{"_et_pb_use_builder":"","_et_pb_old_content":"","_et_gb_content_width":"","footnotes":""},"categories":[6340],"tags":[3561],"class_list":["post-90197","post","type-post","status-publish","format-standard","has-post-thumbnail","hentry","category-architecture-conception","tag-exposition-universelle"],"yoast_head":"<!-- This site is optimized with the Yoast SEO plugin v27.4 - https:\/\/yoast.com\/product\/yoast-seo-wordpress\/ -->\n<title>Le pavillon de la France r\u00e9compens\u00e9<\/title>\n<meta name=\"robots\" content=\"index, follow, max-snippet:-1, max-image-preview:large, max-video-preview:-1\" \/>\n<link rel=\"canonical\" href=\"https:\/\/batijournal.com\/index.php\/le-pavillon-de-la-france-de-lexposition-universelle-recompense\/90197\/\" \/>\n<meta property=\"og:locale\" content=\"fr_FR\" \/>\n<meta property=\"og:type\" content=\"article\" \/>\n<meta property=\"og:title\" content=\"Le pavillon de la France r\u00e9compens\u00e9\" \/>\n<meta property=\"og:description\" content=\"L\u2019exposition universelle de Milan vient de fermer ses portes. Le pavillon de la France \u2013 halle \u00e0 la structure moderne et innovante, en bois du Jura, qui sera prochainement remont\u00e9e en France \u2013 y a connu une affluence remarquable avec plus de 2 millions de visiteurs d\u00e9sireux de d\u00e9couvrir toutes les richesses de notre patrimoine [&hellip;]\" \/>\n<meta property=\"og:url\" content=\"https:\/\/batijournal.com\/index.php\/le-pavillon-de-la-france-de-lexposition-universelle-recompense\/90197\/\" \/>\n<meta property=\"og:site_name\" content=\"Batijournal\" \/>\n<meta property=\"article:published_time\" content=\"2015-11-03T16:30:21+00:00\" \/>\n<meta property=\"article:modified_time\" content=\"2019-07-15T09:28:01+00:00\" \/>\n<meta property=\"og:image\" content=\"https:\/\/batijournal.com\/wp-content\/uploads\/2015\/05\/MIL_EXT_01-\u00aeXTU-5.jpg\" \/>\n\t<meta property=\"og:image:width\" content=\"660\" \/>\n\t<meta property=\"og:image:height\" content=\"440\" \/>\n\t<meta property=\"og:image:type\" content=\"image\/jpeg\" \/>\n<meta name=\"author\" content=\"St\u00e9phane Miget\" \/>\n<meta name=\"twitter:card\" content=\"summary_large_image\" \/>\n<meta name=\"twitter:creator\" content=\"@bati_journal\" \/>\n<meta name=\"twitter:site\" content=\"@bati_journal\" \/>\n<meta name=\"twitter:label1\" content=\"\u00c9crit par\" \/>\n\t<meta name=\"twitter:data1\" content=\"St\u00e9phane Miget\" \/>\n\t<meta name=\"twitter:label2\" content=\"Dur\u00e9e de lecture estim\u00e9e\" \/>\n\t<meta name=\"twitter:data2\" content=\"1 minute\" \/>\n<script type=\"application\/ld+json\" class=\"yoast-schema-graph\">{\"@context\":\"https:\\\/\\\/schema.org\",\"@graph\":[{\"@type\":\"Article\",\"@id\":\"https:\\\/\\\/batijournal.com\\\/index.php\\\/le-pavillon-de-la-france-de-lexposition-universelle-recompense\\\/90197\\\/#article\",\"isPartOf\":{\"@id\":\"https:\\\/\\\/batijournal.com\\\/index.php\\\/le-pavillon-de-la-france-de-lexposition-universelle-recompense\\\/90197\\\/\"},\"author\":{\"name\":\"St\u00e9phane Miget\",\"@id\":\"https:\\\/\\\/batijournal.com\\\/#\\\/schema\\\/person\\\/1dc96ec6957aa1ccb25ebe78bb19f100\"},\"headline\":\"Le pavillon de la France r\u00e9compens\u00e9\",\"datePublished\":\"2015-11-03T16:30:21+00:00\",\"dateModified\":\"2019-07-15T09:28:01+00:00\",\"mainEntityOfPage\":{\"@id\":\"https:\\\/\\\/batijournal.com\\\/index.php\\\/le-pavillon-de-la-france-de-lexposition-universelle-recompense\\\/90197\\\/\"},\"wordCount\":165,\"image\":{\"@id\":\"https:\\\/\\\/batijournal.com\\\/index.php\\\/le-pavillon-de-la-france-de-lexposition-universelle-recompense\\\/90197\\\/#primaryimage\"},\"thumbnailUrl\":\"https:\\\/\\\/batijournal.com\\\/wp-content\\\/uploads\\\/2015\\\/05\\\/MIL_EXT_01-\u00aeXTU-5.jpg\",\"keywords\":[\"Exposition universelle\"],\"articleSection\":[\"Architecture &amp; Conception\"],\"inLanguage\":\"fr-FR\"},{\"@type\":\"WebPage\",\"@id\":\"https:\\\/\\\/batijournal.com\\\/index.php\\\/le-pavillon-de-la-france-de-lexposition-universelle-recompense\\\/90197\\\/\",\"url\":\"https:\\\/\\\/batijournal.com\\\/index.php\\\/le-pavillon-de-la-france-de-lexposition-universelle-recompense\\\/90197\\\/\",\"name\":\"Le pavillon de la France r\u00e9compens\u00e9\",\"isPartOf\":{\"@id\":\"https:\\\/\\\/batijournal.com\\\/#website\"},\"primaryImageOfPage\":{\"@id\":\"https:\\\/\\\/batijournal.com\\\/index.php\\\/le-pavillon-de-la-france-de-lexposition-universelle-recompense\\\/90197\\\/#primaryimage\"},\"image\":{\"@id\":\"https:\\\/\\\/batijournal.com\\\/index.php\\\/le-pavillon-de-la-france-de-lexposition-universelle-recompense\\\/90197\\\/#primaryimage\"},\"thumbnailUrl\":\"https:\\\/\\\/batijournal.com\\\/wp-content\\\/uploads\\\/2015\\\/05\\\/MIL_EXT_01-\u00aeXTU-5.jpg\",\"datePublished\":\"2015-11-03T16:30:21+00:00\",\"dateModified\":\"2019-07-15T09:28:01+00:00\",\"author\":{\"@id\":\"https:\\\/\\\/batijournal.com\\\/#\\\/schema\\\/person\\\/1dc96ec6957aa1ccb25ebe78bb19f100\"},\"breadcrumb\":{\"@id\":\"https:\\\/\\\/batijournal.com\\\/index.php\\\/le-pavillon-de-la-france-de-lexposition-universelle-recompense\\\/90197\\\/#breadcrumb\"},\"inLanguage\":\"fr-FR\",\"potentialAction\":[{\"@type\":\"ReadAction\",\"target\":[\"https:\\\/\\\/batijournal.com\\\/index.php\\\/le-pavillon-de-la-france-de-lexposition-universelle-recompense\\\/90197\\\/\"]}]},{\"@type\":\"ImageObject\",\"inLanguage\":\"fr-FR\",\"@id\":\"https:\\\/\\\/batijournal.com\\\/index.php\\\/le-pavillon-de-la-france-de-lexposition-universelle-recompense\\\/90197\\\/#primaryimage\",\"url\":\"https:\\\/\\\/batijournal.com\\\/wp-content\\\/uploads\\\/2015\\\/05\\\/MIL_EXT_01-\u00aeXTU-5.jpg\",\"contentUrl\":\"https:\\\/\\\/batijournal.com\\\/wp-content\\\/uploads\\\/2015\\\/05\\\/MIL_EXT_01-\u00aeXTU-5.jpg\",\"width\":660,\"height\":440,\"caption\":\"\u00a9 CMC \\\/ XTU \\\/ STUDIO A. RISPAL \\\/SIMONIN Fr\u00e8res\\\/ALN\"},{\"@type\":\"BreadcrumbList\",\"@id\":\"https:\\\/\\\/batijournal.com\\\/index.php\\\/le-pavillon-de-la-france-de-lexposition-universelle-recompense\\\/90197\\\/#breadcrumb\",\"itemListElement\":[{\"@type\":\"ListItem\",\"position\":1,\"name\":\"Accueil\",\"item\":\"https:\\\/\\\/batijournal.com\\\/\"},{\"@type\":\"ListItem\",\"position\":2,\"name\":\"Actualit\u00e9s\",\"item\":\"https:\\\/\\\/batijournal.com\\\/index.php\\\/category\\\/actualites\\\/\"},{\"@type\":\"ListItem\",\"position\":3,\"name\":\"Architecture &amp; Conception\",\"item\":\"https:\\\/\\\/batijournal.com\\\/index.php\\\/category\\\/actualites\\\/architecture-conception\\\/\"},{\"@type\":\"ListItem\",\"position\":4,\"name\":\"Le pavillon de la France r\u00e9compens\u00e9\"}]},{\"@type\":\"WebSite\",\"@id\":\"https:\\\/\\\/batijournal.com\\\/#website\",\"url\":\"https:\\\/\\\/batijournal.com\\\/\",\"name\":\"Batijournal\",\"description\":\"L&#039;actualit\u00e9 du b\u00e2timent\",\"potentialAction\":[{\"@type\":\"SearchAction\",\"target\":{\"@type\":\"EntryPoint\",\"urlTemplate\":\"https:\\\/\\\/batijournal.com\\\/?s={search_term_string}\"},\"query-input\":{\"@type\":\"PropertyValueSpecification\",\"valueRequired\":true,\"valueName\":\"search_term_string\"}}],\"inLanguage\":\"fr-FR\"},{\"@type\":\"Person\",\"@id\":\"https:\\\/\\\/batijournal.com\\\/#\\\/schema\\\/person\\\/1dc96ec6957aa1ccb25ebe78bb19f100\",\"name\":\"St\u00e9phane Miget\",\"image\":{\"@type\":\"ImageObject\",\"inLanguage\":\"fr-FR\",\"@id\":\"https:\\\/\\\/secure.gravatar.com\\\/avatar\\\/89915563d925342126b8ef0281b93d9d7fc337043e8df017f780908eb9644451?s=96&d=mm&r=g\",\"url\":\"https:\\\/\\\/secure.gravatar.com\\\/avatar\\\/89915563d925342126b8ef0281b93d9d7fc337043e8df017f780908eb9644451?s=96&d=mm&r=g\",\"contentUrl\":\"https:\\\/\\\/secure.gravatar.com\\\/avatar\\\/89915563d925342126b8ef0281b93d9d7fc337043e8df017f780908eb9644451?s=96&d=mm&r=g\",\"caption\":\"St\u00e9phane Miget\"},\"url\":\"https:\\\/\\\/batijournal.com\\\/index.php\\\/author\\\/stephane\\\/\"}]}<\/script>\n<!-- \/ Yoast SEO plugin. -->","yoast_head_json":{"title":"Le pavillon de la France r\u00e9compens\u00e9","robots":{"index":"index","follow":"follow","max-snippet":"max-snippet:-1","max-image-preview":"max-image-preview:large","max-video-preview":"max-video-preview:-1"},"canonical":"https:\/\/batijournal.com\/index.php\/le-pavillon-de-la-france-de-lexposition-universelle-recompense\/90197\/","og_locale":"fr_FR","og_type":"article","og_title":"Le pavillon de la France r\u00e9compens\u00e9","og_description":"L\u2019exposition universelle de Milan vient de fermer ses portes. Le pavillon de la France \u2013 halle \u00e0 la structure moderne et innovante, en bois du Jura, qui sera prochainement remont\u00e9e en France \u2013 y a connu une affluence remarquable avec plus de 2 millions de visiteurs d\u00e9sireux de d\u00e9couvrir toutes les richesses de notre patrimoine [&hellip;]","og_url":"https:\/\/batijournal.com\/index.php\/le-pavillon-de-la-france-de-lexposition-universelle-recompense\/90197\/","og_site_name":"Batijournal","article_published_time":"2015-11-03T16:30:21+00:00","article_modified_time":"2019-07-15T09:28:01+00:00","og_image":[{"width":660,"height":440,"url":"https:\/\/batijournal.com\/wp-content\/uploads\/2015\/05\/MIL_EXT_01-\u00aeXTU-5.jpg","type":"image\/jpeg"}],"author":"St\u00e9phane Miget","twitter_card":"summary_large_image","twitter_creator":"@bati_journal","twitter_site":"@bati_journal","twitter_misc":{"\u00c9crit par":"St\u00e9phane Miget","Dur\u00e9e de lecture estim\u00e9e":"1 minute"},"schema":{"@context":"https:\/\/schema.org","@graph":[{"@type":"Article","@id":"https:\/\/batijournal.com\/index.php\/le-pavillon-de-la-france-de-lexposition-universelle-recompense\/90197\/#article","isPartOf":{"@id":"https:\/\/batijournal.com\/index.php\/le-pavillon-de-la-france-de-lexposition-universelle-recompense\/90197\/"},"author":{"name":"St\u00e9phane Miget","@id":"https:\/\/batijournal.com\/#\/schema\/person\/1dc96ec6957aa1ccb25ebe78bb19f100"},"headline":"Le pavillon de la France r\u00e9compens\u00e9","datePublished":"2015-11-03T16:30:21+00:00","dateModified":"2019-07-15T09:28:01+00:00","mainEntityOfPage":{"@id":"https:\/\/batijournal.com\/index.php\/le-pavillon-de-la-france-de-lexposition-universelle-recompense\/90197\/"},"wordCount":165,"image":{"@id":"https:\/\/batijournal.com\/index.php\/le-pavillon-de-la-france-de-lexposition-universelle-recompense\/90197\/#primaryimage"},"thumbnailUrl":"https:\/\/batijournal.com\/wp-content\/uploads\/2015\/05\/MIL_EXT_01-\u00aeXTU-5.jpg","keywords":["Exposition universelle"],"articleSection":["Architecture &amp; Conception"],"inLanguage":"fr-FR"},{"@type":"WebPage","@id":"https:\/\/batijournal.com\/index.php\/le-pavillon-de-la-france-de-lexposition-universelle-recompense\/90197\/","url":"https:\/\/batijournal.com\/index.php\/le-pavillon-de-la-france-de-lexposition-universelle-recompense\/90197\/","name":"Le pavillon de la France r\u00e9compens\u00e9","isPartOf":{"@id":"https:\/\/batijournal.com\/#website"},"primaryImageOfPage":{"@id":"https:\/\/batijournal.com\/index.php\/le-pavillon-de-la-france-de-lexposition-universelle-recompense\/90197\/#primaryimage"},"image":{"@id":"https:\/\/batijournal.com\/index.php\/le-pavillon-de-la-france-de-lexposition-universelle-recompense\/90197\/#primaryimage"},"thumbnailUrl":"https:\/\/batijournal.com\/wp-content\/uploads\/2015\/05\/MIL_EXT_01-\u00aeXTU-5.jpg","datePublished":"2015-11-03T16:30:21+00:00","dateModified":"2019-07-15T09:28:01+00:00","author":{"@id":"https:\/\/batijournal.com\/#\/schema\/person\/1dc96ec6957aa1ccb25ebe78bb19f100"},"breadcrumb":{"@id":"https:\/\/batijournal.com\/index.php\/le-pavillon-de-la-france-de-lexposition-universelle-recompense\/90197\/#breadcrumb"},"inLanguage":"fr-FR","potentialAction":[{"@type":"ReadAction","target":["https:\/\/batijournal.com\/index.php\/le-pavillon-de-la-france-de-lexposition-universelle-recompense\/90197\/"]}]},{"@type":"ImageObject","inLanguage":"fr-FR","@id":"https:\/\/batijournal.com\/index.php\/le-pavillon-de-la-france-de-lexposition-universelle-recompense\/90197\/#primaryimage","url":"https:\/\/batijournal.com\/wp-content\/uploads\/2015\/05\/MIL_EXT_01-\u00aeXTU-5.jpg","contentUrl":"https:\/\/batijournal.com\/wp-content\/uploads\/2015\/05\/MIL_EXT_01-\u00aeXTU-5.jpg","width":660,"height":440,"caption":"\u00a9 CMC \/ XTU \/ STUDIO A. RISPAL \/SIMONIN Fr\u00e8res\/ALN"},{"@type":"BreadcrumbList","@id":"https:\/\/batijournal.com\/index.php\/le-pavillon-de-la-france-de-lexposition-universelle-recompense\/90197\/#breadcrumb","itemListElement":[{"@type":"ListItem","position":1,"name":"Accueil","item":"https:\/\/batijournal.com\/"},{"@type":"ListItem","position":2,"name":"Actualit\u00e9s","item":"https:\/\/batijournal.com\/index.php\/category\/actualites\/"},{"@type":"ListItem","position":3,"name":"Architecture &amp; Conception","item":"https:\/\/batijournal.com\/index.php\/category\/actualites\/architecture-conception\/"},{"@type":"ListItem","position":4,"name":"Le pavillon de la France r\u00e9compens\u00e9"}]},{"@type":"WebSite","@id":"https:\/\/batijournal.com\/#website","url":"https:\/\/batijournal.com\/","name":"Batijournal","description":"L&#039;actualit\u00e9 du b\u00e2timent","potentialAction":[{"@type":"SearchAction","target":{"@type":"EntryPoint","urlTemplate":"https:\/\/batijournal.com\/?s={search_term_string}"},"query-input":{"@type":"PropertyValueSpecification","valueRequired":true,"valueName":"search_term_string"}}],"inLanguage":"fr-FR"},{"@type":"Person","@id":"https:\/\/batijournal.com\/#\/schema\/person\/1dc96ec6957aa1ccb25ebe78bb19f100","name":"St\u00e9phane Miget","image":{"@type":"ImageObject","inLanguage":"fr-FR","@id":"https:\/\/secure.gravatar.com\/avatar\/89915563d925342126b8ef0281b93d9d7fc337043e8df017f780908eb9644451?s=96&d=mm&r=g","url":"https:\/\/secure.gravatar.com\/avatar\/89915563d925342126b8ef0281b93d9d7fc337043e8df017f780908eb9644451?s=96&d=mm&r=g","contentUrl":"https:\/\/secure.gravatar.com\/avatar\/89915563d925342126b8ef0281b93d9d7fc337043e8df017f780908eb9644451?s=96&d=mm&r=g","caption":"St\u00e9phane Miget"},"url":"https:\/\/batijournal.com\/index.php\/author\/stephane\/"}]}},"_links":{"self":[{"href":"https:\/\/batijournal.com\/index.php\/wp-json\/wp\/v2\/posts\/90197","targetHints":{"allow":["GET"]}}],"collection":[{"href":"https:\/\/batijournal.com\/index.php\/wp-json\/wp\/v2\/posts"}],"about":[{"href":"https:\/\/batijournal.com\/index.php\/wp-json\/wp\/v2\/types\/post"}],"author":[{"embeddable":true,"href":"https:\/\/batijournal.com\/index.php\/wp-json\/wp\/v2\/users\/17"}],"replies":[{"embeddable":true,"href":"https:\/\/batijournal.com\/index.php\/wp-json\/wp\/v2\/comments?post=90197"}],"version-history":[{"count":0,"href":"https:\/\/batijournal.com\/index.php\/wp-json\/wp\/v2\/posts\/90197\/revisions"}],"wp:featuredmedia":[{"embeddable":true,"href":"https:\/\/batijournal.com\/index.php\/wp-json\/wp\/v2\/media\/87055"}],"wp:attachment":[{"href":"https:\/\/batijournal.com\/index.php\/wp-json\/wp\/v2\/media?parent=90197"}],"wp:term":[{"taxonomy":"category","embeddable":true,"href":"https:\/\/batijournal.com\/index.php\/wp-json\/wp\/v2\/categories?post=90197"},{"taxonomy":"post_tag","embeddable":true,"href":"https:\/\/batijournal.com\/index.php\/wp-json\/wp\/v2\/tags?post=90197"}],"curies":[{"name":"wp","href":"https:\/\/api.w.org\/{rel}","templated":true}]}}