{"id":90293,"date":"2015-11-06T08:11:19","date_gmt":"2015-11-06T07:11:19","guid":{"rendered":"http:\/\/batijournal.com\/?p=90293"},"modified":"2019-07-15T11:34:14","modified_gmt":"2019-07-15T09:34:14","slug":"le-mouvement-hlm-denonce-laugmentation-des-prelevements-prevue-dans-le-cadre-du-projet-de-loi-de-finances","status":"publish","type":"post","link":"https:\/\/batijournal.com\/index.php\/le-mouvement-hlm-denonce-laugmentation-des-prelevements-prevue-dans-le-cadre-du-projet-de-loi-de-finances\/90293\/","title":{"rendered":"Le Mouvement HLM d\u00e9nonce l&rsquo;augmentation des pr\u00e9l\u00e8vements pr\u00e9vue dans le cadre du projet de loi de finances"},"content":{"rendered":"<p>Le comit\u00e9 ex\u00e9cutif du Mouvement HLM fait part de son opposition aux dispositions contenues dans le projet de loi de finances 2016 qui ne sont pas conformes aux engagements pris par le pr\u00e9sident de la R\u00e9publique et la ministre du Logement le 24 septembre dernier devant le Congr\u00e8s HLM. Ce projet institue un pr\u00e9l\u00e8vement suppl\u00e9mentaire sur les organismes HLM, instaure un Fonds national des aides \u00e0 la pierre dont l\u2019objet et l\u2019int\u00e9r\u00eat ne sont pas partag\u00e9s par l\u2019ensemble du Mouvement HLM et ne propose pas une r\u00e9elle cogestion et cogouvernance de ce Fonds et \u00e9tend ses missions au-del\u00e0 de la programmation et du financement des investissements dans le logement social. Le Mouvement HLM a alert\u00e9 le gouvernement sur les cons\u00e9quences qu\u2019aurait l\u2019adoption en l\u2019\u00e9tat du PLF 2016 sur les pr\u00e9l\u00e8vements op\u00e9r\u00e9s \u00e0 travers lui sur les locataires HLM qu\u2019il aurait le devoir d\u2019informer. Il demande que des amendements soient apport\u00e9s au PLF 2016 conform\u00e9ment aux engagements pris.<\/p>\n","protected":false},"excerpt":{"rendered":"<p>Le comit\u00e9 ex\u00e9cutif du Mouvement HLM fait part de son opposition aux dispositions contenues dans le projet de loi de finances 2016 qui ne sont pas conformes aux engagements pris par le pr\u00e9sident de la R\u00e9publique et la ministre du Logement le 24 septembre dernier devant le Congr\u00e8s HLM. Ce projet institue un pr\u00e9l\u00e8vement suppl\u00e9mentaire [&hellip;]<\/p>\n","protected":false},"author":17,"featured_media":87954,"comment_status":"closed","ping_status":"closed","sticky":false,"template":"","format":"standard","meta":{"_et_pb_use_builder":"","_et_pb_old_content":"","_et_gb_content_width":"","footnotes":""},"categories":[10530,6345],"tags":[1290,6191],"class_list":["post-90293","post","type-post","status-publish","format-standard","has-post-thumbnail","hentry","category-actualites","category-economie-marches","tag-hlm","tag-logements-sociaux"],"yoast_head":"<!-- This site is optimized with the Yoast SEO plugin v27.4 - https:\/\/yoast.com\/product\/yoast-seo-wordpress\/ -->\n<title>Le Mouvement HLM d\u00e9nonce l&#039;augmentation des pr\u00e9l\u00e8vements pr\u00e9vue dans le cadre du projet de loi de finances<\/title>\n<meta name=\"robots\" content=\"index, follow, max-snippet:-1, max-image-preview:large, max-video-preview:-1\" \/>\n<link rel=\"canonical\" href=\"https:\/\/batijournal.com\/index.php\/le-mouvement-hlm-denonce-laugmentation-des-prelevements-prevue-dans-le-cadre-du-projet-de-loi-de-finances\/90293\/\" \/>\n<meta property=\"og:locale\" content=\"fr_FR\" \/>\n<meta property=\"og:type\" content=\"article\" \/>\n<meta property=\"og:title\" content=\"Le Mouvement HLM d\u00e9nonce l&#039;augmentation des pr\u00e9l\u00e8vements pr\u00e9vue dans le cadre du projet de loi de finances\" \/>\n<meta property=\"og:description\" content=\"Le comit\u00e9 ex\u00e9cutif du Mouvement HLM fait part de son opposition aux dispositions contenues dans le projet de loi de finances 2016 qui ne sont pas conformes aux engagements pris par le pr\u00e9sident de la R\u00e9publique et la ministre du Logement le 24 septembre dernier devant le Congr\u00e8s HLM. Ce projet institue un pr\u00e9l\u00e8vement suppl\u00e9mentaire [&hellip;]\" \/>\n<meta property=\"og:url\" content=\"https:\/\/batijournal.com\/index.php\/le-mouvement-hlm-denonce-laugmentation-des-prelevements-prevue-dans-le-cadre-du-projet-de-loi-de-finances\/90293\/\" \/>\n<meta property=\"og:site_name\" content=\"Batijournal\" \/>\n<meta property=\"article:published_time\" content=\"2015-11-06T07:11:19+00:00\" \/>\n<meta property=\"article:modified_time\" content=\"2019-07-15T09:34:14+00:00\" \/>\n<meta property=\"og:image\" content=\"https:\/\/batijournal.com\/wp-content\/uploads\/2015\/06\/mouvement-hlm.jpg\" \/>\n\t<meta property=\"og:image:width\" content=\"1000\" \/>\n\t<meta property=\"og:image:height\" content=\"593\" \/>\n\t<meta property=\"og:image:type\" content=\"image\/jpeg\" \/>\n<meta name=\"author\" content=\"St\u00e9phane Miget\" \/>\n<meta name=\"twitter:card\" content=\"summary_large_image\" \/>\n<meta name=\"twitter:creator\" content=\"@bati_journal\" \/>\n<meta name=\"twitter:site\" content=\"@bati_journal\" \/>\n<meta name=\"twitter:label1\" content=\"\u00c9crit par\" \/>\n\t<meta name=\"twitter:data1\" content=\"St\u00e9phane Miget\" \/>\n\t<meta name=\"twitter:label2\" content=\"Dur\u00e9e de lecture estim\u00e9e\" \/>\n\t<meta name=\"twitter:data2\" content=\"1 minute\" \/>\n<script type=\"application\/ld+json\" class=\"yoast-schema-graph\">{\"@context\":\"https:\\\/\\\/schema.org\",\"@graph\":[{\"@type\":\"Article\",\"@id\":\"https:\\\/\\\/batijournal.com\\\/index.php\\\/le-mouvement-hlm-denonce-laugmentation-des-prelevements-prevue-dans-le-cadre-du-projet-de-loi-de-finances\\\/90293\\\/#article\",\"isPartOf\":{\"@id\":\"https:\\\/\\\/batijournal.com\\\/index.php\\\/le-mouvement-hlm-denonce-laugmentation-des-prelevements-prevue-dans-le-cadre-du-projet-de-loi-de-finances\\\/90293\\\/\"},\"author\":{\"name\":\"St\u00e9phane Miget\",\"@id\":\"https:\\\/\\\/batijournal.com\\\/#\\\/schema\\\/person\\\/1dc96ec6957aa1ccb25ebe78bb19f100\"},\"headline\":\"Le Mouvement HLM d\u00e9nonce l&rsquo;augmentation des pr\u00e9l\u00e8vements pr\u00e9vue dans le cadre du projet de loi de finances\",\"datePublished\":\"2015-11-06T07:11:19+00:00\",\"dateModified\":\"2019-07-15T09:34:14+00:00\",\"mainEntityOfPage\":{\"@id\":\"https:\\\/\\\/batijournal.com\\\/index.php\\\/le-mouvement-hlm-denonce-laugmentation-des-prelevements-prevue-dans-le-cadre-du-projet-de-loi-de-finances\\\/90293\\\/\"},\"wordCount\":199,\"image\":{\"@id\":\"https:\\\/\\\/batijournal.com\\\/index.php\\\/le-mouvement-hlm-denonce-laugmentation-des-prelevements-prevue-dans-le-cadre-du-projet-de-loi-de-finances\\\/90293\\\/#primaryimage\"},\"thumbnailUrl\":\"https:\\\/\\\/batijournal.com\\\/wp-content\\\/uploads\\\/2015\\\/06\\\/mouvement-hlm.jpg\",\"keywords\":[\"HLM\",\"logements sociaux\"],\"articleSection\":[\"Actualit\u00e9s\",\"\u00c9conomie &amp; March\u00e9s\"],\"inLanguage\":\"fr-FR\"},{\"@type\":\"WebPage\",\"@id\":\"https:\\\/\\\/batijournal.com\\\/index.php\\\/le-mouvement-hlm-denonce-laugmentation-des-prelevements-prevue-dans-le-cadre-du-projet-de-loi-de-finances\\\/90293\\\/\",\"url\":\"https:\\\/\\\/batijournal.com\\\/index.php\\\/le-mouvement-hlm-denonce-laugmentation-des-prelevements-prevue-dans-le-cadre-du-projet-de-loi-de-finances\\\/90293\\\/\",\"name\":\"Le Mouvement HLM d\u00e9nonce l'augmentation des pr\u00e9l\u00e8vements pr\u00e9vue dans le cadre du projet de loi de finances\",\"isPartOf\":{\"@id\":\"https:\\\/\\\/batijournal.com\\\/#website\"},\"primaryImageOfPage\":{\"@id\":\"https:\\\/\\\/batijournal.com\\\/index.php\\\/le-mouvement-hlm-denonce-laugmentation-des-prelevements-prevue-dans-le-cadre-du-projet-de-loi-de-finances\\\/90293\\\/#primaryimage\"},\"image\":{\"@id\":\"https:\\\/\\\/batijournal.com\\\/index.php\\\/le-mouvement-hlm-denonce-laugmentation-des-prelevements-prevue-dans-le-cadre-du-projet-de-loi-de-finances\\\/90293\\\/#primaryimage\"},\"thumbnailUrl\":\"https:\\\/\\\/batijournal.com\\\/wp-content\\\/uploads\\\/2015\\\/06\\\/mouvement-hlm.jpg\",\"datePublished\":\"2015-11-06T07:11:19+00:00\",\"dateModified\":\"2019-07-15T09:34:14+00:00\",\"author\":{\"@id\":\"https:\\\/\\\/batijournal.com\\\/#\\\/schema\\\/person\\\/1dc96ec6957aa1ccb25ebe78bb19f100\"},\"breadcrumb\":{\"@id\":\"https:\\\/\\\/batijournal.com\\\/index.php\\\/le-mouvement-hlm-denonce-laugmentation-des-prelevements-prevue-dans-le-cadre-du-projet-de-loi-de-finances\\\/90293\\\/#breadcrumb\"},\"inLanguage\":\"fr-FR\",\"potentialAction\":[{\"@type\":\"ReadAction\",\"target\":[\"https:\\\/\\\/batijournal.com\\\/index.php\\\/le-mouvement-hlm-denonce-laugmentation-des-prelevements-prevue-dans-le-cadre-du-projet-de-loi-de-finances\\\/90293\\\/\"]}]},{\"@type\":\"ImageObject\",\"inLanguage\":\"fr-FR\",\"@id\":\"https:\\\/\\\/batijournal.com\\\/index.php\\\/le-mouvement-hlm-denonce-laugmentation-des-prelevements-prevue-dans-le-cadre-du-projet-de-loi-de-finances\\\/90293\\\/#primaryimage\",\"url\":\"https:\\\/\\\/batijournal.com\\\/wp-content\\\/uploads\\\/2015\\\/06\\\/mouvement-hlm.jpg\",\"contentUrl\":\"https:\\\/\\\/batijournal.com\\\/wp-content\\\/uploads\\\/2015\\\/06\\\/mouvement-hlm.jpg\",\"width\":1000,\"height\":593,\"caption\":\"Offices Publics de l Habitat\"},{\"@type\":\"BreadcrumbList\",\"@id\":\"https:\\\/\\\/batijournal.com\\\/index.php\\\/le-mouvement-hlm-denonce-laugmentation-des-prelevements-prevue-dans-le-cadre-du-projet-de-loi-de-finances\\\/90293\\\/#breadcrumb\",\"itemListElement\":[{\"@type\":\"ListItem\",\"position\":1,\"name\":\"Accueil\",\"item\":\"https:\\\/\\\/batijournal.com\\\/\"},{\"@type\":\"ListItem\",\"position\":2,\"name\":\"Actualit\u00e9s\",\"item\":\"https:\\\/\\\/batijournal.com\\\/index.php\\\/category\\\/actualites\\\/\"},{\"@type\":\"ListItem\",\"position\":3,\"name\":\"\u00c9conomie &amp; March\u00e9s\",\"item\":\"https:\\\/\\\/batijournal.com\\\/index.php\\\/category\\\/actualites\\\/economie-marches\\\/\"},{\"@type\":\"ListItem\",\"position\":4,\"name\":\"Le Mouvement HLM d\u00e9nonce l&rsquo;augmentation des pr\u00e9l\u00e8vements pr\u00e9vue dans le cadre du projet de loi de finances\"}]},{\"@type\":\"WebSite\",\"@id\":\"https:\\\/\\\/batijournal.com\\\/#website\",\"url\":\"https:\\\/\\\/batijournal.com\\\/\",\"name\":\"Batijournal\",\"description\":\"L&#039;actualit\u00e9 du b\u00e2timent\",\"potentialAction\":[{\"@type\":\"SearchAction\",\"target\":{\"@type\":\"EntryPoint\",\"urlTemplate\":\"https:\\\/\\\/batijournal.com\\\/?s={search_term_string}\"},\"query-input\":{\"@type\":\"PropertyValueSpecification\",\"valueRequired\":true,\"valueName\":\"search_term_string\"}}],\"inLanguage\":\"fr-FR\"},{\"@type\":\"Person\",\"@id\":\"https:\\\/\\\/batijournal.com\\\/#\\\/schema\\\/person\\\/1dc96ec6957aa1ccb25ebe78bb19f100\",\"name\":\"St\u00e9phane Miget\",\"image\":{\"@type\":\"ImageObject\",\"inLanguage\":\"fr-FR\",\"@id\":\"https:\\\/\\\/secure.gravatar.com\\\/avatar\\\/89915563d925342126b8ef0281b93d9d7fc337043e8df017f780908eb9644451?s=96&d=mm&r=g\",\"url\":\"https:\\\/\\\/secure.gravatar.com\\\/avatar\\\/89915563d925342126b8ef0281b93d9d7fc337043e8df017f780908eb9644451?s=96&d=mm&r=g\",\"contentUrl\":\"https:\\\/\\\/secure.gravatar.com\\\/avatar\\\/89915563d925342126b8ef0281b93d9d7fc337043e8df017f780908eb9644451?s=96&d=mm&r=g\",\"caption\":\"St\u00e9phane Miget\"},\"url\":\"https:\\\/\\\/batijournal.com\\\/index.php\\\/author\\\/stephane\\\/\"}]}<\/script>\n<!-- \/ Yoast SEO plugin. -->","yoast_head_json":{"title":"Le Mouvement HLM d\u00e9nonce l'augmentation des pr\u00e9l\u00e8vements pr\u00e9vue dans le cadre du projet de loi de finances","robots":{"index":"index","follow":"follow","max-snippet":"max-snippet:-1","max-image-preview":"max-image-preview:large","max-video-preview":"max-video-preview:-1"},"canonical":"https:\/\/batijournal.com\/index.php\/le-mouvement-hlm-denonce-laugmentation-des-prelevements-prevue-dans-le-cadre-du-projet-de-loi-de-finances\/90293\/","og_locale":"fr_FR","og_type":"article","og_title":"Le Mouvement HLM d\u00e9nonce l'augmentation des pr\u00e9l\u00e8vements pr\u00e9vue dans le cadre du projet de loi de finances","og_description":"Le comit\u00e9 ex\u00e9cutif du Mouvement HLM fait part de son opposition aux dispositions contenues dans le projet de loi de finances 2016 qui ne sont pas conformes aux engagements pris par le pr\u00e9sident de la R\u00e9publique et la ministre du Logement le 24 septembre dernier devant le Congr\u00e8s HLM. Ce projet institue un pr\u00e9l\u00e8vement suppl\u00e9mentaire [&hellip;]","og_url":"https:\/\/batijournal.com\/index.php\/le-mouvement-hlm-denonce-laugmentation-des-prelevements-prevue-dans-le-cadre-du-projet-de-loi-de-finances\/90293\/","og_site_name":"Batijournal","article_published_time":"2015-11-06T07:11:19+00:00","article_modified_time":"2019-07-15T09:34:14+00:00","og_image":[{"width":1000,"height":593,"url":"https:\/\/batijournal.com\/wp-content\/uploads\/2015\/06\/mouvement-hlm.jpg","type":"image\/jpeg"}],"author":"St\u00e9phane Miget","twitter_card":"summary_large_image","twitter_creator":"@bati_journal","twitter_site":"@bati_journal","twitter_misc":{"\u00c9crit par":"St\u00e9phane Miget","Dur\u00e9e de lecture estim\u00e9e":"1 minute"},"schema":{"@context":"https:\/\/schema.org","@graph":[{"@type":"Article","@id":"https:\/\/batijournal.com\/index.php\/le-mouvement-hlm-denonce-laugmentation-des-prelevements-prevue-dans-le-cadre-du-projet-de-loi-de-finances\/90293\/#article","isPartOf":{"@id":"https:\/\/batijournal.com\/index.php\/le-mouvement-hlm-denonce-laugmentation-des-prelevements-prevue-dans-le-cadre-du-projet-de-loi-de-finances\/90293\/"},"author":{"name":"St\u00e9phane Miget","@id":"https:\/\/batijournal.com\/#\/schema\/person\/1dc96ec6957aa1ccb25ebe78bb19f100"},"headline":"Le Mouvement HLM d\u00e9nonce l&rsquo;augmentation des pr\u00e9l\u00e8vements pr\u00e9vue dans le cadre du projet de loi de finances","datePublished":"2015-11-06T07:11:19+00:00","dateModified":"2019-07-15T09:34:14+00:00","mainEntityOfPage":{"@id":"https:\/\/batijournal.com\/index.php\/le-mouvement-hlm-denonce-laugmentation-des-prelevements-prevue-dans-le-cadre-du-projet-de-loi-de-finances\/90293\/"},"wordCount":199,"image":{"@id":"https:\/\/batijournal.com\/index.php\/le-mouvement-hlm-denonce-laugmentation-des-prelevements-prevue-dans-le-cadre-du-projet-de-loi-de-finances\/90293\/#primaryimage"},"thumbnailUrl":"https:\/\/batijournal.com\/wp-content\/uploads\/2015\/06\/mouvement-hlm.jpg","keywords":["HLM","logements sociaux"],"articleSection":["Actualit\u00e9s","\u00c9conomie &amp; March\u00e9s"],"inLanguage":"fr-FR"},{"@type":"WebPage","@id":"https:\/\/batijournal.com\/index.php\/le-mouvement-hlm-denonce-laugmentation-des-prelevements-prevue-dans-le-cadre-du-projet-de-loi-de-finances\/90293\/","url":"https:\/\/batijournal.com\/index.php\/le-mouvement-hlm-denonce-laugmentation-des-prelevements-prevue-dans-le-cadre-du-projet-de-loi-de-finances\/90293\/","name":"Le Mouvement HLM d\u00e9nonce l'augmentation des pr\u00e9l\u00e8vements pr\u00e9vue dans le cadre du projet de loi de finances","isPartOf":{"@id":"https:\/\/batijournal.com\/#website"},"primaryImageOfPage":{"@id":"https:\/\/batijournal.com\/index.php\/le-mouvement-hlm-denonce-laugmentation-des-prelevements-prevue-dans-le-cadre-du-projet-de-loi-de-finances\/90293\/#primaryimage"},"image":{"@id":"https:\/\/batijournal.com\/index.php\/le-mouvement-hlm-denonce-laugmentation-des-prelevements-prevue-dans-le-cadre-du-projet-de-loi-de-finances\/90293\/#primaryimage"},"thumbnailUrl":"https:\/\/batijournal.com\/wp-content\/uploads\/2015\/06\/mouvement-hlm.jpg","datePublished":"2015-11-06T07:11:19+00:00","dateModified":"2019-07-15T09:34:14+00:00","author":{"@id":"https:\/\/batijournal.com\/#\/schema\/person\/1dc96ec6957aa1ccb25ebe78bb19f100"},"breadcrumb":{"@id":"https:\/\/batijournal.com\/index.php\/le-mouvement-hlm-denonce-laugmentation-des-prelevements-prevue-dans-le-cadre-du-projet-de-loi-de-finances\/90293\/#breadcrumb"},"inLanguage":"fr-FR","potentialAction":[{"@type":"ReadAction","target":["https:\/\/batijournal.com\/index.php\/le-mouvement-hlm-denonce-laugmentation-des-prelevements-prevue-dans-le-cadre-du-projet-de-loi-de-finances\/90293\/"]}]},{"@type":"ImageObject","inLanguage":"fr-FR","@id":"https:\/\/batijournal.com\/index.php\/le-mouvement-hlm-denonce-laugmentation-des-prelevements-prevue-dans-le-cadre-du-projet-de-loi-de-finances\/90293\/#primaryimage","url":"https:\/\/batijournal.com\/wp-content\/uploads\/2015\/06\/mouvement-hlm.jpg","contentUrl":"https:\/\/batijournal.com\/wp-content\/uploads\/2015\/06\/mouvement-hlm.jpg","width":1000,"height":593,"caption":"Offices Publics de l Habitat"},{"@type":"BreadcrumbList","@id":"https:\/\/batijournal.com\/index.php\/le-mouvement-hlm-denonce-laugmentation-des-prelevements-prevue-dans-le-cadre-du-projet-de-loi-de-finances\/90293\/#breadcrumb","itemListElement":[{"@type":"ListItem","position":1,"name":"Accueil","item":"https:\/\/batijournal.com\/"},{"@type":"ListItem","position":2,"name":"Actualit\u00e9s","item":"https:\/\/batijournal.com\/index.php\/category\/actualites\/"},{"@type":"ListItem","position":3,"name":"\u00c9conomie &amp; March\u00e9s","item":"https:\/\/batijournal.com\/index.php\/category\/actualites\/economie-marches\/"},{"@type":"ListItem","position":4,"name":"Le Mouvement HLM d\u00e9nonce l&rsquo;augmentation des pr\u00e9l\u00e8vements pr\u00e9vue dans le cadre du projet de loi de finances"}]},{"@type":"WebSite","@id":"https:\/\/batijournal.com\/#website","url":"https:\/\/batijournal.com\/","name":"Batijournal","description":"L&#039;actualit\u00e9 du b\u00e2timent","potentialAction":[{"@type":"SearchAction","target":{"@type":"EntryPoint","urlTemplate":"https:\/\/batijournal.com\/?s={search_term_string}"},"query-input":{"@type":"PropertyValueSpecification","valueRequired":true,"valueName":"search_term_string"}}],"inLanguage":"fr-FR"},{"@type":"Person","@id":"https:\/\/batijournal.com\/#\/schema\/person\/1dc96ec6957aa1ccb25ebe78bb19f100","name":"St\u00e9phane Miget","image":{"@type":"ImageObject","inLanguage":"fr-FR","@id":"https:\/\/secure.gravatar.com\/avatar\/89915563d925342126b8ef0281b93d9d7fc337043e8df017f780908eb9644451?s=96&d=mm&r=g","url":"https:\/\/secure.gravatar.com\/avatar\/89915563d925342126b8ef0281b93d9d7fc337043e8df017f780908eb9644451?s=96&d=mm&r=g","contentUrl":"https:\/\/secure.gravatar.com\/avatar\/89915563d925342126b8ef0281b93d9d7fc337043e8df017f780908eb9644451?s=96&d=mm&r=g","caption":"St\u00e9phane Miget"},"url":"https:\/\/batijournal.com\/index.php\/author\/stephane\/"}]}},"_links":{"self":[{"href":"https:\/\/batijournal.com\/index.php\/wp-json\/wp\/v2\/posts\/90293","targetHints":{"allow":["GET"]}}],"collection":[{"href":"https:\/\/batijournal.com\/index.php\/wp-json\/wp\/v2\/posts"}],"about":[{"href":"https:\/\/batijournal.com\/index.php\/wp-json\/wp\/v2\/types\/post"}],"author":[{"embeddable":true,"href":"https:\/\/batijournal.com\/index.php\/wp-json\/wp\/v2\/users\/17"}],"replies":[{"embeddable":true,"href":"https:\/\/batijournal.com\/index.php\/wp-json\/wp\/v2\/comments?post=90293"}],"version-history":[{"count":0,"href":"https:\/\/batijournal.com\/index.php\/wp-json\/wp\/v2\/posts\/90293\/revisions"}],"wp:featuredmedia":[{"embeddable":true,"href":"https:\/\/batijournal.com\/index.php\/wp-json\/wp\/v2\/media\/87954"}],"wp:attachment":[{"href":"https:\/\/batijournal.com\/index.php\/wp-json\/wp\/v2\/media?parent=90293"}],"wp:term":[{"taxonomy":"category","embeddable":true,"href":"https:\/\/batijournal.com\/index.php\/wp-json\/wp\/v2\/categories?post=90293"},{"taxonomy":"post_tag","embeddable":true,"href":"https:\/\/batijournal.com\/index.php\/wp-json\/wp\/v2\/tags?post=90293"}],"curies":[{"name":"wp","href":"https:\/\/api.w.org\/{rel}","templated":true}]}}