{"id":90295,"date":"2015-11-06T08:28:48","date_gmt":"2015-11-06T07:28:48","guid":{"rendered":"http:\/\/batijournal.com\/?p=90295"},"modified":"2019-07-15T11:28:00","modified_gmt":"2019-07-15T09:28:00","slug":"le-village-de-pleyel-bords-de-seine-village-olympique-et-paralympique-paris-2024","status":"publish","type":"post","link":"https:\/\/batijournal.com\/index.php\/le-village-de-pleyel-bords-de-seine-village-olympique-et-paralympique-paris-2024\/90295\/","title":{"rendered":"Le village de Pleyel \u2013 Bords de Seine : village olympique et paralympique Paris 2024"},"content":{"rendered":"<p>Le conseil d\u2019administration du Comit\u00e9 de candidature de Paris 2024 a retenu le projet de Pleyel-Bords de Seine, en Seine-Saint-Denis, pour accueillir le village olympique et paralympique de la candidature de Paris \u00e0 l\u2019organisation des Jeux d\u2019\u00e9t\u00e9 2024.<\/p>\n<p>Am\u00e9nag\u00e9 \u00e0 proximit\u00e9 imm\u00e9diate de Paris, sur les bords de Seine, sur les communes de Saint-Denis, Saint-Ouen et L\u2019\u00cele-Saint-Denis, le village de Pleyel-Bords de Seine s\u2019\u00e9tendra sur une superficie totale de 50 ha, dont 5,7 ha de plan d\u2019eau. Le village se situera \u00e0 moins de deux kilom\u00e8tres des deux principaux sites de comp\u00e9tition des Jeux, le Stade de France et le futur centre aquatique de Saint-Denis. 84 % des athl\u00e8tes auront un temps de trajet inf\u00e9rieur \u00e0 25 minutes pour rallier leur site de comp\u00e9tition. L\u2019environnement fluvial, l\u2019int\u00e9gration du patrimoine (comme la Cit\u00e9 du cin\u00e9ma et sa grande nef historique, la halle Maxwell r\u00e9nov\u00e9e), enfin, la possibilit\u00e9 d\u2019utiliser la Seine comme un espace r\u00e9cr\u00e9atif conf\u00e9reront au village un environnement unique. Une nouvelle \u00ab \u00e9cocit\u00e9 de la boucle de Seine \u00bb de 3 500 logements sera cr\u00e9\u00e9e. La r\u00e9alisation de ce grand territoire innovant donnera lieu \u00e0 un ensemble urbain diversifi\u00e9, agr\u00e9able et multifonctionnel, dans un environnement paysager qualifi\u00e9. Il s\u2019inscrira dans la transformation du territoire de Seine-Saint-Denis d\u00e9j\u00e0 entam\u00e9e depuis de nombreuses ann\u00e9es.<\/p>\n<p>V\u00e9ritable c\u0153ur des Jeux, le village rassemble pendant l\u2019\u00e9v\u00e9nement pr\u00e8s de 15 000 athl\u00e8tes olympiques et paralympiques, en provenance de 206 nations. Il constitue en lui-m\u00eame une v\u00e9ritable ville, proposant de multiples services et de nombreuses offres de restauration, assurant plus de 700 000 repas. Les trois projets en comp\u00e9tition (Dugny-Le Bourget, Pantin, Pleyel-Bords de Seine) ont \u00e9t\u00e9 soumis \u00e0 une m\u00e9thodologie d\u2019instruction structur\u00e9e et partag\u00e9e avec l\u2019ensemble des parties prenantes, motivant plus de 40 r\u00e9unions techniques et visites sur sites, afin de r\u00e9pondre aux exigences du CIO.<\/p>\n<p>Visuel : <a href=\"https:\/\/twitter.com\/Paris2024\" target=\"_blank\" rel=\"noopener noreferrer\">Paris 2024<\/a><\/p>\n","protected":false},"excerpt":{"rendered":"<p>Le conseil d\u2019administration du Comit\u00e9 de candidature de Paris 2024 a retenu le projet de Pleyel-Bords de Seine, en Seine-Saint-Denis, pour accueillir le village olympique et paralympique de la candidature de Paris \u00e0 l\u2019organisation des Jeux d\u2019\u00e9t\u00e9 2024. Am\u00e9nag\u00e9 \u00e0 proximit\u00e9 imm\u00e9diate de Paris, sur les bords de Seine, sur les communes de Saint-Denis, Saint-Ouen [&hellip;]<\/p>\n","protected":false},"author":17,"featured_media":90296,"comment_status":"closed","ping_status":"closed","sticky":false,"template":"","format":"standard","meta":{"_et_pb_use_builder":"","_et_pb_old_content":"","_et_gb_content_width":"","footnotes":""},"categories":[6340],"tags":[6784,1625,11215],"class_list":["post-90295","post","type-post","status-publish","format-standard","has-post-thumbnail","hentry","category-architecture-conception","tag-jeux-olympiques","tag-paris","tag-paris-2024"],"yoast_head":"<!-- This site is optimized with the Yoast SEO plugin v27.4 - https:\/\/yoast.com\/product\/yoast-seo-wordpress\/ -->\n<title>Le village de Pleyel \u2013 Bords de Seine : village olympique et paralympique Paris 2024<\/title>\n<meta name=\"robots\" content=\"index, follow, max-snippet:-1, max-image-preview:large, max-video-preview:-1\" \/>\n<link rel=\"canonical\" href=\"https:\/\/batijournal.com\/index.php\/le-village-de-pleyel-bords-de-seine-village-olympique-et-paralympique-paris-2024\/90295\/\" \/>\n<meta property=\"og:locale\" content=\"fr_FR\" \/>\n<meta property=\"og:type\" content=\"article\" \/>\n<meta property=\"og:title\" content=\"Le village de Pleyel \u2013 Bords de Seine : village olympique et paralympique Paris 2024\" \/>\n<meta property=\"og:description\" content=\"Le conseil d\u2019administration du Comit\u00e9 de candidature de Paris 2024 a retenu le projet de Pleyel-Bords de Seine, en Seine-Saint-Denis, pour accueillir le village olympique et paralympique de la candidature de Paris \u00e0 l\u2019organisation des Jeux d\u2019\u00e9t\u00e9 2024. Am\u00e9nag\u00e9 \u00e0 proximit\u00e9 imm\u00e9diate de Paris, sur les bords de Seine, sur les communes de Saint-Denis, Saint-Ouen [&hellip;]\" \/>\n<meta property=\"og:url\" content=\"https:\/\/batijournal.com\/index.php\/le-village-de-pleyel-bords-de-seine-village-olympique-et-paralympique-paris-2024\/90295\/\" \/>\n<meta property=\"og:site_name\" content=\"Batijournal\" \/>\n<meta property=\"article:published_time\" content=\"2015-11-06T07:28:48+00:00\" \/>\n<meta property=\"article:modified_time\" content=\"2019-07-15T09:28:00+00:00\" \/>\n<meta property=\"og:image\" content=\"https:\/\/batijournal.com\/wp-content\/uploads\/2015\/11\/paris-2024.png\" \/>\n\t<meta property=\"og:image:width\" content=\"1024\" \/>\n\t<meta property=\"og:image:height\" content=\"576\" \/>\n\t<meta property=\"og:image:type\" content=\"image\/png\" \/>\n<meta name=\"author\" content=\"St\u00e9phane Miget\" \/>\n<meta name=\"twitter:card\" content=\"summary_large_image\" \/>\n<meta name=\"twitter:creator\" content=\"@bati_journal\" \/>\n<meta name=\"twitter:site\" content=\"@bati_journal\" \/>\n<meta name=\"twitter:label1\" content=\"\u00c9crit par\" \/>\n\t<meta name=\"twitter:data1\" content=\"St\u00e9phane Miget\" \/>\n\t<meta name=\"twitter:label2\" content=\"Dur\u00e9e de lecture estim\u00e9e\" \/>\n\t<meta name=\"twitter:data2\" content=\"2 minutes\" \/>\n<script type=\"application\/ld+json\" class=\"yoast-schema-graph\">{\"@context\":\"https:\\\/\\\/schema.org\",\"@graph\":[{\"@type\":\"Article\",\"@id\":\"https:\\\/\\\/batijournal.com\\\/index.php\\\/le-village-de-pleyel-bords-de-seine-village-olympique-et-paralympique-paris-2024\\\/90295\\\/#article\",\"isPartOf\":{\"@id\":\"https:\\\/\\\/batijournal.com\\\/index.php\\\/le-village-de-pleyel-bords-de-seine-village-olympique-et-paralympique-paris-2024\\\/90295\\\/\"},\"author\":{\"name\":\"St\u00e9phane Miget\",\"@id\":\"https:\\\/\\\/batijournal.com\\\/#\\\/schema\\\/person\\\/1dc96ec6957aa1ccb25ebe78bb19f100\"},\"headline\":\"Le village de Pleyel \u2013 Bords de Seine : village olympique et paralympique Paris 2024\",\"datePublished\":\"2015-11-06T07:28:48+00:00\",\"dateModified\":\"2019-07-15T09:28:00+00:00\",\"mainEntityOfPage\":{\"@id\":\"https:\\\/\\\/batijournal.com\\\/index.php\\\/le-village-de-pleyel-bords-de-seine-village-olympique-et-paralympique-paris-2024\\\/90295\\\/\"},\"wordCount\":337,\"image\":{\"@id\":\"https:\\\/\\\/batijournal.com\\\/index.php\\\/le-village-de-pleyel-bords-de-seine-village-olympique-et-paralympique-paris-2024\\\/90295\\\/#primaryimage\"},\"thumbnailUrl\":\"https:\\\/\\\/batijournal.com\\\/wp-content\\\/uploads\\\/2015\\\/11\\\/paris-2024.png\",\"keywords\":[\"jeux olympiques\",\"paris\",\"Paris 2024\"],\"articleSection\":[\"Architecture &amp; Conception\"],\"inLanguage\":\"fr-FR\"},{\"@type\":\"WebPage\",\"@id\":\"https:\\\/\\\/batijournal.com\\\/index.php\\\/le-village-de-pleyel-bords-de-seine-village-olympique-et-paralympique-paris-2024\\\/90295\\\/\",\"url\":\"https:\\\/\\\/batijournal.com\\\/index.php\\\/le-village-de-pleyel-bords-de-seine-village-olympique-et-paralympique-paris-2024\\\/90295\\\/\",\"name\":\"Le village de Pleyel \u2013 Bords de Seine : village olympique et paralympique Paris 2024\",\"isPartOf\":{\"@id\":\"https:\\\/\\\/batijournal.com\\\/#website\"},\"primaryImageOfPage\":{\"@id\":\"https:\\\/\\\/batijournal.com\\\/index.php\\\/le-village-de-pleyel-bords-de-seine-village-olympique-et-paralympique-paris-2024\\\/90295\\\/#primaryimage\"},\"image\":{\"@id\":\"https:\\\/\\\/batijournal.com\\\/index.php\\\/le-village-de-pleyel-bords-de-seine-village-olympique-et-paralympique-paris-2024\\\/90295\\\/#primaryimage\"},\"thumbnailUrl\":\"https:\\\/\\\/batijournal.com\\\/wp-content\\\/uploads\\\/2015\\\/11\\\/paris-2024.png\",\"datePublished\":\"2015-11-06T07:28:48+00:00\",\"dateModified\":\"2019-07-15T09:28:00+00:00\",\"author\":{\"@id\":\"https:\\\/\\\/batijournal.com\\\/#\\\/schema\\\/person\\\/1dc96ec6957aa1ccb25ebe78bb19f100\"},\"breadcrumb\":{\"@id\":\"https:\\\/\\\/batijournal.com\\\/index.php\\\/le-village-de-pleyel-bords-de-seine-village-olympique-et-paralympique-paris-2024\\\/90295\\\/#breadcrumb\"},\"inLanguage\":\"fr-FR\",\"potentialAction\":[{\"@type\":\"ReadAction\",\"target\":[\"https:\\\/\\\/batijournal.com\\\/index.php\\\/le-village-de-pleyel-bords-de-seine-village-olympique-et-paralympique-paris-2024\\\/90295\\\/\"]}]},{\"@type\":\"ImageObject\",\"inLanguage\":\"fr-FR\",\"@id\":\"https:\\\/\\\/batijournal.com\\\/index.php\\\/le-village-de-pleyel-bords-de-seine-village-olympique-et-paralympique-paris-2024\\\/90295\\\/#primaryimage\",\"url\":\"https:\\\/\\\/batijournal.com\\\/wp-content\\\/uploads\\\/2015\\\/11\\\/paris-2024.png\",\"contentUrl\":\"https:\\\/\\\/batijournal.com\\\/wp-content\\\/uploads\\\/2015\\\/11\\\/paris-2024.png\",\"width\":1024,\"height\":576},{\"@type\":\"BreadcrumbList\",\"@id\":\"https:\\\/\\\/batijournal.com\\\/index.php\\\/le-village-de-pleyel-bords-de-seine-village-olympique-et-paralympique-paris-2024\\\/90295\\\/#breadcrumb\",\"itemListElement\":[{\"@type\":\"ListItem\",\"position\":1,\"name\":\"Accueil\",\"item\":\"https:\\\/\\\/batijournal.com\\\/\"},{\"@type\":\"ListItem\",\"position\":2,\"name\":\"Actualit\u00e9s\",\"item\":\"https:\\\/\\\/batijournal.com\\\/index.php\\\/category\\\/actualites\\\/\"},{\"@type\":\"ListItem\",\"position\":3,\"name\":\"Architecture &amp; Conception\",\"item\":\"https:\\\/\\\/batijournal.com\\\/index.php\\\/category\\\/actualites\\\/architecture-conception\\\/\"},{\"@type\":\"ListItem\",\"position\":4,\"name\":\"Le village de Pleyel \u2013 Bords de Seine : village olympique et paralympique Paris 2024\"}]},{\"@type\":\"WebSite\",\"@id\":\"https:\\\/\\\/batijournal.com\\\/#website\",\"url\":\"https:\\\/\\\/batijournal.com\\\/\",\"name\":\"Batijournal\",\"description\":\"L&#039;actualit\u00e9 du b\u00e2timent\",\"potentialAction\":[{\"@type\":\"SearchAction\",\"target\":{\"@type\":\"EntryPoint\",\"urlTemplate\":\"https:\\\/\\\/batijournal.com\\\/?s={search_term_string}\"},\"query-input\":{\"@type\":\"PropertyValueSpecification\",\"valueRequired\":true,\"valueName\":\"search_term_string\"}}],\"inLanguage\":\"fr-FR\"},{\"@type\":\"Person\",\"@id\":\"https:\\\/\\\/batijournal.com\\\/#\\\/schema\\\/person\\\/1dc96ec6957aa1ccb25ebe78bb19f100\",\"name\":\"St\u00e9phane Miget\",\"image\":{\"@type\":\"ImageObject\",\"inLanguage\":\"fr-FR\",\"@id\":\"https:\\\/\\\/secure.gravatar.com\\\/avatar\\\/89915563d925342126b8ef0281b93d9d7fc337043e8df017f780908eb9644451?s=96&d=mm&r=g\",\"url\":\"https:\\\/\\\/secure.gravatar.com\\\/avatar\\\/89915563d925342126b8ef0281b93d9d7fc337043e8df017f780908eb9644451?s=96&d=mm&r=g\",\"contentUrl\":\"https:\\\/\\\/secure.gravatar.com\\\/avatar\\\/89915563d925342126b8ef0281b93d9d7fc337043e8df017f780908eb9644451?s=96&d=mm&r=g\",\"caption\":\"St\u00e9phane Miget\"},\"url\":\"https:\\\/\\\/batijournal.com\\\/index.php\\\/author\\\/stephane\\\/\"}]}<\/script>\n<!-- \/ Yoast SEO plugin. -->","yoast_head_json":{"title":"Le village de Pleyel \u2013 Bords de Seine : village olympique et paralympique Paris 2024","robots":{"index":"index","follow":"follow","max-snippet":"max-snippet:-1","max-image-preview":"max-image-preview:large","max-video-preview":"max-video-preview:-1"},"canonical":"https:\/\/batijournal.com\/index.php\/le-village-de-pleyel-bords-de-seine-village-olympique-et-paralympique-paris-2024\/90295\/","og_locale":"fr_FR","og_type":"article","og_title":"Le village de Pleyel \u2013 Bords de Seine : village olympique et paralympique Paris 2024","og_description":"Le conseil d\u2019administration du Comit\u00e9 de candidature de Paris 2024 a retenu le projet de Pleyel-Bords de Seine, en Seine-Saint-Denis, pour accueillir le village olympique et paralympique de la candidature de Paris \u00e0 l\u2019organisation des Jeux d\u2019\u00e9t\u00e9 2024. Am\u00e9nag\u00e9 \u00e0 proximit\u00e9 imm\u00e9diate de Paris, sur les bords de Seine, sur les communes de Saint-Denis, Saint-Ouen [&hellip;]","og_url":"https:\/\/batijournal.com\/index.php\/le-village-de-pleyel-bords-de-seine-village-olympique-et-paralympique-paris-2024\/90295\/","og_site_name":"Batijournal","article_published_time":"2015-11-06T07:28:48+00:00","article_modified_time":"2019-07-15T09:28:00+00:00","og_image":[{"width":1024,"height":576,"url":"https:\/\/batijournal.com\/wp-content\/uploads\/2015\/11\/paris-2024.png","type":"image\/png"}],"author":"St\u00e9phane Miget","twitter_card":"summary_large_image","twitter_creator":"@bati_journal","twitter_site":"@bati_journal","twitter_misc":{"\u00c9crit par":"St\u00e9phane Miget","Dur\u00e9e de lecture estim\u00e9e":"2 minutes"},"schema":{"@context":"https:\/\/schema.org","@graph":[{"@type":"Article","@id":"https:\/\/batijournal.com\/index.php\/le-village-de-pleyel-bords-de-seine-village-olympique-et-paralympique-paris-2024\/90295\/#article","isPartOf":{"@id":"https:\/\/batijournal.com\/index.php\/le-village-de-pleyel-bords-de-seine-village-olympique-et-paralympique-paris-2024\/90295\/"},"author":{"name":"St\u00e9phane Miget","@id":"https:\/\/batijournal.com\/#\/schema\/person\/1dc96ec6957aa1ccb25ebe78bb19f100"},"headline":"Le village de Pleyel \u2013 Bords de Seine : village olympique et paralympique Paris 2024","datePublished":"2015-11-06T07:28:48+00:00","dateModified":"2019-07-15T09:28:00+00:00","mainEntityOfPage":{"@id":"https:\/\/batijournal.com\/index.php\/le-village-de-pleyel-bords-de-seine-village-olympique-et-paralympique-paris-2024\/90295\/"},"wordCount":337,"image":{"@id":"https:\/\/batijournal.com\/index.php\/le-village-de-pleyel-bords-de-seine-village-olympique-et-paralympique-paris-2024\/90295\/#primaryimage"},"thumbnailUrl":"https:\/\/batijournal.com\/wp-content\/uploads\/2015\/11\/paris-2024.png","keywords":["jeux olympiques","paris","Paris 2024"],"articleSection":["Architecture &amp; Conception"],"inLanguage":"fr-FR"},{"@type":"WebPage","@id":"https:\/\/batijournal.com\/index.php\/le-village-de-pleyel-bords-de-seine-village-olympique-et-paralympique-paris-2024\/90295\/","url":"https:\/\/batijournal.com\/index.php\/le-village-de-pleyel-bords-de-seine-village-olympique-et-paralympique-paris-2024\/90295\/","name":"Le village de Pleyel \u2013 Bords de Seine : village olympique et paralympique Paris 2024","isPartOf":{"@id":"https:\/\/batijournal.com\/#website"},"primaryImageOfPage":{"@id":"https:\/\/batijournal.com\/index.php\/le-village-de-pleyel-bords-de-seine-village-olympique-et-paralympique-paris-2024\/90295\/#primaryimage"},"image":{"@id":"https:\/\/batijournal.com\/index.php\/le-village-de-pleyel-bords-de-seine-village-olympique-et-paralympique-paris-2024\/90295\/#primaryimage"},"thumbnailUrl":"https:\/\/batijournal.com\/wp-content\/uploads\/2015\/11\/paris-2024.png","datePublished":"2015-11-06T07:28:48+00:00","dateModified":"2019-07-15T09:28:00+00:00","author":{"@id":"https:\/\/batijournal.com\/#\/schema\/person\/1dc96ec6957aa1ccb25ebe78bb19f100"},"breadcrumb":{"@id":"https:\/\/batijournal.com\/index.php\/le-village-de-pleyel-bords-de-seine-village-olympique-et-paralympique-paris-2024\/90295\/#breadcrumb"},"inLanguage":"fr-FR","potentialAction":[{"@type":"ReadAction","target":["https:\/\/batijournal.com\/index.php\/le-village-de-pleyel-bords-de-seine-village-olympique-et-paralympique-paris-2024\/90295\/"]}]},{"@type":"ImageObject","inLanguage":"fr-FR","@id":"https:\/\/batijournal.com\/index.php\/le-village-de-pleyel-bords-de-seine-village-olympique-et-paralympique-paris-2024\/90295\/#primaryimage","url":"https:\/\/batijournal.com\/wp-content\/uploads\/2015\/11\/paris-2024.png","contentUrl":"https:\/\/batijournal.com\/wp-content\/uploads\/2015\/11\/paris-2024.png","width":1024,"height":576},{"@type":"BreadcrumbList","@id":"https:\/\/batijournal.com\/index.php\/le-village-de-pleyel-bords-de-seine-village-olympique-et-paralympique-paris-2024\/90295\/#breadcrumb","itemListElement":[{"@type":"ListItem","position":1,"name":"Accueil","item":"https:\/\/batijournal.com\/"},{"@type":"ListItem","position":2,"name":"Actualit\u00e9s","item":"https:\/\/batijournal.com\/index.php\/category\/actualites\/"},{"@type":"ListItem","position":3,"name":"Architecture &amp; Conception","item":"https:\/\/batijournal.com\/index.php\/category\/actualites\/architecture-conception\/"},{"@type":"ListItem","position":4,"name":"Le village de Pleyel \u2013 Bords de Seine : village olympique et paralympique Paris 2024"}]},{"@type":"WebSite","@id":"https:\/\/batijournal.com\/#website","url":"https:\/\/batijournal.com\/","name":"Batijournal","description":"L&#039;actualit\u00e9 du b\u00e2timent","potentialAction":[{"@type":"SearchAction","target":{"@type":"EntryPoint","urlTemplate":"https:\/\/batijournal.com\/?s={search_term_string}"},"query-input":{"@type":"PropertyValueSpecification","valueRequired":true,"valueName":"search_term_string"}}],"inLanguage":"fr-FR"},{"@type":"Person","@id":"https:\/\/batijournal.com\/#\/schema\/person\/1dc96ec6957aa1ccb25ebe78bb19f100","name":"St\u00e9phane Miget","image":{"@type":"ImageObject","inLanguage":"fr-FR","@id":"https:\/\/secure.gravatar.com\/avatar\/89915563d925342126b8ef0281b93d9d7fc337043e8df017f780908eb9644451?s=96&d=mm&r=g","url":"https:\/\/secure.gravatar.com\/avatar\/89915563d925342126b8ef0281b93d9d7fc337043e8df017f780908eb9644451?s=96&d=mm&r=g","contentUrl":"https:\/\/secure.gravatar.com\/avatar\/89915563d925342126b8ef0281b93d9d7fc337043e8df017f780908eb9644451?s=96&d=mm&r=g","caption":"St\u00e9phane Miget"},"url":"https:\/\/batijournal.com\/index.php\/author\/stephane\/"}]}},"_links":{"self":[{"href":"https:\/\/batijournal.com\/index.php\/wp-json\/wp\/v2\/posts\/90295","targetHints":{"allow":["GET"]}}],"collection":[{"href":"https:\/\/batijournal.com\/index.php\/wp-json\/wp\/v2\/posts"}],"about":[{"href":"https:\/\/batijournal.com\/index.php\/wp-json\/wp\/v2\/types\/post"}],"author":[{"embeddable":true,"href":"https:\/\/batijournal.com\/index.php\/wp-json\/wp\/v2\/users\/17"}],"replies":[{"embeddable":true,"href":"https:\/\/batijournal.com\/index.php\/wp-json\/wp\/v2\/comments?post=90295"}],"version-history":[{"count":0,"href":"https:\/\/batijournal.com\/index.php\/wp-json\/wp\/v2\/posts\/90295\/revisions"}],"wp:featuredmedia":[{"embeddable":true,"href":"https:\/\/batijournal.com\/index.php\/wp-json\/wp\/v2\/media\/90296"}],"wp:attachment":[{"href":"https:\/\/batijournal.com\/index.php\/wp-json\/wp\/v2\/media?parent=90295"}],"wp:term":[{"taxonomy":"category","embeddable":true,"href":"https:\/\/batijournal.com\/index.php\/wp-json\/wp\/v2\/categories?post=90295"},{"taxonomy":"post_tag","embeddable":true,"href":"https:\/\/batijournal.com\/index.php\/wp-json\/wp\/v2\/tags?post=90295"}],"curies":[{"name":"wp","href":"https:\/\/api.w.org\/{rel}","templated":true}]}}