{"id":90298,"date":"2015-11-06T11:01:22","date_gmt":"2015-11-06T10:01:22","guid":{"rendered":"http:\/\/batijournal.com\/?p=90298"},"modified":"2019-07-15T11:17:05","modified_gmt":"2019-07-15T09:17:05","slug":"catastrophe-annoncee-pour-le-financement-de-la-fondation-du-patrimoine","status":"publish","type":"post","link":"https:\/\/batijournal.com\/index.php\/catastrophe-annoncee-pour-le-financement-de-la-fondation-du-patrimoine\/90298\/","title":{"rendered":"Catastrophe annonc\u00e9e pour le financement de la Fondation du Patrimoine"},"content":{"rendered":"<p><strong>Fran\u00e7ois-Xavier Bieuville, directeur g\u00e9n\u00e9ral de la Fondation du patrimoine :\u00a0<\/strong><em><strong>\u00ab\u00a0La dotation que l\u2019\u00c9tat nous remet est en baisse brutale, au point de remettre en cause l\u2019activit\u00e9 de la Fondation du Patrimoine de fa\u00e7on durable. \u00bb<\/strong><\/em><\/p>\n<p>Invit\u00e9 sur Batimat le 5 novembre 2015, sur le plateau de bati-journal.tv, alors que se d\u00e9roule le Salon international du patrimoine culturel au Carrousel du Louvre \u00e0 Paris,\u00a0Fran\u00e7ois-Xavier Bieuville, directeur g\u00e9n\u00e9ral de la Fondation du Patrimoine, a surpris en annon\u00e7ant une\u00a0catastrophe \u00e0 propos du\u00a0financement de la Fondation : <em>\u00ab\u00a0La dotation de l\u2019\u00c9tat est en baisse brutale, au point de remettre en cause notre activit\u00e9 de fa\u00e7on durable. \u00bb<\/em>\u00a0Cette baisse entra\u00eenant dans son sillage l\u2019ensemble des partenaires\u00a0de la Fondation : <em>\u00ab\u00a0Cette chute de nos ressources aura des cons\u00e9quences importantes sur le niveau d\u2019activit\u00e9 et d\u2019emploi des entreprises du b\u00e2timent sp\u00e9cialis\u00e9es et sur les prestations de service des architectes\u00a0du patrimoine.\u00a0\u00bb<\/em><br \/>\n<iframe loading=\"lazy\" src=\"https:\/\/www.youtube.com\/embed\/0CUgnJkM6Yo\" width=\"560\" height=\"315\" frameborder=\"0\" allowfullscreen=\"allowfullscreen\"><\/iframe><\/p>\n","protected":false},"excerpt":{"rendered":"<p>Fran\u00e7ois-Xavier Bieuville, directeur g\u00e9n\u00e9ral de la Fondation du patrimoine :\u00a0\u00ab\u00a0La dotation que l\u2019\u00c9tat nous remet est en baisse brutale, au point de remettre en cause l\u2019activit\u00e9 de la Fondation du Patrimoine de fa\u00e7on durable. \u00bb Invit\u00e9 sur Batimat le 5 novembre 2015, sur le plateau de bati-journal.tv, alors que se d\u00e9roule le Salon international du [&hellip;]<\/p>\n","protected":false},"author":1,"featured_media":90285,"comment_status":"closed","ping_status":"closed","sticky":false,"template":"","format":"standard","meta":{"_et_pb_use_builder":"","_et_pb_old_content":"","_et_gb_content_width":"","footnotes":""},"categories":[10736,10530,6340],"tags":[11127,5905],"class_list":["post-90298","post","type-post","status-publish","format-standard","has-post-thumbnail","hentry","category-a-la-une","category-actualites","category-architecture-conception","tag-batimat-2015","tag-fondation-du-patrimoine"],"yoast_head":"<!-- This site is optimized with the Yoast SEO plugin v27.4 - https:\/\/yoast.com\/product\/yoast-seo-wordpress\/ -->\n<title>Catastrophe annonc\u00e9e pour le financement de la Fondation du Patrimoine<\/title>\n<meta name=\"robots\" content=\"index, follow, max-snippet:-1, max-image-preview:large, max-video-preview:-1\" \/>\n<link rel=\"canonical\" href=\"https:\/\/batijournal.com\/index.php\/catastrophe-annoncee-pour-le-financement-de-la-fondation-du-patrimoine\/90298\/\" \/>\n<meta property=\"og:locale\" content=\"fr_FR\" \/>\n<meta property=\"og:type\" content=\"article\" \/>\n<meta property=\"og:title\" content=\"Catastrophe annonc\u00e9e pour le financement de la Fondation du Patrimoine\" \/>\n<meta property=\"og:description\" content=\"Fran\u00e7ois-Xavier Bieuville, directeur g\u00e9n\u00e9ral de la Fondation du patrimoine :\u00a0\u00ab\u00a0La dotation que l\u2019\u00c9tat nous remet est en baisse brutale, au point de remettre en cause l\u2019activit\u00e9 de la Fondation du Patrimoine de fa\u00e7on durable. \u00bb Invit\u00e9 sur Batimat le 5 novembre 2015, sur le plateau de bati-journal.tv, alors que se d\u00e9roule le Salon international du [&hellip;]\" \/>\n<meta property=\"og:url\" content=\"https:\/\/batijournal.com\/index.php\/catastrophe-annoncee-pour-le-financement-de-la-fondation-du-patrimoine\/90298\/\" \/>\n<meta property=\"og:site_name\" content=\"Batijournal\" \/>\n<meta property=\"article:published_time\" content=\"2015-11-06T10:01:22+00:00\" \/>\n<meta property=\"article:modified_time\" content=\"2019-07-15T09:17:05+00:00\" \/>\n<meta property=\"og:image\" content=\"https:\/\/batijournal.com\/wp-content\/uploads\/2015\/11\/Francois_Xavier_Bieuville.png\" \/>\n\t<meta property=\"og:image:width\" content=\"1146\" \/>\n\t<meta property=\"og:image:height\" content=\"642\" \/>\n\t<meta property=\"og:image:type\" content=\"image\/png\" \/>\n<meta name=\"author\" content=\"Bati-journal\" \/>\n<meta name=\"twitter:card\" content=\"summary_large_image\" \/>\n<meta name=\"twitter:creator\" content=\"@bati_journal\" \/>\n<meta name=\"twitter:site\" content=\"@bati_journal\" \/>\n<meta name=\"twitter:label1\" content=\"\u00c9crit par\" \/>\n\t<meta name=\"twitter:data1\" content=\"Bati-journal\" \/>\n\t<meta name=\"twitter:label2\" content=\"Dur\u00e9e de lecture estim\u00e9e\" \/>\n\t<meta name=\"twitter:data2\" content=\"1 minute\" \/>\n<script type=\"application\/ld+json\" class=\"yoast-schema-graph\">{\"@context\":\"https:\\\/\\\/schema.org\",\"@graph\":[{\"@type\":\"Article\",\"@id\":\"https:\\\/\\\/batijournal.com\\\/index.php\\\/catastrophe-annoncee-pour-le-financement-de-la-fondation-du-patrimoine\\\/90298\\\/#article\",\"isPartOf\":{\"@id\":\"https:\\\/\\\/batijournal.com\\\/index.php\\\/catastrophe-annoncee-pour-le-financement-de-la-fondation-du-patrimoine\\\/90298\\\/\"},\"author\":{\"name\":\"Bati-journal\",\"@id\":\"https:\\\/\\\/batijournal.com\\\/#\\\/schema\\\/person\\\/6a657e8967569e1b299972574848aa76\"},\"headline\":\"Catastrophe annonc\u00e9e pour le financement de la Fondation du Patrimoine\",\"datePublished\":\"2015-11-06T10:01:22+00:00\",\"dateModified\":\"2019-07-15T09:17:05+00:00\",\"mainEntityOfPage\":{\"@id\":\"https:\\\/\\\/batijournal.com\\\/index.php\\\/catastrophe-annoncee-pour-le-financement-de-la-fondation-du-patrimoine\\\/90298\\\/\"},\"wordCount\":174,\"image\":{\"@id\":\"https:\\\/\\\/batijournal.com\\\/index.php\\\/catastrophe-annoncee-pour-le-financement-de-la-fondation-du-patrimoine\\\/90298\\\/#primaryimage\"},\"thumbnailUrl\":\"https:\\\/\\\/batijournal.com\\\/wp-content\\\/uploads\\\/2015\\\/11\\\/Francois_Xavier_Bieuville.png\",\"keywords\":[\"Batimat 2015\",\"fondation du patrimoine\"],\"articleSection\":[\"A la Une\",\"Actualit\u00e9s\",\"Architecture &amp; Conception\"],\"inLanguage\":\"fr-FR\"},{\"@type\":\"WebPage\",\"@id\":\"https:\\\/\\\/batijournal.com\\\/index.php\\\/catastrophe-annoncee-pour-le-financement-de-la-fondation-du-patrimoine\\\/90298\\\/\",\"url\":\"https:\\\/\\\/batijournal.com\\\/index.php\\\/catastrophe-annoncee-pour-le-financement-de-la-fondation-du-patrimoine\\\/90298\\\/\",\"name\":\"Catastrophe annonc\u00e9e pour le financement de la Fondation du Patrimoine\",\"isPartOf\":{\"@id\":\"https:\\\/\\\/batijournal.com\\\/#website\"},\"primaryImageOfPage\":{\"@id\":\"https:\\\/\\\/batijournal.com\\\/index.php\\\/catastrophe-annoncee-pour-le-financement-de-la-fondation-du-patrimoine\\\/90298\\\/#primaryimage\"},\"image\":{\"@id\":\"https:\\\/\\\/batijournal.com\\\/index.php\\\/catastrophe-annoncee-pour-le-financement-de-la-fondation-du-patrimoine\\\/90298\\\/#primaryimage\"},\"thumbnailUrl\":\"https:\\\/\\\/batijournal.com\\\/wp-content\\\/uploads\\\/2015\\\/11\\\/Francois_Xavier_Bieuville.png\",\"datePublished\":\"2015-11-06T10:01:22+00:00\",\"dateModified\":\"2019-07-15T09:17:05+00:00\",\"author\":{\"@id\":\"https:\\\/\\\/batijournal.com\\\/#\\\/schema\\\/person\\\/6a657e8967569e1b299972574848aa76\"},\"breadcrumb\":{\"@id\":\"https:\\\/\\\/batijournal.com\\\/index.php\\\/catastrophe-annoncee-pour-le-financement-de-la-fondation-du-patrimoine\\\/90298\\\/#breadcrumb\"},\"inLanguage\":\"fr-FR\",\"potentialAction\":[{\"@type\":\"ReadAction\",\"target\":[\"https:\\\/\\\/batijournal.com\\\/index.php\\\/catastrophe-annoncee-pour-le-financement-de-la-fondation-du-patrimoine\\\/90298\\\/\"]}]},{\"@type\":\"ImageObject\",\"inLanguage\":\"fr-FR\",\"@id\":\"https:\\\/\\\/batijournal.com\\\/index.php\\\/catastrophe-annoncee-pour-le-financement-de-la-fondation-du-patrimoine\\\/90298\\\/#primaryimage\",\"url\":\"https:\\\/\\\/batijournal.com\\\/wp-content\\\/uploads\\\/2015\\\/11\\\/Francois_Xavier_Bieuville.png\",\"contentUrl\":\"https:\\\/\\\/batijournal.com\\\/wp-content\\\/uploads\\\/2015\\\/11\\\/Francois_Xavier_Bieuville.png\",\"width\":1146,\"height\":642},{\"@type\":\"BreadcrumbList\",\"@id\":\"https:\\\/\\\/batijournal.com\\\/index.php\\\/catastrophe-annoncee-pour-le-financement-de-la-fondation-du-patrimoine\\\/90298\\\/#breadcrumb\",\"itemListElement\":[{\"@type\":\"ListItem\",\"position\":1,\"name\":\"Accueil\",\"item\":\"https:\\\/\\\/batijournal.com\\\/\"},{\"@type\":\"ListItem\",\"position\":2,\"name\":\"Actualit\u00e9s\",\"item\":\"https:\\\/\\\/batijournal.com\\\/index.php\\\/category\\\/actualites\\\/\"},{\"@type\":\"ListItem\",\"position\":3,\"name\":\"Architecture &amp; Conception\",\"item\":\"https:\\\/\\\/batijournal.com\\\/index.php\\\/category\\\/actualites\\\/architecture-conception\\\/\"},{\"@type\":\"ListItem\",\"position\":4,\"name\":\"Catastrophe annonc\u00e9e pour le financement de la Fondation du Patrimoine\"}]},{\"@type\":\"WebSite\",\"@id\":\"https:\\\/\\\/batijournal.com\\\/#website\",\"url\":\"https:\\\/\\\/batijournal.com\\\/\",\"name\":\"Batijournal\",\"description\":\"L&#039;actualit\u00e9 du b\u00e2timent\",\"potentialAction\":[{\"@type\":\"SearchAction\",\"target\":{\"@type\":\"EntryPoint\",\"urlTemplate\":\"https:\\\/\\\/batijournal.com\\\/?s={search_term_string}\"},\"query-input\":{\"@type\":\"PropertyValueSpecification\",\"valueRequired\":true,\"valueName\":\"search_term_string\"}}],\"inLanguage\":\"fr-FR\"},{\"@type\":\"Person\",\"@id\":\"https:\\\/\\\/batijournal.com\\\/#\\\/schema\\\/person\\\/6a657e8967569e1b299972574848aa76\",\"name\":\"Bati-journal\",\"image\":{\"@type\":\"ImageObject\",\"inLanguage\":\"fr-FR\",\"@id\":\"https:\\\/\\\/secure.gravatar.com\\\/avatar\\\/a64364ea26392f9b4dd47e017ddaec74ff03aefc073b49e492e847201258f777?s=96&d=mm&r=g\",\"url\":\"https:\\\/\\\/secure.gravatar.com\\\/avatar\\\/a64364ea26392f9b4dd47e017ddaec74ff03aefc073b49e492e847201258f777?s=96&d=mm&r=g\",\"contentUrl\":\"https:\\\/\\\/secure.gravatar.com\\\/avatar\\\/a64364ea26392f9b4dd47e017ddaec74ff03aefc073b49e492e847201258f777?s=96&d=mm&r=g\",\"caption\":\"Bati-journal\"},\"url\":\"https:\\\/\\\/batijournal.com\\\/index.php\\\/author\\\/elodie\\\/\"}]}<\/script>\n<!-- \/ Yoast SEO plugin. -->","yoast_head_json":{"title":"Catastrophe annonc\u00e9e pour le financement de la Fondation du Patrimoine","robots":{"index":"index","follow":"follow","max-snippet":"max-snippet:-1","max-image-preview":"max-image-preview:large","max-video-preview":"max-video-preview:-1"},"canonical":"https:\/\/batijournal.com\/index.php\/catastrophe-annoncee-pour-le-financement-de-la-fondation-du-patrimoine\/90298\/","og_locale":"fr_FR","og_type":"article","og_title":"Catastrophe annonc\u00e9e pour le financement de la Fondation du Patrimoine","og_description":"Fran\u00e7ois-Xavier Bieuville, directeur g\u00e9n\u00e9ral de la Fondation du patrimoine :\u00a0\u00ab\u00a0La dotation que l\u2019\u00c9tat nous remet est en baisse brutale, au point de remettre en cause l\u2019activit\u00e9 de la Fondation du Patrimoine de fa\u00e7on durable. \u00bb Invit\u00e9 sur Batimat le 5 novembre 2015, sur le plateau de bati-journal.tv, alors que se d\u00e9roule le Salon international du [&hellip;]","og_url":"https:\/\/batijournal.com\/index.php\/catastrophe-annoncee-pour-le-financement-de-la-fondation-du-patrimoine\/90298\/","og_site_name":"Batijournal","article_published_time":"2015-11-06T10:01:22+00:00","article_modified_time":"2019-07-15T09:17:05+00:00","og_image":[{"width":1146,"height":642,"url":"https:\/\/batijournal.com\/wp-content\/uploads\/2015\/11\/Francois_Xavier_Bieuville.png","type":"image\/png"}],"author":"Bati-journal","twitter_card":"summary_large_image","twitter_creator":"@bati_journal","twitter_site":"@bati_journal","twitter_misc":{"\u00c9crit par":"Bati-journal","Dur\u00e9e de lecture estim\u00e9e":"1 minute"},"schema":{"@context":"https:\/\/schema.org","@graph":[{"@type":"Article","@id":"https:\/\/batijournal.com\/index.php\/catastrophe-annoncee-pour-le-financement-de-la-fondation-du-patrimoine\/90298\/#article","isPartOf":{"@id":"https:\/\/batijournal.com\/index.php\/catastrophe-annoncee-pour-le-financement-de-la-fondation-du-patrimoine\/90298\/"},"author":{"name":"Bati-journal","@id":"https:\/\/batijournal.com\/#\/schema\/person\/6a657e8967569e1b299972574848aa76"},"headline":"Catastrophe annonc\u00e9e pour le financement de la Fondation du Patrimoine","datePublished":"2015-11-06T10:01:22+00:00","dateModified":"2019-07-15T09:17:05+00:00","mainEntityOfPage":{"@id":"https:\/\/batijournal.com\/index.php\/catastrophe-annoncee-pour-le-financement-de-la-fondation-du-patrimoine\/90298\/"},"wordCount":174,"image":{"@id":"https:\/\/batijournal.com\/index.php\/catastrophe-annoncee-pour-le-financement-de-la-fondation-du-patrimoine\/90298\/#primaryimage"},"thumbnailUrl":"https:\/\/batijournal.com\/wp-content\/uploads\/2015\/11\/Francois_Xavier_Bieuville.png","keywords":["Batimat 2015","fondation du patrimoine"],"articleSection":["A la Une","Actualit\u00e9s","Architecture &amp; Conception"],"inLanguage":"fr-FR"},{"@type":"WebPage","@id":"https:\/\/batijournal.com\/index.php\/catastrophe-annoncee-pour-le-financement-de-la-fondation-du-patrimoine\/90298\/","url":"https:\/\/batijournal.com\/index.php\/catastrophe-annoncee-pour-le-financement-de-la-fondation-du-patrimoine\/90298\/","name":"Catastrophe annonc\u00e9e pour le financement de la Fondation du Patrimoine","isPartOf":{"@id":"https:\/\/batijournal.com\/#website"},"primaryImageOfPage":{"@id":"https:\/\/batijournal.com\/index.php\/catastrophe-annoncee-pour-le-financement-de-la-fondation-du-patrimoine\/90298\/#primaryimage"},"image":{"@id":"https:\/\/batijournal.com\/index.php\/catastrophe-annoncee-pour-le-financement-de-la-fondation-du-patrimoine\/90298\/#primaryimage"},"thumbnailUrl":"https:\/\/batijournal.com\/wp-content\/uploads\/2015\/11\/Francois_Xavier_Bieuville.png","datePublished":"2015-11-06T10:01:22+00:00","dateModified":"2019-07-15T09:17:05+00:00","author":{"@id":"https:\/\/batijournal.com\/#\/schema\/person\/6a657e8967569e1b299972574848aa76"},"breadcrumb":{"@id":"https:\/\/batijournal.com\/index.php\/catastrophe-annoncee-pour-le-financement-de-la-fondation-du-patrimoine\/90298\/#breadcrumb"},"inLanguage":"fr-FR","potentialAction":[{"@type":"ReadAction","target":["https:\/\/batijournal.com\/index.php\/catastrophe-annoncee-pour-le-financement-de-la-fondation-du-patrimoine\/90298\/"]}]},{"@type":"ImageObject","inLanguage":"fr-FR","@id":"https:\/\/batijournal.com\/index.php\/catastrophe-annoncee-pour-le-financement-de-la-fondation-du-patrimoine\/90298\/#primaryimage","url":"https:\/\/batijournal.com\/wp-content\/uploads\/2015\/11\/Francois_Xavier_Bieuville.png","contentUrl":"https:\/\/batijournal.com\/wp-content\/uploads\/2015\/11\/Francois_Xavier_Bieuville.png","width":1146,"height":642},{"@type":"BreadcrumbList","@id":"https:\/\/batijournal.com\/index.php\/catastrophe-annoncee-pour-le-financement-de-la-fondation-du-patrimoine\/90298\/#breadcrumb","itemListElement":[{"@type":"ListItem","position":1,"name":"Accueil","item":"https:\/\/batijournal.com\/"},{"@type":"ListItem","position":2,"name":"Actualit\u00e9s","item":"https:\/\/batijournal.com\/index.php\/category\/actualites\/"},{"@type":"ListItem","position":3,"name":"Architecture &amp; Conception","item":"https:\/\/batijournal.com\/index.php\/category\/actualites\/architecture-conception\/"},{"@type":"ListItem","position":4,"name":"Catastrophe annonc\u00e9e pour le financement de la Fondation du Patrimoine"}]},{"@type":"WebSite","@id":"https:\/\/batijournal.com\/#website","url":"https:\/\/batijournal.com\/","name":"Batijournal","description":"L&#039;actualit\u00e9 du b\u00e2timent","potentialAction":[{"@type":"SearchAction","target":{"@type":"EntryPoint","urlTemplate":"https:\/\/batijournal.com\/?s={search_term_string}"},"query-input":{"@type":"PropertyValueSpecification","valueRequired":true,"valueName":"search_term_string"}}],"inLanguage":"fr-FR"},{"@type":"Person","@id":"https:\/\/batijournal.com\/#\/schema\/person\/6a657e8967569e1b299972574848aa76","name":"Bati-journal","image":{"@type":"ImageObject","inLanguage":"fr-FR","@id":"https:\/\/secure.gravatar.com\/avatar\/a64364ea26392f9b4dd47e017ddaec74ff03aefc073b49e492e847201258f777?s=96&d=mm&r=g","url":"https:\/\/secure.gravatar.com\/avatar\/a64364ea26392f9b4dd47e017ddaec74ff03aefc073b49e492e847201258f777?s=96&d=mm&r=g","contentUrl":"https:\/\/secure.gravatar.com\/avatar\/a64364ea26392f9b4dd47e017ddaec74ff03aefc073b49e492e847201258f777?s=96&d=mm&r=g","caption":"Bati-journal"},"url":"https:\/\/batijournal.com\/index.php\/author\/elodie\/"}]}},"_links":{"self":[{"href":"https:\/\/batijournal.com\/index.php\/wp-json\/wp\/v2\/posts\/90298","targetHints":{"allow":["GET"]}}],"collection":[{"href":"https:\/\/batijournal.com\/index.php\/wp-json\/wp\/v2\/posts"}],"about":[{"href":"https:\/\/batijournal.com\/index.php\/wp-json\/wp\/v2\/types\/post"}],"author":[{"embeddable":true,"href":"https:\/\/batijournal.com\/index.php\/wp-json\/wp\/v2\/users\/1"}],"replies":[{"embeddable":true,"href":"https:\/\/batijournal.com\/index.php\/wp-json\/wp\/v2\/comments?post=90298"}],"version-history":[{"count":0,"href":"https:\/\/batijournal.com\/index.php\/wp-json\/wp\/v2\/posts\/90298\/revisions"}],"wp:featuredmedia":[{"embeddable":true,"href":"https:\/\/batijournal.com\/index.php\/wp-json\/wp\/v2\/media\/90285"}],"wp:attachment":[{"href":"https:\/\/batijournal.com\/index.php\/wp-json\/wp\/v2\/media?parent=90298"}],"wp:term":[{"taxonomy":"category","embeddable":true,"href":"https:\/\/batijournal.com\/index.php\/wp-json\/wp\/v2\/categories?post=90298"},{"taxonomy":"post_tag","embeddable":true,"href":"https:\/\/batijournal.com\/index.php\/wp-json\/wp\/v2\/tags?post=90298"}],"curies":[{"name":"wp","href":"https:\/\/api.w.org\/{rel}","templated":true}]}}