{"id":90369,"date":"2015-11-09T13:11:54","date_gmt":"2015-11-09T12:11:54","guid":{"rendered":"http:\/\/batijournal.com\/?p=90369"},"modified":"2019-07-15T12:04:10","modified_gmt":"2019-07-15T10:04:10","slug":"la-ffb-se-felicite-de-la-reforme-du-pret-a-taux-zero","status":"publish","type":"post","link":"https:\/\/batijournal.com\/index.php\/la-ffb-se-felicite-de-la-reforme-du-pret-a-taux-zero\/90369\/","title":{"rendered":"La FFB se f\u00e9licite de la r\u00e9forme du pr\u00eat \u00e0 taux z\u00e9ro"},"content":{"rendered":"<p><strong>La FFB se f\u00e9licite de la\u00a0r\u00e9forme du PTZ+, qu\u2019elle appelait de ses v\u0153ux depuis plusieurs ann\u00e9es. Pour Jacques Chanut, pr\u00e9sident de la FFB, <i>\u00ab\u00a0il s\u2019agit du signe qui<\/i> <i>manquait encore pour v\u00e9ritablement croire au retour de la primo-accession neuve, donc \u00e0 la reprise<\/i>\u00a0\u00bb.<\/strong><\/p>\n<p>Grace \u00e0 un redressement sensible, aussi bien dans le neuf que dans l\u2019ancien avec travaux, des montants d\u2019acquisitions financ\u00e9s par le dispositif (jusqu\u2019\u00e0 40% du co\u00fbt de l\u2019op\u00e9ration), au retour \u00e0 des diff\u00e9r\u00e9s de remboursements pour tous les pr\u00eats et \u00e0 l\u2019ouverture aux cat\u00e9gories interm\u00e9diaires, cette r\u00e9forme vient r\u00e9pondre \u00e0 un v\u00e9ritable besoin et permet de redonner de la consistance \u00e0 l\u2019objectif de 500\u00a0000 logements mis en chantier par an.<\/p>\n<p>En confortant et acc\u00e9l\u00e9rant le mouvement de reprise qui se dessine depuis l\u2019\u00e9t\u00e9 2015 en mati\u00e8re de construction de logements, ces mesures donnent de la visibilit\u00e9 aux entrepreneurs et artisans du b\u00e2timent, condition indispensable \u00e0 la fin de l\u2019h\u00e9morragie qui affecte leurs effectifs et au retour des cr\u00e9ations d\u2019emplois \u00e0 l\u2019horizon de la fin 2016.<\/p>\n<p>Par ailleurs, l\u2019extension \u00e0 tout le territoire et l\u2019am\u00e9lioration du dispositif dans l\u2019ancien avec travaux devraient permettre un rebond d\u2019activit\u00e9 dans les communes rurales et les zones peu tendues, aujourd\u2019hui durement affect\u00e9es par la crise.<\/p>\n<p>&nbsp;<\/p>\n","protected":false},"excerpt":{"rendered":"<p>La FFB se f\u00e9licite de la\u00a0r\u00e9forme du PTZ+, qu\u2019elle appelait de ses v\u0153ux depuis plusieurs ann\u00e9es. Pour Jacques Chanut, pr\u00e9sident de la FFB, \u00ab\u00a0il s\u2019agit du signe qui manquait encore pour v\u00e9ritablement croire au retour de la primo-accession neuve, donc \u00e0 la reprise\u00a0\u00bb. Grace \u00e0 un redressement sensible, aussi bien dans le neuf que dans [&hellip;]<\/p>\n","protected":false},"author":17,"featured_media":90361,"comment_status":"closed","ping_status":"closed","sticky":false,"template":"","format":"standard","meta":{"_et_pb_use_builder":"","_et_pb_old_content":"","_et_gb_content_width":"","footnotes":""},"categories":[6345],"tags":[373,7339,1189],"class_list":["post-90369","post","type-post","status-publish","format-standard","has-post-thumbnail","hentry","category-economie-marches","tag-ffb","tag-pret-a-taux-zero","tag-ptz"],"yoast_head":"<!-- This site is optimized with the Yoast SEO plugin v27.4 - https:\/\/yoast.com\/product\/yoast-seo-wordpress\/ -->\n<title>La FFB se f\u00e9licite de la r\u00e9forme du pr\u00eat \u00e0 taux z\u00e9ro<\/title>\n<meta name=\"robots\" content=\"index, follow, max-snippet:-1, max-image-preview:large, max-video-preview:-1\" \/>\n<link rel=\"canonical\" href=\"https:\/\/batijournal.com\/index.php\/la-ffb-se-felicite-de-la-reforme-du-pret-a-taux-zero\/90369\/\" \/>\n<meta property=\"og:locale\" content=\"fr_FR\" \/>\n<meta property=\"og:type\" content=\"article\" \/>\n<meta property=\"og:title\" content=\"La FFB se f\u00e9licite de la r\u00e9forme du pr\u00eat \u00e0 taux z\u00e9ro\" \/>\n<meta property=\"og:description\" content=\"La FFB se f\u00e9licite de la\u00a0r\u00e9forme du PTZ+, qu\u2019elle appelait de ses v\u0153ux depuis plusieurs ann\u00e9es. Pour Jacques Chanut, pr\u00e9sident de la FFB, \u00ab\u00a0il s\u2019agit du signe qui manquait encore pour v\u00e9ritablement croire au retour de la primo-accession neuve, donc \u00e0 la reprise\u00a0\u00bb. Grace \u00e0 un redressement sensible, aussi bien dans le neuf que dans [&hellip;]\" \/>\n<meta property=\"og:url\" content=\"https:\/\/batijournal.com\/index.php\/la-ffb-se-felicite-de-la-reforme-du-pret-a-taux-zero\/90369\/\" \/>\n<meta property=\"og:site_name\" content=\"Batijournal\" \/>\n<meta property=\"article:published_time\" content=\"2015-11-09T12:11:54+00:00\" \/>\n<meta property=\"article:modified_time\" content=\"2019-07-15T10:04:10+00:00\" \/>\n<meta property=\"og:image\" content=\"https:\/\/batijournal.com\/wp-content\/uploads\/2015\/11\/ptz-pret-taux-zero.png\" \/>\n\t<meta property=\"og:image:width\" content=\"960\" \/>\n\t<meta property=\"og:image:height\" content=\"634\" \/>\n\t<meta property=\"og:image:type\" content=\"image\/png\" \/>\n<meta name=\"author\" content=\"St\u00e9phane Miget\" \/>\n<meta name=\"twitter:card\" content=\"summary_large_image\" \/>\n<meta name=\"twitter:creator\" content=\"@bati_journal\" \/>\n<meta name=\"twitter:site\" content=\"@bati_journal\" \/>\n<meta name=\"twitter:label1\" content=\"\u00c9crit par\" \/>\n\t<meta name=\"twitter:data1\" content=\"St\u00e9phane Miget\" \/>\n\t<meta name=\"twitter:label2\" content=\"Dur\u00e9e de lecture estim\u00e9e\" \/>\n\t<meta name=\"twitter:data2\" content=\"1 minute\" \/>\n<script type=\"application\/ld+json\" class=\"yoast-schema-graph\">{\"@context\":\"https:\\\/\\\/schema.org\",\"@graph\":[{\"@type\":\"Article\",\"@id\":\"https:\\\/\\\/batijournal.com\\\/index.php\\\/la-ffb-se-felicite-de-la-reforme-du-pret-a-taux-zero\\\/90369\\\/#article\",\"isPartOf\":{\"@id\":\"https:\\\/\\\/batijournal.com\\\/index.php\\\/la-ffb-se-felicite-de-la-reforme-du-pret-a-taux-zero\\\/90369\\\/\"},\"author\":{\"name\":\"St\u00e9phane Miget\",\"@id\":\"https:\\\/\\\/batijournal.com\\\/#\\\/schema\\\/person\\\/1dc96ec6957aa1ccb25ebe78bb19f100\"},\"headline\":\"La FFB se f\u00e9licite de la r\u00e9forme du pr\u00eat \u00e0 taux z\u00e9ro\",\"datePublished\":\"2015-11-09T12:11:54+00:00\",\"dateModified\":\"2019-07-15T10:04:10+00:00\",\"mainEntityOfPage\":{\"@id\":\"https:\\\/\\\/batijournal.com\\\/index.php\\\/la-ffb-se-felicite-de-la-reforme-du-pret-a-taux-zero\\\/90369\\\/\"},\"wordCount\":248,\"image\":{\"@id\":\"https:\\\/\\\/batijournal.com\\\/index.php\\\/la-ffb-se-felicite-de-la-reforme-du-pret-a-taux-zero\\\/90369\\\/#primaryimage\"},\"thumbnailUrl\":\"https:\\\/\\\/batijournal.com\\\/wp-content\\\/uploads\\\/2015\\\/11\\\/ptz-pret-taux-zero.png\",\"keywords\":[\"ffb\",\"pret a taux zero\",\"PTZ\"],\"articleSection\":[\"\u00c9conomie &amp; March\u00e9s\"],\"inLanguage\":\"fr-FR\"},{\"@type\":\"WebPage\",\"@id\":\"https:\\\/\\\/batijournal.com\\\/index.php\\\/la-ffb-se-felicite-de-la-reforme-du-pret-a-taux-zero\\\/90369\\\/\",\"url\":\"https:\\\/\\\/batijournal.com\\\/index.php\\\/la-ffb-se-felicite-de-la-reforme-du-pret-a-taux-zero\\\/90369\\\/\",\"name\":\"La FFB se f\u00e9licite de la r\u00e9forme du pr\u00eat \u00e0 taux z\u00e9ro\",\"isPartOf\":{\"@id\":\"https:\\\/\\\/batijournal.com\\\/#website\"},\"primaryImageOfPage\":{\"@id\":\"https:\\\/\\\/batijournal.com\\\/index.php\\\/la-ffb-se-felicite-de-la-reforme-du-pret-a-taux-zero\\\/90369\\\/#primaryimage\"},\"image\":{\"@id\":\"https:\\\/\\\/batijournal.com\\\/index.php\\\/la-ffb-se-felicite-de-la-reforme-du-pret-a-taux-zero\\\/90369\\\/#primaryimage\"},\"thumbnailUrl\":\"https:\\\/\\\/batijournal.com\\\/wp-content\\\/uploads\\\/2015\\\/11\\\/ptz-pret-taux-zero.png\",\"datePublished\":\"2015-11-09T12:11:54+00:00\",\"dateModified\":\"2019-07-15T10:04:10+00:00\",\"author\":{\"@id\":\"https:\\\/\\\/batijournal.com\\\/#\\\/schema\\\/person\\\/1dc96ec6957aa1ccb25ebe78bb19f100\"},\"breadcrumb\":{\"@id\":\"https:\\\/\\\/batijournal.com\\\/index.php\\\/la-ffb-se-felicite-de-la-reforme-du-pret-a-taux-zero\\\/90369\\\/#breadcrumb\"},\"inLanguage\":\"fr-FR\",\"potentialAction\":[{\"@type\":\"ReadAction\",\"target\":[\"https:\\\/\\\/batijournal.com\\\/index.php\\\/la-ffb-se-felicite-de-la-reforme-du-pret-a-taux-zero\\\/90369\\\/\"]}]},{\"@type\":\"ImageObject\",\"inLanguage\":\"fr-FR\",\"@id\":\"https:\\\/\\\/batijournal.com\\\/index.php\\\/la-ffb-se-felicite-de-la-reforme-du-pret-a-taux-zero\\\/90369\\\/#primaryimage\",\"url\":\"https:\\\/\\\/batijournal.com\\\/wp-content\\\/uploads\\\/2015\\\/11\\\/ptz-pret-taux-zero.png\",\"contentUrl\":\"https:\\\/\\\/batijournal.com\\\/wp-content\\\/uploads\\\/2015\\\/11\\\/ptz-pret-taux-zero.png\",\"width\":960,\"height\":634},{\"@type\":\"BreadcrumbList\",\"@id\":\"https:\\\/\\\/batijournal.com\\\/index.php\\\/la-ffb-se-felicite-de-la-reforme-du-pret-a-taux-zero\\\/90369\\\/#breadcrumb\",\"itemListElement\":[{\"@type\":\"ListItem\",\"position\":1,\"name\":\"Accueil\",\"item\":\"https:\\\/\\\/batijournal.com\\\/\"},{\"@type\":\"ListItem\",\"position\":2,\"name\":\"Actualit\u00e9s\",\"item\":\"https:\\\/\\\/batijournal.com\\\/index.php\\\/category\\\/actualites\\\/\"},{\"@type\":\"ListItem\",\"position\":3,\"name\":\"\u00c9conomie &amp; March\u00e9s\",\"item\":\"https:\\\/\\\/batijournal.com\\\/index.php\\\/category\\\/actualites\\\/economie-marches\\\/\"},{\"@type\":\"ListItem\",\"position\":4,\"name\":\"La FFB se f\u00e9licite de la r\u00e9forme du pr\u00eat \u00e0 taux z\u00e9ro\"}]},{\"@type\":\"WebSite\",\"@id\":\"https:\\\/\\\/batijournal.com\\\/#website\",\"url\":\"https:\\\/\\\/batijournal.com\\\/\",\"name\":\"Batijournal\",\"description\":\"L&#039;actualit\u00e9 du b\u00e2timent\",\"potentialAction\":[{\"@type\":\"SearchAction\",\"target\":{\"@type\":\"EntryPoint\",\"urlTemplate\":\"https:\\\/\\\/batijournal.com\\\/?s={search_term_string}\"},\"query-input\":{\"@type\":\"PropertyValueSpecification\",\"valueRequired\":true,\"valueName\":\"search_term_string\"}}],\"inLanguage\":\"fr-FR\"},{\"@type\":\"Person\",\"@id\":\"https:\\\/\\\/batijournal.com\\\/#\\\/schema\\\/person\\\/1dc96ec6957aa1ccb25ebe78bb19f100\",\"name\":\"St\u00e9phane Miget\",\"image\":{\"@type\":\"ImageObject\",\"inLanguage\":\"fr-FR\",\"@id\":\"https:\\\/\\\/secure.gravatar.com\\\/avatar\\\/89915563d925342126b8ef0281b93d9d7fc337043e8df017f780908eb9644451?s=96&d=mm&r=g\",\"url\":\"https:\\\/\\\/secure.gravatar.com\\\/avatar\\\/89915563d925342126b8ef0281b93d9d7fc337043e8df017f780908eb9644451?s=96&d=mm&r=g\",\"contentUrl\":\"https:\\\/\\\/secure.gravatar.com\\\/avatar\\\/89915563d925342126b8ef0281b93d9d7fc337043e8df017f780908eb9644451?s=96&d=mm&r=g\",\"caption\":\"St\u00e9phane Miget\"},\"url\":\"https:\\\/\\\/batijournal.com\\\/index.php\\\/author\\\/stephane\\\/\"}]}<\/script>\n<!-- \/ Yoast SEO plugin. -->","yoast_head_json":{"title":"La FFB se f\u00e9licite de la r\u00e9forme du pr\u00eat \u00e0 taux z\u00e9ro","robots":{"index":"index","follow":"follow","max-snippet":"max-snippet:-1","max-image-preview":"max-image-preview:large","max-video-preview":"max-video-preview:-1"},"canonical":"https:\/\/batijournal.com\/index.php\/la-ffb-se-felicite-de-la-reforme-du-pret-a-taux-zero\/90369\/","og_locale":"fr_FR","og_type":"article","og_title":"La FFB se f\u00e9licite de la r\u00e9forme du pr\u00eat \u00e0 taux z\u00e9ro","og_description":"La FFB se f\u00e9licite de la\u00a0r\u00e9forme du PTZ+, qu\u2019elle appelait de ses v\u0153ux depuis plusieurs ann\u00e9es. Pour Jacques Chanut, pr\u00e9sident de la FFB, \u00ab\u00a0il s\u2019agit du signe qui manquait encore pour v\u00e9ritablement croire au retour de la primo-accession neuve, donc \u00e0 la reprise\u00a0\u00bb. Grace \u00e0 un redressement sensible, aussi bien dans le neuf que dans [&hellip;]","og_url":"https:\/\/batijournal.com\/index.php\/la-ffb-se-felicite-de-la-reforme-du-pret-a-taux-zero\/90369\/","og_site_name":"Batijournal","article_published_time":"2015-11-09T12:11:54+00:00","article_modified_time":"2019-07-15T10:04:10+00:00","og_image":[{"width":960,"height":634,"url":"https:\/\/batijournal.com\/wp-content\/uploads\/2015\/11\/ptz-pret-taux-zero.png","type":"image\/png"}],"author":"St\u00e9phane Miget","twitter_card":"summary_large_image","twitter_creator":"@bati_journal","twitter_site":"@bati_journal","twitter_misc":{"\u00c9crit par":"St\u00e9phane Miget","Dur\u00e9e de lecture estim\u00e9e":"1 minute"},"schema":{"@context":"https:\/\/schema.org","@graph":[{"@type":"Article","@id":"https:\/\/batijournal.com\/index.php\/la-ffb-se-felicite-de-la-reforme-du-pret-a-taux-zero\/90369\/#article","isPartOf":{"@id":"https:\/\/batijournal.com\/index.php\/la-ffb-se-felicite-de-la-reforme-du-pret-a-taux-zero\/90369\/"},"author":{"name":"St\u00e9phane Miget","@id":"https:\/\/batijournal.com\/#\/schema\/person\/1dc96ec6957aa1ccb25ebe78bb19f100"},"headline":"La FFB se f\u00e9licite de la r\u00e9forme du pr\u00eat \u00e0 taux z\u00e9ro","datePublished":"2015-11-09T12:11:54+00:00","dateModified":"2019-07-15T10:04:10+00:00","mainEntityOfPage":{"@id":"https:\/\/batijournal.com\/index.php\/la-ffb-se-felicite-de-la-reforme-du-pret-a-taux-zero\/90369\/"},"wordCount":248,"image":{"@id":"https:\/\/batijournal.com\/index.php\/la-ffb-se-felicite-de-la-reforme-du-pret-a-taux-zero\/90369\/#primaryimage"},"thumbnailUrl":"https:\/\/batijournal.com\/wp-content\/uploads\/2015\/11\/ptz-pret-taux-zero.png","keywords":["ffb","pret a taux zero","PTZ"],"articleSection":["\u00c9conomie &amp; March\u00e9s"],"inLanguage":"fr-FR"},{"@type":"WebPage","@id":"https:\/\/batijournal.com\/index.php\/la-ffb-se-felicite-de-la-reforme-du-pret-a-taux-zero\/90369\/","url":"https:\/\/batijournal.com\/index.php\/la-ffb-se-felicite-de-la-reforme-du-pret-a-taux-zero\/90369\/","name":"La FFB se f\u00e9licite de la r\u00e9forme du pr\u00eat \u00e0 taux z\u00e9ro","isPartOf":{"@id":"https:\/\/batijournal.com\/#website"},"primaryImageOfPage":{"@id":"https:\/\/batijournal.com\/index.php\/la-ffb-se-felicite-de-la-reforme-du-pret-a-taux-zero\/90369\/#primaryimage"},"image":{"@id":"https:\/\/batijournal.com\/index.php\/la-ffb-se-felicite-de-la-reforme-du-pret-a-taux-zero\/90369\/#primaryimage"},"thumbnailUrl":"https:\/\/batijournal.com\/wp-content\/uploads\/2015\/11\/ptz-pret-taux-zero.png","datePublished":"2015-11-09T12:11:54+00:00","dateModified":"2019-07-15T10:04:10+00:00","author":{"@id":"https:\/\/batijournal.com\/#\/schema\/person\/1dc96ec6957aa1ccb25ebe78bb19f100"},"breadcrumb":{"@id":"https:\/\/batijournal.com\/index.php\/la-ffb-se-felicite-de-la-reforme-du-pret-a-taux-zero\/90369\/#breadcrumb"},"inLanguage":"fr-FR","potentialAction":[{"@type":"ReadAction","target":["https:\/\/batijournal.com\/index.php\/la-ffb-se-felicite-de-la-reforme-du-pret-a-taux-zero\/90369\/"]}]},{"@type":"ImageObject","inLanguage":"fr-FR","@id":"https:\/\/batijournal.com\/index.php\/la-ffb-se-felicite-de-la-reforme-du-pret-a-taux-zero\/90369\/#primaryimage","url":"https:\/\/batijournal.com\/wp-content\/uploads\/2015\/11\/ptz-pret-taux-zero.png","contentUrl":"https:\/\/batijournal.com\/wp-content\/uploads\/2015\/11\/ptz-pret-taux-zero.png","width":960,"height":634},{"@type":"BreadcrumbList","@id":"https:\/\/batijournal.com\/index.php\/la-ffb-se-felicite-de-la-reforme-du-pret-a-taux-zero\/90369\/#breadcrumb","itemListElement":[{"@type":"ListItem","position":1,"name":"Accueil","item":"https:\/\/batijournal.com\/"},{"@type":"ListItem","position":2,"name":"Actualit\u00e9s","item":"https:\/\/batijournal.com\/index.php\/category\/actualites\/"},{"@type":"ListItem","position":3,"name":"\u00c9conomie &amp; March\u00e9s","item":"https:\/\/batijournal.com\/index.php\/category\/actualites\/economie-marches\/"},{"@type":"ListItem","position":4,"name":"La FFB se f\u00e9licite de la r\u00e9forme du pr\u00eat \u00e0 taux z\u00e9ro"}]},{"@type":"WebSite","@id":"https:\/\/batijournal.com\/#website","url":"https:\/\/batijournal.com\/","name":"Batijournal","description":"L&#039;actualit\u00e9 du b\u00e2timent","potentialAction":[{"@type":"SearchAction","target":{"@type":"EntryPoint","urlTemplate":"https:\/\/batijournal.com\/?s={search_term_string}"},"query-input":{"@type":"PropertyValueSpecification","valueRequired":true,"valueName":"search_term_string"}}],"inLanguage":"fr-FR"},{"@type":"Person","@id":"https:\/\/batijournal.com\/#\/schema\/person\/1dc96ec6957aa1ccb25ebe78bb19f100","name":"St\u00e9phane Miget","image":{"@type":"ImageObject","inLanguage":"fr-FR","@id":"https:\/\/secure.gravatar.com\/avatar\/89915563d925342126b8ef0281b93d9d7fc337043e8df017f780908eb9644451?s=96&d=mm&r=g","url":"https:\/\/secure.gravatar.com\/avatar\/89915563d925342126b8ef0281b93d9d7fc337043e8df017f780908eb9644451?s=96&d=mm&r=g","contentUrl":"https:\/\/secure.gravatar.com\/avatar\/89915563d925342126b8ef0281b93d9d7fc337043e8df017f780908eb9644451?s=96&d=mm&r=g","caption":"St\u00e9phane Miget"},"url":"https:\/\/batijournal.com\/index.php\/author\/stephane\/"}]}},"_links":{"self":[{"href":"https:\/\/batijournal.com\/index.php\/wp-json\/wp\/v2\/posts\/90369","targetHints":{"allow":["GET"]}}],"collection":[{"href":"https:\/\/batijournal.com\/index.php\/wp-json\/wp\/v2\/posts"}],"about":[{"href":"https:\/\/batijournal.com\/index.php\/wp-json\/wp\/v2\/types\/post"}],"author":[{"embeddable":true,"href":"https:\/\/batijournal.com\/index.php\/wp-json\/wp\/v2\/users\/17"}],"replies":[{"embeddable":true,"href":"https:\/\/batijournal.com\/index.php\/wp-json\/wp\/v2\/comments?post=90369"}],"version-history":[{"count":0,"href":"https:\/\/batijournal.com\/index.php\/wp-json\/wp\/v2\/posts\/90369\/revisions"}],"wp:featuredmedia":[{"embeddable":true,"href":"https:\/\/batijournal.com\/index.php\/wp-json\/wp\/v2\/media\/90361"}],"wp:attachment":[{"href":"https:\/\/batijournal.com\/index.php\/wp-json\/wp\/v2\/media?parent=90369"}],"wp:term":[{"taxonomy":"category","embeddable":true,"href":"https:\/\/batijournal.com\/index.php\/wp-json\/wp\/v2\/categories?post=90369"},{"taxonomy":"post_tag","embeddable":true,"href":"https:\/\/batijournal.com\/index.php\/wp-json\/wp\/v2\/tags?post=90369"}],"curies":[{"name":"wp","href":"https:\/\/api.w.org\/{rel}","templated":true}]}}