{"id":90454,"date":"2015-11-19T07:00:03","date_gmt":"2015-11-19T06:00:03","guid":{"rendered":"http:\/\/batijournal.com\/?p=90454"},"modified":"2020-07-17T13:52:48","modified_gmt":"2020-07-17T11:52:48","slug":"paroles-de-specialistes-bois-en-exterieur-finitions-et-vieillissement","status":"publish","type":"post","link":"https:\/\/batijournal.com\/index.php\/paroles-de-specialistes-bois-en-exterieur-finitions-et-vieillissement\/90454\/","title":{"rendered":"Paroles de sp\u00e9cialistes : bois en ext\u00e9rieur, finitions et vieillissement"},"content":{"rendered":"<h2><b><\/b><strong>Lors de Batimat, le 3 novembre dernier, pour la deuxi\u00e8me Matinale de la construction bois sur bati-journal.tv, St\u00e9phane Miget, r\u00e9dacteur en chef du magazine <i>Plan\u00e8te B\u00e2timent<\/i>, r\u00e9unissait, autour du th\u00e8me \u00ab\u00a0Bois en ext\u00e9rieur : finitions et vieillissement\u00a0\u00bb, les invit\u00e9s suivants\u00a0: Vincent Marlin, responsable du p\u00f4le Produits du b\u00e2timent, Piveteau Bois\u00a0; \u00c9tienne M\u00e9gard, architecte, M\u00e9gard Architectes\u00a0; Guillaume B\u00e9lus, architecte, Belus &amp; Henocq\u00a0; Matthieu Foulonneau, g\u00e9rant Ideobis, cor\u00e9dacteur avec Atlanbois de l\u2019ouvrage <i>Le bois en ext\u00e9rieur<\/i>.<\/strong><\/h2>\n<p>Le mat\u00e9riau\u00a0bois positionn\u00e9 sur un ouvrage \u00e9volue selon son environnement. La question est d&rsquo;anticiper cette \u00e9volution ou de la garantir \u00e0 minima. Les fabricants essayent d&rsquo;apporter des r\u00e9ponses au grisonnement du bois, et des solutions d&rsquo;impr\u00e9gnation dans la masse par autoclave peuvent \u00eatre combin\u00e9es pour satisfaire \u00e0 la fois l&rsquo;aspect fonctionnel et esth\u00e9tique. Quant \u00e0 l&rsquo;ouvrage lui-m\u00eame, la conception est importante\u00a0: conception drainante, d\u00e9bords de toiture, pentes, ventilation, suppression de l&rsquo;eau stagnante, pose \u00e0 la verticale du bardage\u2026 Bref, autant de probl\u00e8mes qui sont ceux du b\u00e2timent en g\u00e9n\u00e9ral, pas seulement en bois.<\/p>\n<p><strong>Vincent Marlin, responsable du p\u00f4le Produits du b\u00e2timent, Piveteau Bois<\/strong><\/p>\n<p>Le bois n&rsquo;est pas le seul mat\u00e9riau qui vieillit. Il va vieillir diff\u00e9remment selon le syst\u00e8me qui l&rsquo;enrichit. Dans le cadre des formes de vieillissement, deux notions sont introduites dans notre ouvrage. La dur\u00e9e fonctionnelle\u00a0: p\u00e9riode durant laquelle le bois va remplir son usage, dur\u00e9e li\u00e9e \u00e0 l&rsquo;int\u00e9grit\u00e9 du mat\u00e9riau et aux fixations\u00a0; la dur\u00e9e d&rsquo;aspect\u00a0: p\u00e9riode durant laquelle le bois satisfait d&rsquo;un point de vue esth\u00e9tique, et l&rsquo;int\u00e9grit\u00e9 du mat\u00e9riau peut y entrer en ligne de compte, mais ce n&rsquo;est pas seulement \u00e7a, on parle ici du grisonnement\u2026 Le grisonnement est souvent associ\u00e9 par erreur \u00e0 une d\u00e9faillance fonctionnelle, or un bois gris n&rsquo;est pas un bois pourri. Un bois m\u00eame naturel n\u00e9cessitera un minimum d&rsquo;entretien.<\/p>\n<p><strong>Matthieu Foulonneau, g\u00e9rant Ideobis, cor\u00e9dacteur avec Atlanbois de l\u2019ouvrage <i>Le bois en ext\u00e9rieur<\/i>.<\/strong><\/p>\n<p>Travailler avec le bois, c&rsquo;est accepter son vieillissement\u2026 ou alors plut\u00f4t travailler avec un mat\u00e9riau inerte. Mais il y a le vieillissement voulu et celui qui n&rsquo;est pas souhait\u00e9\u00a0: il est imp\u00e9ratif de traiter correctement les parties courantes et les points singuliers, la garde au sol par exemple. Nous convaincons les bailleurs sociaux et les collectivit\u00e9s par les performances \u00e9conomiques et l&#8217;emploi de bois naturel qui ne n\u00e9cessitera pas de traitement, int\u00e9gr\u00e9 \u00e0 une conception adapt\u00e9e de l&rsquo;ouvrage, non par celui de bois qui n\u00e9cessitera un entretien. Le vieillissement peut \u00eatre voulu d&rsquo;un point de vue esth\u00e9tique. L&rsquo;usage du bois est une sorte de formation continue, les solutions naissent avec les projets architecturaux. C&rsquo;est un travail de collaboration dans le choix des essences, des autres mat\u00e9riaux, de leur mise en \u0153uvre et dans le traitement soigneux des d\u00e9tails.<\/p>\n<p><strong>Guillaume B\u00e9lus, architecte, Belus &amp; Henocq<\/strong><\/p>\n<p>Nous recherchons des patines, des pr\u00e9grisaillements anticipant le changement d&rsquo;aspect du bois car beaucoup de ma\u00eetres d&rsquo;ouvrage n&rsquo;acceptent pas son \u00e9volution des deux premi\u00e8res ann\u00e9es et visent une inertie d&rsquo;aspect de la fa\u00e7ade de vingt ans. La r\u00e9sistance \u00e0 l&rsquo;usage du mat\u00e9riau bois concerne sa dur\u00e9e d&rsquo;aspect, pas sa dur\u00e9e fonctionnelle.<\/p>\n<p><strong>\u00c9tienne M\u00e9gard, architecte, M\u00e9gard Architectes<\/strong><\/p>\n<p>Donnez-leur la parole en cliquant ici\u00a0<a href=\"http:\/\/bati-journal.tv\/matinale-de-la-construction-bois-bois-en-exterieur-finitions-et-vieillissement\/\" target=\"_blank\" rel=\"noopener noreferrer\">www.bati-journal.tv\/matinale-de-la-construction-bois-bois-en-exterieur-finitions-et-vieillissement\/<\/a><\/p>\n","protected":false},"excerpt":{"rendered":"<p>Lors de Batimat, le 3 novembre dernier, pour la deuxi\u00e8me Matinale de la construction bois sur bati-journal.tv, St\u00e9phane Miget, r\u00e9dacteur en chef du magazine Plan\u00e8te B\u00e2timent, r\u00e9unissait, autour du th\u00e8me \u00ab\u00a0Bois en ext\u00e9rieur : finitions et vieillissement\u00a0\u00bb, les invit\u00e9s suivants\u00a0: Vincent Marlin, responsable du p\u00f4le Produits du b\u00e2timent, Piveteau Bois\u00a0; \u00c9tienne M\u00e9gard, architecte, M\u00e9gard Architectes\u00a0; [&hellip;]<\/p>\n","protected":false},"author":17,"featured_media":90192,"comment_status":"closed","ping_status":"closed","sticky":false,"template":"","format":"standard","meta":{"_et_pb_use_builder":"","_et_pb_old_content":"","_et_gb_content_width":"","footnotes":""},"categories":[10736,10530,11200],"tags":[11259,44,53,2190,1823,11248,4122,5229],"class_list":["post-90454","post","type-post","status-publish","format-standard","has-post-thumbnail","hentry","category-a-la-une","category-actualites","category-batijournal-tv","tag-batimat2015","tag-bois","tag-construction","tag-exterieur","tag-finitions-3","tag-matinale","tag-piveteaubois","tag-vieillissement"],"yoast_head":"<!-- This site is optimized with the Yoast SEO plugin v27.4 - https:\/\/yoast.com\/product\/yoast-seo-wordpress\/ -->\n<title>Paroles de sp\u00e9cialistes : bois en ext\u00e9rieur, finitions et vieillissement<\/title>\n<meta name=\"robots\" content=\"index, follow, max-snippet:-1, max-image-preview:large, max-video-preview:-1\" \/>\n<link rel=\"canonical\" href=\"https:\/\/batijournal.com\/index.php\/paroles-de-specialistes-bois-en-exterieur-finitions-et-vieillissement\/90454\/\" \/>\n<meta property=\"og:locale\" content=\"fr_FR\" \/>\n<meta property=\"og:type\" content=\"article\" \/>\n<meta property=\"og:title\" content=\"Paroles de sp\u00e9cialistes : bois en ext\u00e9rieur, finitions et vieillissement\" \/>\n<meta property=\"og:description\" content=\"Lors de Batimat, le 3 novembre dernier, pour la deuxi\u00e8me Matinale de la construction bois sur bati-journal.tv, St\u00e9phane Miget, r\u00e9dacteur en chef du magazine Plan\u00e8te B\u00e2timent, r\u00e9unissait, autour du th\u00e8me \u00ab\u00a0Bois en ext\u00e9rieur : finitions et vieillissement\u00a0\u00bb, les invit\u00e9s suivants\u00a0: Vincent Marlin, responsable du p\u00f4le Produits du b\u00e2timent, Piveteau Bois\u00a0; \u00c9tienne M\u00e9gard, architecte, M\u00e9gard Architectes\u00a0; [&hellip;]\" \/>\n<meta property=\"og:url\" content=\"https:\/\/batijournal.com\/index.php\/paroles-de-specialistes-bois-en-exterieur-finitions-et-vieillissement\/90454\/\" \/>\n<meta property=\"og:site_name\" content=\"Batijournal\" \/>\n<meta property=\"article:published_time\" content=\"2015-11-19T06:00:03+00:00\" \/>\n<meta property=\"article:modified_time\" content=\"2020-07-17T11:52:48+00:00\" \/>\n<meta property=\"og:image\" content=\"https:\/\/batijournal.com\/wp-content\/uploads\/2015\/11\/J2_T2_MCB.png\" \/>\n\t<meta property=\"og:image:width\" content=\"1149\" \/>\n\t<meta property=\"og:image:height\" content=\"643\" \/>\n\t<meta property=\"og:image:type\" content=\"image\/png\" \/>\n<meta name=\"author\" content=\"St\u00e9phane Miget\" \/>\n<meta name=\"twitter:card\" content=\"summary_large_image\" \/>\n<meta name=\"twitter:creator\" content=\"@bati_journal\" \/>\n<meta name=\"twitter:site\" content=\"@bati_journal\" \/>\n<meta name=\"twitter:label1\" content=\"\u00c9crit par\" \/>\n\t<meta name=\"twitter:data1\" content=\"St\u00e9phane Miget\" \/>\n\t<meta name=\"twitter:label2\" content=\"Dur\u00e9e de lecture estim\u00e9e\" \/>\n\t<meta name=\"twitter:data2\" content=\"3 minutes\" \/>\n<script type=\"application\/ld+json\" class=\"yoast-schema-graph\">{\"@context\":\"https:\\\/\\\/schema.org\",\"@graph\":[{\"@type\":\"Article\",\"@id\":\"https:\\\/\\\/batijournal.com\\\/index.php\\\/paroles-de-specialistes-bois-en-exterieur-finitions-et-vieillissement\\\/90454\\\/#article\",\"isPartOf\":{\"@id\":\"https:\\\/\\\/batijournal.com\\\/index.php\\\/paroles-de-specialistes-bois-en-exterieur-finitions-et-vieillissement\\\/90454\\\/\"},\"author\":{\"name\":\"St\u00e9phane Miget\",\"@id\":\"https:\\\/\\\/batijournal.com\\\/#\\\/schema\\\/person\\\/1dc96ec6957aa1ccb25ebe78bb19f100\"},\"headline\":\"Paroles de sp\u00e9cialistes : bois en ext\u00e9rieur, finitions et vieillissement\",\"datePublished\":\"2015-11-19T06:00:03+00:00\",\"dateModified\":\"2020-07-17T11:52:48+00:00\",\"mainEntityOfPage\":{\"@id\":\"https:\\\/\\\/batijournal.com\\\/index.php\\\/paroles-de-specialistes-bois-en-exterieur-finitions-et-vieillissement\\\/90454\\\/\"},\"wordCount\":623,\"image\":{\"@id\":\"https:\\\/\\\/batijournal.com\\\/index.php\\\/paroles-de-specialistes-bois-en-exterieur-finitions-et-vieillissement\\\/90454\\\/#primaryimage\"},\"thumbnailUrl\":\"https:\\\/\\\/batijournal.com\\\/wp-content\\\/uploads\\\/2015\\\/11\\\/J2_T2_MCB.png\",\"keywords\":[\"Batimat2015\",\"bois\",\"construction\",\"ext\u00e9rieur\",\"finitions\",\"matinale\",\"PiveteauBois\",\"vieillissement\"],\"articleSection\":[\"A la Une\",\"Actualit\u00e9s\",\"batijournal TV\"],\"inLanguage\":\"fr-FR\"},{\"@type\":\"WebPage\",\"@id\":\"https:\\\/\\\/batijournal.com\\\/index.php\\\/paroles-de-specialistes-bois-en-exterieur-finitions-et-vieillissement\\\/90454\\\/\",\"url\":\"https:\\\/\\\/batijournal.com\\\/index.php\\\/paroles-de-specialistes-bois-en-exterieur-finitions-et-vieillissement\\\/90454\\\/\",\"name\":\"Paroles de sp\u00e9cialistes : bois en ext\u00e9rieur, finitions et vieillissement\",\"isPartOf\":{\"@id\":\"https:\\\/\\\/batijournal.com\\\/#website\"},\"primaryImageOfPage\":{\"@id\":\"https:\\\/\\\/batijournal.com\\\/index.php\\\/paroles-de-specialistes-bois-en-exterieur-finitions-et-vieillissement\\\/90454\\\/#primaryimage\"},\"image\":{\"@id\":\"https:\\\/\\\/batijournal.com\\\/index.php\\\/paroles-de-specialistes-bois-en-exterieur-finitions-et-vieillissement\\\/90454\\\/#primaryimage\"},\"thumbnailUrl\":\"https:\\\/\\\/batijournal.com\\\/wp-content\\\/uploads\\\/2015\\\/11\\\/J2_T2_MCB.png\",\"datePublished\":\"2015-11-19T06:00:03+00:00\",\"dateModified\":\"2020-07-17T11:52:48+00:00\",\"author\":{\"@id\":\"https:\\\/\\\/batijournal.com\\\/#\\\/schema\\\/person\\\/1dc96ec6957aa1ccb25ebe78bb19f100\"},\"breadcrumb\":{\"@id\":\"https:\\\/\\\/batijournal.com\\\/index.php\\\/paroles-de-specialistes-bois-en-exterieur-finitions-et-vieillissement\\\/90454\\\/#breadcrumb\"},\"inLanguage\":\"fr-FR\",\"potentialAction\":[{\"@type\":\"ReadAction\",\"target\":[\"https:\\\/\\\/batijournal.com\\\/index.php\\\/paroles-de-specialistes-bois-en-exterieur-finitions-et-vieillissement\\\/90454\\\/\"]}]},{\"@type\":\"ImageObject\",\"inLanguage\":\"fr-FR\",\"@id\":\"https:\\\/\\\/batijournal.com\\\/index.php\\\/paroles-de-specialistes-bois-en-exterieur-finitions-et-vieillissement\\\/90454\\\/#primaryimage\",\"url\":\"https:\\\/\\\/batijournal.com\\\/wp-content\\\/uploads\\\/2015\\\/11\\\/J2_T2_MCB.png\",\"contentUrl\":\"https:\\\/\\\/batijournal.com\\\/wp-content\\\/uploads\\\/2015\\\/11\\\/J2_T2_MCB.png\",\"width\":1149,\"height\":643},{\"@type\":\"BreadcrumbList\",\"@id\":\"https:\\\/\\\/batijournal.com\\\/index.php\\\/paroles-de-specialistes-bois-en-exterieur-finitions-et-vieillissement\\\/90454\\\/#breadcrumb\",\"itemListElement\":[{\"@type\":\"ListItem\",\"position\":1,\"name\":\"Accueil\",\"item\":\"https:\\\/\\\/batijournal.com\\\/\"},{\"@type\":\"ListItem\",\"position\":2,\"name\":\"A la Une\",\"item\":\"https:\\\/\\\/batijournal.com\\\/index.php\\\/category\\\/a-la-une\\\/\"},{\"@type\":\"ListItem\",\"position\":3,\"name\":\"Paroles de sp\u00e9cialistes : bois en ext\u00e9rieur, finitions et vieillissement\"}]},{\"@type\":\"WebSite\",\"@id\":\"https:\\\/\\\/batijournal.com\\\/#website\",\"url\":\"https:\\\/\\\/batijournal.com\\\/\",\"name\":\"Batijournal\",\"description\":\"L&#039;actualit\u00e9 du b\u00e2timent\",\"potentialAction\":[{\"@type\":\"SearchAction\",\"target\":{\"@type\":\"EntryPoint\",\"urlTemplate\":\"https:\\\/\\\/batijournal.com\\\/?s={search_term_string}\"},\"query-input\":{\"@type\":\"PropertyValueSpecification\",\"valueRequired\":true,\"valueName\":\"search_term_string\"}}],\"inLanguage\":\"fr-FR\"},{\"@type\":\"Person\",\"@id\":\"https:\\\/\\\/batijournal.com\\\/#\\\/schema\\\/person\\\/1dc96ec6957aa1ccb25ebe78bb19f100\",\"name\":\"St\u00e9phane Miget\",\"image\":{\"@type\":\"ImageObject\",\"inLanguage\":\"fr-FR\",\"@id\":\"https:\\\/\\\/secure.gravatar.com\\\/avatar\\\/89915563d925342126b8ef0281b93d9d7fc337043e8df017f780908eb9644451?s=96&d=mm&r=g\",\"url\":\"https:\\\/\\\/secure.gravatar.com\\\/avatar\\\/89915563d925342126b8ef0281b93d9d7fc337043e8df017f780908eb9644451?s=96&d=mm&r=g\",\"contentUrl\":\"https:\\\/\\\/secure.gravatar.com\\\/avatar\\\/89915563d925342126b8ef0281b93d9d7fc337043e8df017f780908eb9644451?s=96&d=mm&r=g\",\"caption\":\"St\u00e9phane Miget\"},\"url\":\"https:\\\/\\\/batijournal.com\\\/index.php\\\/author\\\/stephane\\\/\"}]}<\/script>\n<!-- \/ Yoast SEO plugin. -->","yoast_head_json":{"title":"Paroles de sp\u00e9cialistes : bois en ext\u00e9rieur, finitions et vieillissement","robots":{"index":"index","follow":"follow","max-snippet":"max-snippet:-1","max-image-preview":"max-image-preview:large","max-video-preview":"max-video-preview:-1"},"canonical":"https:\/\/batijournal.com\/index.php\/paroles-de-specialistes-bois-en-exterieur-finitions-et-vieillissement\/90454\/","og_locale":"fr_FR","og_type":"article","og_title":"Paroles de sp\u00e9cialistes : bois en ext\u00e9rieur, finitions et vieillissement","og_description":"Lors de Batimat, le 3 novembre dernier, pour la deuxi\u00e8me Matinale de la construction bois sur bati-journal.tv, St\u00e9phane Miget, r\u00e9dacteur en chef du magazine Plan\u00e8te B\u00e2timent, r\u00e9unissait, autour du th\u00e8me \u00ab\u00a0Bois en ext\u00e9rieur : finitions et vieillissement\u00a0\u00bb, les invit\u00e9s suivants\u00a0: Vincent Marlin, responsable du p\u00f4le Produits du b\u00e2timent, Piveteau Bois\u00a0; \u00c9tienne M\u00e9gard, architecte, M\u00e9gard Architectes\u00a0; [&hellip;]","og_url":"https:\/\/batijournal.com\/index.php\/paroles-de-specialistes-bois-en-exterieur-finitions-et-vieillissement\/90454\/","og_site_name":"Batijournal","article_published_time":"2015-11-19T06:00:03+00:00","article_modified_time":"2020-07-17T11:52:48+00:00","og_image":[{"width":1149,"height":643,"url":"https:\/\/batijournal.com\/wp-content\/uploads\/2015\/11\/J2_T2_MCB.png","type":"image\/png"}],"author":"St\u00e9phane Miget","twitter_card":"summary_large_image","twitter_creator":"@bati_journal","twitter_site":"@bati_journal","twitter_misc":{"\u00c9crit par":"St\u00e9phane Miget","Dur\u00e9e de lecture estim\u00e9e":"3 minutes"},"schema":{"@context":"https:\/\/schema.org","@graph":[{"@type":"Article","@id":"https:\/\/batijournal.com\/index.php\/paroles-de-specialistes-bois-en-exterieur-finitions-et-vieillissement\/90454\/#article","isPartOf":{"@id":"https:\/\/batijournal.com\/index.php\/paroles-de-specialistes-bois-en-exterieur-finitions-et-vieillissement\/90454\/"},"author":{"name":"St\u00e9phane Miget","@id":"https:\/\/batijournal.com\/#\/schema\/person\/1dc96ec6957aa1ccb25ebe78bb19f100"},"headline":"Paroles de sp\u00e9cialistes : bois en ext\u00e9rieur, finitions et vieillissement","datePublished":"2015-11-19T06:00:03+00:00","dateModified":"2020-07-17T11:52:48+00:00","mainEntityOfPage":{"@id":"https:\/\/batijournal.com\/index.php\/paroles-de-specialistes-bois-en-exterieur-finitions-et-vieillissement\/90454\/"},"wordCount":623,"image":{"@id":"https:\/\/batijournal.com\/index.php\/paroles-de-specialistes-bois-en-exterieur-finitions-et-vieillissement\/90454\/#primaryimage"},"thumbnailUrl":"https:\/\/batijournal.com\/wp-content\/uploads\/2015\/11\/J2_T2_MCB.png","keywords":["Batimat2015","bois","construction","ext\u00e9rieur","finitions","matinale","PiveteauBois","vieillissement"],"articleSection":["A la Une","Actualit\u00e9s","batijournal TV"],"inLanguage":"fr-FR"},{"@type":"WebPage","@id":"https:\/\/batijournal.com\/index.php\/paroles-de-specialistes-bois-en-exterieur-finitions-et-vieillissement\/90454\/","url":"https:\/\/batijournal.com\/index.php\/paroles-de-specialistes-bois-en-exterieur-finitions-et-vieillissement\/90454\/","name":"Paroles de sp\u00e9cialistes : bois en ext\u00e9rieur, finitions et vieillissement","isPartOf":{"@id":"https:\/\/batijournal.com\/#website"},"primaryImageOfPage":{"@id":"https:\/\/batijournal.com\/index.php\/paroles-de-specialistes-bois-en-exterieur-finitions-et-vieillissement\/90454\/#primaryimage"},"image":{"@id":"https:\/\/batijournal.com\/index.php\/paroles-de-specialistes-bois-en-exterieur-finitions-et-vieillissement\/90454\/#primaryimage"},"thumbnailUrl":"https:\/\/batijournal.com\/wp-content\/uploads\/2015\/11\/J2_T2_MCB.png","datePublished":"2015-11-19T06:00:03+00:00","dateModified":"2020-07-17T11:52:48+00:00","author":{"@id":"https:\/\/batijournal.com\/#\/schema\/person\/1dc96ec6957aa1ccb25ebe78bb19f100"},"breadcrumb":{"@id":"https:\/\/batijournal.com\/index.php\/paroles-de-specialistes-bois-en-exterieur-finitions-et-vieillissement\/90454\/#breadcrumb"},"inLanguage":"fr-FR","potentialAction":[{"@type":"ReadAction","target":["https:\/\/batijournal.com\/index.php\/paroles-de-specialistes-bois-en-exterieur-finitions-et-vieillissement\/90454\/"]}]},{"@type":"ImageObject","inLanguage":"fr-FR","@id":"https:\/\/batijournal.com\/index.php\/paroles-de-specialistes-bois-en-exterieur-finitions-et-vieillissement\/90454\/#primaryimage","url":"https:\/\/batijournal.com\/wp-content\/uploads\/2015\/11\/J2_T2_MCB.png","contentUrl":"https:\/\/batijournal.com\/wp-content\/uploads\/2015\/11\/J2_T2_MCB.png","width":1149,"height":643},{"@type":"BreadcrumbList","@id":"https:\/\/batijournal.com\/index.php\/paroles-de-specialistes-bois-en-exterieur-finitions-et-vieillissement\/90454\/#breadcrumb","itemListElement":[{"@type":"ListItem","position":1,"name":"Accueil","item":"https:\/\/batijournal.com\/"},{"@type":"ListItem","position":2,"name":"A la Une","item":"https:\/\/batijournal.com\/index.php\/category\/a-la-une\/"},{"@type":"ListItem","position":3,"name":"Paroles de sp\u00e9cialistes : bois en ext\u00e9rieur, finitions et vieillissement"}]},{"@type":"WebSite","@id":"https:\/\/batijournal.com\/#website","url":"https:\/\/batijournal.com\/","name":"Batijournal","description":"L&#039;actualit\u00e9 du b\u00e2timent","potentialAction":[{"@type":"SearchAction","target":{"@type":"EntryPoint","urlTemplate":"https:\/\/batijournal.com\/?s={search_term_string}"},"query-input":{"@type":"PropertyValueSpecification","valueRequired":true,"valueName":"search_term_string"}}],"inLanguage":"fr-FR"},{"@type":"Person","@id":"https:\/\/batijournal.com\/#\/schema\/person\/1dc96ec6957aa1ccb25ebe78bb19f100","name":"St\u00e9phane Miget","image":{"@type":"ImageObject","inLanguage":"fr-FR","@id":"https:\/\/secure.gravatar.com\/avatar\/89915563d925342126b8ef0281b93d9d7fc337043e8df017f780908eb9644451?s=96&d=mm&r=g","url":"https:\/\/secure.gravatar.com\/avatar\/89915563d925342126b8ef0281b93d9d7fc337043e8df017f780908eb9644451?s=96&d=mm&r=g","contentUrl":"https:\/\/secure.gravatar.com\/avatar\/89915563d925342126b8ef0281b93d9d7fc337043e8df017f780908eb9644451?s=96&d=mm&r=g","caption":"St\u00e9phane Miget"},"url":"https:\/\/batijournal.com\/index.php\/author\/stephane\/"}]}},"_links":{"self":[{"href":"https:\/\/batijournal.com\/index.php\/wp-json\/wp\/v2\/posts\/90454","targetHints":{"allow":["GET"]}}],"collection":[{"href":"https:\/\/batijournal.com\/index.php\/wp-json\/wp\/v2\/posts"}],"about":[{"href":"https:\/\/batijournal.com\/index.php\/wp-json\/wp\/v2\/types\/post"}],"author":[{"embeddable":true,"href":"https:\/\/batijournal.com\/index.php\/wp-json\/wp\/v2\/users\/17"}],"replies":[{"embeddable":true,"href":"https:\/\/batijournal.com\/index.php\/wp-json\/wp\/v2\/comments?post=90454"}],"version-history":[{"count":0,"href":"https:\/\/batijournal.com\/index.php\/wp-json\/wp\/v2\/posts\/90454\/revisions"}],"wp:featuredmedia":[{"embeddable":true,"href":"https:\/\/batijournal.com\/index.php\/wp-json\/wp\/v2\/media\/90192"}],"wp:attachment":[{"href":"https:\/\/batijournal.com\/index.php\/wp-json\/wp\/v2\/media?parent=90454"}],"wp:term":[{"taxonomy":"category","embeddable":true,"href":"https:\/\/batijournal.com\/index.php\/wp-json\/wp\/v2\/categories?post=90454"},{"taxonomy":"post_tag","embeddable":true,"href":"https:\/\/batijournal.com\/index.php\/wp-json\/wp\/v2\/tags?post=90454"}],"curies":[{"name":"wp","href":"https:\/\/api.w.org\/{rel}","templated":true}]}}