{"id":90506,"date":"2015-11-19T06:05:17","date_gmt":"2015-11-19T05:05:17","guid":{"rendered":"http:\/\/batijournal.com\/?p=90506"},"modified":"2015-11-19T06:21:33","modified_gmt":"2015-11-19T05:21:33","slug":"report-du-salo-collectivites","status":"publish","type":"post","link":"https:\/\/batijournal.com\/index.php\/report-du-salo-collectivites\/90506\/","title":{"rendered":"Report du Salon des Maires et des Collectivit\u00e9s"},"content":{"rendered":"<div class=\"page\" title=\"Page 1\">\n<div class=\"layoutArea\">\n<div class=\"column\">\n<p style=\"text-align: left;\">Au lendemain des attentats qui ont ensanglant\u00e9 Paris, le Groupe Moniteur et l\u2019Association des Maires de France, ont\u00a0\u00e0 la demande de l\u2019\u00c9tat, report\u00e9 le Salon des Maires et des Collectivit\u00e9s Locales et le Congr\u00e8s des maires initialement pr\u00e9vus du 17 au 19 novembre 2015. Il se tiendront du 31 mai au 2 juin 2016, au Parc des expositions de Paris, Porte de Versailles.\u00a0Le Groupe Moniteur, soci\u00e9t\u00e9 du Groupe Infopro Digital, organisateur du Salon, a exprim\u00e9 sa solidarit\u00e9 \u00e0 l&rsquo;\u00e9gard des familles des victimes et des bless\u00e9s de ces actes barbares.<\/p>\n<\/div>\n<\/div>\n<\/div>\n","protected":false},"excerpt":{"rendered":"<p>Au lendemain des attentats qui ont ensanglant\u00e9 Paris, le Groupe Moniteur et l\u2019Association des Maires de France, ont\u00a0\u00e0 la demande de l\u2019\u00c9tat, report\u00e9 le Salon des Maires et des Collectivit\u00e9s Locales et le Congr\u00e8s des maires initialement pr\u00e9vus du 17 au 19 novembre 2015. Il se tiendront du 31 mai au 2 juin 2016, au [&hellip;]<\/p>\n","protected":false},"author":1,"featured_media":90507,"comment_status":"closed","ping_status":"closed","sticky":false,"template":"","format":"standard","meta":{"_et_pb_use_builder":"","_et_pb_old_content":"","_et_gb_content_width":"","footnotes":""},"categories":[10530,9192],"tags":[],"class_list":["post-90506","post","type-post","status-publish","format-standard","has-post-thumbnail","hentry","category-actualites","category-evenements"],"yoast_head":"<!-- This site is optimized with the Yoast SEO plugin v27.4 - https:\/\/yoast.com\/product\/yoast-seo-wordpress\/ -->\n<title>Report du Salon des Maires et des Collectivit\u00e9s<\/title>\n<meta name=\"robots\" content=\"index, follow, max-snippet:-1, max-image-preview:large, max-video-preview:-1\" \/>\n<link rel=\"canonical\" href=\"https:\/\/batijournal.com\/index.php\/report-du-salo-collectivites\/90506\/\" \/>\n<meta property=\"og:locale\" content=\"fr_FR\" \/>\n<meta property=\"og:type\" content=\"article\" \/>\n<meta property=\"og:title\" content=\"Report du Salon des Maires et des Collectivit\u00e9s\" \/>\n<meta property=\"og:description\" content=\"Au lendemain des attentats qui ont ensanglant\u00e9 Paris, le Groupe Moniteur et l\u2019Association des Maires de France, ont\u00a0\u00e0 la demande de l\u2019\u00c9tat, report\u00e9 le Salon des Maires et des Collectivit\u00e9s Locales et le Congr\u00e8s des maires initialement pr\u00e9vus du 17 au 19 novembre 2015. Il se tiendront du 31 mai au 2 juin 2016, au [&hellip;]\" \/>\n<meta property=\"og:url\" content=\"https:\/\/batijournal.com\/index.php\/report-du-salo-collectivites\/90506\/\" \/>\n<meta property=\"og:site_name\" content=\"Batijournal\" \/>\n<meta property=\"article:published_time\" content=\"2015-11-19T05:05:17+00:00\" \/>\n<meta property=\"article:modified_time\" content=\"2015-11-19T05:21:33+00:00\" \/>\n<meta property=\"og:image\" content=\"https:\/\/batijournal.com\/wp-content\/uploads\/2015\/11\/SMCL2015-LOGO-DATES.jpg\" \/>\n\t<meta property=\"og:image:width\" content=\"936\" \/>\n\t<meta property=\"og:image:height\" content=\"480\" \/>\n\t<meta property=\"og:image:type\" content=\"image\/jpeg\" \/>\n<meta name=\"author\" content=\"Bati-journal\" \/>\n<meta name=\"twitter:card\" content=\"summary_large_image\" \/>\n<meta name=\"twitter:creator\" content=\"@bati_journal\" \/>\n<meta name=\"twitter:site\" content=\"@bati_journal\" \/>\n<meta name=\"twitter:label1\" content=\"\u00c9crit par\" \/>\n\t<meta name=\"twitter:data1\" content=\"Bati-journal\" \/>\n<script type=\"application\/ld+json\" class=\"yoast-schema-graph\">{\"@context\":\"https:\\\/\\\/schema.org\",\"@graph\":[{\"@type\":\"Article\",\"@id\":\"https:\\\/\\\/batijournal.com\\\/index.php\\\/report-du-salo-collectivites\\\/90506\\\/#article\",\"isPartOf\":{\"@id\":\"https:\\\/\\\/batijournal.com\\\/index.php\\\/report-du-salo-collectivites\\\/90506\\\/\"},\"author\":{\"name\":\"Bati-journal\",\"@id\":\"https:\\\/\\\/batijournal.com\\\/#\\\/schema\\\/person\\\/6a657e8967569e1b299972574848aa76\"},\"headline\":\"Report du Salon des Maires et des Collectivit\u00e9s\",\"datePublished\":\"2015-11-19T05:05:17+00:00\",\"dateModified\":\"2015-11-19T05:21:33+00:00\",\"mainEntityOfPage\":{\"@id\":\"https:\\\/\\\/batijournal.com\\\/index.php\\\/report-du-salo-collectivites\\\/90506\\\/\"},\"wordCount\":101,\"image\":{\"@id\":\"https:\\\/\\\/batijournal.com\\\/index.php\\\/report-du-salo-collectivites\\\/90506\\\/#primaryimage\"},\"thumbnailUrl\":\"https:\\\/\\\/batijournal.com\\\/wp-content\\\/uploads\\\/2015\\\/11\\\/SMCL2015-LOGO-DATES.jpg\",\"articleSection\":[\"Actualit\u00e9s\",\"\u00c9v\u00e9nements\"],\"inLanguage\":\"fr-FR\"},{\"@type\":\"WebPage\",\"@id\":\"https:\\\/\\\/batijournal.com\\\/index.php\\\/report-du-salo-collectivites\\\/90506\\\/\",\"url\":\"https:\\\/\\\/batijournal.com\\\/index.php\\\/report-du-salo-collectivites\\\/90506\\\/\",\"name\":\"Report du Salon des Maires et des Collectivit\u00e9s\",\"isPartOf\":{\"@id\":\"https:\\\/\\\/batijournal.com\\\/#website\"},\"primaryImageOfPage\":{\"@id\":\"https:\\\/\\\/batijournal.com\\\/index.php\\\/report-du-salo-collectivites\\\/90506\\\/#primaryimage\"},\"image\":{\"@id\":\"https:\\\/\\\/batijournal.com\\\/index.php\\\/report-du-salo-collectivites\\\/90506\\\/#primaryimage\"},\"thumbnailUrl\":\"https:\\\/\\\/batijournal.com\\\/wp-content\\\/uploads\\\/2015\\\/11\\\/SMCL2015-LOGO-DATES.jpg\",\"datePublished\":\"2015-11-19T05:05:17+00:00\",\"dateModified\":\"2015-11-19T05:21:33+00:00\",\"author\":{\"@id\":\"https:\\\/\\\/batijournal.com\\\/#\\\/schema\\\/person\\\/6a657e8967569e1b299972574848aa76\"},\"breadcrumb\":{\"@id\":\"https:\\\/\\\/batijournal.com\\\/index.php\\\/report-du-salo-collectivites\\\/90506\\\/#breadcrumb\"},\"inLanguage\":\"fr-FR\",\"potentialAction\":[{\"@type\":\"ReadAction\",\"target\":[\"https:\\\/\\\/batijournal.com\\\/index.php\\\/report-du-salo-collectivites\\\/90506\\\/\"]}]},{\"@type\":\"ImageObject\",\"inLanguage\":\"fr-FR\",\"@id\":\"https:\\\/\\\/batijournal.com\\\/index.php\\\/report-du-salo-collectivites\\\/90506\\\/#primaryimage\",\"url\":\"https:\\\/\\\/batijournal.com\\\/wp-content\\\/uploads\\\/2015\\\/11\\\/SMCL2015-LOGO-DATES.jpg\",\"contentUrl\":\"https:\\\/\\\/batijournal.com\\\/wp-content\\\/uploads\\\/2015\\\/11\\\/SMCL2015-LOGO-DATES.jpg\",\"width\":936,\"height\":480},{\"@type\":\"BreadcrumbList\",\"@id\":\"https:\\\/\\\/batijournal.com\\\/index.php\\\/report-du-salo-collectivites\\\/90506\\\/#breadcrumb\",\"itemListElement\":[{\"@type\":\"ListItem\",\"position\":1,\"name\":\"Accueil\",\"item\":\"https:\\\/\\\/batijournal.com\\\/\"},{\"@type\":\"ListItem\",\"position\":2,\"name\":\"Actualit\u00e9s\",\"item\":\"https:\\\/\\\/batijournal.com\\\/index.php\\\/category\\\/actualites\\\/\"},{\"@type\":\"ListItem\",\"position\":3,\"name\":\"Report du Salon des Maires et des Collectivit\u00e9s\"}]},{\"@type\":\"WebSite\",\"@id\":\"https:\\\/\\\/batijournal.com\\\/#website\",\"url\":\"https:\\\/\\\/batijournal.com\\\/\",\"name\":\"Batijournal\",\"description\":\"L&#039;actualit\u00e9 du b\u00e2timent\",\"potentialAction\":[{\"@type\":\"SearchAction\",\"target\":{\"@type\":\"EntryPoint\",\"urlTemplate\":\"https:\\\/\\\/batijournal.com\\\/?s={search_term_string}\"},\"query-input\":{\"@type\":\"PropertyValueSpecification\",\"valueRequired\":true,\"valueName\":\"search_term_string\"}}],\"inLanguage\":\"fr-FR\"},{\"@type\":\"Person\",\"@id\":\"https:\\\/\\\/batijournal.com\\\/#\\\/schema\\\/person\\\/6a657e8967569e1b299972574848aa76\",\"name\":\"Bati-journal\",\"image\":{\"@type\":\"ImageObject\",\"inLanguage\":\"fr-FR\",\"@id\":\"https:\\\/\\\/secure.gravatar.com\\\/avatar\\\/a64364ea26392f9b4dd47e017ddaec74ff03aefc073b49e492e847201258f777?s=96&d=mm&r=g\",\"url\":\"https:\\\/\\\/secure.gravatar.com\\\/avatar\\\/a64364ea26392f9b4dd47e017ddaec74ff03aefc073b49e492e847201258f777?s=96&d=mm&r=g\",\"contentUrl\":\"https:\\\/\\\/secure.gravatar.com\\\/avatar\\\/a64364ea26392f9b4dd47e017ddaec74ff03aefc073b49e492e847201258f777?s=96&d=mm&r=g\",\"caption\":\"Bati-journal\"},\"url\":\"https:\\\/\\\/batijournal.com\\\/index.php\\\/author\\\/elodie\\\/\"}]}<\/script>\n<!-- \/ Yoast SEO plugin. -->","yoast_head_json":{"title":"Report du Salon des Maires et des Collectivit\u00e9s","robots":{"index":"index","follow":"follow","max-snippet":"max-snippet:-1","max-image-preview":"max-image-preview:large","max-video-preview":"max-video-preview:-1"},"canonical":"https:\/\/batijournal.com\/index.php\/report-du-salo-collectivites\/90506\/","og_locale":"fr_FR","og_type":"article","og_title":"Report du Salon des Maires et des Collectivit\u00e9s","og_description":"Au lendemain des attentats qui ont ensanglant\u00e9 Paris, le Groupe Moniteur et l\u2019Association des Maires de France, ont\u00a0\u00e0 la demande de l\u2019\u00c9tat, report\u00e9 le Salon des Maires et des Collectivit\u00e9s Locales et le Congr\u00e8s des maires initialement pr\u00e9vus du 17 au 19 novembre 2015. Il se tiendront du 31 mai au 2 juin 2016, au [&hellip;]","og_url":"https:\/\/batijournal.com\/index.php\/report-du-salo-collectivites\/90506\/","og_site_name":"Batijournal","article_published_time":"2015-11-19T05:05:17+00:00","article_modified_time":"2015-11-19T05:21:33+00:00","og_image":[{"width":936,"height":480,"url":"https:\/\/batijournal.com\/wp-content\/uploads\/2015\/11\/SMCL2015-LOGO-DATES.jpg","type":"image\/jpeg"}],"author":"Bati-journal","twitter_card":"summary_large_image","twitter_creator":"@bati_journal","twitter_site":"@bati_journal","twitter_misc":{"\u00c9crit par":"Bati-journal"},"schema":{"@context":"https:\/\/schema.org","@graph":[{"@type":"Article","@id":"https:\/\/batijournal.com\/index.php\/report-du-salo-collectivites\/90506\/#article","isPartOf":{"@id":"https:\/\/batijournal.com\/index.php\/report-du-salo-collectivites\/90506\/"},"author":{"name":"Bati-journal","@id":"https:\/\/batijournal.com\/#\/schema\/person\/6a657e8967569e1b299972574848aa76"},"headline":"Report du Salon des Maires et des Collectivit\u00e9s","datePublished":"2015-11-19T05:05:17+00:00","dateModified":"2015-11-19T05:21:33+00:00","mainEntityOfPage":{"@id":"https:\/\/batijournal.com\/index.php\/report-du-salo-collectivites\/90506\/"},"wordCount":101,"image":{"@id":"https:\/\/batijournal.com\/index.php\/report-du-salo-collectivites\/90506\/#primaryimage"},"thumbnailUrl":"https:\/\/batijournal.com\/wp-content\/uploads\/2015\/11\/SMCL2015-LOGO-DATES.jpg","articleSection":["Actualit\u00e9s","\u00c9v\u00e9nements"],"inLanguage":"fr-FR"},{"@type":"WebPage","@id":"https:\/\/batijournal.com\/index.php\/report-du-salo-collectivites\/90506\/","url":"https:\/\/batijournal.com\/index.php\/report-du-salo-collectivites\/90506\/","name":"Report du Salon des Maires et des Collectivit\u00e9s","isPartOf":{"@id":"https:\/\/batijournal.com\/#website"},"primaryImageOfPage":{"@id":"https:\/\/batijournal.com\/index.php\/report-du-salo-collectivites\/90506\/#primaryimage"},"image":{"@id":"https:\/\/batijournal.com\/index.php\/report-du-salo-collectivites\/90506\/#primaryimage"},"thumbnailUrl":"https:\/\/batijournal.com\/wp-content\/uploads\/2015\/11\/SMCL2015-LOGO-DATES.jpg","datePublished":"2015-11-19T05:05:17+00:00","dateModified":"2015-11-19T05:21:33+00:00","author":{"@id":"https:\/\/batijournal.com\/#\/schema\/person\/6a657e8967569e1b299972574848aa76"},"breadcrumb":{"@id":"https:\/\/batijournal.com\/index.php\/report-du-salo-collectivites\/90506\/#breadcrumb"},"inLanguage":"fr-FR","potentialAction":[{"@type":"ReadAction","target":["https:\/\/batijournal.com\/index.php\/report-du-salo-collectivites\/90506\/"]}]},{"@type":"ImageObject","inLanguage":"fr-FR","@id":"https:\/\/batijournal.com\/index.php\/report-du-salo-collectivites\/90506\/#primaryimage","url":"https:\/\/batijournal.com\/wp-content\/uploads\/2015\/11\/SMCL2015-LOGO-DATES.jpg","contentUrl":"https:\/\/batijournal.com\/wp-content\/uploads\/2015\/11\/SMCL2015-LOGO-DATES.jpg","width":936,"height":480},{"@type":"BreadcrumbList","@id":"https:\/\/batijournal.com\/index.php\/report-du-salo-collectivites\/90506\/#breadcrumb","itemListElement":[{"@type":"ListItem","position":1,"name":"Accueil","item":"https:\/\/batijournal.com\/"},{"@type":"ListItem","position":2,"name":"Actualit\u00e9s","item":"https:\/\/batijournal.com\/index.php\/category\/actualites\/"},{"@type":"ListItem","position":3,"name":"Report du Salon des Maires et des Collectivit\u00e9s"}]},{"@type":"WebSite","@id":"https:\/\/batijournal.com\/#website","url":"https:\/\/batijournal.com\/","name":"Batijournal","description":"L&#039;actualit\u00e9 du b\u00e2timent","potentialAction":[{"@type":"SearchAction","target":{"@type":"EntryPoint","urlTemplate":"https:\/\/batijournal.com\/?s={search_term_string}"},"query-input":{"@type":"PropertyValueSpecification","valueRequired":true,"valueName":"search_term_string"}}],"inLanguage":"fr-FR"},{"@type":"Person","@id":"https:\/\/batijournal.com\/#\/schema\/person\/6a657e8967569e1b299972574848aa76","name":"Bati-journal","image":{"@type":"ImageObject","inLanguage":"fr-FR","@id":"https:\/\/secure.gravatar.com\/avatar\/a64364ea26392f9b4dd47e017ddaec74ff03aefc073b49e492e847201258f777?s=96&d=mm&r=g","url":"https:\/\/secure.gravatar.com\/avatar\/a64364ea26392f9b4dd47e017ddaec74ff03aefc073b49e492e847201258f777?s=96&d=mm&r=g","contentUrl":"https:\/\/secure.gravatar.com\/avatar\/a64364ea26392f9b4dd47e017ddaec74ff03aefc073b49e492e847201258f777?s=96&d=mm&r=g","caption":"Bati-journal"},"url":"https:\/\/batijournal.com\/index.php\/author\/elodie\/"}]}},"_links":{"self":[{"href":"https:\/\/batijournal.com\/index.php\/wp-json\/wp\/v2\/posts\/90506","targetHints":{"allow":["GET"]}}],"collection":[{"href":"https:\/\/batijournal.com\/index.php\/wp-json\/wp\/v2\/posts"}],"about":[{"href":"https:\/\/batijournal.com\/index.php\/wp-json\/wp\/v2\/types\/post"}],"author":[{"embeddable":true,"href":"https:\/\/batijournal.com\/index.php\/wp-json\/wp\/v2\/users\/1"}],"replies":[{"embeddable":true,"href":"https:\/\/batijournal.com\/index.php\/wp-json\/wp\/v2\/comments?post=90506"}],"version-history":[{"count":0,"href":"https:\/\/batijournal.com\/index.php\/wp-json\/wp\/v2\/posts\/90506\/revisions"}],"wp:featuredmedia":[{"embeddable":true,"href":"https:\/\/batijournal.com\/index.php\/wp-json\/wp\/v2\/media\/90507"}],"wp:attachment":[{"href":"https:\/\/batijournal.com\/index.php\/wp-json\/wp\/v2\/media?parent=90506"}],"wp:term":[{"taxonomy":"category","embeddable":true,"href":"https:\/\/batijournal.com\/index.php\/wp-json\/wp\/v2\/categories?post=90506"},{"taxonomy":"post_tag","embeddable":true,"href":"https:\/\/batijournal.com\/index.php\/wp-json\/wp\/v2\/tags?post=90506"}],"curies":[{"name":"wp","href":"https:\/\/api.w.org\/{rel}","templated":true}]}}