{"id":90526,"date":"2015-11-20T11:14:35","date_gmt":"2015-11-20T10:14:35","guid":{"rendered":"http:\/\/batijournal.com\/?p=90526"},"modified":"2019-07-15T11:34:13","modified_gmt":"2019-07-15T09:34:13","slug":"accord-cadre","status":"publish","type":"post","link":"https:\/\/batijournal.com\/index.php\/accord-cadre\/90526\/","title":{"rendered":"Accord-cadre ADEME \/ ANRU"},"content":{"rendered":"<p><strong>Bruno Lechevin et Fran\u00e7ois Pupponi, respectivement pr\u00e9sidents de l\u2019ADEME et de l\u2019ANRU, ont sign\u00e9 un accord-cadre d\u2019une dur\u00e9e de 3 ans en faveur d\u2019une meilleure prise en compte des enjeux \u00e9nerg\u00e9tiques et environnementaux dans les futurs projets du Nouveau Programme National pour le Renouvellement Urbain (NPNRU).<\/strong><\/p>\n<p>Ce partenariat vise tout d\u2019abord \u00e0 optimiser les aides financi\u00e8res apport\u00e9es par l\u2019ANRU et l\u2019ADEME aux projets, en recherchant au maximum leur compl\u00e9mentarit\u00e9. L\u2019expertise de l\u2019ADEME sera \u00e9galement mobilis\u00e9e pour accompagner l\u2019ANRU dans la d\u00e9finition des crit\u00e8res de d\u00e9veloppement durable des op\u00e9rations et les acteurs locaux dans la prise en compte des enjeux environnementaux et \u00e9nerg\u00e9tiques dans les projets de renouvellement urbain, d\u00e8s leur \u00e9laboration.Les deux Agences souhaitent \u00e9galement produire des connaissances communes et faciliter l\u2019\u00e9change d\u2019informations, d\u2019exp\u00e9riences au travers de l\u2019animation de r\u00e9seaux et la formation des acteurs.<\/p>\n<p>Cet accord-cadre donnera lieu \u00e0 un plan d\u2019actions annuel \u00e9labor\u00e9 conjointement par les deux Agences, ces actions pouvant, le cas \u00e9ch\u00e9ant, faire l\u2019objet de conventions sp\u00e9cifiques pour des \u00e9tudes ou expertises sp\u00e9cifiques. Des d\u00e9clinaisons locales seront \u00e9galement mises en place entre les Directions R\u00e9gionales de l\u2019ADEME et les D\u00e9l\u00e9gations Territoriales de l\u2019ANRU.<\/p>\n<p>Photo :\u00a0Jean-Pierre Jouad\u00e9<\/p>\n","protected":false},"excerpt":{"rendered":"<p>Bruno Lechevin et Fran\u00e7ois Pupponi, respectivement pr\u00e9sidents de l\u2019ADEME et de l\u2019ANRU, ont sign\u00e9 un accord-cadre d\u2019une dur\u00e9e de 3 ans en faveur d\u2019une meilleure prise en compte des enjeux \u00e9nerg\u00e9tiques et environnementaux dans les futurs projets du Nouveau Programme National pour le Renouvellement Urbain (NPNRU). Ce partenariat vise tout d\u2019abord \u00e0 optimiser les aides [&hellip;]<\/p>\n","protected":false},"author":17,"featured_media":90529,"comment_status":"closed","ping_status":"closed","sticky":false,"template":"","format":"standard","meta":{"_et_pb_use_builder":"","_et_pb_old_content":"","_et_gb_content_width":"","footnotes":""},"categories":[6345],"tags":[],"class_list":["post-90526","post","type-post","status-publish","format-standard","has-post-thumbnail","hentry","category-economie-marches"],"yoast_head":"<!-- This site is optimized with the Yoast SEO plugin v27.4 - https:\/\/yoast.com\/product\/yoast-seo-wordpress\/ -->\n<title>Accord-cadre ADEME \/ ANRU<\/title>\n<meta name=\"robots\" content=\"index, follow, max-snippet:-1, max-image-preview:large, max-video-preview:-1\" \/>\n<link rel=\"canonical\" href=\"https:\/\/batijournal.com\/index.php\/accord-cadre\/90526\/\" \/>\n<meta property=\"og:locale\" content=\"fr_FR\" \/>\n<meta property=\"og:type\" content=\"article\" \/>\n<meta property=\"og:title\" content=\"Accord-cadre ADEME \/ ANRU\" \/>\n<meta property=\"og:description\" content=\"Bruno Lechevin et Fran\u00e7ois Pupponi, respectivement pr\u00e9sidents de l\u2019ADEME et de l\u2019ANRU, ont sign\u00e9 un accord-cadre d\u2019une dur\u00e9e de 3 ans en faveur d\u2019une meilleure prise en compte des enjeux \u00e9nerg\u00e9tiques et environnementaux dans les futurs projets du Nouveau Programme National pour le Renouvellement Urbain (NPNRU). Ce partenariat vise tout d\u2019abord \u00e0 optimiser les aides [&hellip;]\" \/>\n<meta property=\"og:url\" content=\"https:\/\/batijournal.com\/index.php\/accord-cadre\/90526\/\" \/>\n<meta property=\"og:site_name\" content=\"Batijournal\" \/>\n<meta property=\"article:published_time\" content=\"2015-11-20T10:14:35+00:00\" \/>\n<meta property=\"article:modified_time\" content=\"2019-07-15T09:34:13+00:00\" \/>\n<meta property=\"og:image\" content=\"https:\/\/batijournal.com\/wp-content\/uploads\/2015\/11\/Signature-convention-ANRU-ADMEME-18-nov-2015.jpg\" \/>\n\t<meta property=\"og:image:width\" content=\"1200\" \/>\n\t<meta property=\"og:image:height\" content=\"800\" \/>\n\t<meta property=\"og:image:type\" content=\"image\/jpeg\" \/>\n<meta name=\"author\" content=\"St\u00e9phane Miget\" \/>\n<meta name=\"twitter:card\" content=\"summary_large_image\" \/>\n<meta name=\"twitter:creator\" content=\"@bati_journal\" \/>\n<meta name=\"twitter:site\" content=\"@bati_journal\" \/>\n<meta name=\"twitter:label1\" content=\"\u00c9crit par\" \/>\n\t<meta name=\"twitter:data1\" content=\"St\u00e9phane Miget\" \/>\n\t<meta name=\"twitter:label2\" content=\"Dur\u00e9e de lecture estim\u00e9e\" \/>\n\t<meta name=\"twitter:data2\" content=\"1 minute\" \/>\n<script type=\"application\/ld+json\" class=\"yoast-schema-graph\">{\"@context\":\"https:\\\/\\\/schema.org\",\"@graph\":[{\"@type\":\"Article\",\"@id\":\"https:\\\/\\\/batijournal.com\\\/index.php\\\/accord-cadre\\\/90526\\\/#article\",\"isPartOf\":{\"@id\":\"https:\\\/\\\/batijournal.com\\\/index.php\\\/accord-cadre\\\/90526\\\/\"},\"author\":{\"name\":\"St\u00e9phane Miget\",\"@id\":\"https:\\\/\\\/batijournal.com\\\/#\\\/schema\\\/person\\\/1dc96ec6957aa1ccb25ebe78bb19f100\"},\"headline\":\"Accord-cadre ADEME \\\/ ANRU\",\"datePublished\":\"2015-11-20T10:14:35+00:00\",\"dateModified\":\"2019-07-15T09:34:13+00:00\",\"mainEntityOfPage\":{\"@id\":\"https:\\\/\\\/batijournal.com\\\/index.php\\\/accord-cadre\\\/90526\\\/\"},\"wordCount\":232,\"image\":{\"@id\":\"https:\\\/\\\/batijournal.com\\\/index.php\\\/accord-cadre\\\/90526\\\/#primaryimage\"},\"thumbnailUrl\":\"https:\\\/\\\/batijournal.com\\\/wp-content\\\/uploads\\\/2015\\\/11\\\/Signature-convention-ANRU-ADMEME-18-nov-2015.jpg\",\"articleSection\":[\"\u00c9conomie &amp; March\u00e9s\"],\"inLanguage\":\"fr-FR\"},{\"@type\":\"WebPage\",\"@id\":\"https:\\\/\\\/batijournal.com\\\/index.php\\\/accord-cadre\\\/90526\\\/\",\"url\":\"https:\\\/\\\/batijournal.com\\\/index.php\\\/accord-cadre\\\/90526\\\/\",\"name\":\"Accord-cadre ADEME \\\/ ANRU\",\"isPartOf\":{\"@id\":\"https:\\\/\\\/batijournal.com\\\/#website\"},\"primaryImageOfPage\":{\"@id\":\"https:\\\/\\\/batijournal.com\\\/index.php\\\/accord-cadre\\\/90526\\\/#primaryimage\"},\"image\":{\"@id\":\"https:\\\/\\\/batijournal.com\\\/index.php\\\/accord-cadre\\\/90526\\\/#primaryimage\"},\"thumbnailUrl\":\"https:\\\/\\\/batijournal.com\\\/wp-content\\\/uploads\\\/2015\\\/11\\\/Signature-convention-ANRU-ADMEME-18-nov-2015.jpg\",\"datePublished\":\"2015-11-20T10:14:35+00:00\",\"dateModified\":\"2019-07-15T09:34:13+00:00\",\"author\":{\"@id\":\"https:\\\/\\\/batijournal.com\\\/#\\\/schema\\\/person\\\/1dc96ec6957aa1ccb25ebe78bb19f100\"},\"breadcrumb\":{\"@id\":\"https:\\\/\\\/batijournal.com\\\/index.php\\\/accord-cadre\\\/90526\\\/#breadcrumb\"},\"inLanguage\":\"fr-FR\",\"potentialAction\":[{\"@type\":\"ReadAction\",\"target\":[\"https:\\\/\\\/batijournal.com\\\/index.php\\\/accord-cadre\\\/90526\\\/\"]}]},{\"@type\":\"ImageObject\",\"inLanguage\":\"fr-FR\",\"@id\":\"https:\\\/\\\/batijournal.com\\\/index.php\\\/accord-cadre\\\/90526\\\/#primaryimage\",\"url\":\"https:\\\/\\\/batijournal.com\\\/wp-content\\\/uploads\\\/2015\\\/11\\\/Signature-convention-ANRU-ADMEME-18-nov-2015.jpg\",\"contentUrl\":\"https:\\\/\\\/batijournal.com\\\/wp-content\\\/uploads\\\/2015\\\/11\\\/Signature-convention-ANRU-ADMEME-18-nov-2015.jpg\",\"width\":1200,\"height\":800},{\"@type\":\"BreadcrumbList\",\"@id\":\"https:\\\/\\\/batijournal.com\\\/index.php\\\/accord-cadre\\\/90526\\\/#breadcrumb\",\"itemListElement\":[{\"@type\":\"ListItem\",\"position\":1,\"name\":\"Accueil\",\"item\":\"https:\\\/\\\/batijournal.com\\\/\"},{\"@type\":\"ListItem\",\"position\":2,\"name\":\"Actualit\u00e9s\",\"item\":\"https:\\\/\\\/batijournal.com\\\/index.php\\\/category\\\/actualites\\\/\"},{\"@type\":\"ListItem\",\"position\":3,\"name\":\"\u00c9conomie &amp; March\u00e9s\",\"item\":\"https:\\\/\\\/batijournal.com\\\/index.php\\\/category\\\/actualites\\\/economie-marches\\\/\"},{\"@type\":\"ListItem\",\"position\":4,\"name\":\"Accord-cadre ADEME \\\/ ANRU\"}]},{\"@type\":\"WebSite\",\"@id\":\"https:\\\/\\\/batijournal.com\\\/#website\",\"url\":\"https:\\\/\\\/batijournal.com\\\/\",\"name\":\"Batijournal\",\"description\":\"L&#039;actualit\u00e9 du b\u00e2timent\",\"potentialAction\":[{\"@type\":\"SearchAction\",\"target\":{\"@type\":\"EntryPoint\",\"urlTemplate\":\"https:\\\/\\\/batijournal.com\\\/?s={search_term_string}\"},\"query-input\":{\"@type\":\"PropertyValueSpecification\",\"valueRequired\":true,\"valueName\":\"search_term_string\"}}],\"inLanguage\":\"fr-FR\"},{\"@type\":\"Person\",\"@id\":\"https:\\\/\\\/batijournal.com\\\/#\\\/schema\\\/person\\\/1dc96ec6957aa1ccb25ebe78bb19f100\",\"name\":\"St\u00e9phane Miget\",\"image\":{\"@type\":\"ImageObject\",\"inLanguage\":\"fr-FR\",\"@id\":\"https:\\\/\\\/secure.gravatar.com\\\/avatar\\\/89915563d925342126b8ef0281b93d9d7fc337043e8df017f780908eb9644451?s=96&d=mm&r=g\",\"url\":\"https:\\\/\\\/secure.gravatar.com\\\/avatar\\\/89915563d925342126b8ef0281b93d9d7fc337043e8df017f780908eb9644451?s=96&d=mm&r=g\",\"contentUrl\":\"https:\\\/\\\/secure.gravatar.com\\\/avatar\\\/89915563d925342126b8ef0281b93d9d7fc337043e8df017f780908eb9644451?s=96&d=mm&r=g\",\"caption\":\"St\u00e9phane Miget\"},\"url\":\"https:\\\/\\\/batijournal.com\\\/index.php\\\/author\\\/stephane\\\/\"}]}<\/script>\n<!-- \/ Yoast SEO plugin. -->","yoast_head_json":{"title":"Accord-cadre ADEME \/ ANRU","robots":{"index":"index","follow":"follow","max-snippet":"max-snippet:-1","max-image-preview":"max-image-preview:large","max-video-preview":"max-video-preview:-1"},"canonical":"https:\/\/batijournal.com\/index.php\/accord-cadre\/90526\/","og_locale":"fr_FR","og_type":"article","og_title":"Accord-cadre ADEME \/ ANRU","og_description":"Bruno Lechevin et Fran\u00e7ois Pupponi, respectivement pr\u00e9sidents de l\u2019ADEME et de l\u2019ANRU, ont sign\u00e9 un accord-cadre d\u2019une dur\u00e9e de 3 ans en faveur d\u2019une meilleure prise en compte des enjeux \u00e9nerg\u00e9tiques et environnementaux dans les futurs projets du Nouveau Programme National pour le Renouvellement Urbain (NPNRU). Ce partenariat vise tout d\u2019abord \u00e0 optimiser les aides [&hellip;]","og_url":"https:\/\/batijournal.com\/index.php\/accord-cadre\/90526\/","og_site_name":"Batijournal","article_published_time":"2015-11-20T10:14:35+00:00","article_modified_time":"2019-07-15T09:34:13+00:00","og_image":[{"width":1200,"height":800,"url":"https:\/\/batijournal.com\/wp-content\/uploads\/2015\/11\/Signature-convention-ANRU-ADMEME-18-nov-2015.jpg","type":"image\/jpeg"}],"author":"St\u00e9phane Miget","twitter_card":"summary_large_image","twitter_creator":"@bati_journal","twitter_site":"@bati_journal","twitter_misc":{"\u00c9crit par":"St\u00e9phane Miget","Dur\u00e9e de lecture estim\u00e9e":"1 minute"},"schema":{"@context":"https:\/\/schema.org","@graph":[{"@type":"Article","@id":"https:\/\/batijournal.com\/index.php\/accord-cadre\/90526\/#article","isPartOf":{"@id":"https:\/\/batijournal.com\/index.php\/accord-cadre\/90526\/"},"author":{"name":"St\u00e9phane Miget","@id":"https:\/\/batijournal.com\/#\/schema\/person\/1dc96ec6957aa1ccb25ebe78bb19f100"},"headline":"Accord-cadre ADEME \/ ANRU","datePublished":"2015-11-20T10:14:35+00:00","dateModified":"2019-07-15T09:34:13+00:00","mainEntityOfPage":{"@id":"https:\/\/batijournal.com\/index.php\/accord-cadre\/90526\/"},"wordCount":232,"image":{"@id":"https:\/\/batijournal.com\/index.php\/accord-cadre\/90526\/#primaryimage"},"thumbnailUrl":"https:\/\/batijournal.com\/wp-content\/uploads\/2015\/11\/Signature-convention-ANRU-ADMEME-18-nov-2015.jpg","articleSection":["\u00c9conomie &amp; March\u00e9s"],"inLanguage":"fr-FR"},{"@type":"WebPage","@id":"https:\/\/batijournal.com\/index.php\/accord-cadre\/90526\/","url":"https:\/\/batijournal.com\/index.php\/accord-cadre\/90526\/","name":"Accord-cadre ADEME \/ ANRU","isPartOf":{"@id":"https:\/\/batijournal.com\/#website"},"primaryImageOfPage":{"@id":"https:\/\/batijournal.com\/index.php\/accord-cadre\/90526\/#primaryimage"},"image":{"@id":"https:\/\/batijournal.com\/index.php\/accord-cadre\/90526\/#primaryimage"},"thumbnailUrl":"https:\/\/batijournal.com\/wp-content\/uploads\/2015\/11\/Signature-convention-ANRU-ADMEME-18-nov-2015.jpg","datePublished":"2015-11-20T10:14:35+00:00","dateModified":"2019-07-15T09:34:13+00:00","author":{"@id":"https:\/\/batijournal.com\/#\/schema\/person\/1dc96ec6957aa1ccb25ebe78bb19f100"},"breadcrumb":{"@id":"https:\/\/batijournal.com\/index.php\/accord-cadre\/90526\/#breadcrumb"},"inLanguage":"fr-FR","potentialAction":[{"@type":"ReadAction","target":["https:\/\/batijournal.com\/index.php\/accord-cadre\/90526\/"]}]},{"@type":"ImageObject","inLanguage":"fr-FR","@id":"https:\/\/batijournal.com\/index.php\/accord-cadre\/90526\/#primaryimage","url":"https:\/\/batijournal.com\/wp-content\/uploads\/2015\/11\/Signature-convention-ANRU-ADMEME-18-nov-2015.jpg","contentUrl":"https:\/\/batijournal.com\/wp-content\/uploads\/2015\/11\/Signature-convention-ANRU-ADMEME-18-nov-2015.jpg","width":1200,"height":800},{"@type":"BreadcrumbList","@id":"https:\/\/batijournal.com\/index.php\/accord-cadre\/90526\/#breadcrumb","itemListElement":[{"@type":"ListItem","position":1,"name":"Accueil","item":"https:\/\/batijournal.com\/"},{"@type":"ListItem","position":2,"name":"Actualit\u00e9s","item":"https:\/\/batijournal.com\/index.php\/category\/actualites\/"},{"@type":"ListItem","position":3,"name":"\u00c9conomie &amp; March\u00e9s","item":"https:\/\/batijournal.com\/index.php\/category\/actualites\/economie-marches\/"},{"@type":"ListItem","position":4,"name":"Accord-cadre ADEME \/ ANRU"}]},{"@type":"WebSite","@id":"https:\/\/batijournal.com\/#website","url":"https:\/\/batijournal.com\/","name":"Batijournal","description":"L&#039;actualit\u00e9 du b\u00e2timent","potentialAction":[{"@type":"SearchAction","target":{"@type":"EntryPoint","urlTemplate":"https:\/\/batijournal.com\/?s={search_term_string}"},"query-input":{"@type":"PropertyValueSpecification","valueRequired":true,"valueName":"search_term_string"}}],"inLanguage":"fr-FR"},{"@type":"Person","@id":"https:\/\/batijournal.com\/#\/schema\/person\/1dc96ec6957aa1ccb25ebe78bb19f100","name":"St\u00e9phane Miget","image":{"@type":"ImageObject","inLanguage":"fr-FR","@id":"https:\/\/secure.gravatar.com\/avatar\/89915563d925342126b8ef0281b93d9d7fc337043e8df017f780908eb9644451?s=96&d=mm&r=g","url":"https:\/\/secure.gravatar.com\/avatar\/89915563d925342126b8ef0281b93d9d7fc337043e8df017f780908eb9644451?s=96&d=mm&r=g","contentUrl":"https:\/\/secure.gravatar.com\/avatar\/89915563d925342126b8ef0281b93d9d7fc337043e8df017f780908eb9644451?s=96&d=mm&r=g","caption":"St\u00e9phane Miget"},"url":"https:\/\/batijournal.com\/index.php\/author\/stephane\/"}]}},"_links":{"self":[{"href":"https:\/\/batijournal.com\/index.php\/wp-json\/wp\/v2\/posts\/90526","targetHints":{"allow":["GET"]}}],"collection":[{"href":"https:\/\/batijournal.com\/index.php\/wp-json\/wp\/v2\/posts"}],"about":[{"href":"https:\/\/batijournal.com\/index.php\/wp-json\/wp\/v2\/types\/post"}],"author":[{"embeddable":true,"href":"https:\/\/batijournal.com\/index.php\/wp-json\/wp\/v2\/users\/17"}],"replies":[{"embeddable":true,"href":"https:\/\/batijournal.com\/index.php\/wp-json\/wp\/v2\/comments?post=90526"}],"version-history":[{"count":0,"href":"https:\/\/batijournal.com\/index.php\/wp-json\/wp\/v2\/posts\/90526\/revisions"}],"wp:featuredmedia":[{"embeddable":true,"href":"https:\/\/batijournal.com\/index.php\/wp-json\/wp\/v2\/media\/90529"}],"wp:attachment":[{"href":"https:\/\/batijournal.com\/index.php\/wp-json\/wp\/v2\/media?parent=90526"}],"wp:term":[{"taxonomy":"category","embeddable":true,"href":"https:\/\/batijournal.com\/index.php\/wp-json\/wp\/v2\/categories?post=90526"},{"taxonomy":"post_tag","embeddable":true,"href":"https:\/\/batijournal.com\/index.php\/wp-json\/wp\/v2\/tags?post=90526"}],"curies":[{"name":"wp","href":"https:\/\/api.w.org\/{rel}","templated":true}]}}