{"id":90550,"date":"2015-11-24T10:36:29","date_gmt":"2015-11-24T09:36:29","guid":{"rendered":"http:\/\/batijournal.com\/?p=90550"},"modified":"2019-07-15T12:08:55","modified_gmt":"2019-07-15T10:08:55","slug":"mediation-avec-les-consommateurs-les-professionnels-du-batiment-se-preparent","status":"publish","type":"post","link":"https:\/\/batijournal.com\/index.php\/mediation-avec-les-consommateurs-les-professionnels-du-batiment-se-preparent\/90550\/","title":{"rendered":"M\u00e9diation avec les consommateurs : les professionnels du b\u00e2timent se pr\u00e9parent"},"content":{"rendered":"<p>A compter du 1er janvier 2016, tous les professionnels devront proposer \u00e0 leurs clients consommateurs une proc\u00e9dure de m\u00e9diation gratuite accessible par courrier ou en ligne sur internet. La FFB, la Chambre Nationale des Huissiers de Justice (CNHJ) et M\u00e9dicys ont souhait\u00e9 s\u2019engager ensemble pour mettre en \u0153uvre la m\u00e9diation de la consommation dans les litiges de b\u00e2timent. La plateforme d\u2019e-m\u00e9diation M\u00e9dicys r\u00e9unit un r\u00e9seau d\u2019huissiers de justice form\u00e9s \u00e0 la m\u00e9diation et aux litiges de la consommation. Elle int\u00e8gre les sp\u00e9cificit\u00e9s des march\u00e9s de travaux et des activit\u00e9s du b\u00e2timent afin de r\u00e9pondre au mieux aux diff\u00e9rents cas de figure rencontr\u00e9s dans la pratique. M\u00e9dicys propose ainsi une approche de la m\u00e9diation selon la typologie des litiges et distingue selon qu\u2019ils concernent des travaux de construction neuve ou des travaux de r\u00e9novation, des travaux de maintenance ou de d\u00e9pannage par exemple. De m\u00eame, elle incite les parties \u00e0 pr\u00e9ciser si le diff\u00e9rend porte sur le formalisme du contrat ou son ex\u00e9cution.<\/p>\n<p><strong><a href=\"http:\/\/www.medicys.fr\" target=\"_blank\" rel=\"noopener noreferrer\">www.medicys.fr<\/a><\/strong><\/p>\n","protected":false},"excerpt":{"rendered":"<p>A compter du 1er janvier 2016, tous les professionnels devront proposer \u00e0 leurs clients consommateurs une proc\u00e9dure de m\u00e9diation gratuite accessible par courrier ou en ligne sur internet. La FFB, la Chambre Nationale des Huissiers de Justice (CNHJ) et M\u00e9dicys ont souhait\u00e9 s\u2019engager ensemble pour mettre en \u0153uvre la m\u00e9diation de la consommation dans les [&hellip;]<\/p>\n","protected":false},"author":17,"featured_media":90551,"comment_status":"closed","ping_status":"closed","sticky":false,"template":"","format":"standard","meta":{"_et_pb_use_builder":"","_et_pb_old_content":"","_et_gb_content_width":"","footnotes":""},"categories":[10530,6345],"tags":[373],"class_list":["post-90550","post","type-post","status-publish","format-standard","has-post-thumbnail","hentry","category-actualites","category-economie-marches","tag-ffb"],"yoast_head":"<!-- This site is optimized with the Yoast SEO plugin v27.4 - https:\/\/yoast.com\/product\/yoast-seo-wordpress\/ -->\n<title>M\u00e9diation avec les consommateurs : les professionnels du b\u00e2timent se pr\u00e9parent<\/title>\n<meta name=\"robots\" content=\"index, follow, max-snippet:-1, max-image-preview:large, max-video-preview:-1\" \/>\n<link rel=\"canonical\" href=\"https:\/\/batijournal.com\/index.php\/mediation-avec-les-consommateurs-les-professionnels-du-batiment-se-preparent\/90550\/\" \/>\n<meta property=\"og:locale\" content=\"fr_FR\" \/>\n<meta property=\"og:type\" content=\"article\" \/>\n<meta property=\"og:title\" content=\"M\u00e9diation avec les consommateurs : les professionnels du b\u00e2timent se pr\u00e9parent\" \/>\n<meta property=\"og:description\" content=\"A compter du 1er janvier 2016, tous les professionnels devront proposer \u00e0 leurs clients consommateurs une proc\u00e9dure de m\u00e9diation gratuite accessible par courrier ou en ligne sur internet. La FFB, la Chambre Nationale des Huissiers de Justice (CNHJ) et M\u00e9dicys ont souhait\u00e9 s\u2019engager ensemble pour mettre en \u0153uvre la m\u00e9diation de la consommation dans les [&hellip;]\" \/>\n<meta property=\"og:url\" content=\"https:\/\/batijournal.com\/index.php\/mediation-avec-les-consommateurs-les-professionnels-du-batiment-se-preparent\/90550\/\" \/>\n<meta property=\"og:site_name\" content=\"Batijournal\" \/>\n<meta property=\"article:published_time\" content=\"2015-11-24T09:36:29+00:00\" \/>\n<meta property=\"article:modified_time\" content=\"2019-07-15T10:08:55+00:00\" \/>\n<meta property=\"og:image\" content=\"https:\/\/batijournal.com\/wp-content\/uploads\/2015\/11\/chantier.jpg\" \/>\n\t<meta property=\"og:image:width\" content=\"1200\" \/>\n\t<meta property=\"og:image:height\" content=\"800\" \/>\n\t<meta property=\"og:image:type\" content=\"image\/jpeg\" \/>\n<meta name=\"author\" content=\"St\u00e9phane Miget\" \/>\n<meta name=\"twitter:card\" content=\"summary_large_image\" \/>\n<meta name=\"twitter:creator\" content=\"@bati_journal\" \/>\n<meta name=\"twitter:site\" content=\"@bati_journal\" \/>\n<meta name=\"twitter:label1\" content=\"\u00c9crit par\" \/>\n\t<meta name=\"twitter:data1\" content=\"St\u00e9phane Miget\" \/>\n\t<meta name=\"twitter:label2\" content=\"Dur\u00e9e de lecture estim\u00e9e\" \/>\n\t<meta name=\"twitter:data2\" content=\"1 minute\" \/>\n<script type=\"application\/ld+json\" class=\"yoast-schema-graph\">{\"@context\":\"https:\\\/\\\/schema.org\",\"@graph\":[{\"@type\":\"Article\",\"@id\":\"https:\\\/\\\/batijournal.com\\\/index.php\\\/mediation-avec-les-consommateurs-les-professionnels-du-batiment-se-preparent\\\/90550\\\/#article\",\"isPartOf\":{\"@id\":\"https:\\\/\\\/batijournal.com\\\/index.php\\\/mediation-avec-les-consommateurs-les-professionnels-du-batiment-se-preparent\\\/90550\\\/\"},\"author\":{\"name\":\"St\u00e9phane Miget\",\"@id\":\"https:\\\/\\\/batijournal.com\\\/#\\\/schema\\\/person\\\/1dc96ec6957aa1ccb25ebe78bb19f100\"},\"headline\":\"M\u00e9diation avec les consommateurs : les professionnels du b\u00e2timent se pr\u00e9parent\",\"datePublished\":\"2015-11-24T09:36:29+00:00\",\"dateModified\":\"2019-07-15T10:08:55+00:00\",\"mainEntityOfPage\":{\"@id\":\"https:\\\/\\\/batijournal.com\\\/index.php\\\/mediation-avec-les-consommateurs-les-professionnels-du-batiment-se-preparent\\\/90550\\\/\"},\"wordCount\":206,\"image\":{\"@id\":\"https:\\\/\\\/batijournal.com\\\/index.php\\\/mediation-avec-les-consommateurs-les-professionnels-du-batiment-se-preparent\\\/90550\\\/#primaryimage\"},\"thumbnailUrl\":\"https:\\\/\\\/batijournal.com\\\/wp-content\\\/uploads\\\/2015\\\/11\\\/chantier.jpg\",\"keywords\":[\"ffb\"],\"articleSection\":[\"Actualit\u00e9s\",\"\u00c9conomie &amp; March\u00e9s\"],\"inLanguage\":\"fr-FR\"},{\"@type\":\"WebPage\",\"@id\":\"https:\\\/\\\/batijournal.com\\\/index.php\\\/mediation-avec-les-consommateurs-les-professionnels-du-batiment-se-preparent\\\/90550\\\/\",\"url\":\"https:\\\/\\\/batijournal.com\\\/index.php\\\/mediation-avec-les-consommateurs-les-professionnels-du-batiment-se-preparent\\\/90550\\\/\",\"name\":\"M\u00e9diation avec les consommateurs : les professionnels du b\u00e2timent se pr\u00e9parent\",\"isPartOf\":{\"@id\":\"https:\\\/\\\/batijournal.com\\\/#website\"},\"primaryImageOfPage\":{\"@id\":\"https:\\\/\\\/batijournal.com\\\/index.php\\\/mediation-avec-les-consommateurs-les-professionnels-du-batiment-se-preparent\\\/90550\\\/#primaryimage\"},\"image\":{\"@id\":\"https:\\\/\\\/batijournal.com\\\/index.php\\\/mediation-avec-les-consommateurs-les-professionnels-du-batiment-se-preparent\\\/90550\\\/#primaryimage\"},\"thumbnailUrl\":\"https:\\\/\\\/batijournal.com\\\/wp-content\\\/uploads\\\/2015\\\/11\\\/chantier.jpg\",\"datePublished\":\"2015-11-24T09:36:29+00:00\",\"dateModified\":\"2019-07-15T10:08:55+00:00\",\"author\":{\"@id\":\"https:\\\/\\\/batijournal.com\\\/#\\\/schema\\\/person\\\/1dc96ec6957aa1ccb25ebe78bb19f100\"},\"breadcrumb\":{\"@id\":\"https:\\\/\\\/batijournal.com\\\/index.php\\\/mediation-avec-les-consommateurs-les-professionnels-du-batiment-se-preparent\\\/90550\\\/#breadcrumb\"},\"inLanguage\":\"fr-FR\",\"potentialAction\":[{\"@type\":\"ReadAction\",\"target\":[\"https:\\\/\\\/batijournal.com\\\/index.php\\\/mediation-avec-les-consommateurs-les-professionnels-du-batiment-se-preparent\\\/90550\\\/\"]}]},{\"@type\":\"ImageObject\",\"inLanguage\":\"fr-FR\",\"@id\":\"https:\\\/\\\/batijournal.com\\\/index.php\\\/mediation-avec-les-consommateurs-les-professionnels-du-batiment-se-preparent\\\/90550\\\/#primaryimage\",\"url\":\"https:\\\/\\\/batijournal.com\\\/wp-content\\\/uploads\\\/2015\\\/11\\\/chantier.jpg\",\"contentUrl\":\"https:\\\/\\\/batijournal.com\\\/wp-content\\\/uploads\\\/2015\\\/11\\\/chantier.jpg\",\"width\":1200,\"height\":800},{\"@type\":\"BreadcrumbList\",\"@id\":\"https:\\\/\\\/batijournal.com\\\/index.php\\\/mediation-avec-les-consommateurs-les-professionnels-du-batiment-se-preparent\\\/90550\\\/#breadcrumb\",\"itemListElement\":[{\"@type\":\"ListItem\",\"position\":1,\"name\":\"Accueil\",\"item\":\"https:\\\/\\\/batijournal.com\\\/\"},{\"@type\":\"ListItem\",\"position\":2,\"name\":\"Actualit\u00e9s\",\"item\":\"https:\\\/\\\/batijournal.com\\\/index.php\\\/category\\\/actualites\\\/\"},{\"@type\":\"ListItem\",\"position\":3,\"name\":\"\u00c9conomie &amp; March\u00e9s\",\"item\":\"https:\\\/\\\/batijournal.com\\\/index.php\\\/category\\\/actualites\\\/economie-marches\\\/\"},{\"@type\":\"ListItem\",\"position\":4,\"name\":\"M\u00e9diation avec les consommateurs : les professionnels du b\u00e2timent se pr\u00e9parent\"}]},{\"@type\":\"WebSite\",\"@id\":\"https:\\\/\\\/batijournal.com\\\/#website\",\"url\":\"https:\\\/\\\/batijournal.com\\\/\",\"name\":\"Batijournal\",\"description\":\"L&#039;actualit\u00e9 du b\u00e2timent\",\"potentialAction\":[{\"@type\":\"SearchAction\",\"target\":{\"@type\":\"EntryPoint\",\"urlTemplate\":\"https:\\\/\\\/batijournal.com\\\/?s={search_term_string}\"},\"query-input\":{\"@type\":\"PropertyValueSpecification\",\"valueRequired\":true,\"valueName\":\"search_term_string\"}}],\"inLanguage\":\"fr-FR\"},{\"@type\":\"Person\",\"@id\":\"https:\\\/\\\/batijournal.com\\\/#\\\/schema\\\/person\\\/1dc96ec6957aa1ccb25ebe78bb19f100\",\"name\":\"St\u00e9phane Miget\",\"image\":{\"@type\":\"ImageObject\",\"inLanguage\":\"fr-FR\",\"@id\":\"https:\\\/\\\/secure.gravatar.com\\\/avatar\\\/89915563d925342126b8ef0281b93d9d7fc337043e8df017f780908eb9644451?s=96&d=mm&r=g\",\"url\":\"https:\\\/\\\/secure.gravatar.com\\\/avatar\\\/89915563d925342126b8ef0281b93d9d7fc337043e8df017f780908eb9644451?s=96&d=mm&r=g\",\"contentUrl\":\"https:\\\/\\\/secure.gravatar.com\\\/avatar\\\/89915563d925342126b8ef0281b93d9d7fc337043e8df017f780908eb9644451?s=96&d=mm&r=g\",\"caption\":\"St\u00e9phane Miget\"},\"url\":\"https:\\\/\\\/batijournal.com\\\/index.php\\\/author\\\/stephane\\\/\"}]}<\/script>\n<!-- \/ Yoast SEO plugin. -->","yoast_head_json":{"title":"M\u00e9diation avec les consommateurs : les professionnels du b\u00e2timent se pr\u00e9parent","robots":{"index":"index","follow":"follow","max-snippet":"max-snippet:-1","max-image-preview":"max-image-preview:large","max-video-preview":"max-video-preview:-1"},"canonical":"https:\/\/batijournal.com\/index.php\/mediation-avec-les-consommateurs-les-professionnels-du-batiment-se-preparent\/90550\/","og_locale":"fr_FR","og_type":"article","og_title":"M\u00e9diation avec les consommateurs : les professionnels du b\u00e2timent se pr\u00e9parent","og_description":"A compter du 1er janvier 2016, tous les professionnels devront proposer \u00e0 leurs clients consommateurs une proc\u00e9dure de m\u00e9diation gratuite accessible par courrier ou en ligne sur internet. La FFB, la Chambre Nationale des Huissiers de Justice (CNHJ) et M\u00e9dicys ont souhait\u00e9 s\u2019engager ensemble pour mettre en \u0153uvre la m\u00e9diation de la consommation dans les [&hellip;]","og_url":"https:\/\/batijournal.com\/index.php\/mediation-avec-les-consommateurs-les-professionnels-du-batiment-se-preparent\/90550\/","og_site_name":"Batijournal","article_published_time":"2015-11-24T09:36:29+00:00","article_modified_time":"2019-07-15T10:08:55+00:00","og_image":[{"width":1200,"height":800,"url":"https:\/\/batijournal.com\/wp-content\/uploads\/2015\/11\/chantier.jpg","type":"image\/jpeg"}],"author":"St\u00e9phane Miget","twitter_card":"summary_large_image","twitter_creator":"@bati_journal","twitter_site":"@bati_journal","twitter_misc":{"\u00c9crit par":"St\u00e9phane Miget","Dur\u00e9e de lecture estim\u00e9e":"1 minute"},"schema":{"@context":"https:\/\/schema.org","@graph":[{"@type":"Article","@id":"https:\/\/batijournal.com\/index.php\/mediation-avec-les-consommateurs-les-professionnels-du-batiment-se-preparent\/90550\/#article","isPartOf":{"@id":"https:\/\/batijournal.com\/index.php\/mediation-avec-les-consommateurs-les-professionnels-du-batiment-se-preparent\/90550\/"},"author":{"name":"St\u00e9phane Miget","@id":"https:\/\/batijournal.com\/#\/schema\/person\/1dc96ec6957aa1ccb25ebe78bb19f100"},"headline":"M\u00e9diation avec les consommateurs : les professionnels du b\u00e2timent se pr\u00e9parent","datePublished":"2015-11-24T09:36:29+00:00","dateModified":"2019-07-15T10:08:55+00:00","mainEntityOfPage":{"@id":"https:\/\/batijournal.com\/index.php\/mediation-avec-les-consommateurs-les-professionnels-du-batiment-se-preparent\/90550\/"},"wordCount":206,"image":{"@id":"https:\/\/batijournal.com\/index.php\/mediation-avec-les-consommateurs-les-professionnels-du-batiment-se-preparent\/90550\/#primaryimage"},"thumbnailUrl":"https:\/\/batijournal.com\/wp-content\/uploads\/2015\/11\/chantier.jpg","keywords":["ffb"],"articleSection":["Actualit\u00e9s","\u00c9conomie &amp; March\u00e9s"],"inLanguage":"fr-FR"},{"@type":"WebPage","@id":"https:\/\/batijournal.com\/index.php\/mediation-avec-les-consommateurs-les-professionnels-du-batiment-se-preparent\/90550\/","url":"https:\/\/batijournal.com\/index.php\/mediation-avec-les-consommateurs-les-professionnels-du-batiment-se-preparent\/90550\/","name":"M\u00e9diation avec les consommateurs : les professionnels du b\u00e2timent se pr\u00e9parent","isPartOf":{"@id":"https:\/\/batijournal.com\/#website"},"primaryImageOfPage":{"@id":"https:\/\/batijournal.com\/index.php\/mediation-avec-les-consommateurs-les-professionnels-du-batiment-se-preparent\/90550\/#primaryimage"},"image":{"@id":"https:\/\/batijournal.com\/index.php\/mediation-avec-les-consommateurs-les-professionnels-du-batiment-se-preparent\/90550\/#primaryimage"},"thumbnailUrl":"https:\/\/batijournal.com\/wp-content\/uploads\/2015\/11\/chantier.jpg","datePublished":"2015-11-24T09:36:29+00:00","dateModified":"2019-07-15T10:08:55+00:00","author":{"@id":"https:\/\/batijournal.com\/#\/schema\/person\/1dc96ec6957aa1ccb25ebe78bb19f100"},"breadcrumb":{"@id":"https:\/\/batijournal.com\/index.php\/mediation-avec-les-consommateurs-les-professionnels-du-batiment-se-preparent\/90550\/#breadcrumb"},"inLanguage":"fr-FR","potentialAction":[{"@type":"ReadAction","target":["https:\/\/batijournal.com\/index.php\/mediation-avec-les-consommateurs-les-professionnels-du-batiment-se-preparent\/90550\/"]}]},{"@type":"ImageObject","inLanguage":"fr-FR","@id":"https:\/\/batijournal.com\/index.php\/mediation-avec-les-consommateurs-les-professionnels-du-batiment-se-preparent\/90550\/#primaryimage","url":"https:\/\/batijournal.com\/wp-content\/uploads\/2015\/11\/chantier.jpg","contentUrl":"https:\/\/batijournal.com\/wp-content\/uploads\/2015\/11\/chantier.jpg","width":1200,"height":800},{"@type":"BreadcrumbList","@id":"https:\/\/batijournal.com\/index.php\/mediation-avec-les-consommateurs-les-professionnels-du-batiment-se-preparent\/90550\/#breadcrumb","itemListElement":[{"@type":"ListItem","position":1,"name":"Accueil","item":"https:\/\/batijournal.com\/"},{"@type":"ListItem","position":2,"name":"Actualit\u00e9s","item":"https:\/\/batijournal.com\/index.php\/category\/actualites\/"},{"@type":"ListItem","position":3,"name":"\u00c9conomie &amp; March\u00e9s","item":"https:\/\/batijournal.com\/index.php\/category\/actualites\/economie-marches\/"},{"@type":"ListItem","position":4,"name":"M\u00e9diation avec les consommateurs : les professionnels du b\u00e2timent se pr\u00e9parent"}]},{"@type":"WebSite","@id":"https:\/\/batijournal.com\/#website","url":"https:\/\/batijournal.com\/","name":"Batijournal","description":"L&#039;actualit\u00e9 du b\u00e2timent","potentialAction":[{"@type":"SearchAction","target":{"@type":"EntryPoint","urlTemplate":"https:\/\/batijournal.com\/?s={search_term_string}"},"query-input":{"@type":"PropertyValueSpecification","valueRequired":true,"valueName":"search_term_string"}}],"inLanguage":"fr-FR"},{"@type":"Person","@id":"https:\/\/batijournal.com\/#\/schema\/person\/1dc96ec6957aa1ccb25ebe78bb19f100","name":"St\u00e9phane Miget","image":{"@type":"ImageObject","inLanguage":"fr-FR","@id":"https:\/\/secure.gravatar.com\/avatar\/89915563d925342126b8ef0281b93d9d7fc337043e8df017f780908eb9644451?s=96&d=mm&r=g","url":"https:\/\/secure.gravatar.com\/avatar\/89915563d925342126b8ef0281b93d9d7fc337043e8df017f780908eb9644451?s=96&d=mm&r=g","contentUrl":"https:\/\/secure.gravatar.com\/avatar\/89915563d925342126b8ef0281b93d9d7fc337043e8df017f780908eb9644451?s=96&d=mm&r=g","caption":"St\u00e9phane Miget"},"url":"https:\/\/batijournal.com\/index.php\/author\/stephane\/"}]}},"_links":{"self":[{"href":"https:\/\/batijournal.com\/index.php\/wp-json\/wp\/v2\/posts\/90550","targetHints":{"allow":["GET"]}}],"collection":[{"href":"https:\/\/batijournal.com\/index.php\/wp-json\/wp\/v2\/posts"}],"about":[{"href":"https:\/\/batijournal.com\/index.php\/wp-json\/wp\/v2\/types\/post"}],"author":[{"embeddable":true,"href":"https:\/\/batijournal.com\/index.php\/wp-json\/wp\/v2\/users\/17"}],"replies":[{"embeddable":true,"href":"https:\/\/batijournal.com\/index.php\/wp-json\/wp\/v2\/comments?post=90550"}],"version-history":[{"count":0,"href":"https:\/\/batijournal.com\/index.php\/wp-json\/wp\/v2\/posts\/90550\/revisions"}],"wp:featuredmedia":[{"embeddable":true,"href":"https:\/\/batijournal.com\/index.php\/wp-json\/wp\/v2\/media\/90551"}],"wp:attachment":[{"href":"https:\/\/batijournal.com\/index.php\/wp-json\/wp\/v2\/media?parent=90550"}],"wp:term":[{"taxonomy":"category","embeddable":true,"href":"https:\/\/batijournal.com\/index.php\/wp-json\/wp\/v2\/categories?post=90550"},{"taxonomy":"post_tag","embeddable":true,"href":"https:\/\/batijournal.com\/index.php\/wp-json\/wp\/v2\/tags?post=90550"}],"curies":[{"name":"wp","href":"https:\/\/api.w.org\/{rel}","templated":true}]}}