{"id":90611,"date":"2015-11-27T05:44:22","date_gmt":"2015-11-27T04:44:22","guid":{"rendered":"http:\/\/batijournal.com\/?p=90611"},"modified":"2019-07-15T11:34:13","modified_gmt":"2019-07-15T09:34:13","slug":"90611-2","status":"publish","type":"post","link":"https:\/\/batijournal.com\/index.php\/90611-2\/90611\/","title":{"rendered":"L&rsquo;\u00cele-de-France se dote d&rsquo;un m\u00e9diateur de la construction de logements"},"content":{"rendered":"<p>Jean-Fran\u00e7ois Carenco, pr\u00e9fet de la r\u00e9gion d\u2019\u00cele-de-France, pr\u00e9fet de Paris, a nomm\u00e9 Jean Rebuffel, m\u00e9diateur r\u00e9gional de la construction de logements. Ce nouveau m\u00e9diateur fournira un appui ind\u00e9pendant de l\u2019administration \u00e0 l\u2019analyse des projets bloqu\u00e9s de logements collectifs pour faciliter leur mise au point et leur lancement effectif : d\u00e9bloquer des permis de construire, trouver un accord entre les parties sur les programmations ou les financement. Il pourra \u00eatre saisi par les op\u00e9rateurs institutionnels, par les communes et les pr\u00e9sidents d\u2019EPCI, par les am\u00e9nageurs pour des op\u00e9rations de logements, dans les cas de blocage de projets importants (plus de 50 logements) pour \u00eatre le \u00ab guichet unique \u00bb et pr\u00e9parer une \u00e9ventuelle action de l\u2019\u00c9tat pour d\u00e9bloquer les op\u00e9rations, en proposant au pr\u00e9fet de d\u00e9partement les voies et moyens de la m\u00e9diation, et en informe le pr\u00e9fet de r\u00e9gion. Les pr\u00e9fets de d\u00e9partements pourront \u00e9galement solliciter le m\u00e9diateur. Si le m\u00e9diateur est saisi pour d\u00e9bloquer des permis de construire d\u2019entreprises sur des questions relatives au droit de l\u2019urbanisme, il agira de m\u00eame en lien avec le commissaire au redressement productif. Il rendra compte de son activit\u00e9 au Comit\u00e9 r\u00e9gional de l\u2019Habitat et de l\u2019H\u00e9bergement (CRHH) tous les trimestres.<\/p>\n<p><a href=\"mailto:pref-mediateur-construction-logement@paris-idf.gouv.fr\">pref-mediateur-construction-logement@paris-idf.gouv.fr<\/a><\/p>\n","protected":false},"excerpt":{"rendered":"<p>Jean-Fran\u00e7ois Carenco, pr\u00e9fet de la r\u00e9gion d\u2019\u00cele-de-France, pr\u00e9fet de Paris, a nomm\u00e9 Jean Rebuffel, m\u00e9diateur r\u00e9gional de la construction de logements. Ce nouveau m\u00e9diateur fournira un appui ind\u00e9pendant de l\u2019administration \u00e0 l\u2019analyse des projets bloqu\u00e9s de logements collectifs pour faciliter leur mise au point et leur lancement effectif : d\u00e9bloquer des permis de construire, trouver [&hellip;]<\/p>\n","protected":false},"author":17,"featured_media":90612,"comment_status":"closed","ping_status":"closed","sticky":false,"template":"","format":"standard","meta":{"_et_pb_use_builder":"","_et_pb_old_content":"","_et_gb_content_width":"","footnotes":""},"categories":[6345],"tags":[],"class_list":["post-90611","post","type-post","status-publish","format-standard","has-post-thumbnail","hentry","category-economie-marches"],"yoast_head":"<!-- This site is optimized with the Yoast SEO plugin v27.4 - https:\/\/yoast.com\/product\/yoast-seo-wordpress\/ -->\n<title>L&#039;\u00cele-de-France se dote d&#039;un m\u00e9diateur de la construction de logements<\/title>\n<meta name=\"robots\" content=\"index, follow, max-snippet:-1, max-image-preview:large, max-video-preview:-1\" \/>\n<link rel=\"canonical\" href=\"https:\/\/batijournal.com\/index.php\/90611-2\/90611\/\" \/>\n<meta property=\"og:locale\" content=\"fr_FR\" \/>\n<meta property=\"og:type\" content=\"article\" \/>\n<meta property=\"og:title\" content=\"L&#039;\u00cele-de-France se dote d&#039;un m\u00e9diateur de la construction de logements\" \/>\n<meta property=\"og:description\" content=\"Jean-Fran\u00e7ois Carenco, pr\u00e9fet de la r\u00e9gion d\u2019\u00cele-de-France, pr\u00e9fet de Paris, a nomm\u00e9 Jean Rebuffel, m\u00e9diateur r\u00e9gional de la construction de logements. Ce nouveau m\u00e9diateur fournira un appui ind\u00e9pendant de l\u2019administration \u00e0 l\u2019analyse des projets bloqu\u00e9s de logements collectifs pour faciliter leur mise au point et leur lancement effectif : d\u00e9bloquer des permis de construire, trouver [&hellip;]\" \/>\n<meta property=\"og:url\" content=\"https:\/\/batijournal.com\/index.php\/90611-2\/90611\/\" \/>\n<meta property=\"og:site_name\" content=\"Batijournal\" \/>\n<meta property=\"article:published_time\" content=\"2015-11-27T04:44:22+00:00\" \/>\n<meta property=\"article:modified_time\" content=\"2019-07-15T09:34:13+00:00\" \/>\n<meta property=\"og:image\" content=\"https:\/\/batijournal.com\/wp-content\/uploads\/2015\/11\/Installation-aupres-du-prefet-de-la-region-d-Ile-de-France-prefet-de-Paris-d-un-mediateur-regional-de-la-construction-de-logements.jpg\" \/>\n\t<meta property=\"og:image:width\" content=\"762\" \/>\n\t<meta property=\"og:image:height\" content=\"510\" \/>\n\t<meta property=\"og:image:type\" content=\"image\/jpeg\" \/>\n<meta name=\"author\" content=\"St\u00e9phane Miget\" \/>\n<meta name=\"twitter:card\" content=\"summary_large_image\" \/>\n<meta name=\"twitter:creator\" content=\"@bati_journal\" \/>\n<meta name=\"twitter:site\" content=\"@bati_journal\" \/>\n<meta name=\"twitter:label1\" content=\"\u00c9crit par\" \/>\n\t<meta name=\"twitter:data1\" content=\"St\u00e9phane Miget\" \/>\n\t<meta name=\"twitter:label2\" content=\"Dur\u00e9e de lecture estim\u00e9e\" \/>\n\t<meta name=\"twitter:data2\" content=\"1 minute\" \/>\n<script type=\"application\/ld+json\" class=\"yoast-schema-graph\">{\"@context\":\"https:\\\/\\\/schema.org\",\"@graph\":[{\"@type\":\"Article\",\"@id\":\"https:\\\/\\\/batijournal.com\\\/index.php\\\/90611-2\\\/90611\\\/#article\",\"isPartOf\":{\"@id\":\"https:\\\/\\\/batijournal.com\\\/index.php\\\/90611-2\\\/90611\\\/\"},\"author\":{\"name\":\"St\u00e9phane Miget\",\"@id\":\"https:\\\/\\\/batijournal.com\\\/#\\\/schema\\\/person\\\/1dc96ec6957aa1ccb25ebe78bb19f100\"},\"headline\":\"L&rsquo;\u00cele-de-France se dote d&rsquo;un m\u00e9diateur de la construction de logements\",\"datePublished\":\"2015-11-27T04:44:22+00:00\",\"dateModified\":\"2019-07-15T09:34:13+00:00\",\"mainEntityOfPage\":{\"@id\":\"https:\\\/\\\/batijournal.com\\\/index.php\\\/90611-2\\\/90611\\\/\"},\"wordCount\":249,\"image\":{\"@id\":\"https:\\\/\\\/batijournal.com\\\/index.php\\\/90611-2\\\/90611\\\/#primaryimage\"},\"thumbnailUrl\":\"https:\\\/\\\/batijournal.com\\\/wp-content\\\/uploads\\\/2015\\\/11\\\/Installation-aupres-du-prefet-de-la-region-d-Ile-de-France-prefet-de-Paris-d-un-mediateur-regional-de-la-construction-de-logements.jpg\",\"articleSection\":[\"\u00c9conomie &amp; March\u00e9s\"],\"inLanguage\":\"fr-FR\"},{\"@type\":\"WebPage\",\"@id\":\"https:\\\/\\\/batijournal.com\\\/index.php\\\/90611-2\\\/90611\\\/\",\"url\":\"https:\\\/\\\/batijournal.com\\\/index.php\\\/90611-2\\\/90611\\\/\",\"name\":\"L'\u00cele-de-France se dote d'un m\u00e9diateur de la construction de logements\",\"isPartOf\":{\"@id\":\"https:\\\/\\\/batijournal.com\\\/#website\"},\"primaryImageOfPage\":{\"@id\":\"https:\\\/\\\/batijournal.com\\\/index.php\\\/90611-2\\\/90611\\\/#primaryimage\"},\"image\":{\"@id\":\"https:\\\/\\\/batijournal.com\\\/index.php\\\/90611-2\\\/90611\\\/#primaryimage\"},\"thumbnailUrl\":\"https:\\\/\\\/batijournal.com\\\/wp-content\\\/uploads\\\/2015\\\/11\\\/Installation-aupres-du-prefet-de-la-region-d-Ile-de-France-prefet-de-Paris-d-un-mediateur-regional-de-la-construction-de-logements.jpg\",\"datePublished\":\"2015-11-27T04:44:22+00:00\",\"dateModified\":\"2019-07-15T09:34:13+00:00\",\"author\":{\"@id\":\"https:\\\/\\\/batijournal.com\\\/#\\\/schema\\\/person\\\/1dc96ec6957aa1ccb25ebe78bb19f100\"},\"breadcrumb\":{\"@id\":\"https:\\\/\\\/batijournal.com\\\/index.php\\\/90611-2\\\/90611\\\/#breadcrumb\"},\"inLanguage\":\"fr-FR\",\"potentialAction\":[{\"@type\":\"ReadAction\",\"target\":[\"https:\\\/\\\/batijournal.com\\\/index.php\\\/90611-2\\\/90611\\\/\"]}]},{\"@type\":\"ImageObject\",\"inLanguage\":\"fr-FR\",\"@id\":\"https:\\\/\\\/batijournal.com\\\/index.php\\\/90611-2\\\/90611\\\/#primaryimage\",\"url\":\"https:\\\/\\\/batijournal.com\\\/wp-content\\\/uploads\\\/2015\\\/11\\\/Installation-aupres-du-prefet-de-la-region-d-Ile-de-France-prefet-de-Paris-d-un-mediateur-regional-de-la-construction-de-logements.jpg\",\"contentUrl\":\"https:\\\/\\\/batijournal.com\\\/wp-content\\\/uploads\\\/2015\\\/11\\\/Installation-aupres-du-prefet-de-la-region-d-Ile-de-France-prefet-de-Paris-d-un-mediateur-regional-de-la-construction-de-logements.jpg\",\"width\":762,\"height\":510},{\"@type\":\"BreadcrumbList\",\"@id\":\"https:\\\/\\\/batijournal.com\\\/index.php\\\/90611-2\\\/90611\\\/#breadcrumb\",\"itemListElement\":[{\"@type\":\"ListItem\",\"position\":1,\"name\":\"Accueil\",\"item\":\"https:\\\/\\\/batijournal.com\\\/\"},{\"@type\":\"ListItem\",\"position\":2,\"name\":\"Actualit\u00e9s\",\"item\":\"https:\\\/\\\/batijournal.com\\\/index.php\\\/category\\\/actualites\\\/\"},{\"@type\":\"ListItem\",\"position\":3,\"name\":\"\u00c9conomie &amp; March\u00e9s\",\"item\":\"https:\\\/\\\/batijournal.com\\\/index.php\\\/category\\\/actualites\\\/economie-marches\\\/\"},{\"@type\":\"ListItem\",\"position\":4,\"name\":\"L&rsquo;\u00cele-de-France se dote d&rsquo;un m\u00e9diateur de la construction de logements\"}]},{\"@type\":\"WebSite\",\"@id\":\"https:\\\/\\\/batijournal.com\\\/#website\",\"url\":\"https:\\\/\\\/batijournal.com\\\/\",\"name\":\"Batijournal\",\"description\":\"L&#039;actualit\u00e9 du b\u00e2timent\",\"potentialAction\":[{\"@type\":\"SearchAction\",\"target\":{\"@type\":\"EntryPoint\",\"urlTemplate\":\"https:\\\/\\\/batijournal.com\\\/?s={search_term_string}\"},\"query-input\":{\"@type\":\"PropertyValueSpecification\",\"valueRequired\":true,\"valueName\":\"search_term_string\"}}],\"inLanguage\":\"fr-FR\"},{\"@type\":\"Person\",\"@id\":\"https:\\\/\\\/batijournal.com\\\/#\\\/schema\\\/person\\\/1dc96ec6957aa1ccb25ebe78bb19f100\",\"name\":\"St\u00e9phane Miget\",\"image\":{\"@type\":\"ImageObject\",\"inLanguage\":\"fr-FR\",\"@id\":\"https:\\\/\\\/secure.gravatar.com\\\/avatar\\\/89915563d925342126b8ef0281b93d9d7fc337043e8df017f780908eb9644451?s=96&d=mm&r=g\",\"url\":\"https:\\\/\\\/secure.gravatar.com\\\/avatar\\\/89915563d925342126b8ef0281b93d9d7fc337043e8df017f780908eb9644451?s=96&d=mm&r=g\",\"contentUrl\":\"https:\\\/\\\/secure.gravatar.com\\\/avatar\\\/89915563d925342126b8ef0281b93d9d7fc337043e8df017f780908eb9644451?s=96&d=mm&r=g\",\"caption\":\"St\u00e9phane Miget\"},\"url\":\"https:\\\/\\\/batijournal.com\\\/index.php\\\/author\\\/stephane\\\/\"}]}<\/script>\n<!-- \/ Yoast SEO plugin. -->","yoast_head_json":{"title":"L'\u00cele-de-France se dote d'un m\u00e9diateur de la construction de logements","robots":{"index":"index","follow":"follow","max-snippet":"max-snippet:-1","max-image-preview":"max-image-preview:large","max-video-preview":"max-video-preview:-1"},"canonical":"https:\/\/batijournal.com\/index.php\/90611-2\/90611\/","og_locale":"fr_FR","og_type":"article","og_title":"L'\u00cele-de-France se dote d'un m\u00e9diateur de la construction de logements","og_description":"Jean-Fran\u00e7ois Carenco, pr\u00e9fet de la r\u00e9gion d\u2019\u00cele-de-France, pr\u00e9fet de Paris, a nomm\u00e9 Jean Rebuffel, m\u00e9diateur r\u00e9gional de la construction de logements. Ce nouveau m\u00e9diateur fournira un appui ind\u00e9pendant de l\u2019administration \u00e0 l\u2019analyse des projets bloqu\u00e9s de logements collectifs pour faciliter leur mise au point et leur lancement effectif : d\u00e9bloquer des permis de construire, trouver [&hellip;]","og_url":"https:\/\/batijournal.com\/index.php\/90611-2\/90611\/","og_site_name":"Batijournal","article_published_time":"2015-11-27T04:44:22+00:00","article_modified_time":"2019-07-15T09:34:13+00:00","og_image":[{"width":762,"height":510,"url":"https:\/\/batijournal.com\/wp-content\/uploads\/2015\/11\/Installation-aupres-du-prefet-de-la-region-d-Ile-de-France-prefet-de-Paris-d-un-mediateur-regional-de-la-construction-de-logements.jpg","type":"image\/jpeg"}],"author":"St\u00e9phane Miget","twitter_card":"summary_large_image","twitter_creator":"@bati_journal","twitter_site":"@bati_journal","twitter_misc":{"\u00c9crit par":"St\u00e9phane Miget","Dur\u00e9e de lecture estim\u00e9e":"1 minute"},"schema":{"@context":"https:\/\/schema.org","@graph":[{"@type":"Article","@id":"https:\/\/batijournal.com\/index.php\/90611-2\/90611\/#article","isPartOf":{"@id":"https:\/\/batijournal.com\/index.php\/90611-2\/90611\/"},"author":{"name":"St\u00e9phane Miget","@id":"https:\/\/batijournal.com\/#\/schema\/person\/1dc96ec6957aa1ccb25ebe78bb19f100"},"headline":"L&rsquo;\u00cele-de-France se dote d&rsquo;un m\u00e9diateur de la construction de logements","datePublished":"2015-11-27T04:44:22+00:00","dateModified":"2019-07-15T09:34:13+00:00","mainEntityOfPage":{"@id":"https:\/\/batijournal.com\/index.php\/90611-2\/90611\/"},"wordCount":249,"image":{"@id":"https:\/\/batijournal.com\/index.php\/90611-2\/90611\/#primaryimage"},"thumbnailUrl":"https:\/\/batijournal.com\/wp-content\/uploads\/2015\/11\/Installation-aupres-du-prefet-de-la-region-d-Ile-de-France-prefet-de-Paris-d-un-mediateur-regional-de-la-construction-de-logements.jpg","articleSection":["\u00c9conomie &amp; March\u00e9s"],"inLanguage":"fr-FR"},{"@type":"WebPage","@id":"https:\/\/batijournal.com\/index.php\/90611-2\/90611\/","url":"https:\/\/batijournal.com\/index.php\/90611-2\/90611\/","name":"L'\u00cele-de-France se dote d'un m\u00e9diateur de la construction de logements","isPartOf":{"@id":"https:\/\/batijournal.com\/#website"},"primaryImageOfPage":{"@id":"https:\/\/batijournal.com\/index.php\/90611-2\/90611\/#primaryimage"},"image":{"@id":"https:\/\/batijournal.com\/index.php\/90611-2\/90611\/#primaryimage"},"thumbnailUrl":"https:\/\/batijournal.com\/wp-content\/uploads\/2015\/11\/Installation-aupres-du-prefet-de-la-region-d-Ile-de-France-prefet-de-Paris-d-un-mediateur-regional-de-la-construction-de-logements.jpg","datePublished":"2015-11-27T04:44:22+00:00","dateModified":"2019-07-15T09:34:13+00:00","author":{"@id":"https:\/\/batijournal.com\/#\/schema\/person\/1dc96ec6957aa1ccb25ebe78bb19f100"},"breadcrumb":{"@id":"https:\/\/batijournal.com\/index.php\/90611-2\/90611\/#breadcrumb"},"inLanguage":"fr-FR","potentialAction":[{"@type":"ReadAction","target":["https:\/\/batijournal.com\/index.php\/90611-2\/90611\/"]}]},{"@type":"ImageObject","inLanguage":"fr-FR","@id":"https:\/\/batijournal.com\/index.php\/90611-2\/90611\/#primaryimage","url":"https:\/\/batijournal.com\/wp-content\/uploads\/2015\/11\/Installation-aupres-du-prefet-de-la-region-d-Ile-de-France-prefet-de-Paris-d-un-mediateur-regional-de-la-construction-de-logements.jpg","contentUrl":"https:\/\/batijournal.com\/wp-content\/uploads\/2015\/11\/Installation-aupres-du-prefet-de-la-region-d-Ile-de-France-prefet-de-Paris-d-un-mediateur-regional-de-la-construction-de-logements.jpg","width":762,"height":510},{"@type":"BreadcrumbList","@id":"https:\/\/batijournal.com\/index.php\/90611-2\/90611\/#breadcrumb","itemListElement":[{"@type":"ListItem","position":1,"name":"Accueil","item":"https:\/\/batijournal.com\/"},{"@type":"ListItem","position":2,"name":"Actualit\u00e9s","item":"https:\/\/batijournal.com\/index.php\/category\/actualites\/"},{"@type":"ListItem","position":3,"name":"\u00c9conomie &amp; March\u00e9s","item":"https:\/\/batijournal.com\/index.php\/category\/actualites\/economie-marches\/"},{"@type":"ListItem","position":4,"name":"L&rsquo;\u00cele-de-France se dote d&rsquo;un m\u00e9diateur de la construction de logements"}]},{"@type":"WebSite","@id":"https:\/\/batijournal.com\/#website","url":"https:\/\/batijournal.com\/","name":"Batijournal","description":"L&#039;actualit\u00e9 du b\u00e2timent","potentialAction":[{"@type":"SearchAction","target":{"@type":"EntryPoint","urlTemplate":"https:\/\/batijournal.com\/?s={search_term_string}"},"query-input":{"@type":"PropertyValueSpecification","valueRequired":true,"valueName":"search_term_string"}}],"inLanguage":"fr-FR"},{"@type":"Person","@id":"https:\/\/batijournal.com\/#\/schema\/person\/1dc96ec6957aa1ccb25ebe78bb19f100","name":"St\u00e9phane Miget","image":{"@type":"ImageObject","inLanguage":"fr-FR","@id":"https:\/\/secure.gravatar.com\/avatar\/89915563d925342126b8ef0281b93d9d7fc337043e8df017f780908eb9644451?s=96&d=mm&r=g","url":"https:\/\/secure.gravatar.com\/avatar\/89915563d925342126b8ef0281b93d9d7fc337043e8df017f780908eb9644451?s=96&d=mm&r=g","contentUrl":"https:\/\/secure.gravatar.com\/avatar\/89915563d925342126b8ef0281b93d9d7fc337043e8df017f780908eb9644451?s=96&d=mm&r=g","caption":"St\u00e9phane Miget"},"url":"https:\/\/batijournal.com\/index.php\/author\/stephane\/"}]}},"_links":{"self":[{"href":"https:\/\/batijournal.com\/index.php\/wp-json\/wp\/v2\/posts\/90611","targetHints":{"allow":["GET"]}}],"collection":[{"href":"https:\/\/batijournal.com\/index.php\/wp-json\/wp\/v2\/posts"}],"about":[{"href":"https:\/\/batijournal.com\/index.php\/wp-json\/wp\/v2\/types\/post"}],"author":[{"embeddable":true,"href":"https:\/\/batijournal.com\/index.php\/wp-json\/wp\/v2\/users\/17"}],"replies":[{"embeddable":true,"href":"https:\/\/batijournal.com\/index.php\/wp-json\/wp\/v2\/comments?post=90611"}],"version-history":[{"count":0,"href":"https:\/\/batijournal.com\/index.php\/wp-json\/wp\/v2\/posts\/90611\/revisions"}],"wp:featuredmedia":[{"embeddable":true,"href":"https:\/\/batijournal.com\/index.php\/wp-json\/wp\/v2\/media\/90612"}],"wp:attachment":[{"href":"https:\/\/batijournal.com\/index.php\/wp-json\/wp\/v2\/media?parent=90611"}],"wp:term":[{"taxonomy":"category","embeddable":true,"href":"https:\/\/batijournal.com\/index.php\/wp-json\/wp\/v2\/categories?post=90611"},{"taxonomy":"post_tag","embeddable":true,"href":"https:\/\/batijournal.com\/index.php\/wp-json\/wp\/v2\/tags?post=90611"}],"curies":[{"name":"wp","href":"https:\/\/api.w.org\/{rel}","templated":true}]}}