{"id":90632,"date":"2015-11-30T09:00:52","date_gmt":"2015-11-30T08:00:52","guid":{"rendered":"http:\/\/batijournal.com\/?p=90632"},"modified":"2020-07-17T13:52:55","modified_gmt":"2020-07-17T11:52:55","slug":"paroles-de-specialistes-reglementation-incendie-en-facade","status":"publish","type":"post","link":"https:\/\/batijournal.com\/index.php\/paroles-de-specialistes-reglementation-incendie-en-facade\/90632\/","title":{"rendered":"Paroles de sp\u00e9cialistes : r\u00e9glementation incendie en fa\u00e7ade"},"content":{"rendered":"<h2><strong>Batimat, le 6 novembre dernier, sur le plateau t\u00e9l\u00e9 bati-journal.tv, pour la derni\u00e8re Matinale de la construction bois, St\u00e9phane Miget recevait quatre acteurs de la r\u00e9glementation incendie et de l\u2019industrie de la construction pour \u00e9changer autour de la th\u00e9matique \u00ab\u00a0R\u00e9glementation incendie en fa\u00e7ade\u00a0\u00bb\u00a0: Arnaud Maillard, charg\u00e9 d\u2019affaires chez Piveteau Bois\u00a0; St\u00e9phane Hameury, chef de division au CSTB\u00a0; Bruce Le Madec, chef de projet S\u00e9curit\u00e9 incendie, Rockwool France\u00a0; Dominique Girard, directeur technique chez Sto<\/strong><\/h2>\n<p>Il faut distinguer la r\u00e9sistance au feu, procur\u00e9e par exemple par les sections de bois calcul\u00e9es par les BET pour garantir la stabilit\u00e9 du b\u00e2timent, de la r\u00e9action au feu qui concerne le mat\u00e9riau en fa\u00e7ade. Mais le mat\u00e9riau n\u2019entre pas seul en ligne de compte, c\u2019est le complexe de fa\u00e7ade entier qui est class\u00e9\u00a0: profil, section, mise en \u0153uvre, usage, traitement (sel de bore), finition hydrofuge, entretien. La technologie IgniB, pr\u00e9sent\u00e9e sur le salon, permet d\u2019obtenir l\u2019Euroclasse B, soit M1, et de r\u00e9aliser des fa\u00e7ades plus hautes, sans finition, assurant la s\u00e9curit\u00e9 incendie m\u00eame sans entretien. Ce traitement s\u2019applique en Euroclasse B \u00e0 tous nos bardages, quels que soient l\u2019essence utilis\u00e9e, le profil, le mode de pose, ainsi qu\u2019\u00e0 nos bois thermochauff\u00e9s. Nous menons aussi des campagnes d\u2019essai et travaillons \u00e0 un proc\u00e9d\u00e9 d\u2019ignifugation, notamment du claire-voie, qui convienne \u00e0 tous les projets architecturaux par ses teintes.<\/p>\n<p><strong>Arnaud Maillard, charg\u00e9 d\u2019affaires chez Piveteau Bois\u00a0<\/strong><\/p>\n<p>Un chapitre de l\u2019IT 249 d\u00e9di\u00e9 aux fa\u00e7ades bois ventil\u00e9es en CLT ou ossature bois d\u00e9finit les exigences et prescriptions pour assurer leur bonne conception face au risque propagation feu bois fa\u00e7ade\u00a0: par exemple, insertion d\u2019isolants non combustibles A2, s2, d0 entre les montants d\u2019ossature\u00a0; recoupement de la fa\u00e7ade \u00e0 chaque \u00e9tage par une bavette m\u00e9tallique ou un d\u00e9flecteur qui permettent d\u2019\u00e9viter l\u2019effet chemin\u00e9e au niveau du bardage ventil\u00e9. L\u2019objectif de l\u2019\u00c9tat, aujourd\u2019hui, vise la r\u00e9daction de guides qui pr\u00e9cisent ces principes constructifs sur chacune des technologies propos\u00e9es dans l\u2019IT 249 et en particulier en fa\u00e7ade bois, domaine dans lequel le CSTB \u0153uvre depuis 3 \u00e0 4 ans avec FCBA et le soutien du Codifab, en appui \u00e0 la fili\u00e8re bois. Notre guide de disposition constructive en fa\u00e7ade bois devrait \u00eatre largement diffus\u00e9 gratuitement au d\u00e9but de l\u2019ann\u00e9e prochaine. Des \u00ab\u00a0r\u00e9f\u00e9rentiels de droit souple\u00a0\u00bb, amen\u00e9s \u00e0 \u00eatre eux-m\u00eames compl\u00e9t\u00e9s, vont pr\u00e9ciser et renforcer le contenu de l\u2019IT 249 pour \u00e9viter qu\u2019un proc\u00e9d\u00e9 ou un mat\u00e9riau souhaitant l\u2019int\u00e9grer n\u2019entrainent la modification de r\u00e9vision de ce texte r\u00e9glementaire lourd, de \u00ab\u00a0droit dur\u00a0\u00bb.<\/p>\n<p><strong>St\u00e9phane Hameury, chef de division au CSTB\u00a0<\/strong><\/p>\n<p>Nous connaissons le mat\u00e9riau bois, son comportement au feu plus pr\u00e9visible que celui d\u2019autres mat\u00e9riaux aujourd\u2019hui. Quant \u00e0 la r\u00e9sistance au feu de la construction \u00e0 ossature bois, elle est tr\u00e8s bonne. L\u2019essai Lepir a \u00e9t\u00e9 introduit au niveau de l\u2019IT 249 dans les ann\u00e9es 70. L\u2019IT 249, sp\u00e9cifique \u00e0 la s\u00e9curit\u00e9 incendie des fa\u00e7ades, venant en appui du texte r\u00e9glementaire, int\u00e9resse aujourd\u2019hui ERP, habitation et IGH. L\u2019instruction privil\u00e9gie les isolants min\u00e9raux sur le PSE en bardage ventil\u00e9.<\/p>\n<p><strong>Bruce Le Madec, chef de projet S\u00e9curit\u00e9 incendie, Rockwool France<\/strong><\/p>\n<p>Les exigences r\u00e9glementaires sont donn\u00e9es, aux industriels de soumettre au CSTB pour avis techniques des solutions conformes \u00e0 la r\u00e9glementation incendie li\u00e9e aux syst\u00e8mes constructifs bois. Nous adaptons nos syst\u00e8mes d\u2019ITE sur support traditionnel aux syst\u00e8mes sur support Cob, syst\u00e8mes coll\u00e9s ou fix\u00e9s m\u00e9caniquement. Nous mutualisons nos moyens et comp\u00e9tences pour d\u00e9velopper, dans le cadre d\u2019essais Lepir, des essais validant techniques et syst\u00e8mes, par grandes familles, pour que l\u2019ensemble de la profession b\u00e9n\u00e9ficie des r\u00e9sultats. Fa\u00e7ade ventil\u00e9e et fa\u00e7ade isolation sous enduit sont compl\u00e9mentaires\u00a0; la mixit\u00e9 des mat\u00e9riaux est recherch\u00e9e par les architectes.<\/p>\n<p><strong>Dominique Girard, directeur technique chez Sto<\/strong><\/p>\n<p>Donnez leur la parole en cliquant ici :<\/p>\n<p><a href=\"http:\/\/bati-journal.tv\/matinale-de-la-construction-bois-reglementation-incendie-en-facade\/\" target=\"_blank\" rel=\"noopener noreferrer\">www.bati-journal.tv\/matinale-de-la-construction-bois-reglementation-incendie-en-facade\/<\/a><\/p>\n","protected":false},"excerpt":{"rendered":"<p>Batimat, le 6 novembre dernier, sur le plateau t\u00e9l\u00e9 bati-journal.tv, pour la derni\u00e8re Matinale de la construction bois, St\u00e9phane Miget recevait quatre acteurs de la r\u00e9glementation incendie et de l\u2019industrie de la construction pour \u00e9changer autour de la th\u00e9matique \u00ab\u00a0R\u00e9glementation incendie en fa\u00e7ade\u00a0\u00bb\u00a0: Arnaud Maillard, charg\u00e9 d\u2019affaires chez Piveteau Bois\u00a0; St\u00e9phane Hameury, chef de division [&hellip;]<\/p>\n","protected":false},"author":1,"featured_media":90321,"comment_status":"closed","ping_status":"closed","sticky":false,"template":"","format":"standard","meta":{"_et_pb_use_builder":"","_et_pb_old_content":"","_et_gb_content_width":"","footnotes":""},"categories":[11200,6345],"tags":[11127,374,126,4122,732,9361],"class_list":["post-90632","post","type-post","status-publish","format-standard","has-post-thumbnail","hentry","category-batijournal-tv","category-economie-marches","tag-batimat-2015","tag-construction-bois-2","tag-facade","tag-piveteaubois","tag-reglementation-2","tag-table-ronde"],"yoast_head":"<!-- This site is optimized with the Yoast SEO plugin v27.4 - https:\/\/yoast.com\/product\/yoast-seo-wordpress\/ -->\n<title>Paroles de sp\u00e9cialistes : r\u00e9glementation incendie en fa\u00e7ade<\/title>\n<meta name=\"robots\" content=\"index, follow, max-snippet:-1, max-image-preview:large, max-video-preview:-1\" \/>\n<link rel=\"canonical\" href=\"https:\/\/batijournal.com\/index.php\/paroles-de-specialistes-reglementation-incendie-en-facade\/90632\/\" \/>\n<meta property=\"og:locale\" content=\"fr_FR\" \/>\n<meta property=\"og:type\" content=\"article\" \/>\n<meta property=\"og:title\" content=\"Paroles de sp\u00e9cialistes : r\u00e9glementation incendie en fa\u00e7ade\" \/>\n<meta property=\"og:description\" content=\"Batimat, le 6 novembre dernier, sur le plateau t\u00e9l\u00e9 bati-journal.tv, pour la derni\u00e8re Matinale de la construction bois, St\u00e9phane Miget recevait quatre acteurs de la r\u00e9glementation incendie et de l\u2019industrie de la construction pour \u00e9changer autour de la th\u00e9matique \u00ab\u00a0R\u00e9glementation incendie en fa\u00e7ade\u00a0\u00bb\u00a0: Arnaud Maillard, charg\u00e9 d\u2019affaires chez Piveteau Bois\u00a0; St\u00e9phane Hameury, chef de division [&hellip;]\" \/>\n<meta property=\"og:url\" content=\"https:\/\/batijournal.com\/index.php\/paroles-de-specialistes-reglementation-incendie-en-facade\/90632\/\" \/>\n<meta property=\"og:site_name\" content=\"Batijournal\" \/>\n<meta property=\"article:published_time\" content=\"2015-11-30T08:00:52+00:00\" \/>\n<meta property=\"article:modified_time\" content=\"2020-07-17T11:52:55+00:00\" \/>\n<meta property=\"og:image\" content=\"https:\/\/batijournal.com\/wp-content\/uploads\/2015\/11\/Reglementation_incendie.png\" \/>\n\t<meta property=\"og:image:width\" content=\"1151\" \/>\n\t<meta property=\"og:image:height\" content=\"645\" \/>\n\t<meta property=\"og:image:type\" content=\"image\/png\" \/>\n<meta name=\"author\" content=\"Bati-journal\" \/>\n<meta name=\"twitter:card\" content=\"summary_large_image\" \/>\n<meta name=\"twitter:creator\" content=\"@bati_journal\" \/>\n<meta name=\"twitter:site\" content=\"@bati_journal\" \/>\n<meta name=\"twitter:label1\" content=\"\u00c9crit par\" \/>\n\t<meta name=\"twitter:data1\" content=\"Bati-journal\" \/>\n\t<meta name=\"twitter:label2\" content=\"Dur\u00e9e de lecture estim\u00e9e\" \/>\n\t<meta name=\"twitter:data2\" content=\"4 minutes\" \/>\n<script type=\"application\/ld+json\" class=\"yoast-schema-graph\">{\"@context\":\"https:\\\/\\\/schema.org\",\"@graph\":[{\"@type\":\"Article\",\"@id\":\"https:\\\/\\\/batijournal.com\\\/index.php\\\/paroles-de-specialistes-reglementation-incendie-en-facade\\\/90632\\\/#article\",\"isPartOf\":{\"@id\":\"https:\\\/\\\/batijournal.com\\\/index.php\\\/paroles-de-specialistes-reglementation-incendie-en-facade\\\/90632\\\/\"},\"author\":{\"name\":\"Bati-journal\",\"@id\":\"https:\\\/\\\/batijournal.com\\\/#\\\/schema\\\/person\\\/6a657e8967569e1b299972574848aa76\"},\"headline\":\"Paroles de sp\u00e9cialistes : r\u00e9glementation incendie en fa\u00e7ade\",\"datePublished\":\"2015-11-30T08:00:52+00:00\",\"dateModified\":\"2020-07-17T11:52:55+00:00\",\"mainEntityOfPage\":{\"@id\":\"https:\\\/\\\/batijournal.com\\\/index.php\\\/paroles-de-specialistes-reglementation-incendie-en-facade\\\/90632\\\/\"},\"wordCount\":733,\"image\":{\"@id\":\"https:\\\/\\\/batijournal.com\\\/index.php\\\/paroles-de-specialistes-reglementation-incendie-en-facade\\\/90632\\\/#primaryimage\"},\"thumbnailUrl\":\"https:\\\/\\\/batijournal.com\\\/wp-content\\\/uploads\\\/2015\\\/11\\\/Reglementation_incendie.png\",\"keywords\":[\"Batimat 2015\",\"construction bois\",\"fa\u00e7ade\",\"PiveteauBois\",\"r\u00e9glementation\",\"table ronde\"],\"articleSection\":[\"batijournal TV\",\"\u00c9conomie &amp; March\u00e9s\"],\"inLanguage\":\"fr-FR\"},{\"@type\":\"WebPage\",\"@id\":\"https:\\\/\\\/batijournal.com\\\/index.php\\\/paroles-de-specialistes-reglementation-incendie-en-facade\\\/90632\\\/\",\"url\":\"https:\\\/\\\/batijournal.com\\\/index.php\\\/paroles-de-specialistes-reglementation-incendie-en-facade\\\/90632\\\/\",\"name\":\"Paroles de sp\u00e9cialistes : r\u00e9glementation incendie en fa\u00e7ade\",\"isPartOf\":{\"@id\":\"https:\\\/\\\/batijournal.com\\\/#website\"},\"primaryImageOfPage\":{\"@id\":\"https:\\\/\\\/batijournal.com\\\/index.php\\\/paroles-de-specialistes-reglementation-incendie-en-facade\\\/90632\\\/#primaryimage\"},\"image\":{\"@id\":\"https:\\\/\\\/batijournal.com\\\/index.php\\\/paroles-de-specialistes-reglementation-incendie-en-facade\\\/90632\\\/#primaryimage\"},\"thumbnailUrl\":\"https:\\\/\\\/batijournal.com\\\/wp-content\\\/uploads\\\/2015\\\/11\\\/Reglementation_incendie.png\",\"datePublished\":\"2015-11-30T08:00:52+00:00\",\"dateModified\":\"2020-07-17T11:52:55+00:00\",\"author\":{\"@id\":\"https:\\\/\\\/batijournal.com\\\/#\\\/schema\\\/person\\\/6a657e8967569e1b299972574848aa76\"},\"breadcrumb\":{\"@id\":\"https:\\\/\\\/batijournal.com\\\/index.php\\\/paroles-de-specialistes-reglementation-incendie-en-facade\\\/90632\\\/#breadcrumb\"},\"inLanguage\":\"fr-FR\",\"potentialAction\":[{\"@type\":\"ReadAction\",\"target\":[\"https:\\\/\\\/batijournal.com\\\/index.php\\\/paroles-de-specialistes-reglementation-incendie-en-facade\\\/90632\\\/\"]}]},{\"@type\":\"ImageObject\",\"inLanguage\":\"fr-FR\",\"@id\":\"https:\\\/\\\/batijournal.com\\\/index.php\\\/paroles-de-specialistes-reglementation-incendie-en-facade\\\/90632\\\/#primaryimage\",\"url\":\"https:\\\/\\\/batijournal.com\\\/wp-content\\\/uploads\\\/2015\\\/11\\\/Reglementation_incendie.png\",\"contentUrl\":\"https:\\\/\\\/batijournal.com\\\/wp-content\\\/uploads\\\/2015\\\/11\\\/Reglementation_incendie.png\",\"width\":1151,\"height\":645},{\"@type\":\"BreadcrumbList\",\"@id\":\"https:\\\/\\\/batijournal.com\\\/index.php\\\/paroles-de-specialistes-reglementation-incendie-en-facade\\\/90632\\\/#breadcrumb\",\"itemListElement\":[{\"@type\":\"ListItem\",\"position\":1,\"name\":\"Accueil\",\"item\":\"https:\\\/\\\/batijournal.com\\\/\"},{\"@type\":\"ListItem\",\"position\":2,\"name\":\"Actualit\u00e9s\",\"item\":\"https:\\\/\\\/batijournal.com\\\/index.php\\\/category\\\/actualites\\\/\"},{\"@type\":\"ListItem\",\"position\":3,\"name\":\"\u00c9conomie &amp; March\u00e9s\",\"item\":\"https:\\\/\\\/batijournal.com\\\/index.php\\\/category\\\/actualites\\\/economie-marches\\\/\"},{\"@type\":\"ListItem\",\"position\":4,\"name\":\"Paroles de sp\u00e9cialistes : r\u00e9glementation incendie en fa\u00e7ade\"}]},{\"@type\":\"WebSite\",\"@id\":\"https:\\\/\\\/batijournal.com\\\/#website\",\"url\":\"https:\\\/\\\/batijournal.com\\\/\",\"name\":\"Batijournal\",\"description\":\"L&#039;actualit\u00e9 du b\u00e2timent\",\"potentialAction\":[{\"@type\":\"SearchAction\",\"target\":{\"@type\":\"EntryPoint\",\"urlTemplate\":\"https:\\\/\\\/batijournal.com\\\/?s={search_term_string}\"},\"query-input\":{\"@type\":\"PropertyValueSpecification\",\"valueRequired\":true,\"valueName\":\"search_term_string\"}}],\"inLanguage\":\"fr-FR\"},{\"@type\":\"Person\",\"@id\":\"https:\\\/\\\/batijournal.com\\\/#\\\/schema\\\/person\\\/6a657e8967569e1b299972574848aa76\",\"name\":\"Bati-journal\",\"image\":{\"@type\":\"ImageObject\",\"inLanguage\":\"fr-FR\",\"@id\":\"https:\\\/\\\/secure.gravatar.com\\\/avatar\\\/a64364ea26392f9b4dd47e017ddaec74ff03aefc073b49e492e847201258f777?s=96&d=mm&r=g\",\"url\":\"https:\\\/\\\/secure.gravatar.com\\\/avatar\\\/a64364ea26392f9b4dd47e017ddaec74ff03aefc073b49e492e847201258f777?s=96&d=mm&r=g\",\"contentUrl\":\"https:\\\/\\\/secure.gravatar.com\\\/avatar\\\/a64364ea26392f9b4dd47e017ddaec74ff03aefc073b49e492e847201258f777?s=96&d=mm&r=g\",\"caption\":\"Bati-journal\"},\"url\":\"https:\\\/\\\/batijournal.com\\\/index.php\\\/author\\\/elodie\\\/\"}]}<\/script>\n<!-- \/ Yoast SEO plugin. -->","yoast_head_json":{"title":"Paroles de sp\u00e9cialistes : r\u00e9glementation incendie en fa\u00e7ade","robots":{"index":"index","follow":"follow","max-snippet":"max-snippet:-1","max-image-preview":"max-image-preview:large","max-video-preview":"max-video-preview:-1"},"canonical":"https:\/\/batijournal.com\/index.php\/paroles-de-specialistes-reglementation-incendie-en-facade\/90632\/","og_locale":"fr_FR","og_type":"article","og_title":"Paroles de sp\u00e9cialistes : r\u00e9glementation incendie en fa\u00e7ade","og_description":"Batimat, le 6 novembre dernier, sur le plateau t\u00e9l\u00e9 bati-journal.tv, pour la derni\u00e8re Matinale de la construction bois, St\u00e9phane Miget recevait quatre acteurs de la r\u00e9glementation incendie et de l\u2019industrie de la construction pour \u00e9changer autour de la th\u00e9matique \u00ab\u00a0R\u00e9glementation incendie en fa\u00e7ade\u00a0\u00bb\u00a0: Arnaud Maillard, charg\u00e9 d\u2019affaires chez Piveteau Bois\u00a0; St\u00e9phane Hameury, chef de division [&hellip;]","og_url":"https:\/\/batijournal.com\/index.php\/paroles-de-specialistes-reglementation-incendie-en-facade\/90632\/","og_site_name":"Batijournal","article_published_time":"2015-11-30T08:00:52+00:00","article_modified_time":"2020-07-17T11:52:55+00:00","og_image":[{"width":1151,"height":645,"url":"https:\/\/batijournal.com\/wp-content\/uploads\/2015\/11\/Reglementation_incendie.png","type":"image\/png"}],"author":"Bati-journal","twitter_card":"summary_large_image","twitter_creator":"@bati_journal","twitter_site":"@bati_journal","twitter_misc":{"\u00c9crit par":"Bati-journal","Dur\u00e9e de lecture estim\u00e9e":"4 minutes"},"schema":{"@context":"https:\/\/schema.org","@graph":[{"@type":"Article","@id":"https:\/\/batijournal.com\/index.php\/paroles-de-specialistes-reglementation-incendie-en-facade\/90632\/#article","isPartOf":{"@id":"https:\/\/batijournal.com\/index.php\/paroles-de-specialistes-reglementation-incendie-en-facade\/90632\/"},"author":{"name":"Bati-journal","@id":"https:\/\/batijournal.com\/#\/schema\/person\/6a657e8967569e1b299972574848aa76"},"headline":"Paroles de sp\u00e9cialistes : r\u00e9glementation incendie en fa\u00e7ade","datePublished":"2015-11-30T08:00:52+00:00","dateModified":"2020-07-17T11:52:55+00:00","mainEntityOfPage":{"@id":"https:\/\/batijournal.com\/index.php\/paroles-de-specialistes-reglementation-incendie-en-facade\/90632\/"},"wordCount":733,"image":{"@id":"https:\/\/batijournal.com\/index.php\/paroles-de-specialistes-reglementation-incendie-en-facade\/90632\/#primaryimage"},"thumbnailUrl":"https:\/\/batijournal.com\/wp-content\/uploads\/2015\/11\/Reglementation_incendie.png","keywords":["Batimat 2015","construction bois","fa\u00e7ade","PiveteauBois","r\u00e9glementation","table ronde"],"articleSection":["batijournal TV","\u00c9conomie &amp; March\u00e9s"],"inLanguage":"fr-FR"},{"@type":"WebPage","@id":"https:\/\/batijournal.com\/index.php\/paroles-de-specialistes-reglementation-incendie-en-facade\/90632\/","url":"https:\/\/batijournal.com\/index.php\/paroles-de-specialistes-reglementation-incendie-en-facade\/90632\/","name":"Paroles de sp\u00e9cialistes : r\u00e9glementation incendie en fa\u00e7ade","isPartOf":{"@id":"https:\/\/batijournal.com\/#website"},"primaryImageOfPage":{"@id":"https:\/\/batijournal.com\/index.php\/paroles-de-specialistes-reglementation-incendie-en-facade\/90632\/#primaryimage"},"image":{"@id":"https:\/\/batijournal.com\/index.php\/paroles-de-specialistes-reglementation-incendie-en-facade\/90632\/#primaryimage"},"thumbnailUrl":"https:\/\/batijournal.com\/wp-content\/uploads\/2015\/11\/Reglementation_incendie.png","datePublished":"2015-11-30T08:00:52+00:00","dateModified":"2020-07-17T11:52:55+00:00","author":{"@id":"https:\/\/batijournal.com\/#\/schema\/person\/6a657e8967569e1b299972574848aa76"},"breadcrumb":{"@id":"https:\/\/batijournal.com\/index.php\/paroles-de-specialistes-reglementation-incendie-en-facade\/90632\/#breadcrumb"},"inLanguage":"fr-FR","potentialAction":[{"@type":"ReadAction","target":["https:\/\/batijournal.com\/index.php\/paroles-de-specialistes-reglementation-incendie-en-facade\/90632\/"]}]},{"@type":"ImageObject","inLanguage":"fr-FR","@id":"https:\/\/batijournal.com\/index.php\/paroles-de-specialistes-reglementation-incendie-en-facade\/90632\/#primaryimage","url":"https:\/\/batijournal.com\/wp-content\/uploads\/2015\/11\/Reglementation_incendie.png","contentUrl":"https:\/\/batijournal.com\/wp-content\/uploads\/2015\/11\/Reglementation_incendie.png","width":1151,"height":645},{"@type":"BreadcrumbList","@id":"https:\/\/batijournal.com\/index.php\/paroles-de-specialistes-reglementation-incendie-en-facade\/90632\/#breadcrumb","itemListElement":[{"@type":"ListItem","position":1,"name":"Accueil","item":"https:\/\/batijournal.com\/"},{"@type":"ListItem","position":2,"name":"Actualit\u00e9s","item":"https:\/\/batijournal.com\/index.php\/category\/actualites\/"},{"@type":"ListItem","position":3,"name":"\u00c9conomie &amp; March\u00e9s","item":"https:\/\/batijournal.com\/index.php\/category\/actualites\/economie-marches\/"},{"@type":"ListItem","position":4,"name":"Paroles de sp\u00e9cialistes : r\u00e9glementation incendie en fa\u00e7ade"}]},{"@type":"WebSite","@id":"https:\/\/batijournal.com\/#website","url":"https:\/\/batijournal.com\/","name":"Batijournal","description":"L&#039;actualit\u00e9 du b\u00e2timent","potentialAction":[{"@type":"SearchAction","target":{"@type":"EntryPoint","urlTemplate":"https:\/\/batijournal.com\/?s={search_term_string}"},"query-input":{"@type":"PropertyValueSpecification","valueRequired":true,"valueName":"search_term_string"}}],"inLanguage":"fr-FR"},{"@type":"Person","@id":"https:\/\/batijournal.com\/#\/schema\/person\/6a657e8967569e1b299972574848aa76","name":"Bati-journal","image":{"@type":"ImageObject","inLanguage":"fr-FR","@id":"https:\/\/secure.gravatar.com\/avatar\/a64364ea26392f9b4dd47e017ddaec74ff03aefc073b49e492e847201258f777?s=96&d=mm&r=g","url":"https:\/\/secure.gravatar.com\/avatar\/a64364ea26392f9b4dd47e017ddaec74ff03aefc073b49e492e847201258f777?s=96&d=mm&r=g","contentUrl":"https:\/\/secure.gravatar.com\/avatar\/a64364ea26392f9b4dd47e017ddaec74ff03aefc073b49e492e847201258f777?s=96&d=mm&r=g","caption":"Bati-journal"},"url":"https:\/\/batijournal.com\/index.php\/author\/elodie\/"}]}},"_links":{"self":[{"href":"https:\/\/batijournal.com\/index.php\/wp-json\/wp\/v2\/posts\/90632","targetHints":{"allow":["GET"]}}],"collection":[{"href":"https:\/\/batijournal.com\/index.php\/wp-json\/wp\/v2\/posts"}],"about":[{"href":"https:\/\/batijournal.com\/index.php\/wp-json\/wp\/v2\/types\/post"}],"author":[{"embeddable":true,"href":"https:\/\/batijournal.com\/index.php\/wp-json\/wp\/v2\/users\/1"}],"replies":[{"embeddable":true,"href":"https:\/\/batijournal.com\/index.php\/wp-json\/wp\/v2\/comments?post=90632"}],"version-history":[{"count":0,"href":"https:\/\/batijournal.com\/index.php\/wp-json\/wp\/v2\/posts\/90632\/revisions"}],"wp:featuredmedia":[{"embeddable":true,"href":"https:\/\/batijournal.com\/index.php\/wp-json\/wp\/v2\/media\/90321"}],"wp:attachment":[{"href":"https:\/\/batijournal.com\/index.php\/wp-json\/wp\/v2\/media?parent=90632"}],"wp:term":[{"taxonomy":"category","embeddable":true,"href":"https:\/\/batijournal.com\/index.php\/wp-json\/wp\/v2\/categories?post=90632"},{"taxonomy":"post_tag","embeddable":true,"href":"https:\/\/batijournal.com\/index.php\/wp-json\/wp\/v2\/tags?post=90632"}],"curies":[{"name":"wp","href":"https:\/\/api.w.org\/{rel}","templated":true}]}}