{"id":90643,"date":"2015-12-01T08:28:56","date_gmt":"2015-12-01T07:28:56","guid":{"rendered":"http:\/\/batijournal.com\/?p=90643"},"modified":"2019-07-15T12:34:41","modified_gmt":"2019-07-15T10:34:41","slug":"panneau-en-fibre-de-bois-pour-toitures-et-facades","status":"publish","type":"post","link":"https:\/\/batijournal.com\/index.php\/panneau-en-fibre-de-bois-pour-toitures-et-facades\/90643\/","title":{"rendered":"Panneau en fibres de bois pour toiture et fa\u00e7ade"},"content":{"rendered":"<p align=\"LEFT\"><span style=\"font-family: Arial, sans-serif;\"><span style=\"font-size: large;\">Fabriqu\u00e9 en processus sec, Steico Int\u00e9gral est \u00e0 la fois un panneau pare-pluie destin\u00e9 \u00e0 l&rsquo;isolation de toiture\u00a0et\u00a0un panneau support\u00a0<\/span><\/span><span style=\"font-family: Arial, sans-serif;\"><span style=\"font-size: large;\">d&rsquo;enduit pour fa\u00e7ade. Sa faible conductivit\u00e9 thermique de 0,040 W\/(m* K) garantit une isolation optimale en hiver, et sa masse volumique importante de\u00a0<\/span><\/span><span style=\"font-family: Arial, sans-serif;\"><span style=\"font-size: large;\">140 kg\/m3 assure un d\u00e9phasage prot\u00e9geant l\u2018habitat des chaleurs estivales. Certifi\u00e9 Acermi, Steico Int\u00e9gral est disponible dans des \u00e9paisseurs de 60 \u00e0 200 mm. Son profil \u00e0 rainure et languette facilite la mise en \u0153uvre. <\/span><\/span><\/p>\n<p><span style=\"font-family: Arial, sans-serif;\"><span style=\"font-size: large;\"><a href=\"http:\/\/www.steico.fr\">www.steico.fr<\/a><\/span><\/span><\/p>\n","protected":false},"excerpt":{"rendered":"<p>Fabriqu\u00e9 en processus sec, Steico Int\u00e9gral est \u00e0 la fois un panneau pare-pluie destin\u00e9 \u00e0 l&rsquo;isolation de toiture\u00a0et\u00a0un panneau support\u00a0d&rsquo;enduit pour fa\u00e7ade. Sa faible conductivit\u00e9 thermique de 0,040 W\/(m* K) garantit une isolation optimale en hiver, et sa masse volumique importante de\u00a0140 kg\/m3 assure un d\u00e9phasage prot\u00e9geant l\u2018habitat des chaleurs estivales. Certifi\u00e9 Acermi, Steico Int\u00e9gral [&hellip;]<\/p>\n","protected":false},"author":17,"featured_media":90644,"comment_status":"closed","ping_status":"closed","sticky":false,"template":"","format":"standard","meta":{"_et_pb_use_builder":"","_et_pb_old_content":"","_et_gb_content_width":"","footnotes":""},"categories":[6356,10774,10780,10767],"tags":[],"class_list":["post-90643","post","type-post","status-publish","format-standard","has-post-thumbnail","hentry","category-produits-solutions-techniques","category-produits-5facades","category-produits-planete","category-produits-woodsurfer"],"yoast_head":"<!-- This site is optimized with the Yoast SEO plugin v27.4 - https:\/\/yoast.com\/product\/yoast-seo-wordpress\/ -->\n<title>Panneau en fibres de bois pour toiture et fa\u00e7ade<\/title>\n<meta name=\"robots\" content=\"index, follow, max-snippet:-1, max-image-preview:large, max-video-preview:-1\" \/>\n<link rel=\"canonical\" href=\"https:\/\/batijournal.com\/index.php\/panneau-en-fibre-de-bois-pour-toitures-et-facades\/90643\/\" \/>\n<meta property=\"og:locale\" content=\"fr_FR\" \/>\n<meta property=\"og:type\" content=\"article\" \/>\n<meta property=\"og:title\" content=\"Panneau en fibres de bois pour toiture et fa\u00e7ade\" \/>\n<meta property=\"og:description\" content=\"Fabriqu\u00e9 en processus sec, Steico Int\u00e9gral est \u00e0 la fois un panneau pare-pluie destin\u00e9 \u00e0 l&rsquo;isolation de toiture\u00a0et\u00a0un panneau support\u00a0d&rsquo;enduit pour fa\u00e7ade. Sa faible conductivit\u00e9 thermique de 0,040 W\/(m* K) garantit une isolation optimale en hiver, et sa masse volumique importante de\u00a0140 kg\/m3 assure un d\u00e9phasage prot\u00e9geant l\u2018habitat des chaleurs estivales. Certifi\u00e9 Acermi, Steico Int\u00e9gral [&hellip;]\" \/>\n<meta property=\"og:url\" content=\"https:\/\/batijournal.com\/index.php\/panneau-en-fibre-de-bois-pour-toitures-et-facades\/90643\/\" \/>\n<meta property=\"og:site_name\" content=\"Batijournal\" \/>\n<meta property=\"article:published_time\" content=\"2015-12-01T07:28:56+00:00\" \/>\n<meta property=\"article:modified_time\" content=\"2019-07-15T10:34:41+00:00\" \/>\n<meta property=\"og:image\" content=\"https:\/\/batijournal.com\/wp-content\/uploads\/2015\/11\/STEICOintegral_produit.jpg\" \/>\n\t<meta property=\"og:image:width\" content=\"3834\" \/>\n\t<meta property=\"og:image:height\" content=\"1962\" \/>\n\t<meta property=\"og:image:type\" content=\"image\/jpeg\" \/>\n<meta name=\"author\" content=\"St\u00e9phane Miget\" \/>\n<meta name=\"twitter:card\" content=\"summary_large_image\" \/>\n<meta name=\"twitter:creator\" content=\"@bati_journal\" \/>\n<meta name=\"twitter:site\" content=\"@bati_journal\" \/>\n<meta name=\"twitter:label1\" content=\"\u00c9crit par\" \/>\n\t<meta name=\"twitter:data1\" content=\"St\u00e9phane Miget\" \/>\n<script type=\"application\/ld+json\" class=\"yoast-schema-graph\">{\"@context\":\"https:\\\/\\\/schema.org\",\"@graph\":[{\"@type\":\"Article\",\"@id\":\"https:\\\/\\\/batijournal.com\\\/index.php\\\/panneau-en-fibre-de-bois-pour-toitures-et-facades\\\/90643\\\/#article\",\"isPartOf\":{\"@id\":\"https:\\\/\\\/batijournal.com\\\/index.php\\\/panneau-en-fibre-de-bois-pour-toitures-et-facades\\\/90643\\\/\"},\"author\":{\"name\":\"St\u00e9phane Miget\",\"@id\":\"https:\\\/\\\/batijournal.com\\\/#\\\/schema\\\/person\\\/1dc96ec6957aa1ccb25ebe78bb19f100\"},\"headline\":\"Panneau en fibres de bois pour toiture et fa\u00e7ade\",\"datePublished\":\"2015-12-01T07:28:56+00:00\",\"dateModified\":\"2019-07-15T10:34:41+00:00\",\"mainEntityOfPage\":{\"@id\":\"https:\\\/\\\/batijournal.com\\\/index.php\\\/panneau-en-fibre-de-bois-pour-toitures-et-facades\\\/90643\\\/\"},\"wordCount\":95,\"image\":{\"@id\":\"https:\\\/\\\/batijournal.com\\\/index.php\\\/panneau-en-fibre-de-bois-pour-toitures-et-facades\\\/90643\\\/#primaryimage\"},\"thumbnailUrl\":\"https:\\\/\\\/batijournal.com\\\/wp-content\\\/uploads\\\/2015\\\/11\\\/STEICOintegral_produit.jpg\",\"articleSection\":[\"Produits &amp; Solutions techniques\",\"zz_Nouveaut\u00e9s Produits - 5fa\u00e7ades\",\"zz_Produits - Plan\u00e8te\",\"zz_Produits - Woodsurfer\"],\"inLanguage\":\"fr-FR\"},{\"@type\":\"WebPage\",\"@id\":\"https:\\\/\\\/batijournal.com\\\/index.php\\\/panneau-en-fibre-de-bois-pour-toitures-et-facades\\\/90643\\\/\",\"url\":\"https:\\\/\\\/batijournal.com\\\/index.php\\\/panneau-en-fibre-de-bois-pour-toitures-et-facades\\\/90643\\\/\",\"name\":\"Panneau en fibres de bois pour toiture et fa\u00e7ade\",\"isPartOf\":{\"@id\":\"https:\\\/\\\/batijournal.com\\\/#website\"},\"primaryImageOfPage\":{\"@id\":\"https:\\\/\\\/batijournal.com\\\/index.php\\\/panneau-en-fibre-de-bois-pour-toitures-et-facades\\\/90643\\\/#primaryimage\"},\"image\":{\"@id\":\"https:\\\/\\\/batijournal.com\\\/index.php\\\/panneau-en-fibre-de-bois-pour-toitures-et-facades\\\/90643\\\/#primaryimage\"},\"thumbnailUrl\":\"https:\\\/\\\/batijournal.com\\\/wp-content\\\/uploads\\\/2015\\\/11\\\/STEICOintegral_produit.jpg\",\"datePublished\":\"2015-12-01T07:28:56+00:00\",\"dateModified\":\"2019-07-15T10:34:41+00:00\",\"author\":{\"@id\":\"https:\\\/\\\/batijournal.com\\\/#\\\/schema\\\/person\\\/1dc96ec6957aa1ccb25ebe78bb19f100\"},\"breadcrumb\":{\"@id\":\"https:\\\/\\\/batijournal.com\\\/index.php\\\/panneau-en-fibre-de-bois-pour-toitures-et-facades\\\/90643\\\/#breadcrumb\"},\"inLanguage\":\"fr-FR\",\"potentialAction\":[{\"@type\":\"ReadAction\",\"target\":[\"https:\\\/\\\/batijournal.com\\\/index.php\\\/panneau-en-fibre-de-bois-pour-toitures-et-facades\\\/90643\\\/\"]}]},{\"@type\":\"ImageObject\",\"inLanguage\":\"fr-FR\",\"@id\":\"https:\\\/\\\/batijournal.com\\\/index.php\\\/panneau-en-fibre-de-bois-pour-toitures-et-facades\\\/90643\\\/#primaryimage\",\"url\":\"https:\\\/\\\/batijournal.com\\\/wp-content\\\/uploads\\\/2015\\\/11\\\/STEICOintegral_produit.jpg\",\"contentUrl\":\"https:\\\/\\\/batijournal.com\\\/wp-content\\\/uploads\\\/2015\\\/11\\\/STEICOintegral_produit.jpg\",\"width\":3834,\"height\":1962},{\"@type\":\"BreadcrumbList\",\"@id\":\"https:\\\/\\\/batijournal.com\\\/index.php\\\/panneau-en-fibre-de-bois-pour-toitures-et-facades\\\/90643\\\/#breadcrumb\",\"itemListElement\":[{\"@type\":\"ListItem\",\"position\":1,\"name\":\"Accueil\",\"item\":\"https:\\\/\\\/batijournal.com\\\/\"},{\"@type\":\"ListItem\",\"position\":2,\"name\":\"zz_Woodsurfer\",\"item\":\"https:\\\/\\\/batijournal.com\\\/index.php\\\/category\\\/woodsurfer\\\/\"},{\"@type\":\"ListItem\",\"position\":3,\"name\":\"zz_Produits - Woodsurfer\",\"item\":\"https:\\\/\\\/batijournal.com\\\/index.php\\\/category\\\/woodsurfer\\\/produits-woodsurfer\\\/\"},{\"@type\":\"ListItem\",\"position\":4,\"name\":\"Panneau en fibres de bois pour toiture et fa\u00e7ade\"}]},{\"@type\":\"WebSite\",\"@id\":\"https:\\\/\\\/batijournal.com\\\/#website\",\"url\":\"https:\\\/\\\/batijournal.com\\\/\",\"name\":\"Batijournal\",\"description\":\"L&#039;actualit\u00e9 du b\u00e2timent\",\"potentialAction\":[{\"@type\":\"SearchAction\",\"target\":{\"@type\":\"EntryPoint\",\"urlTemplate\":\"https:\\\/\\\/batijournal.com\\\/?s={search_term_string}\"},\"query-input\":{\"@type\":\"PropertyValueSpecification\",\"valueRequired\":true,\"valueName\":\"search_term_string\"}}],\"inLanguage\":\"fr-FR\"},{\"@type\":\"Person\",\"@id\":\"https:\\\/\\\/batijournal.com\\\/#\\\/schema\\\/person\\\/1dc96ec6957aa1ccb25ebe78bb19f100\",\"name\":\"St\u00e9phane Miget\",\"image\":{\"@type\":\"ImageObject\",\"inLanguage\":\"fr-FR\",\"@id\":\"https:\\\/\\\/secure.gravatar.com\\\/avatar\\\/89915563d925342126b8ef0281b93d9d7fc337043e8df017f780908eb9644451?s=96&d=mm&r=g\",\"url\":\"https:\\\/\\\/secure.gravatar.com\\\/avatar\\\/89915563d925342126b8ef0281b93d9d7fc337043e8df017f780908eb9644451?s=96&d=mm&r=g\",\"contentUrl\":\"https:\\\/\\\/secure.gravatar.com\\\/avatar\\\/89915563d925342126b8ef0281b93d9d7fc337043e8df017f780908eb9644451?s=96&d=mm&r=g\",\"caption\":\"St\u00e9phane Miget\"},\"url\":\"https:\\\/\\\/batijournal.com\\\/index.php\\\/author\\\/stephane\\\/\"}]}<\/script>\n<!-- \/ Yoast SEO plugin. -->","yoast_head_json":{"title":"Panneau en fibres de bois pour toiture et fa\u00e7ade","robots":{"index":"index","follow":"follow","max-snippet":"max-snippet:-1","max-image-preview":"max-image-preview:large","max-video-preview":"max-video-preview:-1"},"canonical":"https:\/\/batijournal.com\/index.php\/panneau-en-fibre-de-bois-pour-toitures-et-facades\/90643\/","og_locale":"fr_FR","og_type":"article","og_title":"Panneau en fibres de bois pour toiture et fa\u00e7ade","og_description":"Fabriqu\u00e9 en processus sec, Steico Int\u00e9gral est \u00e0 la fois un panneau pare-pluie destin\u00e9 \u00e0 l&rsquo;isolation de toiture\u00a0et\u00a0un panneau support\u00a0d&rsquo;enduit pour fa\u00e7ade. Sa faible conductivit\u00e9 thermique de 0,040 W\/(m* K) garantit une isolation optimale en hiver, et sa masse volumique importante de\u00a0140 kg\/m3 assure un d\u00e9phasage prot\u00e9geant l\u2018habitat des chaleurs estivales. Certifi\u00e9 Acermi, Steico Int\u00e9gral [&hellip;]","og_url":"https:\/\/batijournal.com\/index.php\/panneau-en-fibre-de-bois-pour-toitures-et-facades\/90643\/","og_site_name":"Batijournal","article_published_time":"2015-12-01T07:28:56+00:00","article_modified_time":"2019-07-15T10:34:41+00:00","og_image":[{"width":3834,"height":1962,"url":"https:\/\/batijournal.com\/wp-content\/uploads\/2015\/11\/STEICOintegral_produit.jpg","type":"image\/jpeg"}],"author":"St\u00e9phane Miget","twitter_card":"summary_large_image","twitter_creator":"@bati_journal","twitter_site":"@bati_journal","twitter_misc":{"\u00c9crit par":"St\u00e9phane Miget"},"schema":{"@context":"https:\/\/schema.org","@graph":[{"@type":"Article","@id":"https:\/\/batijournal.com\/index.php\/panneau-en-fibre-de-bois-pour-toitures-et-facades\/90643\/#article","isPartOf":{"@id":"https:\/\/batijournal.com\/index.php\/panneau-en-fibre-de-bois-pour-toitures-et-facades\/90643\/"},"author":{"name":"St\u00e9phane Miget","@id":"https:\/\/batijournal.com\/#\/schema\/person\/1dc96ec6957aa1ccb25ebe78bb19f100"},"headline":"Panneau en fibres de bois pour toiture et fa\u00e7ade","datePublished":"2015-12-01T07:28:56+00:00","dateModified":"2019-07-15T10:34:41+00:00","mainEntityOfPage":{"@id":"https:\/\/batijournal.com\/index.php\/panneau-en-fibre-de-bois-pour-toitures-et-facades\/90643\/"},"wordCount":95,"image":{"@id":"https:\/\/batijournal.com\/index.php\/panneau-en-fibre-de-bois-pour-toitures-et-facades\/90643\/#primaryimage"},"thumbnailUrl":"https:\/\/batijournal.com\/wp-content\/uploads\/2015\/11\/STEICOintegral_produit.jpg","articleSection":["Produits &amp; Solutions techniques","zz_Nouveaut\u00e9s Produits - 5fa\u00e7ades","zz_Produits - Plan\u00e8te","zz_Produits - Woodsurfer"],"inLanguage":"fr-FR"},{"@type":"WebPage","@id":"https:\/\/batijournal.com\/index.php\/panneau-en-fibre-de-bois-pour-toitures-et-facades\/90643\/","url":"https:\/\/batijournal.com\/index.php\/panneau-en-fibre-de-bois-pour-toitures-et-facades\/90643\/","name":"Panneau en fibres de bois pour toiture et fa\u00e7ade","isPartOf":{"@id":"https:\/\/batijournal.com\/#website"},"primaryImageOfPage":{"@id":"https:\/\/batijournal.com\/index.php\/panneau-en-fibre-de-bois-pour-toitures-et-facades\/90643\/#primaryimage"},"image":{"@id":"https:\/\/batijournal.com\/index.php\/panneau-en-fibre-de-bois-pour-toitures-et-facades\/90643\/#primaryimage"},"thumbnailUrl":"https:\/\/batijournal.com\/wp-content\/uploads\/2015\/11\/STEICOintegral_produit.jpg","datePublished":"2015-12-01T07:28:56+00:00","dateModified":"2019-07-15T10:34:41+00:00","author":{"@id":"https:\/\/batijournal.com\/#\/schema\/person\/1dc96ec6957aa1ccb25ebe78bb19f100"},"breadcrumb":{"@id":"https:\/\/batijournal.com\/index.php\/panneau-en-fibre-de-bois-pour-toitures-et-facades\/90643\/#breadcrumb"},"inLanguage":"fr-FR","potentialAction":[{"@type":"ReadAction","target":["https:\/\/batijournal.com\/index.php\/panneau-en-fibre-de-bois-pour-toitures-et-facades\/90643\/"]}]},{"@type":"ImageObject","inLanguage":"fr-FR","@id":"https:\/\/batijournal.com\/index.php\/panneau-en-fibre-de-bois-pour-toitures-et-facades\/90643\/#primaryimage","url":"https:\/\/batijournal.com\/wp-content\/uploads\/2015\/11\/STEICOintegral_produit.jpg","contentUrl":"https:\/\/batijournal.com\/wp-content\/uploads\/2015\/11\/STEICOintegral_produit.jpg","width":3834,"height":1962},{"@type":"BreadcrumbList","@id":"https:\/\/batijournal.com\/index.php\/panneau-en-fibre-de-bois-pour-toitures-et-facades\/90643\/#breadcrumb","itemListElement":[{"@type":"ListItem","position":1,"name":"Accueil","item":"https:\/\/batijournal.com\/"},{"@type":"ListItem","position":2,"name":"zz_Woodsurfer","item":"https:\/\/batijournal.com\/index.php\/category\/woodsurfer\/"},{"@type":"ListItem","position":3,"name":"zz_Produits - Woodsurfer","item":"https:\/\/batijournal.com\/index.php\/category\/woodsurfer\/produits-woodsurfer\/"},{"@type":"ListItem","position":4,"name":"Panneau en fibres de bois pour toiture et fa\u00e7ade"}]},{"@type":"WebSite","@id":"https:\/\/batijournal.com\/#website","url":"https:\/\/batijournal.com\/","name":"Batijournal","description":"L&#039;actualit\u00e9 du b\u00e2timent","potentialAction":[{"@type":"SearchAction","target":{"@type":"EntryPoint","urlTemplate":"https:\/\/batijournal.com\/?s={search_term_string}"},"query-input":{"@type":"PropertyValueSpecification","valueRequired":true,"valueName":"search_term_string"}}],"inLanguage":"fr-FR"},{"@type":"Person","@id":"https:\/\/batijournal.com\/#\/schema\/person\/1dc96ec6957aa1ccb25ebe78bb19f100","name":"St\u00e9phane Miget","image":{"@type":"ImageObject","inLanguage":"fr-FR","@id":"https:\/\/secure.gravatar.com\/avatar\/89915563d925342126b8ef0281b93d9d7fc337043e8df017f780908eb9644451?s=96&d=mm&r=g","url":"https:\/\/secure.gravatar.com\/avatar\/89915563d925342126b8ef0281b93d9d7fc337043e8df017f780908eb9644451?s=96&d=mm&r=g","contentUrl":"https:\/\/secure.gravatar.com\/avatar\/89915563d925342126b8ef0281b93d9d7fc337043e8df017f780908eb9644451?s=96&d=mm&r=g","caption":"St\u00e9phane Miget"},"url":"https:\/\/batijournal.com\/index.php\/author\/stephane\/"}]}},"_links":{"self":[{"href":"https:\/\/batijournal.com\/index.php\/wp-json\/wp\/v2\/posts\/90643","targetHints":{"allow":["GET"]}}],"collection":[{"href":"https:\/\/batijournal.com\/index.php\/wp-json\/wp\/v2\/posts"}],"about":[{"href":"https:\/\/batijournal.com\/index.php\/wp-json\/wp\/v2\/types\/post"}],"author":[{"embeddable":true,"href":"https:\/\/batijournal.com\/index.php\/wp-json\/wp\/v2\/users\/17"}],"replies":[{"embeddable":true,"href":"https:\/\/batijournal.com\/index.php\/wp-json\/wp\/v2\/comments?post=90643"}],"version-history":[{"count":0,"href":"https:\/\/batijournal.com\/index.php\/wp-json\/wp\/v2\/posts\/90643\/revisions"}],"wp:featuredmedia":[{"embeddable":true,"href":"https:\/\/batijournal.com\/index.php\/wp-json\/wp\/v2\/media\/90644"}],"wp:attachment":[{"href":"https:\/\/batijournal.com\/index.php\/wp-json\/wp\/v2\/media?parent=90643"}],"wp:term":[{"taxonomy":"category","embeddable":true,"href":"https:\/\/batijournal.com\/index.php\/wp-json\/wp\/v2\/categories?post=90643"},{"taxonomy":"post_tag","embeddable":true,"href":"https:\/\/batijournal.com\/index.php\/wp-json\/wp\/v2\/tags?post=90643"}],"curies":[{"name":"wp","href":"https:\/\/api.w.org\/{rel}","templated":true}]}}