{"id":90698,"date":"2015-12-03T09:02:33","date_gmt":"2015-12-03T08:02:33","guid":{"rendered":"http:\/\/batijournal.com\/?p=90698"},"modified":"2019-07-15T12:11:18","modified_gmt":"2019-07-15T10:11:18","slug":"sept-nouveaux","status":"publish","type":"post","link":"https:\/\/batijournal.com\/index.php\/sept-nouveaux\/90698\/","title":{"rendered":"Sept nouveaux \u00c9coQuartiers"},"content":{"rendered":"<p>Lanc\u00e9 en d\u00e9cembre 2012, le label national \u00c9coQuartier constitue une nouvelle \u00e9tape dans la d\u00e9marche \u00c9coQuartier port\u00e9e depuis 2008 par le minist\u00e8re du Logement. Il a pour ambition de distinguer l\u2019exemplarit\u00e9 des d\u00e9marches d\u2019am\u00e9nagement durable et clarifier les conditions de r\u00e9ussite de ces quartiers. La d\u00e9marche \u00c9coQuartier vise \u00e0 favoriser l\u2019\u00e9mergence d\u2019une nouvelle fa\u00e7on de concevoir, construire et g\u00e9rer la ville.<br \/>\n43 op\u00e9rations r\u00e9parties sur tout le territoire \u00e9taient candidates en 2015 \u00e0 cette troisi\u00e8me vague de labellisation \u00c9coQuartier. 31 op\u00e9rations ont \u00e9t\u00e9 distingu\u00e9es : 7 projets labellis\u00e9s \u00ab \u00c9coQuartier \u00bb, dans 3 r\u00e9gions fran\u00e7aises, pour un total de 13 387 logements construits ou r\u00e9nov\u00e9s, dont 7 398 logements locatifs sociaux (soit 55%). Parmi ces EcoQuartiers labellis\u00e9s, 5 sont des op\u00e9rations de renouvellement urbain. 24 projets ont \u00e9t\u00e9 dipl\u00f4m\u00e9s \u00ab Engag\u00e9 dans la labellisation \u00bb, dans 13 r\u00e9gions fran\u00e7aises, pour un total de 19 009 logements \u00e0 construire ou r\u00e9nover, dont 6 994 logements locatifs sociaux (soit 37%). Parmi ces projets dipl\u00f4m\u00e9s, 14 sont des op\u00e9rations de renouvellement urbain.<\/p>\n<p>Les 7 op\u00e9rations labellis\u00e9es \u00ab EcoQuartier \u00bb : Saint-Brieuc &#8211; Quartier de l\u2019Europe ; Ivry-sur-Seine, Grand Paris Am\u00e9nagement &#8211; ZAC du Plateau ; Levallois-Perret &#8211; Quartier Eiffel ; Mantes-la-Jolie EPAMSA &#8211; Quartier du Val Fourr\u00e9 (secteur Nord) 5. Montreuil &#8211; Quartier Bel Air \u2013 Grands P\u00eachers ; Montpellier &#8211; Les Grisettes ; Montpellier &#8211; Parc Marianne<\/p>\n","protected":false},"excerpt":{"rendered":"<p>Lanc\u00e9 en d\u00e9cembre 2012, le label national \u00c9coQuartier constitue une nouvelle \u00e9tape dans la d\u00e9marche \u00c9coQuartier port\u00e9e depuis 2008 par le minist\u00e8re du Logement. Il a pour ambition de distinguer l\u2019exemplarit\u00e9 des d\u00e9marches d\u2019am\u00e9nagement durable et clarifier les conditions de r\u00e9ussite de ces quartiers. La d\u00e9marche \u00c9coQuartier vise \u00e0 favoriser l\u2019\u00e9mergence d\u2019une nouvelle fa\u00e7on de [&hellip;]<\/p>\n","protected":false},"author":17,"featured_media":90699,"comment_status":"closed","ping_status":"closed","sticky":false,"template":"","format":"standard","meta":{"_et_pb_use_builder":"","_et_pb_old_content":"","_et_gb_content_width":"","footnotes":""},"categories":[10736,6340],"tags":[1155],"class_list":["post-90698","post","type-post","status-publish","format-standard","has-post-thumbnail","hentry","category-a-la-une","category-architecture-conception","tag-ecoquartiers"],"yoast_head":"<!-- This site is optimized with the Yoast SEO plugin v27.4 - https:\/\/yoast.com\/product\/yoast-seo-wordpress\/ -->\n<title>Sept nouveaux \u00c9coQuartiers<\/title>\n<meta name=\"robots\" content=\"index, follow, max-snippet:-1, max-image-preview:large, max-video-preview:-1\" \/>\n<link rel=\"canonical\" href=\"https:\/\/batijournal.com\/index.php\/sept-nouveaux\/90698\/\" \/>\n<meta property=\"og:locale\" content=\"fr_FR\" \/>\n<meta property=\"og:type\" content=\"article\" \/>\n<meta property=\"og:title\" content=\"Sept nouveaux \u00c9coQuartiers\" \/>\n<meta property=\"og:description\" content=\"Lanc\u00e9 en d\u00e9cembre 2012, le label national \u00c9coQuartier constitue une nouvelle \u00e9tape dans la d\u00e9marche \u00c9coQuartier port\u00e9e depuis 2008 par le minist\u00e8re du Logement. Il a pour ambition de distinguer l\u2019exemplarit\u00e9 des d\u00e9marches d\u2019am\u00e9nagement durable et clarifier les conditions de r\u00e9ussite de ces quartiers. La d\u00e9marche \u00c9coQuartier vise \u00e0 favoriser l\u2019\u00e9mergence d\u2019une nouvelle fa\u00e7on de [&hellip;]\" \/>\n<meta property=\"og:url\" content=\"https:\/\/batijournal.com\/index.php\/sept-nouveaux\/90698\/\" \/>\n<meta property=\"og:site_name\" content=\"Batijournal\" \/>\n<meta property=\"article:published_time\" content=\"2015-12-03T08:02:33+00:00\" \/>\n<meta property=\"article:modified_time\" content=\"2019-07-15T10:11:18+00:00\" \/>\n<meta property=\"og:image\" content=\"https:\/\/batijournal.com\/wp-content\/uploads\/2015\/12\/ecoquartiers-2015.png\" \/>\n\t<meta property=\"og:image:width\" content=\"1176\" \/>\n\t<meta property=\"og:image:height\" content=\"789\" \/>\n\t<meta property=\"og:image:type\" content=\"image\/png\" \/>\n<meta name=\"author\" content=\"St\u00e9phane Miget\" \/>\n<meta name=\"twitter:card\" content=\"summary_large_image\" \/>\n<meta name=\"twitter:creator\" content=\"@bati_journal\" \/>\n<meta name=\"twitter:site\" content=\"@bati_journal\" \/>\n<meta name=\"twitter:label1\" content=\"\u00c9crit par\" \/>\n\t<meta name=\"twitter:data1\" content=\"St\u00e9phane Miget\" \/>\n\t<meta name=\"twitter:label2\" content=\"Dur\u00e9e de lecture estim\u00e9e\" \/>\n\t<meta name=\"twitter:data2\" content=\"1 minute\" \/>\n<script type=\"application\/ld+json\" class=\"yoast-schema-graph\">{\"@context\":\"https:\\\/\\\/schema.org\",\"@graph\":[{\"@type\":\"Article\",\"@id\":\"https:\\\/\\\/batijournal.com\\\/index.php\\\/sept-nouveaux\\\/90698\\\/#article\",\"isPartOf\":{\"@id\":\"https:\\\/\\\/batijournal.com\\\/index.php\\\/sept-nouveaux\\\/90698\\\/\"},\"author\":{\"name\":\"St\u00e9phane Miget\",\"@id\":\"https:\\\/\\\/batijournal.com\\\/#\\\/schema\\\/person\\\/1dc96ec6957aa1ccb25ebe78bb19f100\"},\"headline\":\"Sept nouveaux \u00c9coQuartiers\",\"datePublished\":\"2015-12-03T08:02:33+00:00\",\"dateModified\":\"2019-07-15T10:11:18+00:00\",\"mainEntityOfPage\":{\"@id\":\"https:\\\/\\\/batijournal.com\\\/index.php\\\/sept-nouveaux\\\/90698\\\/\"},\"wordCount\":227,\"image\":{\"@id\":\"https:\\\/\\\/batijournal.com\\\/index.php\\\/sept-nouveaux\\\/90698\\\/#primaryimage\"},\"thumbnailUrl\":\"https:\\\/\\\/batijournal.com\\\/wp-content\\\/uploads\\\/2015\\\/12\\\/ecoquartiers-2015.png\",\"keywords\":[\"\u00e9coquartiers\"],\"articleSection\":[\"A la Une\",\"Architecture &amp; Conception\"],\"inLanguage\":\"fr-FR\"},{\"@type\":\"WebPage\",\"@id\":\"https:\\\/\\\/batijournal.com\\\/index.php\\\/sept-nouveaux\\\/90698\\\/\",\"url\":\"https:\\\/\\\/batijournal.com\\\/index.php\\\/sept-nouveaux\\\/90698\\\/\",\"name\":\"Sept nouveaux \u00c9coQuartiers\",\"isPartOf\":{\"@id\":\"https:\\\/\\\/batijournal.com\\\/#website\"},\"primaryImageOfPage\":{\"@id\":\"https:\\\/\\\/batijournal.com\\\/index.php\\\/sept-nouveaux\\\/90698\\\/#primaryimage\"},\"image\":{\"@id\":\"https:\\\/\\\/batijournal.com\\\/index.php\\\/sept-nouveaux\\\/90698\\\/#primaryimage\"},\"thumbnailUrl\":\"https:\\\/\\\/batijournal.com\\\/wp-content\\\/uploads\\\/2015\\\/12\\\/ecoquartiers-2015.png\",\"datePublished\":\"2015-12-03T08:02:33+00:00\",\"dateModified\":\"2019-07-15T10:11:18+00:00\",\"author\":{\"@id\":\"https:\\\/\\\/batijournal.com\\\/#\\\/schema\\\/person\\\/1dc96ec6957aa1ccb25ebe78bb19f100\"},\"breadcrumb\":{\"@id\":\"https:\\\/\\\/batijournal.com\\\/index.php\\\/sept-nouveaux\\\/90698\\\/#breadcrumb\"},\"inLanguage\":\"fr-FR\",\"potentialAction\":[{\"@type\":\"ReadAction\",\"target\":[\"https:\\\/\\\/batijournal.com\\\/index.php\\\/sept-nouveaux\\\/90698\\\/\"]}]},{\"@type\":\"ImageObject\",\"inLanguage\":\"fr-FR\",\"@id\":\"https:\\\/\\\/batijournal.com\\\/index.php\\\/sept-nouveaux\\\/90698\\\/#primaryimage\",\"url\":\"https:\\\/\\\/batijournal.com\\\/wp-content\\\/uploads\\\/2015\\\/12\\\/ecoquartiers-2015.png\",\"contentUrl\":\"https:\\\/\\\/batijournal.com\\\/wp-content\\\/uploads\\\/2015\\\/12\\\/ecoquartiers-2015.png\",\"width\":1176,\"height\":789},{\"@type\":\"BreadcrumbList\",\"@id\":\"https:\\\/\\\/batijournal.com\\\/index.php\\\/sept-nouveaux\\\/90698\\\/#breadcrumb\",\"itemListElement\":[{\"@type\":\"ListItem\",\"position\":1,\"name\":\"Accueil\",\"item\":\"https:\\\/\\\/batijournal.com\\\/\"},{\"@type\":\"ListItem\",\"position\":2,\"name\":\"Actualit\u00e9s\",\"item\":\"https:\\\/\\\/batijournal.com\\\/index.php\\\/category\\\/actualites\\\/\"},{\"@type\":\"ListItem\",\"position\":3,\"name\":\"Architecture &amp; Conception\",\"item\":\"https:\\\/\\\/batijournal.com\\\/index.php\\\/category\\\/actualites\\\/architecture-conception\\\/\"},{\"@type\":\"ListItem\",\"position\":4,\"name\":\"Sept nouveaux \u00c9coQuartiers\"}]},{\"@type\":\"WebSite\",\"@id\":\"https:\\\/\\\/batijournal.com\\\/#website\",\"url\":\"https:\\\/\\\/batijournal.com\\\/\",\"name\":\"Batijournal\",\"description\":\"L&#039;actualit\u00e9 du b\u00e2timent\",\"potentialAction\":[{\"@type\":\"SearchAction\",\"target\":{\"@type\":\"EntryPoint\",\"urlTemplate\":\"https:\\\/\\\/batijournal.com\\\/?s={search_term_string}\"},\"query-input\":{\"@type\":\"PropertyValueSpecification\",\"valueRequired\":true,\"valueName\":\"search_term_string\"}}],\"inLanguage\":\"fr-FR\"},{\"@type\":\"Person\",\"@id\":\"https:\\\/\\\/batijournal.com\\\/#\\\/schema\\\/person\\\/1dc96ec6957aa1ccb25ebe78bb19f100\",\"name\":\"St\u00e9phane Miget\",\"image\":{\"@type\":\"ImageObject\",\"inLanguage\":\"fr-FR\",\"@id\":\"https:\\\/\\\/secure.gravatar.com\\\/avatar\\\/89915563d925342126b8ef0281b93d9d7fc337043e8df017f780908eb9644451?s=96&d=mm&r=g\",\"url\":\"https:\\\/\\\/secure.gravatar.com\\\/avatar\\\/89915563d925342126b8ef0281b93d9d7fc337043e8df017f780908eb9644451?s=96&d=mm&r=g\",\"contentUrl\":\"https:\\\/\\\/secure.gravatar.com\\\/avatar\\\/89915563d925342126b8ef0281b93d9d7fc337043e8df017f780908eb9644451?s=96&d=mm&r=g\",\"caption\":\"St\u00e9phane Miget\"},\"url\":\"https:\\\/\\\/batijournal.com\\\/index.php\\\/author\\\/stephane\\\/\"}]}<\/script>\n<!-- \/ Yoast SEO plugin. -->","yoast_head_json":{"title":"Sept nouveaux \u00c9coQuartiers","robots":{"index":"index","follow":"follow","max-snippet":"max-snippet:-1","max-image-preview":"max-image-preview:large","max-video-preview":"max-video-preview:-1"},"canonical":"https:\/\/batijournal.com\/index.php\/sept-nouveaux\/90698\/","og_locale":"fr_FR","og_type":"article","og_title":"Sept nouveaux \u00c9coQuartiers","og_description":"Lanc\u00e9 en d\u00e9cembre 2012, le label national \u00c9coQuartier constitue une nouvelle \u00e9tape dans la d\u00e9marche \u00c9coQuartier port\u00e9e depuis 2008 par le minist\u00e8re du Logement. Il a pour ambition de distinguer l\u2019exemplarit\u00e9 des d\u00e9marches d\u2019am\u00e9nagement durable et clarifier les conditions de r\u00e9ussite de ces quartiers. La d\u00e9marche \u00c9coQuartier vise \u00e0 favoriser l\u2019\u00e9mergence d\u2019une nouvelle fa\u00e7on de [&hellip;]","og_url":"https:\/\/batijournal.com\/index.php\/sept-nouveaux\/90698\/","og_site_name":"Batijournal","article_published_time":"2015-12-03T08:02:33+00:00","article_modified_time":"2019-07-15T10:11:18+00:00","og_image":[{"width":1176,"height":789,"url":"https:\/\/batijournal.com\/wp-content\/uploads\/2015\/12\/ecoquartiers-2015.png","type":"image\/png"}],"author":"St\u00e9phane Miget","twitter_card":"summary_large_image","twitter_creator":"@bati_journal","twitter_site":"@bati_journal","twitter_misc":{"\u00c9crit par":"St\u00e9phane Miget","Dur\u00e9e de lecture estim\u00e9e":"1 minute"},"schema":{"@context":"https:\/\/schema.org","@graph":[{"@type":"Article","@id":"https:\/\/batijournal.com\/index.php\/sept-nouveaux\/90698\/#article","isPartOf":{"@id":"https:\/\/batijournal.com\/index.php\/sept-nouveaux\/90698\/"},"author":{"name":"St\u00e9phane Miget","@id":"https:\/\/batijournal.com\/#\/schema\/person\/1dc96ec6957aa1ccb25ebe78bb19f100"},"headline":"Sept nouveaux \u00c9coQuartiers","datePublished":"2015-12-03T08:02:33+00:00","dateModified":"2019-07-15T10:11:18+00:00","mainEntityOfPage":{"@id":"https:\/\/batijournal.com\/index.php\/sept-nouveaux\/90698\/"},"wordCount":227,"image":{"@id":"https:\/\/batijournal.com\/index.php\/sept-nouveaux\/90698\/#primaryimage"},"thumbnailUrl":"https:\/\/batijournal.com\/wp-content\/uploads\/2015\/12\/ecoquartiers-2015.png","keywords":["\u00e9coquartiers"],"articleSection":["A la Une","Architecture &amp; Conception"],"inLanguage":"fr-FR"},{"@type":"WebPage","@id":"https:\/\/batijournal.com\/index.php\/sept-nouveaux\/90698\/","url":"https:\/\/batijournal.com\/index.php\/sept-nouveaux\/90698\/","name":"Sept nouveaux \u00c9coQuartiers","isPartOf":{"@id":"https:\/\/batijournal.com\/#website"},"primaryImageOfPage":{"@id":"https:\/\/batijournal.com\/index.php\/sept-nouveaux\/90698\/#primaryimage"},"image":{"@id":"https:\/\/batijournal.com\/index.php\/sept-nouveaux\/90698\/#primaryimage"},"thumbnailUrl":"https:\/\/batijournal.com\/wp-content\/uploads\/2015\/12\/ecoquartiers-2015.png","datePublished":"2015-12-03T08:02:33+00:00","dateModified":"2019-07-15T10:11:18+00:00","author":{"@id":"https:\/\/batijournal.com\/#\/schema\/person\/1dc96ec6957aa1ccb25ebe78bb19f100"},"breadcrumb":{"@id":"https:\/\/batijournal.com\/index.php\/sept-nouveaux\/90698\/#breadcrumb"},"inLanguage":"fr-FR","potentialAction":[{"@type":"ReadAction","target":["https:\/\/batijournal.com\/index.php\/sept-nouveaux\/90698\/"]}]},{"@type":"ImageObject","inLanguage":"fr-FR","@id":"https:\/\/batijournal.com\/index.php\/sept-nouveaux\/90698\/#primaryimage","url":"https:\/\/batijournal.com\/wp-content\/uploads\/2015\/12\/ecoquartiers-2015.png","contentUrl":"https:\/\/batijournal.com\/wp-content\/uploads\/2015\/12\/ecoquartiers-2015.png","width":1176,"height":789},{"@type":"BreadcrumbList","@id":"https:\/\/batijournal.com\/index.php\/sept-nouveaux\/90698\/#breadcrumb","itemListElement":[{"@type":"ListItem","position":1,"name":"Accueil","item":"https:\/\/batijournal.com\/"},{"@type":"ListItem","position":2,"name":"Actualit\u00e9s","item":"https:\/\/batijournal.com\/index.php\/category\/actualites\/"},{"@type":"ListItem","position":3,"name":"Architecture &amp; Conception","item":"https:\/\/batijournal.com\/index.php\/category\/actualites\/architecture-conception\/"},{"@type":"ListItem","position":4,"name":"Sept nouveaux \u00c9coQuartiers"}]},{"@type":"WebSite","@id":"https:\/\/batijournal.com\/#website","url":"https:\/\/batijournal.com\/","name":"Batijournal","description":"L&#039;actualit\u00e9 du b\u00e2timent","potentialAction":[{"@type":"SearchAction","target":{"@type":"EntryPoint","urlTemplate":"https:\/\/batijournal.com\/?s={search_term_string}"},"query-input":{"@type":"PropertyValueSpecification","valueRequired":true,"valueName":"search_term_string"}}],"inLanguage":"fr-FR"},{"@type":"Person","@id":"https:\/\/batijournal.com\/#\/schema\/person\/1dc96ec6957aa1ccb25ebe78bb19f100","name":"St\u00e9phane Miget","image":{"@type":"ImageObject","inLanguage":"fr-FR","@id":"https:\/\/secure.gravatar.com\/avatar\/89915563d925342126b8ef0281b93d9d7fc337043e8df017f780908eb9644451?s=96&d=mm&r=g","url":"https:\/\/secure.gravatar.com\/avatar\/89915563d925342126b8ef0281b93d9d7fc337043e8df017f780908eb9644451?s=96&d=mm&r=g","contentUrl":"https:\/\/secure.gravatar.com\/avatar\/89915563d925342126b8ef0281b93d9d7fc337043e8df017f780908eb9644451?s=96&d=mm&r=g","caption":"St\u00e9phane Miget"},"url":"https:\/\/batijournal.com\/index.php\/author\/stephane\/"}]}},"_links":{"self":[{"href":"https:\/\/batijournal.com\/index.php\/wp-json\/wp\/v2\/posts\/90698","targetHints":{"allow":["GET"]}}],"collection":[{"href":"https:\/\/batijournal.com\/index.php\/wp-json\/wp\/v2\/posts"}],"about":[{"href":"https:\/\/batijournal.com\/index.php\/wp-json\/wp\/v2\/types\/post"}],"author":[{"embeddable":true,"href":"https:\/\/batijournal.com\/index.php\/wp-json\/wp\/v2\/users\/17"}],"replies":[{"embeddable":true,"href":"https:\/\/batijournal.com\/index.php\/wp-json\/wp\/v2\/comments?post=90698"}],"version-history":[{"count":0,"href":"https:\/\/batijournal.com\/index.php\/wp-json\/wp\/v2\/posts\/90698\/revisions"}],"wp:featuredmedia":[{"embeddable":true,"href":"https:\/\/batijournal.com\/index.php\/wp-json\/wp\/v2\/media\/90699"}],"wp:attachment":[{"href":"https:\/\/batijournal.com\/index.php\/wp-json\/wp\/v2\/media?parent=90698"}],"wp:term":[{"taxonomy":"category","embeddable":true,"href":"https:\/\/batijournal.com\/index.php\/wp-json\/wp\/v2\/categories?post=90698"},{"taxonomy":"post_tag","embeddable":true,"href":"https:\/\/batijournal.com\/index.php\/wp-json\/wp\/v2\/tags?post=90698"}],"curies":[{"name":"wp","href":"https:\/\/api.w.org\/{rel}","templated":true}]}}