{"id":90767,"date":"2015-12-14T05:29:32","date_gmt":"2015-12-14T04:29:32","guid":{"rendered":"http:\/\/batijournal.com\/?p=90767"},"modified":"2019-07-15T12:08:54","modified_gmt":"2019-07-15T10:08:54","slug":"travailleurs-detaches-loi-noe-securite-la-capeb-interpelle-la-ministre-du-travail","status":"publish","type":"post","link":"https:\/\/batijournal.com\/index.php\/travailleurs-detaches-loi-noe-securite-la-capeb-interpelle-la-ministre-du-travail\/90767\/","title":{"rendered":"Travailleurs d\u00e9tach\u00e9s, loi No\u00e9, s\u00e9curit\u00e9, la Capeb interpelle la Ministre du Travail"},"content":{"rendered":"<div class=\"page\" title=\"Page 1\">\n<div class=\"layoutArea\">\n<div class=\"column\">\n<p><strong>Pr\u00e9sente lors du conseil d\u2019administration de la Capeb, Myriam El Khomri, la Ministre du Travail a pu recueillir les mesures urgentes propos\u00e9es par la Capeb pour relancer l\u2019activit\u00e9 et donc pr\u00e9server l\u2019emploi des TPE du B\u00e2timent.<\/strong><\/p>\n<p>La Capeb\u00a0a interrog\u00e9 la Ministre sur ses intentions au sujet de la directive europ\u00e9enne sur les travailleurs d\u00e9tach\u00e9s, r\u00e9it\u00e9rant sa demande en faveur de l\u2019\u00e9quit\u00e9 en mati\u00e8re de r\u00e8glement des cotisations sociales pour toutes les entreprises exer\u00e7ant sur le territoire fran\u00e7ais. \u00c0 cela s\u2019ajoute le besoin urgent de limiter la dur\u00e9e de d\u00e9tachement \u00e0 la r\u00e9alisation d\u2019un seul chantier d\u2019une dur\u00e9e maximum de 3 mois et la n\u00e9cessit\u00e9 d&rsquo;accroitre consid\u00e9rablement les contr\u00f4les y compris le week-end, le soir et les jours f\u00e9ri\u00e9s.<\/p>\n<p>Concernant le projet de loi d\u2019Emmanuel Macron sur les Nouvelles Opportunit\u00e9s \u00c9conomiques : projet de loi No\u00e9, la conf\u00e9d\u00e9ration\u00a0a r\u00e9it\u00e9r\u00e9 son avis favorable au d\u00e9veloppement de l\u2019activit\u00e9 \u00e9conomique du BTP par l\u2019innovation. Elle partage \u00e9galement la vision d\u2019un projet ambitieux pour l\u2019appropriation du num\u00e9rique par les entreprises artisanales\u00a0mais alerte le gouvernement sur le danger des mesures simplificatrices envisag\u00e9es qui, en supprimant l\u2019obligation de qualification pour certaines activit\u00e9s, risqueraient de niveler par le bas le savoir-faire des m\u00e9tiers du B\u00e2timent et d\u2019impacter n\u00e9gativement la s\u00e9curit\u00e9 sur les chantiers, sans oublier celle des consommateurs.<\/p>\n<\/div>\n<div class=\"page\" title=\"Page 1\">\n<div class=\"layoutArea\">\n<div class=\"column\">\n<div class=\"page\" title=\"Page 2\">\n<div class=\"layoutArea\">\n<div class=\"column\">\n<p>La Capeb a \u00e9galement rappel\u00e9 \u00e0 la Ministre la n\u00e9cessit\u00e9 d\u2019all\u00e9ger le cadre r\u00e9glementaire en mati\u00e8re de sant\u00e9 et s\u00e9curit\u00e9, qui p\u00e8se sur les entreprises artisanales du B\u00e2timent.\u00a0Consciente de la complexit\u00e9 de la mise en place du compte p\u00e9nibilit\u00e9 pour les petites entreprises du b\u00e2timent, elle\u00a0appelle de ses v\u0153ux l\u2019instauration de r\u00e9f\u00e9rentiels m\u00e9tiers et collabore d\u2019ores-et- d\u00e9j\u00e0 en ce sens avec l\u2019OPPBTP.<\/p>\n<\/div>\n<\/div>\n<\/div>\n<\/div>\n<\/div>\n<\/div>\n<\/div>\n<\/div>\n","protected":false},"excerpt":{"rendered":"<p>Pr\u00e9sente lors du conseil d\u2019administration de la Capeb, Myriam El Khomri, la Ministre du Travail a pu recueillir les mesures urgentes propos\u00e9es par la Capeb pour relancer l\u2019activit\u00e9 et donc pr\u00e9server l\u2019emploi des TPE du B\u00e2timent. La Capeb\u00a0a interrog\u00e9 la Ministre sur ses intentions au sujet de la directive europ\u00e9enne sur les travailleurs d\u00e9tach\u00e9s, r\u00e9it\u00e9rant [&hellip;]<\/p>\n","protected":false},"author":17,"featured_media":90768,"comment_status":"closed","ping_status":"closed","sticky":false,"template":"","format":"standard","meta":{"_et_pb_use_builder":"","_et_pb_old_content":"","_et_gb_content_width":"","footnotes":""},"categories":[10736,10530,6345],"tags":[647],"class_list":["post-90767","post","type-post","status-publish","format-standard","has-post-thumbnail","hentry","category-a-la-une","category-actualites","category-economie-marches","tag-capeb"],"yoast_head":"<!-- This site is optimized with the Yoast SEO plugin v27.4 - https:\/\/yoast.com\/product\/yoast-seo-wordpress\/ -->\n<title>Travailleurs d\u00e9tach\u00e9s, loi No\u00e9, s\u00e9curit\u00e9, la Capeb interpelle la Ministre du Travail<\/title>\n<meta name=\"robots\" content=\"index, follow, max-snippet:-1, max-image-preview:large, max-video-preview:-1\" \/>\n<link rel=\"canonical\" href=\"https:\/\/batijournal.com\/index.php\/travailleurs-detaches-loi-noe-securite-la-capeb-interpelle-la-ministre-du-travail\/90767\/\" \/>\n<meta property=\"og:locale\" content=\"fr_FR\" \/>\n<meta property=\"og:type\" content=\"article\" \/>\n<meta property=\"og:title\" content=\"Travailleurs d\u00e9tach\u00e9s, loi No\u00e9, s\u00e9curit\u00e9, la Capeb interpelle la Ministre du Travail\" \/>\n<meta property=\"og:description\" content=\"Pr\u00e9sente lors du conseil d\u2019administration de la Capeb, Myriam El Khomri, la Ministre du Travail a pu recueillir les mesures urgentes propos\u00e9es par la Capeb pour relancer l\u2019activit\u00e9 et donc pr\u00e9server l\u2019emploi des TPE du B\u00e2timent. La Capeb\u00a0a interrog\u00e9 la Ministre sur ses intentions au sujet de la directive europ\u00e9enne sur les travailleurs d\u00e9tach\u00e9s, r\u00e9it\u00e9rant [&hellip;]\" \/>\n<meta property=\"og:url\" content=\"https:\/\/batijournal.com\/index.php\/travailleurs-detaches-loi-noe-securite-la-capeb-interpelle-la-ministre-du-travail\/90767\/\" \/>\n<meta property=\"og:site_name\" content=\"Batijournal\" \/>\n<meta property=\"article:published_time\" content=\"2015-12-14T04:29:32+00:00\" \/>\n<meta property=\"article:modified_time\" content=\"2019-07-15T10:08:54+00:00\" \/>\n<meta property=\"og:image\" content=\"https:\/\/batijournal.com\/wp-content\/uploads\/2015\/12\/10-12-2015_Myriam-El-Khomri-et-Patrick-Li\u00e9bus-lors-du-CA-de-la-CAPEB_\u00a9CAPEB.jpg\" \/>\n\t<meta property=\"og:image:width\" content=\"1853\" \/>\n\t<meta property=\"og:image:height\" content=\"1261\" \/>\n\t<meta property=\"og:image:type\" content=\"image\/jpeg\" \/>\n<meta name=\"author\" content=\"St\u00e9phane Miget\" \/>\n<meta name=\"twitter:card\" content=\"summary_large_image\" \/>\n<meta name=\"twitter:creator\" content=\"@bati_journal\" \/>\n<meta name=\"twitter:site\" content=\"@bati_journal\" \/>\n<meta name=\"twitter:label1\" content=\"\u00c9crit par\" \/>\n\t<meta name=\"twitter:data1\" content=\"St\u00e9phane Miget\" \/>\n\t<meta name=\"twitter:label2\" content=\"Dur\u00e9e de lecture estim\u00e9e\" \/>\n\t<meta name=\"twitter:data2\" content=\"2 minutes\" \/>\n<script type=\"application\/ld+json\" class=\"yoast-schema-graph\">{\"@context\":\"https:\\\/\\\/schema.org\",\"@graph\":[{\"@type\":\"Article\",\"@id\":\"https:\\\/\\\/batijournal.com\\\/index.php\\\/travailleurs-detaches-loi-noe-securite-la-capeb-interpelle-la-ministre-du-travail\\\/90767\\\/#article\",\"isPartOf\":{\"@id\":\"https:\\\/\\\/batijournal.com\\\/index.php\\\/travailleurs-detaches-loi-noe-securite-la-capeb-interpelle-la-ministre-du-travail\\\/90767\\\/\"},\"author\":{\"name\":\"St\u00e9phane Miget\",\"@id\":\"https:\\\/\\\/batijournal.com\\\/#\\\/schema\\\/person\\\/1dc96ec6957aa1ccb25ebe78bb19f100\"},\"headline\":\"Travailleurs d\u00e9tach\u00e9s, loi No\u00e9, s\u00e9curit\u00e9, la Capeb interpelle la Ministre du Travail\",\"datePublished\":\"2015-12-14T04:29:32+00:00\",\"dateModified\":\"2019-07-15T10:08:54+00:00\",\"mainEntityOfPage\":{\"@id\":\"https:\\\/\\\/batijournal.com\\\/index.php\\\/travailleurs-detaches-loi-noe-securite-la-capeb-interpelle-la-ministre-du-travail\\\/90767\\\/\"},\"wordCount\":355,\"image\":{\"@id\":\"https:\\\/\\\/batijournal.com\\\/index.php\\\/travailleurs-detaches-loi-noe-securite-la-capeb-interpelle-la-ministre-du-travail\\\/90767\\\/#primaryimage\"},\"thumbnailUrl\":\"https:\\\/\\\/batijournal.com\\\/wp-content\\\/uploads\\\/2015\\\/12\\\/10-12-2015_Myriam-El-Khomri-et-Patrick-Li\u00e9bus-lors-du-CA-de-la-CAPEB_\u00a9CAPEB.jpg\",\"keywords\":[\"CAPEB\"],\"articleSection\":[\"A la Une\",\"Actualit\u00e9s\",\"\u00c9conomie &amp; March\u00e9s\"],\"inLanguage\":\"fr-FR\"},{\"@type\":\"WebPage\",\"@id\":\"https:\\\/\\\/batijournal.com\\\/index.php\\\/travailleurs-detaches-loi-noe-securite-la-capeb-interpelle-la-ministre-du-travail\\\/90767\\\/\",\"url\":\"https:\\\/\\\/batijournal.com\\\/index.php\\\/travailleurs-detaches-loi-noe-securite-la-capeb-interpelle-la-ministre-du-travail\\\/90767\\\/\",\"name\":\"Travailleurs d\u00e9tach\u00e9s, loi No\u00e9, s\u00e9curit\u00e9, la Capeb interpelle la Ministre du Travail\",\"isPartOf\":{\"@id\":\"https:\\\/\\\/batijournal.com\\\/#website\"},\"primaryImageOfPage\":{\"@id\":\"https:\\\/\\\/batijournal.com\\\/index.php\\\/travailleurs-detaches-loi-noe-securite-la-capeb-interpelle-la-ministre-du-travail\\\/90767\\\/#primaryimage\"},\"image\":{\"@id\":\"https:\\\/\\\/batijournal.com\\\/index.php\\\/travailleurs-detaches-loi-noe-securite-la-capeb-interpelle-la-ministre-du-travail\\\/90767\\\/#primaryimage\"},\"thumbnailUrl\":\"https:\\\/\\\/batijournal.com\\\/wp-content\\\/uploads\\\/2015\\\/12\\\/10-12-2015_Myriam-El-Khomri-et-Patrick-Li\u00e9bus-lors-du-CA-de-la-CAPEB_\u00a9CAPEB.jpg\",\"datePublished\":\"2015-12-14T04:29:32+00:00\",\"dateModified\":\"2019-07-15T10:08:54+00:00\",\"author\":{\"@id\":\"https:\\\/\\\/batijournal.com\\\/#\\\/schema\\\/person\\\/1dc96ec6957aa1ccb25ebe78bb19f100\"},\"breadcrumb\":{\"@id\":\"https:\\\/\\\/batijournal.com\\\/index.php\\\/travailleurs-detaches-loi-noe-securite-la-capeb-interpelle-la-ministre-du-travail\\\/90767\\\/#breadcrumb\"},\"inLanguage\":\"fr-FR\",\"potentialAction\":[{\"@type\":\"ReadAction\",\"target\":[\"https:\\\/\\\/batijournal.com\\\/index.php\\\/travailleurs-detaches-loi-noe-securite-la-capeb-interpelle-la-ministre-du-travail\\\/90767\\\/\"]}]},{\"@type\":\"ImageObject\",\"inLanguage\":\"fr-FR\",\"@id\":\"https:\\\/\\\/batijournal.com\\\/index.php\\\/travailleurs-detaches-loi-noe-securite-la-capeb-interpelle-la-ministre-du-travail\\\/90767\\\/#primaryimage\",\"url\":\"https:\\\/\\\/batijournal.com\\\/wp-content\\\/uploads\\\/2015\\\/12\\\/10-12-2015_Myriam-El-Khomri-et-Patrick-Li\u00e9bus-lors-du-CA-de-la-CAPEB_\u00a9CAPEB.jpg\",\"contentUrl\":\"https:\\\/\\\/batijournal.com\\\/wp-content\\\/uploads\\\/2015\\\/12\\\/10-12-2015_Myriam-El-Khomri-et-Patrick-Li\u00e9bus-lors-du-CA-de-la-CAPEB_\u00a9CAPEB.jpg\",\"width\":1853,\"height\":1261},{\"@type\":\"BreadcrumbList\",\"@id\":\"https:\\\/\\\/batijournal.com\\\/index.php\\\/travailleurs-detaches-loi-noe-securite-la-capeb-interpelle-la-ministre-du-travail\\\/90767\\\/#breadcrumb\",\"itemListElement\":[{\"@type\":\"ListItem\",\"position\":1,\"name\":\"Accueil\",\"item\":\"https:\\\/\\\/batijournal.com\\\/\"},{\"@type\":\"ListItem\",\"position\":2,\"name\":\"Actualit\u00e9s\",\"item\":\"https:\\\/\\\/batijournal.com\\\/index.php\\\/category\\\/actualites\\\/\"},{\"@type\":\"ListItem\",\"position\":3,\"name\":\"\u00c9conomie &amp; March\u00e9s\",\"item\":\"https:\\\/\\\/batijournal.com\\\/index.php\\\/category\\\/actualites\\\/economie-marches\\\/\"},{\"@type\":\"ListItem\",\"position\":4,\"name\":\"Travailleurs d\u00e9tach\u00e9s, loi No\u00e9, s\u00e9curit\u00e9, la Capeb interpelle la Ministre du Travail\"}]},{\"@type\":\"WebSite\",\"@id\":\"https:\\\/\\\/batijournal.com\\\/#website\",\"url\":\"https:\\\/\\\/batijournal.com\\\/\",\"name\":\"Batijournal\",\"description\":\"L&#039;actualit\u00e9 du b\u00e2timent\",\"potentialAction\":[{\"@type\":\"SearchAction\",\"target\":{\"@type\":\"EntryPoint\",\"urlTemplate\":\"https:\\\/\\\/batijournal.com\\\/?s={search_term_string}\"},\"query-input\":{\"@type\":\"PropertyValueSpecification\",\"valueRequired\":true,\"valueName\":\"search_term_string\"}}],\"inLanguage\":\"fr-FR\"},{\"@type\":\"Person\",\"@id\":\"https:\\\/\\\/batijournal.com\\\/#\\\/schema\\\/person\\\/1dc96ec6957aa1ccb25ebe78bb19f100\",\"name\":\"St\u00e9phane Miget\",\"image\":{\"@type\":\"ImageObject\",\"inLanguage\":\"fr-FR\",\"@id\":\"https:\\\/\\\/secure.gravatar.com\\\/avatar\\\/89915563d925342126b8ef0281b93d9d7fc337043e8df017f780908eb9644451?s=96&d=mm&r=g\",\"url\":\"https:\\\/\\\/secure.gravatar.com\\\/avatar\\\/89915563d925342126b8ef0281b93d9d7fc337043e8df017f780908eb9644451?s=96&d=mm&r=g\",\"contentUrl\":\"https:\\\/\\\/secure.gravatar.com\\\/avatar\\\/89915563d925342126b8ef0281b93d9d7fc337043e8df017f780908eb9644451?s=96&d=mm&r=g\",\"caption\":\"St\u00e9phane Miget\"},\"url\":\"https:\\\/\\\/batijournal.com\\\/index.php\\\/author\\\/stephane\\\/\"}]}<\/script>\n<!-- \/ Yoast SEO plugin. -->","yoast_head_json":{"title":"Travailleurs d\u00e9tach\u00e9s, loi No\u00e9, s\u00e9curit\u00e9, la Capeb interpelle la Ministre du Travail","robots":{"index":"index","follow":"follow","max-snippet":"max-snippet:-1","max-image-preview":"max-image-preview:large","max-video-preview":"max-video-preview:-1"},"canonical":"https:\/\/batijournal.com\/index.php\/travailleurs-detaches-loi-noe-securite-la-capeb-interpelle-la-ministre-du-travail\/90767\/","og_locale":"fr_FR","og_type":"article","og_title":"Travailleurs d\u00e9tach\u00e9s, loi No\u00e9, s\u00e9curit\u00e9, la Capeb interpelle la Ministre du Travail","og_description":"Pr\u00e9sente lors du conseil d\u2019administration de la Capeb, Myriam El Khomri, la Ministre du Travail a pu recueillir les mesures urgentes propos\u00e9es par la Capeb pour relancer l\u2019activit\u00e9 et donc pr\u00e9server l\u2019emploi des TPE du B\u00e2timent. La Capeb\u00a0a interrog\u00e9 la Ministre sur ses intentions au sujet de la directive europ\u00e9enne sur les travailleurs d\u00e9tach\u00e9s, r\u00e9it\u00e9rant [&hellip;]","og_url":"https:\/\/batijournal.com\/index.php\/travailleurs-detaches-loi-noe-securite-la-capeb-interpelle-la-ministre-du-travail\/90767\/","og_site_name":"Batijournal","article_published_time":"2015-12-14T04:29:32+00:00","article_modified_time":"2019-07-15T10:08:54+00:00","og_image":[{"width":1853,"height":1261,"url":"https:\/\/batijournal.com\/wp-content\/uploads\/2015\/12\/10-12-2015_Myriam-El-Khomri-et-Patrick-Li\u00e9bus-lors-du-CA-de-la-CAPEB_\u00a9CAPEB.jpg","type":"image\/jpeg"}],"author":"St\u00e9phane Miget","twitter_card":"summary_large_image","twitter_creator":"@bati_journal","twitter_site":"@bati_journal","twitter_misc":{"\u00c9crit par":"St\u00e9phane Miget","Dur\u00e9e de lecture estim\u00e9e":"2 minutes"},"schema":{"@context":"https:\/\/schema.org","@graph":[{"@type":"Article","@id":"https:\/\/batijournal.com\/index.php\/travailleurs-detaches-loi-noe-securite-la-capeb-interpelle-la-ministre-du-travail\/90767\/#article","isPartOf":{"@id":"https:\/\/batijournal.com\/index.php\/travailleurs-detaches-loi-noe-securite-la-capeb-interpelle-la-ministre-du-travail\/90767\/"},"author":{"name":"St\u00e9phane Miget","@id":"https:\/\/batijournal.com\/#\/schema\/person\/1dc96ec6957aa1ccb25ebe78bb19f100"},"headline":"Travailleurs d\u00e9tach\u00e9s, loi No\u00e9, s\u00e9curit\u00e9, la Capeb interpelle la Ministre du Travail","datePublished":"2015-12-14T04:29:32+00:00","dateModified":"2019-07-15T10:08:54+00:00","mainEntityOfPage":{"@id":"https:\/\/batijournal.com\/index.php\/travailleurs-detaches-loi-noe-securite-la-capeb-interpelle-la-ministre-du-travail\/90767\/"},"wordCount":355,"image":{"@id":"https:\/\/batijournal.com\/index.php\/travailleurs-detaches-loi-noe-securite-la-capeb-interpelle-la-ministre-du-travail\/90767\/#primaryimage"},"thumbnailUrl":"https:\/\/batijournal.com\/wp-content\/uploads\/2015\/12\/10-12-2015_Myriam-El-Khomri-et-Patrick-Li\u00e9bus-lors-du-CA-de-la-CAPEB_\u00a9CAPEB.jpg","keywords":["CAPEB"],"articleSection":["A la Une","Actualit\u00e9s","\u00c9conomie &amp; March\u00e9s"],"inLanguage":"fr-FR"},{"@type":"WebPage","@id":"https:\/\/batijournal.com\/index.php\/travailleurs-detaches-loi-noe-securite-la-capeb-interpelle-la-ministre-du-travail\/90767\/","url":"https:\/\/batijournal.com\/index.php\/travailleurs-detaches-loi-noe-securite-la-capeb-interpelle-la-ministre-du-travail\/90767\/","name":"Travailleurs d\u00e9tach\u00e9s, loi No\u00e9, s\u00e9curit\u00e9, la Capeb interpelle la Ministre du Travail","isPartOf":{"@id":"https:\/\/batijournal.com\/#website"},"primaryImageOfPage":{"@id":"https:\/\/batijournal.com\/index.php\/travailleurs-detaches-loi-noe-securite-la-capeb-interpelle-la-ministre-du-travail\/90767\/#primaryimage"},"image":{"@id":"https:\/\/batijournal.com\/index.php\/travailleurs-detaches-loi-noe-securite-la-capeb-interpelle-la-ministre-du-travail\/90767\/#primaryimage"},"thumbnailUrl":"https:\/\/batijournal.com\/wp-content\/uploads\/2015\/12\/10-12-2015_Myriam-El-Khomri-et-Patrick-Li\u00e9bus-lors-du-CA-de-la-CAPEB_\u00a9CAPEB.jpg","datePublished":"2015-12-14T04:29:32+00:00","dateModified":"2019-07-15T10:08:54+00:00","author":{"@id":"https:\/\/batijournal.com\/#\/schema\/person\/1dc96ec6957aa1ccb25ebe78bb19f100"},"breadcrumb":{"@id":"https:\/\/batijournal.com\/index.php\/travailleurs-detaches-loi-noe-securite-la-capeb-interpelle-la-ministre-du-travail\/90767\/#breadcrumb"},"inLanguage":"fr-FR","potentialAction":[{"@type":"ReadAction","target":["https:\/\/batijournal.com\/index.php\/travailleurs-detaches-loi-noe-securite-la-capeb-interpelle-la-ministre-du-travail\/90767\/"]}]},{"@type":"ImageObject","inLanguage":"fr-FR","@id":"https:\/\/batijournal.com\/index.php\/travailleurs-detaches-loi-noe-securite-la-capeb-interpelle-la-ministre-du-travail\/90767\/#primaryimage","url":"https:\/\/batijournal.com\/wp-content\/uploads\/2015\/12\/10-12-2015_Myriam-El-Khomri-et-Patrick-Li\u00e9bus-lors-du-CA-de-la-CAPEB_\u00a9CAPEB.jpg","contentUrl":"https:\/\/batijournal.com\/wp-content\/uploads\/2015\/12\/10-12-2015_Myriam-El-Khomri-et-Patrick-Li\u00e9bus-lors-du-CA-de-la-CAPEB_\u00a9CAPEB.jpg","width":1853,"height":1261},{"@type":"BreadcrumbList","@id":"https:\/\/batijournal.com\/index.php\/travailleurs-detaches-loi-noe-securite-la-capeb-interpelle-la-ministre-du-travail\/90767\/#breadcrumb","itemListElement":[{"@type":"ListItem","position":1,"name":"Accueil","item":"https:\/\/batijournal.com\/"},{"@type":"ListItem","position":2,"name":"Actualit\u00e9s","item":"https:\/\/batijournal.com\/index.php\/category\/actualites\/"},{"@type":"ListItem","position":3,"name":"\u00c9conomie &amp; March\u00e9s","item":"https:\/\/batijournal.com\/index.php\/category\/actualites\/economie-marches\/"},{"@type":"ListItem","position":4,"name":"Travailleurs d\u00e9tach\u00e9s, loi No\u00e9, s\u00e9curit\u00e9, la Capeb interpelle la Ministre du Travail"}]},{"@type":"WebSite","@id":"https:\/\/batijournal.com\/#website","url":"https:\/\/batijournal.com\/","name":"Batijournal","description":"L&#039;actualit\u00e9 du b\u00e2timent","potentialAction":[{"@type":"SearchAction","target":{"@type":"EntryPoint","urlTemplate":"https:\/\/batijournal.com\/?s={search_term_string}"},"query-input":{"@type":"PropertyValueSpecification","valueRequired":true,"valueName":"search_term_string"}}],"inLanguage":"fr-FR"},{"@type":"Person","@id":"https:\/\/batijournal.com\/#\/schema\/person\/1dc96ec6957aa1ccb25ebe78bb19f100","name":"St\u00e9phane Miget","image":{"@type":"ImageObject","inLanguage":"fr-FR","@id":"https:\/\/secure.gravatar.com\/avatar\/89915563d925342126b8ef0281b93d9d7fc337043e8df017f780908eb9644451?s=96&d=mm&r=g","url":"https:\/\/secure.gravatar.com\/avatar\/89915563d925342126b8ef0281b93d9d7fc337043e8df017f780908eb9644451?s=96&d=mm&r=g","contentUrl":"https:\/\/secure.gravatar.com\/avatar\/89915563d925342126b8ef0281b93d9d7fc337043e8df017f780908eb9644451?s=96&d=mm&r=g","caption":"St\u00e9phane Miget"},"url":"https:\/\/batijournal.com\/index.php\/author\/stephane\/"}]}},"_links":{"self":[{"href":"https:\/\/batijournal.com\/index.php\/wp-json\/wp\/v2\/posts\/90767","targetHints":{"allow":["GET"]}}],"collection":[{"href":"https:\/\/batijournal.com\/index.php\/wp-json\/wp\/v2\/posts"}],"about":[{"href":"https:\/\/batijournal.com\/index.php\/wp-json\/wp\/v2\/types\/post"}],"author":[{"embeddable":true,"href":"https:\/\/batijournal.com\/index.php\/wp-json\/wp\/v2\/users\/17"}],"replies":[{"embeddable":true,"href":"https:\/\/batijournal.com\/index.php\/wp-json\/wp\/v2\/comments?post=90767"}],"version-history":[{"count":0,"href":"https:\/\/batijournal.com\/index.php\/wp-json\/wp\/v2\/posts\/90767\/revisions"}],"wp:featuredmedia":[{"embeddable":true,"href":"https:\/\/batijournal.com\/index.php\/wp-json\/wp\/v2\/media\/90768"}],"wp:attachment":[{"href":"https:\/\/batijournal.com\/index.php\/wp-json\/wp\/v2\/media?parent=90767"}],"wp:term":[{"taxonomy":"category","embeddable":true,"href":"https:\/\/batijournal.com\/index.php\/wp-json\/wp\/v2\/categories?post=90767"},{"taxonomy":"post_tag","embeddable":true,"href":"https:\/\/batijournal.com\/index.php\/wp-json\/wp\/v2\/tags?post=90767"}],"curies":[{"name":"wp","href":"https:\/\/api.w.org\/{rel}","templated":true}]}}