{"id":90795,"date":"2015-12-15T06:09:00","date_gmt":"2015-12-15T05:09:00","guid":{"rendered":"http:\/\/batijournal.com\/?p=90795"},"modified":"2020-07-17T15:22:09","modified_gmt":"2020-07-17T13:22:09","slug":"benoit-fabre-nouveau-president-de-velux-france","status":"publish","type":"post","link":"https:\/\/batijournal.com\/index.php\/benoit-fabre-nouveau-president-de-velux-france\/90795\/","title":{"rendered":"Beno\u00eet Fabre, nouveau Pr\u00e9sident de VELUX France"},"content":{"rendered":"<div class=\"page\" title=\"Page 1\">\n<div class=\"layoutArea\">\n<div class=\"column\">\n<p><strong>A compter du 1er janvier 2016, Beno\u00eet Fabre assumera les fonctions de Pr\u00e9sident de VELUX France. Il\u00a0succ\u00e8de \u00e0 Michel Langrand, Pr\u00e9sident de 1992 \u00e0 2015.<\/strong><\/p>\n<p>Dipl\u00f4m\u00e9 de HEC, Beno\u00eet Fabre a r\u00e9alis\u00e9 un parcours complet au sein du Groupe Philips, couvrant diff\u00e9rentes fonctions dans les domaines Marketing, Commerce et Finances. Il a notamment \u00e9t\u00e9 Directeur des services partag\u00e9s \u00ab Business Finance \u00bb pour l\u2019Europe du Sud.\u00a0Beno\u00eet Fabre a rejoint le Groupe VELUX en 2014 en tant que Directeur r\u00e9gional des ventes pour l\u2019Ile-de-France et Directeur de la strat\u00e9gie des comptes nationaux de la distribution. Sa priorit\u00e9 des premiers mois sera d\u2019assurer le succ\u00e8s de la nouvelle organisation de la force de vente qui sera mise en place en janvier 2016. Cette organisation a pour ambition de renforcer le service et la proximit\u00e9 aupr\u00e8s de l\u2019ensemble des clients de la distribution, des entreprises et des prescripteurs.<\/p>\n<\/div>\n<\/div>\n<\/div>\n","protected":false},"excerpt":{"rendered":"<p>A compter du 1er janvier 2016, Beno\u00eet Fabre assumera les fonctions de Pr\u00e9sident de VELUX France. Il\u00a0succ\u00e8de \u00e0 Michel Langrand, Pr\u00e9sident de 1992 \u00e0 2015. Dipl\u00f4m\u00e9 de HEC, Beno\u00eet Fabre a r\u00e9alis\u00e9 un parcours complet au sein du Groupe Philips, couvrant diff\u00e9rentes fonctions dans les domaines Marketing, Commerce et Finances. Il a notamment \u00e9t\u00e9 Directeur [&hellip;]<\/p>\n","protected":false},"author":17,"featured_media":90796,"comment_status":"closed","ping_status":"closed","sticky":false,"template":"","format":"standard","meta":{"_et_pb_use_builder":"","_et_pb_old_content":"","_et_gb_content_width":"","footnotes":""},"categories":[6345,10776,10768],"tags":[455],"class_list":["post-90795","post","type-post","status-publish","format-standard","has-post-thumbnail","hentry","category-economie-marches","category-nouvelles-tetes-5facades","category-nouvelles-tetes","tag-velux"],"yoast_head":"<!-- This site is optimized with the Yoast SEO plugin v27.4 - https:\/\/yoast.com\/product\/yoast-seo-wordpress\/ -->\n<title>Beno\u00eet Fabre, nouveau Pr\u00e9sident de VELUX France<\/title>\n<meta name=\"robots\" content=\"index, follow, max-snippet:-1, max-image-preview:large, max-video-preview:-1\" \/>\n<link rel=\"canonical\" href=\"https:\/\/batijournal.com\/index.php\/benoit-fabre-nouveau-president-de-velux-france\/90795\/\" \/>\n<meta property=\"og:locale\" content=\"fr_FR\" \/>\n<meta property=\"og:type\" content=\"article\" \/>\n<meta property=\"og:title\" content=\"Beno\u00eet Fabre, nouveau Pr\u00e9sident de VELUX France\" \/>\n<meta property=\"og:description\" content=\"A compter du 1er janvier 2016, Beno\u00eet Fabre assumera les fonctions de Pr\u00e9sident de VELUX France. Il\u00a0succ\u00e8de \u00e0 Michel Langrand, Pr\u00e9sident de 1992 \u00e0 2015. Dipl\u00f4m\u00e9 de HEC, Beno\u00eet Fabre a r\u00e9alis\u00e9 un parcours complet au sein du Groupe Philips, couvrant diff\u00e9rentes fonctions dans les domaines Marketing, Commerce et Finances. Il a notamment \u00e9t\u00e9 Directeur [&hellip;]\" \/>\n<meta property=\"og:url\" content=\"https:\/\/batijournal.com\/index.php\/benoit-fabre-nouveau-president-de-velux-france\/90795\/\" \/>\n<meta property=\"og:site_name\" content=\"Batijournal\" \/>\n<meta property=\"article:published_time\" content=\"2015-12-15T05:09:00+00:00\" \/>\n<meta property=\"article:modified_time\" content=\"2020-07-17T13:22:09+00:00\" \/>\n<meta property=\"og:image\" content=\"https:\/\/batijournal.com\/wp-content\/uploads\/2015\/12\/800_benoicirctfabrenouveaupreacutesidentdeveluxfrance.jpg\" \/>\n\t<meta property=\"og:image:width\" content=\"749\" \/>\n\t<meta property=\"og:image:height\" content=\"500\" \/>\n\t<meta property=\"og:image:type\" content=\"image\/jpeg\" \/>\n<meta name=\"author\" content=\"St\u00e9phane Miget\" \/>\n<meta name=\"twitter:card\" content=\"summary_large_image\" \/>\n<meta name=\"twitter:creator\" content=\"@bati_journal\" \/>\n<meta name=\"twitter:site\" content=\"@bati_journal\" \/>\n<meta name=\"twitter:label1\" content=\"\u00c9crit par\" \/>\n\t<meta name=\"twitter:data1\" content=\"St\u00e9phane Miget\" \/>\n\t<meta name=\"twitter:label2\" content=\"Dur\u00e9e de lecture estim\u00e9e\" \/>\n\t<meta name=\"twitter:data2\" content=\"1 minute\" \/>\n<script type=\"application\/ld+json\" class=\"yoast-schema-graph\">{\"@context\":\"https:\\\/\\\/schema.org\",\"@graph\":[{\"@type\":\"Article\",\"@id\":\"https:\\\/\\\/batijournal.com\\\/index.php\\\/benoit-fabre-nouveau-president-de-velux-france\\\/90795\\\/#article\",\"isPartOf\":{\"@id\":\"https:\\\/\\\/batijournal.com\\\/index.php\\\/benoit-fabre-nouveau-president-de-velux-france\\\/90795\\\/\"},\"author\":{\"name\":\"St\u00e9phane Miget\",\"@id\":\"https:\\\/\\\/batijournal.com\\\/#\\\/schema\\\/person\\\/1dc96ec6957aa1ccb25ebe78bb19f100\"},\"headline\":\"Beno\u00eet Fabre, nouveau Pr\u00e9sident de VELUX France\",\"datePublished\":\"2015-12-15T05:09:00+00:00\",\"dateModified\":\"2020-07-17T13:22:09+00:00\",\"mainEntityOfPage\":{\"@id\":\"https:\\\/\\\/batijournal.com\\\/index.php\\\/benoit-fabre-nouveau-president-de-velux-france\\\/90795\\\/\"},\"wordCount\":165,\"image\":{\"@id\":\"https:\\\/\\\/batijournal.com\\\/index.php\\\/benoit-fabre-nouveau-president-de-velux-france\\\/90795\\\/#primaryimage\"},\"thumbnailUrl\":\"https:\\\/\\\/batijournal.com\\\/wp-content\\\/uploads\\\/2015\\\/12\\\/800_benoicirctfabrenouveaupreacutesidentdeveluxfrance.jpg\",\"keywords\":[\"Velux\"],\"articleSection\":[\"\u00c9conomie &amp; March\u00e9s\",\"zz_Nouvelles t\u00eates - 5fa\u00e7ades\",\"zz_Nouvelles t\u00eates - Woodsurfer\"],\"inLanguage\":\"fr-FR\"},{\"@type\":\"WebPage\",\"@id\":\"https:\\\/\\\/batijournal.com\\\/index.php\\\/benoit-fabre-nouveau-president-de-velux-france\\\/90795\\\/\",\"url\":\"https:\\\/\\\/batijournal.com\\\/index.php\\\/benoit-fabre-nouveau-president-de-velux-france\\\/90795\\\/\",\"name\":\"Beno\u00eet Fabre, nouveau Pr\u00e9sident de VELUX France\",\"isPartOf\":{\"@id\":\"https:\\\/\\\/batijournal.com\\\/#website\"},\"primaryImageOfPage\":{\"@id\":\"https:\\\/\\\/batijournal.com\\\/index.php\\\/benoit-fabre-nouveau-president-de-velux-france\\\/90795\\\/#primaryimage\"},\"image\":{\"@id\":\"https:\\\/\\\/batijournal.com\\\/index.php\\\/benoit-fabre-nouveau-president-de-velux-france\\\/90795\\\/#primaryimage\"},\"thumbnailUrl\":\"https:\\\/\\\/batijournal.com\\\/wp-content\\\/uploads\\\/2015\\\/12\\\/800_benoicirctfabrenouveaupreacutesidentdeveluxfrance.jpg\",\"datePublished\":\"2015-12-15T05:09:00+00:00\",\"dateModified\":\"2020-07-17T13:22:09+00:00\",\"author\":{\"@id\":\"https:\\\/\\\/batijournal.com\\\/#\\\/schema\\\/person\\\/1dc96ec6957aa1ccb25ebe78bb19f100\"},\"breadcrumb\":{\"@id\":\"https:\\\/\\\/batijournal.com\\\/index.php\\\/benoit-fabre-nouveau-president-de-velux-france\\\/90795\\\/#breadcrumb\"},\"inLanguage\":\"fr-FR\",\"potentialAction\":[{\"@type\":\"ReadAction\",\"target\":[\"https:\\\/\\\/batijournal.com\\\/index.php\\\/benoit-fabre-nouveau-president-de-velux-france\\\/90795\\\/\"]}]},{\"@type\":\"ImageObject\",\"inLanguage\":\"fr-FR\",\"@id\":\"https:\\\/\\\/batijournal.com\\\/index.php\\\/benoit-fabre-nouveau-president-de-velux-france\\\/90795\\\/#primaryimage\",\"url\":\"https:\\\/\\\/batijournal.com\\\/wp-content\\\/uploads\\\/2015\\\/12\\\/800_benoicirctfabrenouveaupreacutesidentdeveluxfrance.jpg\",\"contentUrl\":\"https:\\\/\\\/batijournal.com\\\/wp-content\\\/uploads\\\/2015\\\/12\\\/800_benoicirctfabrenouveaupreacutesidentdeveluxfrance.jpg\",\"width\":749,\"height\":500},{\"@type\":\"BreadcrumbList\",\"@id\":\"https:\\\/\\\/batijournal.com\\\/index.php\\\/benoit-fabre-nouveau-president-de-velux-france\\\/90795\\\/#breadcrumb\",\"itemListElement\":[{\"@type\":\"ListItem\",\"position\":1,\"name\":\"Accueil\",\"item\":\"https:\\\/\\\/batijournal.com\\\/\"},{\"@type\":\"ListItem\",\"position\":2,\"name\":\"Actualit\u00e9s\",\"item\":\"https:\\\/\\\/batijournal.com\\\/index.php\\\/category\\\/actualites\\\/\"},{\"@type\":\"ListItem\",\"position\":3,\"name\":\"\u00c9conomie &amp; March\u00e9s\",\"item\":\"https:\\\/\\\/batijournal.com\\\/index.php\\\/category\\\/actualites\\\/economie-marches\\\/\"},{\"@type\":\"ListItem\",\"position\":4,\"name\":\"Beno\u00eet Fabre, nouveau Pr\u00e9sident de VELUX France\"}]},{\"@type\":\"WebSite\",\"@id\":\"https:\\\/\\\/batijournal.com\\\/#website\",\"url\":\"https:\\\/\\\/batijournal.com\\\/\",\"name\":\"Batijournal\",\"description\":\"L&#039;actualit\u00e9 du b\u00e2timent\",\"potentialAction\":[{\"@type\":\"SearchAction\",\"target\":{\"@type\":\"EntryPoint\",\"urlTemplate\":\"https:\\\/\\\/batijournal.com\\\/?s={search_term_string}\"},\"query-input\":{\"@type\":\"PropertyValueSpecification\",\"valueRequired\":true,\"valueName\":\"search_term_string\"}}],\"inLanguage\":\"fr-FR\"},{\"@type\":\"Person\",\"@id\":\"https:\\\/\\\/batijournal.com\\\/#\\\/schema\\\/person\\\/1dc96ec6957aa1ccb25ebe78bb19f100\",\"name\":\"St\u00e9phane Miget\",\"image\":{\"@type\":\"ImageObject\",\"inLanguage\":\"fr-FR\",\"@id\":\"https:\\\/\\\/secure.gravatar.com\\\/avatar\\\/89915563d925342126b8ef0281b93d9d7fc337043e8df017f780908eb9644451?s=96&d=mm&r=g\",\"url\":\"https:\\\/\\\/secure.gravatar.com\\\/avatar\\\/89915563d925342126b8ef0281b93d9d7fc337043e8df017f780908eb9644451?s=96&d=mm&r=g\",\"contentUrl\":\"https:\\\/\\\/secure.gravatar.com\\\/avatar\\\/89915563d925342126b8ef0281b93d9d7fc337043e8df017f780908eb9644451?s=96&d=mm&r=g\",\"caption\":\"St\u00e9phane Miget\"},\"url\":\"https:\\\/\\\/batijournal.com\\\/index.php\\\/author\\\/stephane\\\/\"}]}<\/script>\n<!-- \/ Yoast SEO plugin. -->","yoast_head_json":{"title":"Beno\u00eet Fabre, nouveau Pr\u00e9sident de VELUX France","robots":{"index":"index","follow":"follow","max-snippet":"max-snippet:-1","max-image-preview":"max-image-preview:large","max-video-preview":"max-video-preview:-1"},"canonical":"https:\/\/batijournal.com\/index.php\/benoit-fabre-nouveau-president-de-velux-france\/90795\/","og_locale":"fr_FR","og_type":"article","og_title":"Beno\u00eet Fabre, nouveau Pr\u00e9sident de VELUX France","og_description":"A compter du 1er janvier 2016, Beno\u00eet Fabre assumera les fonctions de Pr\u00e9sident de VELUX France. Il\u00a0succ\u00e8de \u00e0 Michel Langrand, Pr\u00e9sident de 1992 \u00e0 2015. Dipl\u00f4m\u00e9 de HEC, Beno\u00eet Fabre a r\u00e9alis\u00e9 un parcours complet au sein du Groupe Philips, couvrant diff\u00e9rentes fonctions dans les domaines Marketing, Commerce et Finances. Il a notamment \u00e9t\u00e9 Directeur [&hellip;]","og_url":"https:\/\/batijournal.com\/index.php\/benoit-fabre-nouveau-president-de-velux-france\/90795\/","og_site_name":"Batijournal","article_published_time":"2015-12-15T05:09:00+00:00","article_modified_time":"2020-07-17T13:22:09+00:00","og_image":[{"width":749,"height":500,"url":"https:\/\/batijournal.com\/wp-content\/uploads\/2015\/12\/800_benoicirctfabrenouveaupreacutesidentdeveluxfrance.jpg","type":"image\/jpeg"}],"author":"St\u00e9phane Miget","twitter_card":"summary_large_image","twitter_creator":"@bati_journal","twitter_site":"@bati_journal","twitter_misc":{"\u00c9crit par":"St\u00e9phane Miget","Dur\u00e9e de lecture estim\u00e9e":"1 minute"},"schema":{"@context":"https:\/\/schema.org","@graph":[{"@type":"Article","@id":"https:\/\/batijournal.com\/index.php\/benoit-fabre-nouveau-president-de-velux-france\/90795\/#article","isPartOf":{"@id":"https:\/\/batijournal.com\/index.php\/benoit-fabre-nouveau-president-de-velux-france\/90795\/"},"author":{"name":"St\u00e9phane Miget","@id":"https:\/\/batijournal.com\/#\/schema\/person\/1dc96ec6957aa1ccb25ebe78bb19f100"},"headline":"Beno\u00eet Fabre, nouveau Pr\u00e9sident de VELUX France","datePublished":"2015-12-15T05:09:00+00:00","dateModified":"2020-07-17T13:22:09+00:00","mainEntityOfPage":{"@id":"https:\/\/batijournal.com\/index.php\/benoit-fabre-nouveau-president-de-velux-france\/90795\/"},"wordCount":165,"image":{"@id":"https:\/\/batijournal.com\/index.php\/benoit-fabre-nouveau-president-de-velux-france\/90795\/#primaryimage"},"thumbnailUrl":"https:\/\/batijournal.com\/wp-content\/uploads\/2015\/12\/800_benoicirctfabrenouveaupreacutesidentdeveluxfrance.jpg","keywords":["Velux"],"articleSection":["\u00c9conomie &amp; March\u00e9s","zz_Nouvelles t\u00eates - 5fa\u00e7ades","zz_Nouvelles t\u00eates - Woodsurfer"],"inLanguage":"fr-FR"},{"@type":"WebPage","@id":"https:\/\/batijournal.com\/index.php\/benoit-fabre-nouveau-president-de-velux-france\/90795\/","url":"https:\/\/batijournal.com\/index.php\/benoit-fabre-nouveau-president-de-velux-france\/90795\/","name":"Beno\u00eet Fabre, nouveau Pr\u00e9sident de VELUX France","isPartOf":{"@id":"https:\/\/batijournal.com\/#website"},"primaryImageOfPage":{"@id":"https:\/\/batijournal.com\/index.php\/benoit-fabre-nouveau-president-de-velux-france\/90795\/#primaryimage"},"image":{"@id":"https:\/\/batijournal.com\/index.php\/benoit-fabre-nouveau-president-de-velux-france\/90795\/#primaryimage"},"thumbnailUrl":"https:\/\/batijournal.com\/wp-content\/uploads\/2015\/12\/800_benoicirctfabrenouveaupreacutesidentdeveluxfrance.jpg","datePublished":"2015-12-15T05:09:00+00:00","dateModified":"2020-07-17T13:22:09+00:00","author":{"@id":"https:\/\/batijournal.com\/#\/schema\/person\/1dc96ec6957aa1ccb25ebe78bb19f100"},"breadcrumb":{"@id":"https:\/\/batijournal.com\/index.php\/benoit-fabre-nouveau-president-de-velux-france\/90795\/#breadcrumb"},"inLanguage":"fr-FR","potentialAction":[{"@type":"ReadAction","target":["https:\/\/batijournal.com\/index.php\/benoit-fabre-nouveau-president-de-velux-france\/90795\/"]}]},{"@type":"ImageObject","inLanguage":"fr-FR","@id":"https:\/\/batijournal.com\/index.php\/benoit-fabre-nouveau-president-de-velux-france\/90795\/#primaryimage","url":"https:\/\/batijournal.com\/wp-content\/uploads\/2015\/12\/800_benoicirctfabrenouveaupreacutesidentdeveluxfrance.jpg","contentUrl":"https:\/\/batijournal.com\/wp-content\/uploads\/2015\/12\/800_benoicirctfabrenouveaupreacutesidentdeveluxfrance.jpg","width":749,"height":500},{"@type":"BreadcrumbList","@id":"https:\/\/batijournal.com\/index.php\/benoit-fabre-nouveau-president-de-velux-france\/90795\/#breadcrumb","itemListElement":[{"@type":"ListItem","position":1,"name":"Accueil","item":"https:\/\/batijournal.com\/"},{"@type":"ListItem","position":2,"name":"Actualit\u00e9s","item":"https:\/\/batijournal.com\/index.php\/category\/actualites\/"},{"@type":"ListItem","position":3,"name":"\u00c9conomie &amp; March\u00e9s","item":"https:\/\/batijournal.com\/index.php\/category\/actualites\/economie-marches\/"},{"@type":"ListItem","position":4,"name":"Beno\u00eet Fabre, nouveau Pr\u00e9sident de VELUX France"}]},{"@type":"WebSite","@id":"https:\/\/batijournal.com\/#website","url":"https:\/\/batijournal.com\/","name":"Batijournal","description":"L&#039;actualit\u00e9 du b\u00e2timent","potentialAction":[{"@type":"SearchAction","target":{"@type":"EntryPoint","urlTemplate":"https:\/\/batijournal.com\/?s={search_term_string}"},"query-input":{"@type":"PropertyValueSpecification","valueRequired":true,"valueName":"search_term_string"}}],"inLanguage":"fr-FR"},{"@type":"Person","@id":"https:\/\/batijournal.com\/#\/schema\/person\/1dc96ec6957aa1ccb25ebe78bb19f100","name":"St\u00e9phane Miget","image":{"@type":"ImageObject","inLanguage":"fr-FR","@id":"https:\/\/secure.gravatar.com\/avatar\/89915563d925342126b8ef0281b93d9d7fc337043e8df017f780908eb9644451?s=96&d=mm&r=g","url":"https:\/\/secure.gravatar.com\/avatar\/89915563d925342126b8ef0281b93d9d7fc337043e8df017f780908eb9644451?s=96&d=mm&r=g","contentUrl":"https:\/\/secure.gravatar.com\/avatar\/89915563d925342126b8ef0281b93d9d7fc337043e8df017f780908eb9644451?s=96&d=mm&r=g","caption":"St\u00e9phane Miget"},"url":"https:\/\/batijournal.com\/index.php\/author\/stephane\/"}]}},"_links":{"self":[{"href":"https:\/\/batijournal.com\/index.php\/wp-json\/wp\/v2\/posts\/90795","targetHints":{"allow":["GET"]}}],"collection":[{"href":"https:\/\/batijournal.com\/index.php\/wp-json\/wp\/v2\/posts"}],"about":[{"href":"https:\/\/batijournal.com\/index.php\/wp-json\/wp\/v2\/types\/post"}],"author":[{"embeddable":true,"href":"https:\/\/batijournal.com\/index.php\/wp-json\/wp\/v2\/users\/17"}],"replies":[{"embeddable":true,"href":"https:\/\/batijournal.com\/index.php\/wp-json\/wp\/v2\/comments?post=90795"}],"version-history":[{"count":0,"href":"https:\/\/batijournal.com\/index.php\/wp-json\/wp\/v2\/posts\/90795\/revisions"}],"wp:featuredmedia":[{"embeddable":true,"href":"https:\/\/batijournal.com\/index.php\/wp-json\/wp\/v2\/media\/90796"}],"wp:attachment":[{"href":"https:\/\/batijournal.com\/index.php\/wp-json\/wp\/v2\/media?parent=90795"}],"wp:term":[{"taxonomy":"category","embeddable":true,"href":"https:\/\/batijournal.com\/index.php\/wp-json\/wp\/v2\/categories?post=90795"},{"taxonomy":"post_tag","embeddable":true,"href":"https:\/\/batijournal.com\/index.php\/wp-json\/wp\/v2\/tags?post=90795"}],"curies":[{"name":"wp","href":"https:\/\/api.w.org\/{rel}","templated":true}]}}