{"id":90844,"date":"2015-12-21T15:22:41","date_gmt":"2015-12-21T14:22:41","guid":{"rendered":"http:\/\/batijournal.com\/?p=90844"},"modified":"2019-07-15T12:13:34","modified_gmt":"2019-07-15T10:13:34","slug":"cooperation-pour-la-prevention-des-risques-professionnels-dans-lartisanat-du-batiment","status":"publish","type":"post","link":"https:\/\/batijournal.com\/index.php\/cooperation-pour-la-prevention-des-risques-professionnels-dans-lartisanat-du-batiment\/90844\/","title":{"rendered":"Coop\u00e9ration pour la pr\u00e9vention des risques professionnels dans l\u2019artisanat du B\u00e2timent"},"content":{"rendered":"<p><strong>La CAPEB, la CNATP, l\u2019IRIS-ST et l\u2019OPPBTP, renouvellent leur collaboration en faveur d\u2019une meilleure pr\u00e9vention des risques professionnels dans l\u2019artisanat du B\u00e2timent.<\/strong><\/p>\n<p>Une nouvelle \u00e9dition de l\u2019Observatoire national des formations \u00e0 la pr\u00e9vention sera publi\u00e9e en 2017 pour permettre de mieux comprendre les pratiques des chefs d\u2019entreprises et des salari\u00e9s des entreprises artisanales en mati\u00e8re de formation professionnelle continue. Elle permettra \u00e9galement d\u2019\u00e9valuer le suivi des formations \u00e0 la pr\u00e9vention dans ces entreprises et de contribuer \u00e0 d\u00e9velopper des pistes d\u2019actions.<\/p>\n<p>Ce nouveau partenariat pr\u00e9voit \u00e9galement de permettre aux artisans du b\u00e2timent de mieux identifier les formations les plus adapt\u00e9s \u00e0 leurs besoins, r\u00e9v\u00e9l\u00e9es notamment par l\u2019Observatoire national des formations \u00e0 la pr\u00e9vention. Ces objectifs s\u2019expriment \u00e0 travers deux mesures concr\u00e8tes : la publication d\u2019une synth\u00e8se pr\u00e9sentant l\u2019offre publique de formation des principaux organismes de formation fran\u00e7ais pour la p\u00e9riode 2016-2018 et une analyse annuelle du catalogue de formation de l\u2019OPPBTP, toujours au regard des attentes et des besoins entreprises artisanales. Le partenariat pr\u00e9voit \u00e9galement la r\u00e9alisation d\u2019un cahier des charges simplifi\u00e9s d\u2019ing\u00e9nierie de formation, en vue d\u2019optimiser les formations existantes ou d\u2019en cr\u00e9er de nouvelles.<\/p>\n","protected":false},"excerpt":{"rendered":"<p>La CAPEB, la CNATP, l\u2019IRIS-ST et l\u2019OPPBTP, renouvellent leur collaboration en faveur d\u2019une meilleure pr\u00e9vention des risques professionnels dans l\u2019artisanat du B\u00e2timent. Une nouvelle \u00e9dition de l\u2019Observatoire national des formations \u00e0 la pr\u00e9vention sera publi\u00e9e en 2017 pour permettre de mieux comprendre les pratiques des chefs d\u2019entreprises et des salari\u00e9s des entreprises artisanales en mati\u00e8re [&hellip;]<\/p>\n","protected":false},"author":17,"featured_media":90845,"comment_status":"closed","ping_status":"closed","sticky":false,"template":"","format":"standard","meta":{"_et_pb_use_builder":"","_et_pb_old_content":"","_et_gb_content_width":"","footnotes":""},"categories":[6345,10787],"tags":[2617,1564],"class_list":["post-90844","post","type-post","status-publish","format-standard","has-post-thumbnail","hentry","category-economie-marches","category-entreprises-et-chantiers","tag-prevention","tag-securite"],"yoast_head":"<!-- This site is optimized with the Yoast SEO plugin v27.4 - https:\/\/yoast.com\/product\/yoast-seo-wordpress\/ -->\n<title>Coop\u00e9ration pour la pr\u00e9vention des risques professionnels dans l\u2019artisanat du B\u00e2timent<\/title>\n<meta name=\"robots\" content=\"index, follow, max-snippet:-1, max-image-preview:large, max-video-preview:-1\" \/>\n<link rel=\"canonical\" href=\"https:\/\/batijournal.com\/index.php\/cooperation-pour-la-prevention-des-risques-professionnels-dans-lartisanat-du-batiment\/90844\/\" \/>\n<meta property=\"og:locale\" content=\"fr_FR\" \/>\n<meta property=\"og:type\" content=\"article\" \/>\n<meta property=\"og:title\" content=\"Coop\u00e9ration pour la pr\u00e9vention des risques professionnels dans l\u2019artisanat du B\u00e2timent\" \/>\n<meta property=\"og:description\" content=\"La CAPEB, la CNATP, l\u2019IRIS-ST et l\u2019OPPBTP, renouvellent leur collaboration en faveur d\u2019une meilleure pr\u00e9vention des risques professionnels dans l\u2019artisanat du B\u00e2timent. Une nouvelle \u00e9dition de l\u2019Observatoire national des formations \u00e0 la pr\u00e9vention sera publi\u00e9e en 2017 pour permettre de mieux comprendre les pratiques des chefs d\u2019entreprises et des salari\u00e9s des entreprises artisanales en mati\u00e8re [&hellip;]\" \/>\n<meta property=\"og:url\" content=\"https:\/\/batijournal.com\/index.php\/cooperation-pour-la-prevention-des-risques-professionnels-dans-lartisanat-du-batiment\/90844\/\" \/>\n<meta property=\"og:site_name\" content=\"Batijournal\" \/>\n<meta property=\"article:published_time\" content=\"2015-12-21T14:22:41+00:00\" \/>\n<meta property=\"article:modified_time\" content=\"2019-07-15T10:13:34+00:00\" \/>\n<meta property=\"og:image\" content=\"https:\/\/batijournal.com\/wp-content\/uploads\/2015\/12\/6ae72202-2f20-4442-9d2e-bd27cfa37979@augure.jpg\" \/>\n\t<meta property=\"og:image:width\" content=\"452\" \/>\n\t<meta property=\"og:image:height\" content=\"353\" \/>\n\t<meta property=\"og:image:type\" content=\"image\/jpeg\" \/>\n<meta name=\"author\" content=\"St\u00e9phane Miget\" \/>\n<meta name=\"twitter:card\" content=\"summary_large_image\" \/>\n<meta name=\"twitter:creator\" content=\"@bati_journal\" \/>\n<meta name=\"twitter:site\" content=\"@bati_journal\" \/>\n<meta name=\"twitter:label1\" content=\"\u00c9crit par\" \/>\n\t<meta name=\"twitter:data1\" content=\"St\u00e9phane Miget\" \/>\n\t<meta name=\"twitter:label2\" content=\"Dur\u00e9e de lecture estim\u00e9e\" \/>\n\t<meta name=\"twitter:data2\" content=\"1 minute\" \/>\n<script type=\"application\/ld+json\" class=\"yoast-schema-graph\">{\"@context\":\"https:\\\/\\\/schema.org\",\"@graph\":[{\"@type\":\"Article\",\"@id\":\"https:\\\/\\\/batijournal.com\\\/index.php\\\/cooperation-pour-la-prevention-des-risques-professionnels-dans-lartisanat-du-batiment\\\/90844\\\/#article\",\"isPartOf\":{\"@id\":\"https:\\\/\\\/batijournal.com\\\/index.php\\\/cooperation-pour-la-prevention-des-risques-professionnels-dans-lartisanat-du-batiment\\\/90844\\\/\"},\"author\":{\"name\":\"St\u00e9phane Miget\",\"@id\":\"https:\\\/\\\/batijournal.com\\\/#\\\/schema\\\/person\\\/1dc96ec6957aa1ccb25ebe78bb19f100\"},\"headline\":\"Coop\u00e9ration pour la pr\u00e9vention des risques professionnels dans l\u2019artisanat du B\u00e2timent\",\"datePublished\":\"2015-12-21T14:22:41+00:00\",\"dateModified\":\"2019-07-15T10:13:34+00:00\",\"mainEntityOfPage\":{\"@id\":\"https:\\\/\\\/batijournal.com\\\/index.php\\\/cooperation-pour-la-prevention-des-risques-professionnels-dans-lartisanat-du-batiment\\\/90844\\\/\"},\"wordCount\":235,\"image\":{\"@id\":\"https:\\\/\\\/batijournal.com\\\/index.php\\\/cooperation-pour-la-prevention-des-risques-professionnels-dans-lartisanat-du-batiment\\\/90844\\\/#primaryimage\"},\"thumbnailUrl\":\"https:\\\/\\\/batijournal.com\\\/wp-content\\\/uploads\\\/2015\\\/12\\\/6ae72202-2f20-4442-9d2e-bd27cfa37979@augure.jpg\",\"keywords\":[\"Pr\u00e9vention\",\"securite\"],\"articleSection\":[\"\u00c9conomie &amp; March\u00e9s\",\"zz_Entreprises et chantiers - AC\"],\"inLanguage\":\"fr-FR\"},{\"@type\":\"WebPage\",\"@id\":\"https:\\\/\\\/batijournal.com\\\/index.php\\\/cooperation-pour-la-prevention-des-risques-professionnels-dans-lartisanat-du-batiment\\\/90844\\\/\",\"url\":\"https:\\\/\\\/batijournal.com\\\/index.php\\\/cooperation-pour-la-prevention-des-risques-professionnels-dans-lartisanat-du-batiment\\\/90844\\\/\",\"name\":\"Coop\u00e9ration pour la pr\u00e9vention des risques professionnels dans l\u2019artisanat du B\u00e2timent\",\"isPartOf\":{\"@id\":\"https:\\\/\\\/batijournal.com\\\/#website\"},\"primaryImageOfPage\":{\"@id\":\"https:\\\/\\\/batijournal.com\\\/index.php\\\/cooperation-pour-la-prevention-des-risques-professionnels-dans-lartisanat-du-batiment\\\/90844\\\/#primaryimage\"},\"image\":{\"@id\":\"https:\\\/\\\/batijournal.com\\\/index.php\\\/cooperation-pour-la-prevention-des-risques-professionnels-dans-lartisanat-du-batiment\\\/90844\\\/#primaryimage\"},\"thumbnailUrl\":\"https:\\\/\\\/batijournal.com\\\/wp-content\\\/uploads\\\/2015\\\/12\\\/6ae72202-2f20-4442-9d2e-bd27cfa37979@augure.jpg\",\"datePublished\":\"2015-12-21T14:22:41+00:00\",\"dateModified\":\"2019-07-15T10:13:34+00:00\",\"author\":{\"@id\":\"https:\\\/\\\/batijournal.com\\\/#\\\/schema\\\/person\\\/1dc96ec6957aa1ccb25ebe78bb19f100\"},\"breadcrumb\":{\"@id\":\"https:\\\/\\\/batijournal.com\\\/index.php\\\/cooperation-pour-la-prevention-des-risques-professionnels-dans-lartisanat-du-batiment\\\/90844\\\/#breadcrumb\"},\"inLanguage\":\"fr-FR\",\"potentialAction\":[{\"@type\":\"ReadAction\",\"target\":[\"https:\\\/\\\/batijournal.com\\\/index.php\\\/cooperation-pour-la-prevention-des-risques-professionnels-dans-lartisanat-du-batiment\\\/90844\\\/\"]}]},{\"@type\":\"ImageObject\",\"inLanguage\":\"fr-FR\",\"@id\":\"https:\\\/\\\/batijournal.com\\\/index.php\\\/cooperation-pour-la-prevention-des-risques-professionnels-dans-lartisanat-du-batiment\\\/90844\\\/#primaryimage\",\"url\":\"https:\\\/\\\/batijournal.com\\\/wp-content\\\/uploads\\\/2015\\\/12\\\/6ae72202-2f20-4442-9d2e-bd27cfa37979@augure.jpg\",\"contentUrl\":\"https:\\\/\\\/batijournal.com\\\/wp-content\\\/uploads\\\/2015\\\/12\\\/6ae72202-2f20-4442-9d2e-bd27cfa37979@augure.jpg\",\"width\":452,\"height\":353,\"caption\":\"Photo : Capeb\"},{\"@type\":\"BreadcrumbList\",\"@id\":\"https:\\\/\\\/batijournal.com\\\/index.php\\\/cooperation-pour-la-prevention-des-risques-professionnels-dans-lartisanat-du-batiment\\\/90844\\\/#breadcrumb\",\"itemListElement\":[{\"@type\":\"ListItem\",\"position\":1,\"name\":\"Accueil\",\"item\":\"https:\\\/\\\/batijournal.com\\\/\"},{\"@type\":\"ListItem\",\"position\":2,\"name\":\"Actualit\u00e9s\",\"item\":\"https:\\\/\\\/batijournal.com\\\/index.php\\\/category\\\/actualites\\\/\"},{\"@type\":\"ListItem\",\"position\":3,\"name\":\"\u00c9conomie &amp; March\u00e9s\",\"item\":\"https:\\\/\\\/batijournal.com\\\/index.php\\\/category\\\/actualites\\\/economie-marches\\\/\"},{\"@type\":\"ListItem\",\"position\":4,\"name\":\"Coop\u00e9ration pour la pr\u00e9vention des risques professionnels dans l\u2019artisanat du B\u00e2timent\"}]},{\"@type\":\"WebSite\",\"@id\":\"https:\\\/\\\/batijournal.com\\\/#website\",\"url\":\"https:\\\/\\\/batijournal.com\\\/\",\"name\":\"Batijournal\",\"description\":\"L&#039;actualit\u00e9 du b\u00e2timent\",\"potentialAction\":[{\"@type\":\"SearchAction\",\"target\":{\"@type\":\"EntryPoint\",\"urlTemplate\":\"https:\\\/\\\/batijournal.com\\\/?s={search_term_string}\"},\"query-input\":{\"@type\":\"PropertyValueSpecification\",\"valueRequired\":true,\"valueName\":\"search_term_string\"}}],\"inLanguage\":\"fr-FR\"},{\"@type\":\"Person\",\"@id\":\"https:\\\/\\\/batijournal.com\\\/#\\\/schema\\\/person\\\/1dc96ec6957aa1ccb25ebe78bb19f100\",\"name\":\"St\u00e9phane Miget\",\"image\":{\"@type\":\"ImageObject\",\"inLanguage\":\"fr-FR\",\"@id\":\"https:\\\/\\\/secure.gravatar.com\\\/avatar\\\/89915563d925342126b8ef0281b93d9d7fc337043e8df017f780908eb9644451?s=96&d=mm&r=g\",\"url\":\"https:\\\/\\\/secure.gravatar.com\\\/avatar\\\/89915563d925342126b8ef0281b93d9d7fc337043e8df017f780908eb9644451?s=96&d=mm&r=g\",\"contentUrl\":\"https:\\\/\\\/secure.gravatar.com\\\/avatar\\\/89915563d925342126b8ef0281b93d9d7fc337043e8df017f780908eb9644451?s=96&d=mm&r=g\",\"caption\":\"St\u00e9phane Miget\"},\"url\":\"https:\\\/\\\/batijournal.com\\\/index.php\\\/author\\\/stephane\\\/\"}]}<\/script>\n<!-- \/ Yoast SEO plugin. -->","yoast_head_json":{"title":"Coop\u00e9ration pour la pr\u00e9vention des risques professionnels dans l\u2019artisanat du B\u00e2timent","robots":{"index":"index","follow":"follow","max-snippet":"max-snippet:-1","max-image-preview":"max-image-preview:large","max-video-preview":"max-video-preview:-1"},"canonical":"https:\/\/batijournal.com\/index.php\/cooperation-pour-la-prevention-des-risques-professionnels-dans-lartisanat-du-batiment\/90844\/","og_locale":"fr_FR","og_type":"article","og_title":"Coop\u00e9ration pour la pr\u00e9vention des risques professionnels dans l\u2019artisanat du B\u00e2timent","og_description":"La CAPEB, la CNATP, l\u2019IRIS-ST et l\u2019OPPBTP, renouvellent leur collaboration en faveur d\u2019une meilleure pr\u00e9vention des risques professionnels dans l\u2019artisanat du B\u00e2timent. Une nouvelle \u00e9dition de l\u2019Observatoire national des formations \u00e0 la pr\u00e9vention sera publi\u00e9e en 2017 pour permettre de mieux comprendre les pratiques des chefs d\u2019entreprises et des salari\u00e9s des entreprises artisanales en mati\u00e8re [&hellip;]","og_url":"https:\/\/batijournal.com\/index.php\/cooperation-pour-la-prevention-des-risques-professionnels-dans-lartisanat-du-batiment\/90844\/","og_site_name":"Batijournal","article_published_time":"2015-12-21T14:22:41+00:00","article_modified_time":"2019-07-15T10:13:34+00:00","og_image":[{"width":452,"height":353,"url":"https:\/\/batijournal.com\/wp-content\/uploads\/2015\/12\/6ae72202-2f20-4442-9d2e-bd27cfa37979@augure.jpg","type":"image\/jpeg"}],"author":"St\u00e9phane Miget","twitter_card":"summary_large_image","twitter_creator":"@bati_journal","twitter_site":"@bati_journal","twitter_misc":{"\u00c9crit par":"St\u00e9phane Miget","Dur\u00e9e de lecture estim\u00e9e":"1 minute"},"schema":{"@context":"https:\/\/schema.org","@graph":[{"@type":"Article","@id":"https:\/\/batijournal.com\/index.php\/cooperation-pour-la-prevention-des-risques-professionnels-dans-lartisanat-du-batiment\/90844\/#article","isPartOf":{"@id":"https:\/\/batijournal.com\/index.php\/cooperation-pour-la-prevention-des-risques-professionnels-dans-lartisanat-du-batiment\/90844\/"},"author":{"name":"St\u00e9phane Miget","@id":"https:\/\/batijournal.com\/#\/schema\/person\/1dc96ec6957aa1ccb25ebe78bb19f100"},"headline":"Coop\u00e9ration pour la pr\u00e9vention des risques professionnels dans l\u2019artisanat du B\u00e2timent","datePublished":"2015-12-21T14:22:41+00:00","dateModified":"2019-07-15T10:13:34+00:00","mainEntityOfPage":{"@id":"https:\/\/batijournal.com\/index.php\/cooperation-pour-la-prevention-des-risques-professionnels-dans-lartisanat-du-batiment\/90844\/"},"wordCount":235,"image":{"@id":"https:\/\/batijournal.com\/index.php\/cooperation-pour-la-prevention-des-risques-professionnels-dans-lartisanat-du-batiment\/90844\/#primaryimage"},"thumbnailUrl":"https:\/\/batijournal.com\/wp-content\/uploads\/2015\/12\/6ae72202-2f20-4442-9d2e-bd27cfa37979@augure.jpg","keywords":["Pr\u00e9vention","securite"],"articleSection":["\u00c9conomie &amp; March\u00e9s","zz_Entreprises et chantiers - AC"],"inLanguage":"fr-FR"},{"@type":"WebPage","@id":"https:\/\/batijournal.com\/index.php\/cooperation-pour-la-prevention-des-risques-professionnels-dans-lartisanat-du-batiment\/90844\/","url":"https:\/\/batijournal.com\/index.php\/cooperation-pour-la-prevention-des-risques-professionnels-dans-lartisanat-du-batiment\/90844\/","name":"Coop\u00e9ration pour la pr\u00e9vention des risques professionnels dans l\u2019artisanat du B\u00e2timent","isPartOf":{"@id":"https:\/\/batijournal.com\/#website"},"primaryImageOfPage":{"@id":"https:\/\/batijournal.com\/index.php\/cooperation-pour-la-prevention-des-risques-professionnels-dans-lartisanat-du-batiment\/90844\/#primaryimage"},"image":{"@id":"https:\/\/batijournal.com\/index.php\/cooperation-pour-la-prevention-des-risques-professionnels-dans-lartisanat-du-batiment\/90844\/#primaryimage"},"thumbnailUrl":"https:\/\/batijournal.com\/wp-content\/uploads\/2015\/12\/6ae72202-2f20-4442-9d2e-bd27cfa37979@augure.jpg","datePublished":"2015-12-21T14:22:41+00:00","dateModified":"2019-07-15T10:13:34+00:00","author":{"@id":"https:\/\/batijournal.com\/#\/schema\/person\/1dc96ec6957aa1ccb25ebe78bb19f100"},"breadcrumb":{"@id":"https:\/\/batijournal.com\/index.php\/cooperation-pour-la-prevention-des-risques-professionnels-dans-lartisanat-du-batiment\/90844\/#breadcrumb"},"inLanguage":"fr-FR","potentialAction":[{"@type":"ReadAction","target":["https:\/\/batijournal.com\/index.php\/cooperation-pour-la-prevention-des-risques-professionnels-dans-lartisanat-du-batiment\/90844\/"]}]},{"@type":"ImageObject","inLanguage":"fr-FR","@id":"https:\/\/batijournal.com\/index.php\/cooperation-pour-la-prevention-des-risques-professionnels-dans-lartisanat-du-batiment\/90844\/#primaryimage","url":"https:\/\/batijournal.com\/wp-content\/uploads\/2015\/12\/6ae72202-2f20-4442-9d2e-bd27cfa37979@augure.jpg","contentUrl":"https:\/\/batijournal.com\/wp-content\/uploads\/2015\/12\/6ae72202-2f20-4442-9d2e-bd27cfa37979@augure.jpg","width":452,"height":353,"caption":"Photo : Capeb"},{"@type":"BreadcrumbList","@id":"https:\/\/batijournal.com\/index.php\/cooperation-pour-la-prevention-des-risques-professionnels-dans-lartisanat-du-batiment\/90844\/#breadcrumb","itemListElement":[{"@type":"ListItem","position":1,"name":"Accueil","item":"https:\/\/batijournal.com\/"},{"@type":"ListItem","position":2,"name":"Actualit\u00e9s","item":"https:\/\/batijournal.com\/index.php\/category\/actualites\/"},{"@type":"ListItem","position":3,"name":"\u00c9conomie &amp; March\u00e9s","item":"https:\/\/batijournal.com\/index.php\/category\/actualites\/economie-marches\/"},{"@type":"ListItem","position":4,"name":"Coop\u00e9ration pour la pr\u00e9vention des risques professionnels dans l\u2019artisanat du B\u00e2timent"}]},{"@type":"WebSite","@id":"https:\/\/batijournal.com\/#website","url":"https:\/\/batijournal.com\/","name":"Batijournal","description":"L&#039;actualit\u00e9 du b\u00e2timent","potentialAction":[{"@type":"SearchAction","target":{"@type":"EntryPoint","urlTemplate":"https:\/\/batijournal.com\/?s={search_term_string}"},"query-input":{"@type":"PropertyValueSpecification","valueRequired":true,"valueName":"search_term_string"}}],"inLanguage":"fr-FR"},{"@type":"Person","@id":"https:\/\/batijournal.com\/#\/schema\/person\/1dc96ec6957aa1ccb25ebe78bb19f100","name":"St\u00e9phane Miget","image":{"@type":"ImageObject","inLanguage":"fr-FR","@id":"https:\/\/secure.gravatar.com\/avatar\/89915563d925342126b8ef0281b93d9d7fc337043e8df017f780908eb9644451?s=96&d=mm&r=g","url":"https:\/\/secure.gravatar.com\/avatar\/89915563d925342126b8ef0281b93d9d7fc337043e8df017f780908eb9644451?s=96&d=mm&r=g","contentUrl":"https:\/\/secure.gravatar.com\/avatar\/89915563d925342126b8ef0281b93d9d7fc337043e8df017f780908eb9644451?s=96&d=mm&r=g","caption":"St\u00e9phane Miget"},"url":"https:\/\/batijournal.com\/index.php\/author\/stephane\/"}]}},"_links":{"self":[{"href":"https:\/\/batijournal.com\/index.php\/wp-json\/wp\/v2\/posts\/90844","targetHints":{"allow":["GET"]}}],"collection":[{"href":"https:\/\/batijournal.com\/index.php\/wp-json\/wp\/v2\/posts"}],"about":[{"href":"https:\/\/batijournal.com\/index.php\/wp-json\/wp\/v2\/types\/post"}],"author":[{"embeddable":true,"href":"https:\/\/batijournal.com\/index.php\/wp-json\/wp\/v2\/users\/17"}],"replies":[{"embeddable":true,"href":"https:\/\/batijournal.com\/index.php\/wp-json\/wp\/v2\/comments?post=90844"}],"version-history":[{"count":0,"href":"https:\/\/batijournal.com\/index.php\/wp-json\/wp\/v2\/posts\/90844\/revisions"}],"wp:featuredmedia":[{"embeddable":true,"href":"https:\/\/batijournal.com\/index.php\/wp-json\/wp\/v2\/media\/90845"}],"wp:attachment":[{"href":"https:\/\/batijournal.com\/index.php\/wp-json\/wp\/v2\/media?parent=90844"}],"wp:term":[{"taxonomy":"category","embeddable":true,"href":"https:\/\/batijournal.com\/index.php\/wp-json\/wp\/v2\/categories?post=90844"},{"taxonomy":"post_tag","embeddable":true,"href":"https:\/\/batijournal.com\/index.php\/wp-json\/wp\/v2\/tags?post=90844"}],"curies":[{"name":"wp","href":"https:\/\/api.w.org\/{rel}","templated":true}]}}