{"id":90868,"date":"2015-12-23T08:25:03","date_gmt":"2015-12-23T07:25:03","guid":{"rendered":"http:\/\/batijournal.com\/?p=90868"},"modified":"2019-07-15T11:17:01","modified_gmt":"2019-07-15T09:17:01","slug":"le-musee-de-pont-aven-rouvre-ses-portes-au-public-apres-3-ans-de-travaux","status":"publish","type":"post","link":"https:\/\/batijournal.com\/index.php\/le-musee-de-pont-aven-rouvre-ses-portes-au-public-apres-3-ans-de-travaux\/90868\/","title":{"rendered":"Le Mus\u00e9e de Pont-Aven rouvre ses portes au public apr\u00e8s 3 ans de travaux"},"content":{"rendered":"<p>Enti\u00e8rement r\u00e9habilit\u00e9, le 1er mus\u00e9e au monde consacr\u00e9 \u00e0 l\u2019\u00e9cole de Pont-Aven d\u00e9voile ses nouvelles acquisitions, mises en lumi\u00e8re dans un \u00e9crin dont la surface a doubl\u00e9. Dans une perspective de revalorisation et de modernisation, les travaux de construction du nouveau mus\u00e9e ont \u00e9t\u00e9 lanc\u00e9s en 2012 au terme d\u2019un concours d\u2019architecture. Le projet comprend la r\u00e9novation de l\u2019ancienne annexe de l\u2019H\u00f4tel Julia et le doublement des surfaces de l\u2019ancien mus\u00e9e. L\u2019Atelier de l\u2019\u00eele a \u00e9t\u00e9 choisi pour en penser l\u2019architecture. L\u2019agence, experte en projets mus\u00e9ographiques et sc\u00e9nographiques (mus\u00e9es du Louvre, d\u2019Orsay et plus r\u00e9cemment Rodin), a su \u00e9galement apporter ses comp\u00e9tences en urbanisme et en paysagisme avec la cr\u00e9ation du jardin Filiger. Le nouvel \u00e9tablissement, plus accessible, offre aujourd\u2019hui aux publics nationaux et internationaux un \u00e9quipement culturel exemplaire sur le territoire breton. Il permet, en outre, de conserver les collections permanentes dans des conditions optimales et de d\u00e9velopper une politique d\u2019expositions temporaires ambitieuses, visant l\u2019\u00e9gal acc\u00e8s de tous \u00e0 la culture. Rassemblant aujourd\u2019hui plus de 4 500 \u0153uvres, archives et documents, la nouvelle mus\u00e9ographie r\u00e9v\u00e8le un v\u00e9ritable tr\u00e9sor de l\u2019histoire de l\u2019art.<\/p>\n","protected":false},"excerpt":{"rendered":"<p>Enti\u00e8rement r\u00e9habilit\u00e9, le 1er mus\u00e9e au monde consacr\u00e9 \u00e0 l\u2019\u00e9cole de Pont-Aven d\u00e9voile ses nouvelles acquisitions, mises en lumi\u00e8re dans un \u00e9crin dont la surface a doubl\u00e9. Dans une perspective de revalorisation et de modernisation, les travaux de construction du nouveau mus\u00e9e ont \u00e9t\u00e9 lanc\u00e9s en 2012 au terme d\u2019un concours d\u2019architecture. Le projet comprend [&hellip;]<\/p>\n","protected":false},"author":17,"featured_media":90869,"comment_status":"closed","ping_status":"closed","sticky":false,"template":"","format":"standard","meta":{"_et_pb_use_builder":"","_et_pb_old_content":"","_et_gb_content_width":"","footnotes":""},"categories":[10530,6340,10787],"tags":[3640],"class_list":["post-90868","post","type-post","status-publish","format-standard","has-post-thumbnail","hentry","category-actualites","category-architecture-conception","category-entreprises-et-chantiers","tag-musee"],"yoast_head":"<!-- This site is optimized with the Yoast SEO plugin v27.4 - https:\/\/yoast.com\/product\/yoast-seo-wordpress\/ -->\n<title>Le Mus\u00e9e de Pont-Aven rouvre ses portes au public apr\u00e8s 3 ans de travaux<\/title>\n<meta name=\"robots\" content=\"index, follow, max-snippet:-1, max-image-preview:large, max-video-preview:-1\" \/>\n<link rel=\"canonical\" href=\"https:\/\/batijournal.com\/index.php\/le-musee-de-pont-aven-rouvre-ses-portes-au-public-apres-3-ans-de-travaux\/90868\/\" \/>\n<meta property=\"og:locale\" content=\"fr_FR\" \/>\n<meta property=\"og:type\" content=\"article\" \/>\n<meta property=\"og:title\" content=\"Le Mus\u00e9e de Pont-Aven rouvre ses portes au public apr\u00e8s 3 ans de travaux\" \/>\n<meta property=\"og:description\" content=\"Enti\u00e8rement r\u00e9habilit\u00e9, le 1er mus\u00e9e au monde consacr\u00e9 \u00e0 l\u2019\u00e9cole de Pont-Aven d\u00e9voile ses nouvelles acquisitions, mises en lumi\u00e8re dans un \u00e9crin dont la surface a doubl\u00e9. Dans une perspective de revalorisation et de modernisation, les travaux de construction du nouveau mus\u00e9e ont \u00e9t\u00e9 lanc\u00e9s en 2012 au terme d\u2019un concours d\u2019architecture. Le projet comprend [&hellip;]\" \/>\n<meta property=\"og:url\" content=\"https:\/\/batijournal.com\/index.php\/le-musee-de-pont-aven-rouvre-ses-portes-au-public-apres-3-ans-de-travaux\/90868\/\" \/>\n<meta property=\"og:site_name\" content=\"Batijournal\" \/>\n<meta property=\"article:published_time\" content=\"2015-12-23T07:25:03+00:00\" \/>\n<meta property=\"article:modified_time\" content=\"2019-07-15T09:17:01+00:00\" \/>\n<meta property=\"og:image\" content=\"https:\/\/batijournal.com\/wp-content\/uploads\/2015\/12\/musee-pont-aven.jpg\" \/>\n\t<meta property=\"og:image:width\" content=\"748\" \/>\n\t<meta property=\"og:image:height\" content=\"503\" \/>\n\t<meta property=\"og:image:type\" content=\"image\/jpeg\" \/>\n<meta name=\"author\" content=\"St\u00e9phane Miget\" \/>\n<meta name=\"twitter:card\" content=\"summary_large_image\" \/>\n<meta name=\"twitter:creator\" content=\"@bati_journal\" \/>\n<meta name=\"twitter:site\" content=\"@bati_journal\" \/>\n<meta name=\"twitter:label1\" content=\"\u00c9crit par\" \/>\n\t<meta name=\"twitter:data1\" content=\"St\u00e9phane Miget\" \/>\n\t<meta name=\"twitter:label2\" content=\"Dur\u00e9e de lecture estim\u00e9e\" \/>\n\t<meta name=\"twitter:data2\" content=\"1 minute\" \/>\n<script type=\"application\/ld+json\" class=\"yoast-schema-graph\">{\"@context\":\"https:\\\/\\\/schema.org\",\"@graph\":[{\"@type\":\"Article\",\"@id\":\"https:\\\/\\\/batijournal.com\\\/index.php\\\/le-musee-de-pont-aven-rouvre-ses-portes-au-public-apres-3-ans-de-travaux\\\/90868\\\/#article\",\"isPartOf\":{\"@id\":\"https:\\\/\\\/batijournal.com\\\/index.php\\\/le-musee-de-pont-aven-rouvre-ses-portes-au-public-apres-3-ans-de-travaux\\\/90868\\\/\"},\"author\":{\"name\":\"St\u00e9phane Miget\",\"@id\":\"https:\\\/\\\/batijournal.com\\\/#\\\/schema\\\/person\\\/1dc96ec6957aa1ccb25ebe78bb19f100\"},\"headline\":\"Le Mus\u00e9e de Pont-Aven rouvre ses portes au public apr\u00e8s 3 ans de travaux\",\"datePublished\":\"2015-12-23T07:25:03+00:00\",\"dateModified\":\"2019-07-15T09:17:01+00:00\",\"mainEntityOfPage\":{\"@id\":\"https:\\\/\\\/batijournal.com\\\/index.php\\\/le-musee-de-pont-aven-rouvre-ses-portes-au-public-apres-3-ans-de-travaux\\\/90868\\\/\"},\"wordCount\":233,\"image\":{\"@id\":\"https:\\\/\\\/batijournal.com\\\/index.php\\\/le-musee-de-pont-aven-rouvre-ses-portes-au-public-apres-3-ans-de-travaux\\\/90868\\\/#primaryimage\"},\"thumbnailUrl\":\"https:\\\/\\\/batijournal.com\\\/wp-content\\\/uploads\\\/2015\\\/12\\\/musee-pont-aven.jpg\",\"keywords\":[\"mus\u00e9e\"],\"articleSection\":[\"Actualit\u00e9s\",\"Architecture &amp; Conception\",\"zz_Entreprises et chantiers - AC\"],\"inLanguage\":\"fr-FR\"},{\"@type\":\"WebPage\",\"@id\":\"https:\\\/\\\/batijournal.com\\\/index.php\\\/le-musee-de-pont-aven-rouvre-ses-portes-au-public-apres-3-ans-de-travaux\\\/90868\\\/\",\"url\":\"https:\\\/\\\/batijournal.com\\\/index.php\\\/le-musee-de-pont-aven-rouvre-ses-portes-au-public-apres-3-ans-de-travaux\\\/90868\\\/\",\"name\":\"Le Mus\u00e9e de Pont-Aven rouvre ses portes au public apr\u00e8s 3 ans de travaux\",\"isPartOf\":{\"@id\":\"https:\\\/\\\/batijournal.com\\\/#website\"},\"primaryImageOfPage\":{\"@id\":\"https:\\\/\\\/batijournal.com\\\/index.php\\\/le-musee-de-pont-aven-rouvre-ses-portes-au-public-apres-3-ans-de-travaux\\\/90868\\\/#primaryimage\"},\"image\":{\"@id\":\"https:\\\/\\\/batijournal.com\\\/index.php\\\/le-musee-de-pont-aven-rouvre-ses-portes-au-public-apres-3-ans-de-travaux\\\/90868\\\/#primaryimage\"},\"thumbnailUrl\":\"https:\\\/\\\/batijournal.com\\\/wp-content\\\/uploads\\\/2015\\\/12\\\/musee-pont-aven.jpg\",\"datePublished\":\"2015-12-23T07:25:03+00:00\",\"dateModified\":\"2019-07-15T09:17:01+00:00\",\"author\":{\"@id\":\"https:\\\/\\\/batijournal.com\\\/#\\\/schema\\\/person\\\/1dc96ec6957aa1ccb25ebe78bb19f100\"},\"breadcrumb\":{\"@id\":\"https:\\\/\\\/batijournal.com\\\/index.php\\\/le-musee-de-pont-aven-rouvre-ses-portes-au-public-apres-3-ans-de-travaux\\\/90868\\\/#breadcrumb\"},\"inLanguage\":\"fr-FR\",\"potentialAction\":[{\"@type\":\"ReadAction\",\"target\":[\"https:\\\/\\\/batijournal.com\\\/index.php\\\/le-musee-de-pont-aven-rouvre-ses-portes-au-public-apres-3-ans-de-travaux\\\/90868\\\/\"]}]},{\"@type\":\"ImageObject\",\"inLanguage\":\"fr-FR\",\"@id\":\"https:\\\/\\\/batijournal.com\\\/index.php\\\/le-musee-de-pont-aven-rouvre-ses-portes-au-public-apres-3-ans-de-travaux\\\/90868\\\/#primaryimage\",\"url\":\"https:\\\/\\\/batijournal.com\\\/wp-content\\\/uploads\\\/2015\\\/12\\\/musee-pont-aven.jpg\",\"contentUrl\":\"https:\\\/\\\/batijournal.com\\\/wp-content\\\/uploads\\\/2015\\\/12\\\/musee-pont-aven.jpg\",\"width\":748,\"height\":503},{\"@type\":\"BreadcrumbList\",\"@id\":\"https:\\\/\\\/batijournal.com\\\/index.php\\\/le-musee-de-pont-aven-rouvre-ses-portes-au-public-apres-3-ans-de-travaux\\\/90868\\\/#breadcrumb\",\"itemListElement\":[{\"@type\":\"ListItem\",\"position\":1,\"name\":\"Accueil\",\"item\":\"https:\\\/\\\/batijournal.com\\\/\"},{\"@type\":\"ListItem\",\"position\":2,\"name\":\"Actualit\u00e9s\",\"item\":\"https:\\\/\\\/batijournal.com\\\/index.php\\\/category\\\/actualites\\\/\"},{\"@type\":\"ListItem\",\"position\":3,\"name\":\"Architecture &amp; Conception\",\"item\":\"https:\\\/\\\/batijournal.com\\\/index.php\\\/category\\\/actualites\\\/architecture-conception\\\/\"},{\"@type\":\"ListItem\",\"position\":4,\"name\":\"Le Mus\u00e9e de Pont-Aven rouvre ses portes au public apr\u00e8s 3 ans de travaux\"}]},{\"@type\":\"WebSite\",\"@id\":\"https:\\\/\\\/batijournal.com\\\/#website\",\"url\":\"https:\\\/\\\/batijournal.com\\\/\",\"name\":\"Batijournal\",\"description\":\"L&#039;actualit\u00e9 du b\u00e2timent\",\"potentialAction\":[{\"@type\":\"SearchAction\",\"target\":{\"@type\":\"EntryPoint\",\"urlTemplate\":\"https:\\\/\\\/batijournal.com\\\/?s={search_term_string}\"},\"query-input\":{\"@type\":\"PropertyValueSpecification\",\"valueRequired\":true,\"valueName\":\"search_term_string\"}}],\"inLanguage\":\"fr-FR\"},{\"@type\":\"Person\",\"@id\":\"https:\\\/\\\/batijournal.com\\\/#\\\/schema\\\/person\\\/1dc96ec6957aa1ccb25ebe78bb19f100\",\"name\":\"St\u00e9phane Miget\",\"image\":{\"@type\":\"ImageObject\",\"inLanguage\":\"fr-FR\",\"@id\":\"https:\\\/\\\/secure.gravatar.com\\\/avatar\\\/89915563d925342126b8ef0281b93d9d7fc337043e8df017f780908eb9644451?s=96&d=mm&r=g\",\"url\":\"https:\\\/\\\/secure.gravatar.com\\\/avatar\\\/89915563d925342126b8ef0281b93d9d7fc337043e8df017f780908eb9644451?s=96&d=mm&r=g\",\"contentUrl\":\"https:\\\/\\\/secure.gravatar.com\\\/avatar\\\/89915563d925342126b8ef0281b93d9d7fc337043e8df017f780908eb9644451?s=96&d=mm&r=g\",\"caption\":\"St\u00e9phane Miget\"},\"url\":\"https:\\\/\\\/batijournal.com\\\/index.php\\\/author\\\/stephane\\\/\"}]}<\/script>\n<!-- \/ Yoast SEO plugin. -->","yoast_head_json":{"title":"Le Mus\u00e9e de Pont-Aven rouvre ses portes au public apr\u00e8s 3 ans de travaux","robots":{"index":"index","follow":"follow","max-snippet":"max-snippet:-1","max-image-preview":"max-image-preview:large","max-video-preview":"max-video-preview:-1"},"canonical":"https:\/\/batijournal.com\/index.php\/le-musee-de-pont-aven-rouvre-ses-portes-au-public-apres-3-ans-de-travaux\/90868\/","og_locale":"fr_FR","og_type":"article","og_title":"Le Mus\u00e9e de Pont-Aven rouvre ses portes au public apr\u00e8s 3 ans de travaux","og_description":"Enti\u00e8rement r\u00e9habilit\u00e9, le 1er mus\u00e9e au monde consacr\u00e9 \u00e0 l\u2019\u00e9cole de Pont-Aven d\u00e9voile ses nouvelles acquisitions, mises en lumi\u00e8re dans un \u00e9crin dont la surface a doubl\u00e9. Dans une perspective de revalorisation et de modernisation, les travaux de construction du nouveau mus\u00e9e ont \u00e9t\u00e9 lanc\u00e9s en 2012 au terme d\u2019un concours d\u2019architecture. Le projet comprend [&hellip;]","og_url":"https:\/\/batijournal.com\/index.php\/le-musee-de-pont-aven-rouvre-ses-portes-au-public-apres-3-ans-de-travaux\/90868\/","og_site_name":"Batijournal","article_published_time":"2015-12-23T07:25:03+00:00","article_modified_time":"2019-07-15T09:17:01+00:00","og_image":[{"width":748,"height":503,"url":"https:\/\/batijournal.com\/wp-content\/uploads\/2015\/12\/musee-pont-aven.jpg","type":"image\/jpeg"}],"author":"St\u00e9phane Miget","twitter_card":"summary_large_image","twitter_creator":"@bati_journal","twitter_site":"@bati_journal","twitter_misc":{"\u00c9crit par":"St\u00e9phane Miget","Dur\u00e9e de lecture estim\u00e9e":"1 minute"},"schema":{"@context":"https:\/\/schema.org","@graph":[{"@type":"Article","@id":"https:\/\/batijournal.com\/index.php\/le-musee-de-pont-aven-rouvre-ses-portes-au-public-apres-3-ans-de-travaux\/90868\/#article","isPartOf":{"@id":"https:\/\/batijournal.com\/index.php\/le-musee-de-pont-aven-rouvre-ses-portes-au-public-apres-3-ans-de-travaux\/90868\/"},"author":{"name":"St\u00e9phane Miget","@id":"https:\/\/batijournal.com\/#\/schema\/person\/1dc96ec6957aa1ccb25ebe78bb19f100"},"headline":"Le Mus\u00e9e de Pont-Aven rouvre ses portes au public apr\u00e8s 3 ans de travaux","datePublished":"2015-12-23T07:25:03+00:00","dateModified":"2019-07-15T09:17:01+00:00","mainEntityOfPage":{"@id":"https:\/\/batijournal.com\/index.php\/le-musee-de-pont-aven-rouvre-ses-portes-au-public-apres-3-ans-de-travaux\/90868\/"},"wordCount":233,"image":{"@id":"https:\/\/batijournal.com\/index.php\/le-musee-de-pont-aven-rouvre-ses-portes-au-public-apres-3-ans-de-travaux\/90868\/#primaryimage"},"thumbnailUrl":"https:\/\/batijournal.com\/wp-content\/uploads\/2015\/12\/musee-pont-aven.jpg","keywords":["mus\u00e9e"],"articleSection":["Actualit\u00e9s","Architecture &amp; Conception","zz_Entreprises et chantiers - AC"],"inLanguage":"fr-FR"},{"@type":"WebPage","@id":"https:\/\/batijournal.com\/index.php\/le-musee-de-pont-aven-rouvre-ses-portes-au-public-apres-3-ans-de-travaux\/90868\/","url":"https:\/\/batijournal.com\/index.php\/le-musee-de-pont-aven-rouvre-ses-portes-au-public-apres-3-ans-de-travaux\/90868\/","name":"Le Mus\u00e9e de Pont-Aven rouvre ses portes au public apr\u00e8s 3 ans de travaux","isPartOf":{"@id":"https:\/\/batijournal.com\/#website"},"primaryImageOfPage":{"@id":"https:\/\/batijournal.com\/index.php\/le-musee-de-pont-aven-rouvre-ses-portes-au-public-apres-3-ans-de-travaux\/90868\/#primaryimage"},"image":{"@id":"https:\/\/batijournal.com\/index.php\/le-musee-de-pont-aven-rouvre-ses-portes-au-public-apres-3-ans-de-travaux\/90868\/#primaryimage"},"thumbnailUrl":"https:\/\/batijournal.com\/wp-content\/uploads\/2015\/12\/musee-pont-aven.jpg","datePublished":"2015-12-23T07:25:03+00:00","dateModified":"2019-07-15T09:17:01+00:00","author":{"@id":"https:\/\/batijournal.com\/#\/schema\/person\/1dc96ec6957aa1ccb25ebe78bb19f100"},"breadcrumb":{"@id":"https:\/\/batijournal.com\/index.php\/le-musee-de-pont-aven-rouvre-ses-portes-au-public-apres-3-ans-de-travaux\/90868\/#breadcrumb"},"inLanguage":"fr-FR","potentialAction":[{"@type":"ReadAction","target":["https:\/\/batijournal.com\/index.php\/le-musee-de-pont-aven-rouvre-ses-portes-au-public-apres-3-ans-de-travaux\/90868\/"]}]},{"@type":"ImageObject","inLanguage":"fr-FR","@id":"https:\/\/batijournal.com\/index.php\/le-musee-de-pont-aven-rouvre-ses-portes-au-public-apres-3-ans-de-travaux\/90868\/#primaryimage","url":"https:\/\/batijournal.com\/wp-content\/uploads\/2015\/12\/musee-pont-aven.jpg","contentUrl":"https:\/\/batijournal.com\/wp-content\/uploads\/2015\/12\/musee-pont-aven.jpg","width":748,"height":503},{"@type":"BreadcrumbList","@id":"https:\/\/batijournal.com\/index.php\/le-musee-de-pont-aven-rouvre-ses-portes-au-public-apres-3-ans-de-travaux\/90868\/#breadcrumb","itemListElement":[{"@type":"ListItem","position":1,"name":"Accueil","item":"https:\/\/batijournal.com\/"},{"@type":"ListItem","position":2,"name":"Actualit\u00e9s","item":"https:\/\/batijournal.com\/index.php\/category\/actualites\/"},{"@type":"ListItem","position":3,"name":"Architecture &amp; Conception","item":"https:\/\/batijournal.com\/index.php\/category\/actualites\/architecture-conception\/"},{"@type":"ListItem","position":4,"name":"Le Mus\u00e9e de Pont-Aven rouvre ses portes au public apr\u00e8s 3 ans de travaux"}]},{"@type":"WebSite","@id":"https:\/\/batijournal.com\/#website","url":"https:\/\/batijournal.com\/","name":"Batijournal","description":"L&#039;actualit\u00e9 du b\u00e2timent","potentialAction":[{"@type":"SearchAction","target":{"@type":"EntryPoint","urlTemplate":"https:\/\/batijournal.com\/?s={search_term_string}"},"query-input":{"@type":"PropertyValueSpecification","valueRequired":true,"valueName":"search_term_string"}}],"inLanguage":"fr-FR"},{"@type":"Person","@id":"https:\/\/batijournal.com\/#\/schema\/person\/1dc96ec6957aa1ccb25ebe78bb19f100","name":"St\u00e9phane Miget","image":{"@type":"ImageObject","inLanguage":"fr-FR","@id":"https:\/\/secure.gravatar.com\/avatar\/89915563d925342126b8ef0281b93d9d7fc337043e8df017f780908eb9644451?s=96&d=mm&r=g","url":"https:\/\/secure.gravatar.com\/avatar\/89915563d925342126b8ef0281b93d9d7fc337043e8df017f780908eb9644451?s=96&d=mm&r=g","contentUrl":"https:\/\/secure.gravatar.com\/avatar\/89915563d925342126b8ef0281b93d9d7fc337043e8df017f780908eb9644451?s=96&d=mm&r=g","caption":"St\u00e9phane Miget"},"url":"https:\/\/batijournal.com\/index.php\/author\/stephane\/"}]}},"_links":{"self":[{"href":"https:\/\/batijournal.com\/index.php\/wp-json\/wp\/v2\/posts\/90868","targetHints":{"allow":["GET"]}}],"collection":[{"href":"https:\/\/batijournal.com\/index.php\/wp-json\/wp\/v2\/posts"}],"about":[{"href":"https:\/\/batijournal.com\/index.php\/wp-json\/wp\/v2\/types\/post"}],"author":[{"embeddable":true,"href":"https:\/\/batijournal.com\/index.php\/wp-json\/wp\/v2\/users\/17"}],"replies":[{"embeddable":true,"href":"https:\/\/batijournal.com\/index.php\/wp-json\/wp\/v2\/comments?post=90868"}],"version-history":[{"count":0,"href":"https:\/\/batijournal.com\/index.php\/wp-json\/wp\/v2\/posts\/90868\/revisions"}],"wp:featuredmedia":[{"embeddable":true,"href":"https:\/\/batijournal.com\/index.php\/wp-json\/wp\/v2\/media\/90869"}],"wp:attachment":[{"href":"https:\/\/batijournal.com\/index.php\/wp-json\/wp\/v2\/media?parent=90868"}],"wp:term":[{"taxonomy":"category","embeddable":true,"href":"https:\/\/batijournal.com\/index.php\/wp-json\/wp\/v2\/categories?post=90868"},{"taxonomy":"post_tag","embeddable":true,"href":"https:\/\/batijournal.com\/index.php\/wp-json\/wp\/v2\/tags?post=90868"}],"curies":[{"name":"wp","href":"https:\/\/api.w.org\/{rel}","templated":true}]}}