{"id":90871,"date":"2015-12-23T08:29:16","date_gmt":"2015-12-23T07:29:16","guid":{"rendered":"http:\/\/batijournal.com\/?p=90871"},"modified":"2019-07-15T12:07:22","modified_gmt":"2019-07-15T10:07:22","slug":"formation-a-lecole-davignon-labellisee","status":"publish","type":"post","link":"https:\/\/batijournal.com\/index.php\/formation-a-lecole-davignon-labellisee\/90871\/","title":{"rendered":"Formation \u00e0 l&rsquo;Ecole d&rsquo;Avignon labellis\u00e9e"},"content":{"rendered":"<p>L&rsquo;Ecole d&rsquo;Avignon s&rsquo;est vue attribuer le Label Formation 2016 de la Branche des entreprises d\u2019architecture. Ce label permet aux entreprises faisant le choix d\u2019une formation labellis\u00e9e pour leurs salari\u00e9s de b\u00e9n\u00e9ficier d\u2019une prise en charge renforc\u00e9e par l\u2019OPCA de la Branche.<\/p>\n<p>Il concerne :<\/p>\n<ul>\n<li>la r\u00e9habilitation durable et diagnostic technique en b\u00e2ti ancien<\/li>\n<li>la r\u00e9habilitation \u00e9nerg\u00e9tique du b\u00e2ti ancien en secteur prot\u00e9g\u00e9<\/li>\n<li>l&rsquo;isolation int\u00e9rieure du b\u00e2ti, mat\u00e9riaux et techniques.<\/li>\n<\/ul>\n","protected":false},"excerpt":{"rendered":"<p>L&rsquo;Ecole d&rsquo;Avignon s&rsquo;est vue attribuer le Label Formation 2016 de la Branche des entreprises d\u2019architecture. Ce label permet aux entreprises faisant le choix d\u2019une formation labellis\u00e9e pour leurs salari\u00e9s de b\u00e9n\u00e9ficier d\u2019une prise en charge renforc\u00e9e par l\u2019OPCA de la Branche. Il concerne : la r\u00e9habilitation durable et diagnostic technique en b\u00e2ti ancien la r\u00e9habilitation [&hellip;]<\/p>\n","protected":false},"author":17,"featured_media":90872,"comment_status":"closed","ping_status":"closed","sticky":false,"template":"","format":"standard","meta":{"_et_pb_use_builder":"","_et_pb_old_content":"","_et_gb_content_width":"","footnotes":""},"categories":[6345],"tags":[517],"class_list":["post-90871","post","type-post","status-publish","format-standard","has-post-thumbnail","hentry","category-economie-marches","tag-formation"],"yoast_head":"<!-- This site is optimized with the Yoast SEO plugin v27.4 - https:\/\/yoast.com\/product\/yoast-seo-wordpress\/ -->\n<title>Formation \u00e0 l&#039;Ecole d&#039;Avignon labellis\u00e9e<\/title>\n<meta name=\"robots\" content=\"index, follow, max-snippet:-1, max-image-preview:large, max-video-preview:-1\" \/>\n<link rel=\"canonical\" href=\"https:\/\/batijournal.com\/index.php\/formation-a-lecole-davignon-labellisee\/90871\/\" \/>\n<meta property=\"og:locale\" content=\"fr_FR\" \/>\n<meta property=\"og:type\" content=\"article\" \/>\n<meta property=\"og:title\" content=\"Formation \u00e0 l&#039;Ecole d&#039;Avignon labellis\u00e9e\" \/>\n<meta property=\"og:description\" content=\"L&rsquo;Ecole d&rsquo;Avignon s&rsquo;est vue attribuer le Label Formation 2016 de la Branche des entreprises d\u2019architecture. Ce label permet aux entreprises faisant le choix d\u2019une formation labellis\u00e9e pour leurs salari\u00e9s de b\u00e9n\u00e9ficier d\u2019une prise en charge renforc\u00e9e par l\u2019OPCA de la Branche. Il concerne : la r\u00e9habilitation durable et diagnostic technique en b\u00e2ti ancien la r\u00e9habilitation [&hellip;]\" \/>\n<meta property=\"og:url\" content=\"https:\/\/batijournal.com\/index.php\/formation-a-lecole-davignon-labellisee\/90871\/\" \/>\n<meta property=\"og:site_name\" content=\"Batijournal\" \/>\n<meta property=\"article:published_time\" content=\"2015-12-23T07:29:16+00:00\" \/>\n<meta property=\"article:modified_time\" content=\"2019-07-15T10:07:22+00:00\" \/>\n<meta property=\"og:image\" content=\"https:\/\/batijournal.com\/wp-content\/uploads\/2015\/12\/Logo_2016.jpg\" \/>\n\t<meta property=\"og:image:width\" content=\"300\" \/>\n\t<meta property=\"og:image:height\" content=\"231\" \/>\n\t<meta property=\"og:image:type\" content=\"image\/jpeg\" \/>\n<meta name=\"author\" content=\"St\u00e9phane Miget\" \/>\n<meta name=\"twitter:card\" content=\"summary_large_image\" \/>\n<meta name=\"twitter:creator\" content=\"@bati_journal\" \/>\n<meta name=\"twitter:site\" content=\"@bati_journal\" \/>\n<meta name=\"twitter:label1\" content=\"\u00c9crit par\" \/>\n\t<meta name=\"twitter:data1\" content=\"St\u00e9phane Miget\" \/>\n<script type=\"application\/ld+json\" class=\"yoast-schema-graph\">{\"@context\":\"https:\\\/\\\/schema.org\",\"@graph\":[{\"@type\":\"Article\",\"@id\":\"https:\\\/\\\/batijournal.com\\\/index.php\\\/formation-a-lecole-davignon-labellisee\\\/90871\\\/#article\",\"isPartOf\":{\"@id\":\"https:\\\/\\\/batijournal.com\\\/index.php\\\/formation-a-lecole-davignon-labellisee\\\/90871\\\/\"},\"author\":{\"name\":\"St\u00e9phane Miget\",\"@id\":\"https:\\\/\\\/batijournal.com\\\/#\\\/schema\\\/person\\\/1dc96ec6957aa1ccb25ebe78bb19f100\"},\"headline\":\"Formation \u00e0 l&rsquo;Ecole d&rsquo;Avignon labellis\u00e9e\",\"datePublished\":\"2015-12-23T07:29:16+00:00\",\"dateModified\":\"2019-07-15T10:07:22+00:00\",\"mainEntityOfPage\":{\"@id\":\"https:\\\/\\\/batijournal.com\\\/index.php\\\/formation-a-lecole-davignon-labellisee\\\/90871\\\/\"},\"wordCount\":96,\"image\":{\"@id\":\"https:\\\/\\\/batijournal.com\\\/index.php\\\/formation-a-lecole-davignon-labellisee\\\/90871\\\/#primaryimage\"},\"thumbnailUrl\":\"https:\\\/\\\/batijournal.com\\\/wp-content\\\/uploads\\\/2015\\\/12\\\/Logo_2016.jpg\",\"keywords\":[\"formation\"],\"articleSection\":[\"\u00c9conomie &amp; March\u00e9s\"],\"inLanguage\":\"fr-FR\"},{\"@type\":\"WebPage\",\"@id\":\"https:\\\/\\\/batijournal.com\\\/index.php\\\/formation-a-lecole-davignon-labellisee\\\/90871\\\/\",\"url\":\"https:\\\/\\\/batijournal.com\\\/index.php\\\/formation-a-lecole-davignon-labellisee\\\/90871\\\/\",\"name\":\"Formation \u00e0 l'Ecole d'Avignon labellis\u00e9e\",\"isPartOf\":{\"@id\":\"https:\\\/\\\/batijournal.com\\\/#website\"},\"primaryImageOfPage\":{\"@id\":\"https:\\\/\\\/batijournal.com\\\/index.php\\\/formation-a-lecole-davignon-labellisee\\\/90871\\\/#primaryimage\"},\"image\":{\"@id\":\"https:\\\/\\\/batijournal.com\\\/index.php\\\/formation-a-lecole-davignon-labellisee\\\/90871\\\/#primaryimage\"},\"thumbnailUrl\":\"https:\\\/\\\/batijournal.com\\\/wp-content\\\/uploads\\\/2015\\\/12\\\/Logo_2016.jpg\",\"datePublished\":\"2015-12-23T07:29:16+00:00\",\"dateModified\":\"2019-07-15T10:07:22+00:00\",\"author\":{\"@id\":\"https:\\\/\\\/batijournal.com\\\/#\\\/schema\\\/person\\\/1dc96ec6957aa1ccb25ebe78bb19f100\"},\"breadcrumb\":{\"@id\":\"https:\\\/\\\/batijournal.com\\\/index.php\\\/formation-a-lecole-davignon-labellisee\\\/90871\\\/#breadcrumb\"},\"inLanguage\":\"fr-FR\",\"potentialAction\":[{\"@type\":\"ReadAction\",\"target\":[\"https:\\\/\\\/batijournal.com\\\/index.php\\\/formation-a-lecole-davignon-labellisee\\\/90871\\\/\"]}]},{\"@type\":\"ImageObject\",\"inLanguage\":\"fr-FR\",\"@id\":\"https:\\\/\\\/batijournal.com\\\/index.php\\\/formation-a-lecole-davignon-labellisee\\\/90871\\\/#primaryimage\",\"url\":\"https:\\\/\\\/batijournal.com\\\/wp-content\\\/uploads\\\/2015\\\/12\\\/Logo_2016.jpg\",\"contentUrl\":\"https:\\\/\\\/batijournal.com\\\/wp-content\\\/uploads\\\/2015\\\/12\\\/Logo_2016.jpg\",\"width\":300,\"height\":231},{\"@type\":\"BreadcrumbList\",\"@id\":\"https:\\\/\\\/batijournal.com\\\/index.php\\\/formation-a-lecole-davignon-labellisee\\\/90871\\\/#breadcrumb\",\"itemListElement\":[{\"@type\":\"ListItem\",\"position\":1,\"name\":\"Accueil\",\"item\":\"https:\\\/\\\/batijournal.com\\\/\"},{\"@type\":\"ListItem\",\"position\":2,\"name\":\"Actualit\u00e9s\",\"item\":\"https:\\\/\\\/batijournal.com\\\/index.php\\\/category\\\/actualites\\\/\"},{\"@type\":\"ListItem\",\"position\":3,\"name\":\"\u00c9conomie &amp; March\u00e9s\",\"item\":\"https:\\\/\\\/batijournal.com\\\/index.php\\\/category\\\/actualites\\\/economie-marches\\\/\"},{\"@type\":\"ListItem\",\"position\":4,\"name\":\"Formation \u00e0 l&rsquo;Ecole d&rsquo;Avignon labellis\u00e9e\"}]},{\"@type\":\"WebSite\",\"@id\":\"https:\\\/\\\/batijournal.com\\\/#website\",\"url\":\"https:\\\/\\\/batijournal.com\\\/\",\"name\":\"Batijournal\",\"description\":\"L&#039;actualit\u00e9 du b\u00e2timent\",\"potentialAction\":[{\"@type\":\"SearchAction\",\"target\":{\"@type\":\"EntryPoint\",\"urlTemplate\":\"https:\\\/\\\/batijournal.com\\\/?s={search_term_string}\"},\"query-input\":{\"@type\":\"PropertyValueSpecification\",\"valueRequired\":true,\"valueName\":\"search_term_string\"}}],\"inLanguage\":\"fr-FR\"},{\"@type\":\"Person\",\"@id\":\"https:\\\/\\\/batijournal.com\\\/#\\\/schema\\\/person\\\/1dc96ec6957aa1ccb25ebe78bb19f100\",\"name\":\"St\u00e9phane Miget\",\"image\":{\"@type\":\"ImageObject\",\"inLanguage\":\"fr-FR\",\"@id\":\"https:\\\/\\\/secure.gravatar.com\\\/avatar\\\/89915563d925342126b8ef0281b93d9d7fc337043e8df017f780908eb9644451?s=96&d=mm&r=g\",\"url\":\"https:\\\/\\\/secure.gravatar.com\\\/avatar\\\/89915563d925342126b8ef0281b93d9d7fc337043e8df017f780908eb9644451?s=96&d=mm&r=g\",\"contentUrl\":\"https:\\\/\\\/secure.gravatar.com\\\/avatar\\\/89915563d925342126b8ef0281b93d9d7fc337043e8df017f780908eb9644451?s=96&d=mm&r=g\",\"caption\":\"St\u00e9phane Miget\"},\"url\":\"https:\\\/\\\/batijournal.com\\\/index.php\\\/author\\\/stephane\\\/\"}]}<\/script>\n<!-- \/ Yoast SEO plugin. -->","yoast_head_json":{"title":"Formation \u00e0 l'Ecole d'Avignon labellis\u00e9e","robots":{"index":"index","follow":"follow","max-snippet":"max-snippet:-1","max-image-preview":"max-image-preview:large","max-video-preview":"max-video-preview:-1"},"canonical":"https:\/\/batijournal.com\/index.php\/formation-a-lecole-davignon-labellisee\/90871\/","og_locale":"fr_FR","og_type":"article","og_title":"Formation \u00e0 l'Ecole d'Avignon labellis\u00e9e","og_description":"L&rsquo;Ecole d&rsquo;Avignon s&rsquo;est vue attribuer le Label Formation 2016 de la Branche des entreprises d\u2019architecture. Ce label permet aux entreprises faisant le choix d\u2019une formation labellis\u00e9e pour leurs salari\u00e9s de b\u00e9n\u00e9ficier d\u2019une prise en charge renforc\u00e9e par l\u2019OPCA de la Branche. Il concerne : la r\u00e9habilitation durable et diagnostic technique en b\u00e2ti ancien la r\u00e9habilitation [&hellip;]","og_url":"https:\/\/batijournal.com\/index.php\/formation-a-lecole-davignon-labellisee\/90871\/","og_site_name":"Batijournal","article_published_time":"2015-12-23T07:29:16+00:00","article_modified_time":"2019-07-15T10:07:22+00:00","og_image":[{"width":300,"height":231,"url":"https:\/\/batijournal.com\/wp-content\/uploads\/2015\/12\/Logo_2016.jpg","type":"image\/jpeg"}],"author":"St\u00e9phane Miget","twitter_card":"summary_large_image","twitter_creator":"@bati_journal","twitter_site":"@bati_journal","twitter_misc":{"\u00c9crit par":"St\u00e9phane Miget"},"schema":{"@context":"https:\/\/schema.org","@graph":[{"@type":"Article","@id":"https:\/\/batijournal.com\/index.php\/formation-a-lecole-davignon-labellisee\/90871\/#article","isPartOf":{"@id":"https:\/\/batijournal.com\/index.php\/formation-a-lecole-davignon-labellisee\/90871\/"},"author":{"name":"St\u00e9phane Miget","@id":"https:\/\/batijournal.com\/#\/schema\/person\/1dc96ec6957aa1ccb25ebe78bb19f100"},"headline":"Formation \u00e0 l&rsquo;Ecole d&rsquo;Avignon labellis\u00e9e","datePublished":"2015-12-23T07:29:16+00:00","dateModified":"2019-07-15T10:07:22+00:00","mainEntityOfPage":{"@id":"https:\/\/batijournal.com\/index.php\/formation-a-lecole-davignon-labellisee\/90871\/"},"wordCount":96,"image":{"@id":"https:\/\/batijournal.com\/index.php\/formation-a-lecole-davignon-labellisee\/90871\/#primaryimage"},"thumbnailUrl":"https:\/\/batijournal.com\/wp-content\/uploads\/2015\/12\/Logo_2016.jpg","keywords":["formation"],"articleSection":["\u00c9conomie &amp; March\u00e9s"],"inLanguage":"fr-FR"},{"@type":"WebPage","@id":"https:\/\/batijournal.com\/index.php\/formation-a-lecole-davignon-labellisee\/90871\/","url":"https:\/\/batijournal.com\/index.php\/formation-a-lecole-davignon-labellisee\/90871\/","name":"Formation \u00e0 l'Ecole d'Avignon labellis\u00e9e","isPartOf":{"@id":"https:\/\/batijournal.com\/#website"},"primaryImageOfPage":{"@id":"https:\/\/batijournal.com\/index.php\/formation-a-lecole-davignon-labellisee\/90871\/#primaryimage"},"image":{"@id":"https:\/\/batijournal.com\/index.php\/formation-a-lecole-davignon-labellisee\/90871\/#primaryimage"},"thumbnailUrl":"https:\/\/batijournal.com\/wp-content\/uploads\/2015\/12\/Logo_2016.jpg","datePublished":"2015-12-23T07:29:16+00:00","dateModified":"2019-07-15T10:07:22+00:00","author":{"@id":"https:\/\/batijournal.com\/#\/schema\/person\/1dc96ec6957aa1ccb25ebe78bb19f100"},"breadcrumb":{"@id":"https:\/\/batijournal.com\/index.php\/formation-a-lecole-davignon-labellisee\/90871\/#breadcrumb"},"inLanguage":"fr-FR","potentialAction":[{"@type":"ReadAction","target":["https:\/\/batijournal.com\/index.php\/formation-a-lecole-davignon-labellisee\/90871\/"]}]},{"@type":"ImageObject","inLanguage":"fr-FR","@id":"https:\/\/batijournal.com\/index.php\/formation-a-lecole-davignon-labellisee\/90871\/#primaryimage","url":"https:\/\/batijournal.com\/wp-content\/uploads\/2015\/12\/Logo_2016.jpg","contentUrl":"https:\/\/batijournal.com\/wp-content\/uploads\/2015\/12\/Logo_2016.jpg","width":300,"height":231},{"@type":"BreadcrumbList","@id":"https:\/\/batijournal.com\/index.php\/formation-a-lecole-davignon-labellisee\/90871\/#breadcrumb","itemListElement":[{"@type":"ListItem","position":1,"name":"Accueil","item":"https:\/\/batijournal.com\/"},{"@type":"ListItem","position":2,"name":"Actualit\u00e9s","item":"https:\/\/batijournal.com\/index.php\/category\/actualites\/"},{"@type":"ListItem","position":3,"name":"\u00c9conomie &amp; March\u00e9s","item":"https:\/\/batijournal.com\/index.php\/category\/actualites\/economie-marches\/"},{"@type":"ListItem","position":4,"name":"Formation \u00e0 l&rsquo;Ecole d&rsquo;Avignon labellis\u00e9e"}]},{"@type":"WebSite","@id":"https:\/\/batijournal.com\/#website","url":"https:\/\/batijournal.com\/","name":"Batijournal","description":"L&#039;actualit\u00e9 du b\u00e2timent","potentialAction":[{"@type":"SearchAction","target":{"@type":"EntryPoint","urlTemplate":"https:\/\/batijournal.com\/?s={search_term_string}"},"query-input":{"@type":"PropertyValueSpecification","valueRequired":true,"valueName":"search_term_string"}}],"inLanguage":"fr-FR"},{"@type":"Person","@id":"https:\/\/batijournal.com\/#\/schema\/person\/1dc96ec6957aa1ccb25ebe78bb19f100","name":"St\u00e9phane Miget","image":{"@type":"ImageObject","inLanguage":"fr-FR","@id":"https:\/\/secure.gravatar.com\/avatar\/89915563d925342126b8ef0281b93d9d7fc337043e8df017f780908eb9644451?s=96&d=mm&r=g","url":"https:\/\/secure.gravatar.com\/avatar\/89915563d925342126b8ef0281b93d9d7fc337043e8df017f780908eb9644451?s=96&d=mm&r=g","contentUrl":"https:\/\/secure.gravatar.com\/avatar\/89915563d925342126b8ef0281b93d9d7fc337043e8df017f780908eb9644451?s=96&d=mm&r=g","caption":"St\u00e9phane Miget"},"url":"https:\/\/batijournal.com\/index.php\/author\/stephane\/"}]}},"_links":{"self":[{"href":"https:\/\/batijournal.com\/index.php\/wp-json\/wp\/v2\/posts\/90871","targetHints":{"allow":["GET"]}}],"collection":[{"href":"https:\/\/batijournal.com\/index.php\/wp-json\/wp\/v2\/posts"}],"about":[{"href":"https:\/\/batijournal.com\/index.php\/wp-json\/wp\/v2\/types\/post"}],"author":[{"embeddable":true,"href":"https:\/\/batijournal.com\/index.php\/wp-json\/wp\/v2\/users\/17"}],"replies":[{"embeddable":true,"href":"https:\/\/batijournal.com\/index.php\/wp-json\/wp\/v2\/comments?post=90871"}],"version-history":[{"count":0,"href":"https:\/\/batijournal.com\/index.php\/wp-json\/wp\/v2\/posts\/90871\/revisions"}],"wp:featuredmedia":[{"embeddable":true,"href":"https:\/\/batijournal.com\/index.php\/wp-json\/wp\/v2\/media\/90872"}],"wp:attachment":[{"href":"https:\/\/batijournal.com\/index.php\/wp-json\/wp\/v2\/media?parent=90871"}],"wp:term":[{"taxonomy":"category","embeddable":true,"href":"https:\/\/batijournal.com\/index.php\/wp-json\/wp\/v2\/categories?post=90871"},{"taxonomy":"post_tag","embeddable":true,"href":"https:\/\/batijournal.com\/index.php\/wp-json\/wp\/v2\/tags?post=90871"}],"curies":[{"name":"wp","href":"https:\/\/api.w.org\/{rel}","templated":true}]}}