{"id":90892,"date":"2016-01-04T13:31:07","date_gmt":"2016-01-04T12:31:07","guid":{"rendered":"http:\/\/batijournal.com\/?p=90892"},"modified":"2019-07-15T12:02:16","modified_gmt":"2019-07-15T10:02:16","slug":"les-professionnels-de-limmobilier-optimistes-pour-lannee-2016","status":"publish","type":"post","link":"https:\/\/batijournal.com\/index.php\/les-professionnels-de-limmobilier-optimistes-pour-lannee-2016\/90892\/","title":{"rendered":"Les professionnels de l&rsquo;immobilier optimistes pour l&rsquo;ann\u00e9e 2016"},"content":{"rendered":"<p><strong>Le Cr\u00e9dit Foncier publie les r\u00e9sultats de son Barom\u00e8tre sur le moral des professionnels de l\u2019immobilier (agents immobiliers, constructeurs de maisons, promoteurs&#8230;) et leurs pr\u00e9visions pour les douze prochains mois. Pr\u00e8s de trois quarts des professionnels consid\u00e8rent que le march\u00e9 du logement s\u2019est stabilis\u00e9 (44 %) ou am\u00e9lior\u00e9 (27 %), sur les quatre derniers mois de 2015.<\/strong><\/p>\n<p>Pour les douze prochains mois, les professionnels de l\u2019immobilier anticipent une stabilit\u00e9 des prix dans l\u2019ancien et dans le neuf. 61 % des r\u00e9pondants anticipent une stabilisation des prix (contre 64 % pr\u00e9c\u00e9demment). Ils sont 44 % \u00e0 penser que le volume de transactions dans le neuf va se stabiliser. Alors qu\u2019ils anticipaient pr\u00e9c\u00e9demment dans leur majorit\u00e9 une baisse des prix dans l&rsquo;ancien, les professionnels tablent depuis septembre 2015 sur une stabilisation des prix (pour 45 % d\u2019entre eux). Une majorit\u00e9 de professionnels (53 %) pense que le volume de transactions va se stabiliser.<\/p>\n<p>67 % se d\u00e9clarent optimistes pour l\u2019avenir du march\u00e9 du logement, soit une am\u00e9lioration continue depuis le d\u00e9but de l\u2019ann\u00e9e : ils \u00e9taient 59 % \u00e0 \u00eatre optimistes en mai et 63 % en septembre.Ce sentiment d\u2019optimisme est essentiellement nourri par l\u2019\u00e9largissement du pr\u00eat \u00e0 taux z\u00e9ro (PTZ) pour 75 % des professionnels, par l\u2019\u00e9volution des taux d\u2019int\u00e9r\u00eat, facteur cit\u00e9 par 71 % des professionnels. En revanche, le contexte \u00e9conomique de la France (91 %) et l\u2019\u00e9volution du pouvoir d\u2019achat des m\u00e9nages (82 %) sont les principales raisons de pessimisme pour ceux qui expriment ce sentiment.<\/p>\n","protected":false},"excerpt":{"rendered":"<p>Le Cr\u00e9dit Foncier publie les r\u00e9sultats de son Barom\u00e8tre sur le moral des professionnels de l\u2019immobilier (agents immobiliers, constructeurs de maisons, promoteurs&#8230;) et leurs pr\u00e9visions pour les douze prochains mois. Pr\u00e8s de trois quarts des professionnels consid\u00e8rent que le march\u00e9 du logement s\u2019est stabilis\u00e9 (44 %) ou am\u00e9lior\u00e9 (27 %), sur les quatre derniers mois [&hellip;]<\/p>\n","protected":false},"author":17,"featured_media":90801,"comment_status":"closed","ping_status":"closed","sticky":false,"template":"","format":"standard","meta":{"_et_pb_use_builder":"","_et_pb_old_content":"","_et_gb_content_width":"","footnotes":""},"categories":[10736,10530,6345],"tags":[53,1364],"class_list":["post-90892","post","type-post","status-publish","format-standard","has-post-thumbnail","hentry","category-a-la-une","category-actualites","category-economie-marches","tag-construction","tag-immobilier"],"yoast_head":"<!-- This site is optimized with the Yoast SEO plugin v27.4 - https:\/\/yoast.com\/product\/yoast-seo-wordpress\/ -->\n<title>Les professionnels de l&#039;immobilier optimistes pour l&#039;ann\u00e9e 2016<\/title>\n<meta name=\"robots\" content=\"index, follow, max-snippet:-1, max-image-preview:large, max-video-preview:-1\" \/>\n<link rel=\"canonical\" href=\"https:\/\/batijournal.com\/index.php\/les-professionnels-de-limmobilier-optimistes-pour-lannee-2016\/90892\/\" \/>\n<meta property=\"og:locale\" content=\"fr_FR\" \/>\n<meta property=\"og:type\" content=\"article\" \/>\n<meta property=\"og:title\" content=\"Les professionnels de l&#039;immobilier optimistes pour l&#039;ann\u00e9e 2016\" \/>\n<meta property=\"og:description\" content=\"Le Cr\u00e9dit Foncier publie les r\u00e9sultats de son Barom\u00e8tre sur le moral des professionnels de l\u2019immobilier (agents immobiliers, constructeurs de maisons, promoteurs&#8230;) et leurs pr\u00e9visions pour les douze prochains mois. Pr\u00e8s de trois quarts des professionnels consid\u00e8rent que le march\u00e9 du logement s\u2019est stabilis\u00e9 (44 %) ou am\u00e9lior\u00e9 (27 %), sur les quatre derniers mois [&hellip;]\" \/>\n<meta property=\"og:url\" content=\"https:\/\/batijournal.com\/index.php\/les-professionnels-de-limmobilier-optimistes-pour-lannee-2016\/90892\/\" \/>\n<meta property=\"og:site_name\" content=\"Batijournal\" \/>\n<meta property=\"article:published_time\" content=\"2016-01-04T12:31:07+00:00\" \/>\n<meta property=\"article:modified_time\" content=\"2019-07-15T10:02:16+00:00\" \/>\n<meta property=\"og:image\" content=\"https:\/\/batijournal.com\/wp-content\/uploads\/2015\/12\/construction.jpg\" \/>\n\t<meta property=\"og:image:width\" content=\"1200\" \/>\n\t<meta property=\"og:image:height\" content=\"697\" \/>\n\t<meta property=\"og:image:type\" content=\"image\/jpeg\" \/>\n<meta name=\"author\" content=\"St\u00e9phane Miget\" \/>\n<meta name=\"twitter:card\" content=\"summary_large_image\" \/>\n<meta name=\"twitter:creator\" content=\"@bati_journal\" \/>\n<meta name=\"twitter:site\" content=\"@bati_journal\" \/>\n<meta name=\"twitter:label1\" content=\"\u00c9crit par\" \/>\n\t<meta name=\"twitter:data1\" content=\"St\u00e9phane Miget\" \/>\n\t<meta name=\"twitter:label2\" content=\"Dur\u00e9e de lecture estim\u00e9e\" \/>\n\t<meta name=\"twitter:data2\" content=\"1 minute\" \/>\n<script type=\"application\/ld+json\" class=\"yoast-schema-graph\">{\"@context\":\"https:\\\/\\\/schema.org\",\"@graph\":[{\"@type\":\"Article\",\"@id\":\"https:\\\/\\\/batijournal.com\\\/index.php\\\/les-professionnels-de-limmobilier-optimistes-pour-lannee-2016\\\/90892\\\/#article\",\"isPartOf\":{\"@id\":\"https:\\\/\\\/batijournal.com\\\/index.php\\\/les-professionnels-de-limmobilier-optimistes-pour-lannee-2016\\\/90892\\\/\"},\"author\":{\"name\":\"St\u00e9phane Miget\",\"@id\":\"https:\\\/\\\/batijournal.com\\\/#\\\/schema\\\/person\\\/1dc96ec6957aa1ccb25ebe78bb19f100\"},\"headline\":\"Les professionnels de l&rsquo;immobilier optimistes pour l&rsquo;ann\u00e9e 2016\",\"datePublished\":\"2016-01-04T12:31:07+00:00\",\"dateModified\":\"2019-07-15T10:02:16+00:00\",\"mainEntityOfPage\":{\"@id\":\"https:\\\/\\\/batijournal.com\\\/index.php\\\/les-professionnels-de-limmobilier-optimistes-pour-lannee-2016\\\/90892\\\/\"},\"wordCount\":260,\"image\":{\"@id\":\"https:\\\/\\\/batijournal.com\\\/index.php\\\/les-professionnels-de-limmobilier-optimistes-pour-lannee-2016\\\/90892\\\/#primaryimage\"},\"thumbnailUrl\":\"https:\\\/\\\/batijournal.com\\\/wp-content\\\/uploads\\\/2015\\\/12\\\/construction.jpg\",\"keywords\":[\"construction\",\"immobilier\"],\"articleSection\":[\"A la Une\",\"Actualit\u00e9s\",\"\u00c9conomie &amp; March\u00e9s\"],\"inLanguage\":\"fr-FR\"},{\"@type\":\"WebPage\",\"@id\":\"https:\\\/\\\/batijournal.com\\\/index.php\\\/les-professionnels-de-limmobilier-optimistes-pour-lannee-2016\\\/90892\\\/\",\"url\":\"https:\\\/\\\/batijournal.com\\\/index.php\\\/les-professionnels-de-limmobilier-optimistes-pour-lannee-2016\\\/90892\\\/\",\"name\":\"Les professionnels de l'immobilier optimistes pour l'ann\u00e9e 2016\",\"isPartOf\":{\"@id\":\"https:\\\/\\\/batijournal.com\\\/#website\"},\"primaryImageOfPage\":{\"@id\":\"https:\\\/\\\/batijournal.com\\\/index.php\\\/les-professionnels-de-limmobilier-optimistes-pour-lannee-2016\\\/90892\\\/#primaryimage\"},\"image\":{\"@id\":\"https:\\\/\\\/batijournal.com\\\/index.php\\\/les-professionnels-de-limmobilier-optimistes-pour-lannee-2016\\\/90892\\\/#primaryimage\"},\"thumbnailUrl\":\"https:\\\/\\\/batijournal.com\\\/wp-content\\\/uploads\\\/2015\\\/12\\\/construction.jpg\",\"datePublished\":\"2016-01-04T12:31:07+00:00\",\"dateModified\":\"2019-07-15T10:02:16+00:00\",\"author\":{\"@id\":\"https:\\\/\\\/batijournal.com\\\/#\\\/schema\\\/person\\\/1dc96ec6957aa1ccb25ebe78bb19f100\"},\"breadcrumb\":{\"@id\":\"https:\\\/\\\/batijournal.com\\\/index.php\\\/les-professionnels-de-limmobilier-optimistes-pour-lannee-2016\\\/90892\\\/#breadcrumb\"},\"inLanguage\":\"fr-FR\",\"potentialAction\":[{\"@type\":\"ReadAction\",\"target\":[\"https:\\\/\\\/batijournal.com\\\/index.php\\\/les-professionnels-de-limmobilier-optimistes-pour-lannee-2016\\\/90892\\\/\"]}]},{\"@type\":\"ImageObject\",\"inLanguage\":\"fr-FR\",\"@id\":\"https:\\\/\\\/batijournal.com\\\/index.php\\\/les-professionnels-de-limmobilier-optimistes-pour-lannee-2016\\\/90892\\\/#primaryimage\",\"url\":\"https:\\\/\\\/batijournal.com\\\/wp-content\\\/uploads\\\/2015\\\/12\\\/construction.jpg\",\"contentUrl\":\"https:\\\/\\\/batijournal.com\\\/wp-content\\\/uploads\\\/2015\\\/12\\\/construction.jpg\",\"width\":1200,\"height\":697,\"caption\":\"projet de loi de finances\"},{\"@type\":\"BreadcrumbList\",\"@id\":\"https:\\\/\\\/batijournal.com\\\/index.php\\\/les-professionnels-de-limmobilier-optimistes-pour-lannee-2016\\\/90892\\\/#breadcrumb\",\"itemListElement\":[{\"@type\":\"ListItem\",\"position\":1,\"name\":\"Accueil\",\"item\":\"https:\\\/\\\/batijournal.com\\\/\"},{\"@type\":\"ListItem\",\"position\":2,\"name\":\"Actualit\u00e9s\",\"item\":\"https:\\\/\\\/batijournal.com\\\/index.php\\\/category\\\/actualites\\\/\"},{\"@type\":\"ListItem\",\"position\":3,\"name\":\"\u00c9conomie &amp; March\u00e9s\",\"item\":\"https:\\\/\\\/batijournal.com\\\/index.php\\\/category\\\/actualites\\\/economie-marches\\\/\"},{\"@type\":\"ListItem\",\"position\":4,\"name\":\"Les professionnels de l&rsquo;immobilier optimistes pour l&rsquo;ann\u00e9e 2016\"}]},{\"@type\":\"WebSite\",\"@id\":\"https:\\\/\\\/batijournal.com\\\/#website\",\"url\":\"https:\\\/\\\/batijournal.com\\\/\",\"name\":\"Batijournal\",\"description\":\"L&#039;actualit\u00e9 du b\u00e2timent\",\"potentialAction\":[{\"@type\":\"SearchAction\",\"target\":{\"@type\":\"EntryPoint\",\"urlTemplate\":\"https:\\\/\\\/batijournal.com\\\/?s={search_term_string}\"},\"query-input\":{\"@type\":\"PropertyValueSpecification\",\"valueRequired\":true,\"valueName\":\"search_term_string\"}}],\"inLanguage\":\"fr-FR\"},{\"@type\":\"Person\",\"@id\":\"https:\\\/\\\/batijournal.com\\\/#\\\/schema\\\/person\\\/1dc96ec6957aa1ccb25ebe78bb19f100\",\"name\":\"St\u00e9phane Miget\",\"image\":{\"@type\":\"ImageObject\",\"inLanguage\":\"fr-FR\",\"@id\":\"https:\\\/\\\/secure.gravatar.com\\\/avatar\\\/89915563d925342126b8ef0281b93d9d7fc337043e8df017f780908eb9644451?s=96&d=mm&r=g\",\"url\":\"https:\\\/\\\/secure.gravatar.com\\\/avatar\\\/89915563d925342126b8ef0281b93d9d7fc337043e8df017f780908eb9644451?s=96&d=mm&r=g\",\"contentUrl\":\"https:\\\/\\\/secure.gravatar.com\\\/avatar\\\/89915563d925342126b8ef0281b93d9d7fc337043e8df017f780908eb9644451?s=96&d=mm&r=g\",\"caption\":\"St\u00e9phane Miget\"},\"url\":\"https:\\\/\\\/batijournal.com\\\/index.php\\\/author\\\/stephane\\\/\"}]}<\/script>\n<!-- \/ Yoast SEO plugin. -->","yoast_head_json":{"title":"Les professionnels de l'immobilier optimistes pour l'ann\u00e9e 2016","robots":{"index":"index","follow":"follow","max-snippet":"max-snippet:-1","max-image-preview":"max-image-preview:large","max-video-preview":"max-video-preview:-1"},"canonical":"https:\/\/batijournal.com\/index.php\/les-professionnels-de-limmobilier-optimistes-pour-lannee-2016\/90892\/","og_locale":"fr_FR","og_type":"article","og_title":"Les professionnels de l'immobilier optimistes pour l'ann\u00e9e 2016","og_description":"Le Cr\u00e9dit Foncier publie les r\u00e9sultats de son Barom\u00e8tre sur le moral des professionnels de l\u2019immobilier (agents immobiliers, constructeurs de maisons, promoteurs&#8230;) et leurs pr\u00e9visions pour les douze prochains mois. Pr\u00e8s de trois quarts des professionnels consid\u00e8rent que le march\u00e9 du logement s\u2019est stabilis\u00e9 (44 %) ou am\u00e9lior\u00e9 (27 %), sur les quatre derniers mois [&hellip;]","og_url":"https:\/\/batijournal.com\/index.php\/les-professionnels-de-limmobilier-optimistes-pour-lannee-2016\/90892\/","og_site_name":"Batijournal","article_published_time":"2016-01-04T12:31:07+00:00","article_modified_time":"2019-07-15T10:02:16+00:00","og_image":[{"width":1200,"height":697,"url":"https:\/\/batijournal.com\/wp-content\/uploads\/2015\/12\/construction.jpg","type":"image\/jpeg"}],"author":"St\u00e9phane Miget","twitter_card":"summary_large_image","twitter_creator":"@bati_journal","twitter_site":"@bati_journal","twitter_misc":{"\u00c9crit par":"St\u00e9phane Miget","Dur\u00e9e de lecture estim\u00e9e":"1 minute"},"schema":{"@context":"https:\/\/schema.org","@graph":[{"@type":"Article","@id":"https:\/\/batijournal.com\/index.php\/les-professionnels-de-limmobilier-optimistes-pour-lannee-2016\/90892\/#article","isPartOf":{"@id":"https:\/\/batijournal.com\/index.php\/les-professionnels-de-limmobilier-optimistes-pour-lannee-2016\/90892\/"},"author":{"name":"St\u00e9phane Miget","@id":"https:\/\/batijournal.com\/#\/schema\/person\/1dc96ec6957aa1ccb25ebe78bb19f100"},"headline":"Les professionnels de l&rsquo;immobilier optimistes pour l&rsquo;ann\u00e9e 2016","datePublished":"2016-01-04T12:31:07+00:00","dateModified":"2019-07-15T10:02:16+00:00","mainEntityOfPage":{"@id":"https:\/\/batijournal.com\/index.php\/les-professionnels-de-limmobilier-optimistes-pour-lannee-2016\/90892\/"},"wordCount":260,"image":{"@id":"https:\/\/batijournal.com\/index.php\/les-professionnels-de-limmobilier-optimistes-pour-lannee-2016\/90892\/#primaryimage"},"thumbnailUrl":"https:\/\/batijournal.com\/wp-content\/uploads\/2015\/12\/construction.jpg","keywords":["construction","immobilier"],"articleSection":["A la Une","Actualit\u00e9s","\u00c9conomie &amp; March\u00e9s"],"inLanguage":"fr-FR"},{"@type":"WebPage","@id":"https:\/\/batijournal.com\/index.php\/les-professionnels-de-limmobilier-optimistes-pour-lannee-2016\/90892\/","url":"https:\/\/batijournal.com\/index.php\/les-professionnels-de-limmobilier-optimistes-pour-lannee-2016\/90892\/","name":"Les professionnels de l'immobilier optimistes pour l'ann\u00e9e 2016","isPartOf":{"@id":"https:\/\/batijournal.com\/#website"},"primaryImageOfPage":{"@id":"https:\/\/batijournal.com\/index.php\/les-professionnels-de-limmobilier-optimistes-pour-lannee-2016\/90892\/#primaryimage"},"image":{"@id":"https:\/\/batijournal.com\/index.php\/les-professionnels-de-limmobilier-optimistes-pour-lannee-2016\/90892\/#primaryimage"},"thumbnailUrl":"https:\/\/batijournal.com\/wp-content\/uploads\/2015\/12\/construction.jpg","datePublished":"2016-01-04T12:31:07+00:00","dateModified":"2019-07-15T10:02:16+00:00","author":{"@id":"https:\/\/batijournal.com\/#\/schema\/person\/1dc96ec6957aa1ccb25ebe78bb19f100"},"breadcrumb":{"@id":"https:\/\/batijournal.com\/index.php\/les-professionnels-de-limmobilier-optimistes-pour-lannee-2016\/90892\/#breadcrumb"},"inLanguage":"fr-FR","potentialAction":[{"@type":"ReadAction","target":["https:\/\/batijournal.com\/index.php\/les-professionnels-de-limmobilier-optimistes-pour-lannee-2016\/90892\/"]}]},{"@type":"ImageObject","inLanguage":"fr-FR","@id":"https:\/\/batijournal.com\/index.php\/les-professionnels-de-limmobilier-optimistes-pour-lannee-2016\/90892\/#primaryimage","url":"https:\/\/batijournal.com\/wp-content\/uploads\/2015\/12\/construction.jpg","contentUrl":"https:\/\/batijournal.com\/wp-content\/uploads\/2015\/12\/construction.jpg","width":1200,"height":697,"caption":"projet de loi de finances"},{"@type":"BreadcrumbList","@id":"https:\/\/batijournal.com\/index.php\/les-professionnels-de-limmobilier-optimistes-pour-lannee-2016\/90892\/#breadcrumb","itemListElement":[{"@type":"ListItem","position":1,"name":"Accueil","item":"https:\/\/batijournal.com\/"},{"@type":"ListItem","position":2,"name":"Actualit\u00e9s","item":"https:\/\/batijournal.com\/index.php\/category\/actualites\/"},{"@type":"ListItem","position":3,"name":"\u00c9conomie &amp; March\u00e9s","item":"https:\/\/batijournal.com\/index.php\/category\/actualites\/economie-marches\/"},{"@type":"ListItem","position":4,"name":"Les professionnels de l&rsquo;immobilier optimistes pour l&rsquo;ann\u00e9e 2016"}]},{"@type":"WebSite","@id":"https:\/\/batijournal.com\/#website","url":"https:\/\/batijournal.com\/","name":"Batijournal","description":"L&#039;actualit\u00e9 du b\u00e2timent","potentialAction":[{"@type":"SearchAction","target":{"@type":"EntryPoint","urlTemplate":"https:\/\/batijournal.com\/?s={search_term_string}"},"query-input":{"@type":"PropertyValueSpecification","valueRequired":true,"valueName":"search_term_string"}}],"inLanguage":"fr-FR"},{"@type":"Person","@id":"https:\/\/batijournal.com\/#\/schema\/person\/1dc96ec6957aa1ccb25ebe78bb19f100","name":"St\u00e9phane Miget","image":{"@type":"ImageObject","inLanguage":"fr-FR","@id":"https:\/\/secure.gravatar.com\/avatar\/89915563d925342126b8ef0281b93d9d7fc337043e8df017f780908eb9644451?s=96&d=mm&r=g","url":"https:\/\/secure.gravatar.com\/avatar\/89915563d925342126b8ef0281b93d9d7fc337043e8df017f780908eb9644451?s=96&d=mm&r=g","contentUrl":"https:\/\/secure.gravatar.com\/avatar\/89915563d925342126b8ef0281b93d9d7fc337043e8df017f780908eb9644451?s=96&d=mm&r=g","caption":"St\u00e9phane Miget"},"url":"https:\/\/batijournal.com\/index.php\/author\/stephane\/"}]}},"_links":{"self":[{"href":"https:\/\/batijournal.com\/index.php\/wp-json\/wp\/v2\/posts\/90892","targetHints":{"allow":["GET"]}}],"collection":[{"href":"https:\/\/batijournal.com\/index.php\/wp-json\/wp\/v2\/posts"}],"about":[{"href":"https:\/\/batijournal.com\/index.php\/wp-json\/wp\/v2\/types\/post"}],"author":[{"embeddable":true,"href":"https:\/\/batijournal.com\/index.php\/wp-json\/wp\/v2\/users\/17"}],"replies":[{"embeddable":true,"href":"https:\/\/batijournal.com\/index.php\/wp-json\/wp\/v2\/comments?post=90892"}],"version-history":[{"count":0,"href":"https:\/\/batijournal.com\/index.php\/wp-json\/wp\/v2\/posts\/90892\/revisions"}],"wp:featuredmedia":[{"embeddable":true,"href":"https:\/\/batijournal.com\/index.php\/wp-json\/wp\/v2\/media\/90801"}],"wp:attachment":[{"href":"https:\/\/batijournal.com\/index.php\/wp-json\/wp\/v2\/media?parent=90892"}],"wp:term":[{"taxonomy":"category","embeddable":true,"href":"https:\/\/batijournal.com\/index.php\/wp-json\/wp\/v2\/categories?post=90892"},{"taxonomy":"post_tag","embeddable":true,"href":"https:\/\/batijournal.com\/index.php\/wp-json\/wp\/v2\/tags?post=90892"}],"curies":[{"name":"wp","href":"https:\/\/api.w.org\/{rel}","templated":true}]}}