{"id":90921,"date":"2016-01-07T08:40:40","date_gmt":"2016-01-07T07:40:40","guid":{"rendered":"http:\/\/batijournal.com\/?p=90921"},"modified":"2019-07-15T12:13:33","modified_gmt":"2019-07-15T10:13:33","slug":"aide-a-lembauche-dun-premier-salarie","status":"publish","type":"post","link":"https:\/\/batijournal.com\/index.php\/aide-a-lembauche-dun-premier-salarie\/90921\/","title":{"rendered":"Aide \u00e0 l\u2019embauche d\u2019un premier salari\u00e9"},"content":{"rendered":"<p>Annonc\u00e9e le 9 juin 2015, l\u2019aide \u00e0 l\u2019embauche d\u2019un premier salari\u00e9 est destin\u00e9e \u00e0 aider les TPE non employeuses \u00e0 faire le choix du recrutement. La mesure est temporaire et s\u2019applique aux contrats dont l\u2019ex\u00e9cution commence entre le 9 juin 2015 et le 8 juin 2016. L\u2019aide financi\u00e8re est r\u00e9serv\u00e9e \u00e0 la premi\u00e8re embauche d\u2019un salari\u00e9 en CDI ou CDD de plus de 12 mois. L\u2019entreprise ne doit pas avoir \u00e9t\u00e9 li\u00e9e \u00e0 un salari\u00e9 par un contrat de travail poursuivi au-del\u00e0 de la p\u00e9riode d\u2019essai, dans les douze mois pr\u00e9c\u00e9dant l\u2019embauche du salari\u00e9 pour lequel l\u2019aide \u00e0 la premi\u00e8re embauche est demand\u00e9e. Elle est de 4 000 \u20ac maximum sur deux ans et est vers\u00e9e \u00e0 l\u2019\u00e9ch\u00e9ance de chaque p\u00e9riode trimestrielle, \u00e0 raison de 500 \u20ac maximum par trimestre. Le montant de l\u2019aide est calcul\u00e9 en proportion de la dur\u00e9e du travail du salari\u00e9, lorsque cette dur\u00e9e est inf\u00e9rieure au temps plein.<\/p>\n","protected":false},"excerpt":{"rendered":"<p>Annonc\u00e9e le 9 juin 2015, l\u2019aide \u00e0 l\u2019embauche d\u2019un premier salari\u00e9 est destin\u00e9e \u00e0 aider les TPE non employeuses \u00e0 faire le choix du recrutement. La mesure est temporaire et s\u2019applique aux contrats dont l\u2019ex\u00e9cution commence entre le 9 juin 2015 et le 8 juin 2016. L\u2019aide financi\u00e8re est r\u00e9serv\u00e9e \u00e0 la premi\u00e8re embauche d\u2019un [&hellip;]<\/p>\n","protected":false},"author":17,"featured_media":87184,"comment_status":"closed","ping_status":"closed","sticky":false,"template":"","format":"standard","meta":{"_et_pb_use_builder":"","_et_pb_old_content":"","_et_gb_content_width":"","footnotes":""},"categories":[10736,6345],"tags":[580],"class_list":["post-90921","post","type-post","status-publish","format-standard","has-post-thumbnail","hentry","category-a-la-une","category-economie-marches","tag-emploi"],"yoast_head":"<!-- This site is optimized with the Yoast SEO plugin v27.4 - https:\/\/yoast.com\/product\/yoast-seo-wordpress\/ -->\n<title>Aide \u00e0 l\u2019embauche d\u2019un premier salari\u00e9<\/title>\n<meta name=\"robots\" content=\"index, follow, max-snippet:-1, max-image-preview:large, max-video-preview:-1\" \/>\n<link rel=\"canonical\" href=\"https:\/\/batijournal.com\/index.php\/aide-a-lembauche-dun-premier-salarie\/90921\/\" \/>\n<meta property=\"og:locale\" content=\"fr_FR\" \/>\n<meta property=\"og:type\" content=\"article\" \/>\n<meta property=\"og:title\" content=\"Aide \u00e0 l\u2019embauche d\u2019un premier salari\u00e9\" \/>\n<meta property=\"og:description\" content=\"Annonc\u00e9e le 9 juin 2015, l\u2019aide \u00e0 l\u2019embauche d\u2019un premier salari\u00e9 est destin\u00e9e \u00e0 aider les TPE non employeuses \u00e0 faire le choix du recrutement. La mesure est temporaire et s\u2019applique aux contrats dont l\u2019ex\u00e9cution commence entre le 9 juin 2015 et le 8 juin 2016. L\u2019aide financi\u00e8re est r\u00e9serv\u00e9e \u00e0 la premi\u00e8re embauche d\u2019un [&hellip;]\" \/>\n<meta property=\"og:url\" content=\"https:\/\/batijournal.com\/index.php\/aide-a-lembauche-dun-premier-salarie\/90921\/\" \/>\n<meta property=\"og:site_name\" content=\"Batijournal\" \/>\n<meta property=\"article:published_time\" content=\"2016-01-07T07:40:40+00:00\" \/>\n<meta property=\"article:modified_time\" content=\"2019-07-15T10:13:33+00:00\" \/>\n<meta property=\"og:image\" content=\"https:\/\/batijournal.com\/wp-content\/uploads\/2015\/05\/99696222.jpg\" \/>\n\t<meta property=\"og:image:width\" content=\"600\" \/>\n\t<meta property=\"og:image:height\" content=\"400\" \/>\n\t<meta property=\"og:image:type\" content=\"image\/jpeg\" \/>\n<meta name=\"author\" content=\"St\u00e9phane Miget\" \/>\n<meta name=\"twitter:card\" content=\"summary_large_image\" \/>\n<meta name=\"twitter:creator\" content=\"@bati_journal\" \/>\n<meta name=\"twitter:site\" content=\"@bati_journal\" \/>\n<meta name=\"twitter:label1\" content=\"\u00c9crit par\" \/>\n\t<meta name=\"twitter:data1\" content=\"St\u00e9phane Miget\" \/>\n\t<meta name=\"twitter:label2\" content=\"Dur\u00e9e de lecture estim\u00e9e\" \/>\n\t<meta name=\"twitter:data2\" content=\"1 minute\" \/>\n<script type=\"application\/ld+json\" class=\"yoast-schema-graph\">{\"@context\":\"https:\\\/\\\/schema.org\",\"@graph\":[{\"@type\":\"Article\",\"@id\":\"https:\\\/\\\/batijournal.com\\\/index.php\\\/aide-a-lembauche-dun-premier-salarie\\\/90921\\\/#article\",\"isPartOf\":{\"@id\":\"https:\\\/\\\/batijournal.com\\\/index.php\\\/aide-a-lembauche-dun-premier-salarie\\\/90921\\\/\"},\"author\":{\"name\":\"St\u00e9phane Miget\",\"@id\":\"https:\\\/\\\/batijournal.com\\\/#\\\/schema\\\/person\\\/1dc96ec6957aa1ccb25ebe78bb19f100\"},\"headline\":\"Aide \u00e0 l\u2019embauche d\u2019un premier salari\u00e9\",\"datePublished\":\"2016-01-07T07:40:40+00:00\",\"dateModified\":\"2019-07-15T10:13:33+00:00\",\"mainEntityOfPage\":{\"@id\":\"https:\\\/\\\/batijournal.com\\\/index.php\\\/aide-a-lembauche-dun-premier-salarie\\\/90921\\\/\"},\"wordCount\":172,\"image\":{\"@id\":\"https:\\\/\\\/batijournal.com\\\/index.php\\\/aide-a-lembauche-dun-premier-salarie\\\/90921\\\/#primaryimage\"},\"thumbnailUrl\":\"https:\\\/\\\/batijournal.com\\\/wp-content\\\/uploads\\\/2015\\\/05\\\/99696222.jpg\",\"keywords\":[\"emploi\"],\"articleSection\":[\"A la Une\",\"\u00c9conomie &amp; March\u00e9s\"],\"inLanguage\":\"fr-FR\"},{\"@type\":\"WebPage\",\"@id\":\"https:\\\/\\\/batijournal.com\\\/index.php\\\/aide-a-lembauche-dun-premier-salarie\\\/90921\\\/\",\"url\":\"https:\\\/\\\/batijournal.com\\\/index.php\\\/aide-a-lembauche-dun-premier-salarie\\\/90921\\\/\",\"name\":\"Aide \u00e0 l\u2019embauche d\u2019un premier salari\u00e9\",\"isPartOf\":{\"@id\":\"https:\\\/\\\/batijournal.com\\\/#website\"},\"primaryImageOfPage\":{\"@id\":\"https:\\\/\\\/batijournal.com\\\/index.php\\\/aide-a-lembauche-dun-premier-salarie\\\/90921\\\/#primaryimage\"},\"image\":{\"@id\":\"https:\\\/\\\/batijournal.com\\\/index.php\\\/aide-a-lembauche-dun-premier-salarie\\\/90921\\\/#primaryimage\"},\"thumbnailUrl\":\"https:\\\/\\\/batijournal.com\\\/wp-content\\\/uploads\\\/2015\\\/05\\\/99696222.jpg\",\"datePublished\":\"2016-01-07T07:40:40+00:00\",\"dateModified\":\"2019-07-15T10:13:33+00:00\",\"author\":{\"@id\":\"https:\\\/\\\/batijournal.com\\\/#\\\/schema\\\/person\\\/1dc96ec6957aa1ccb25ebe78bb19f100\"},\"breadcrumb\":{\"@id\":\"https:\\\/\\\/batijournal.com\\\/index.php\\\/aide-a-lembauche-dun-premier-salarie\\\/90921\\\/#breadcrumb\"},\"inLanguage\":\"fr-FR\",\"potentialAction\":[{\"@type\":\"ReadAction\",\"target\":[\"https:\\\/\\\/batijournal.com\\\/index.php\\\/aide-a-lembauche-dun-premier-salarie\\\/90921\\\/\"]}]},{\"@type\":\"ImageObject\",\"inLanguage\":\"fr-FR\",\"@id\":\"https:\\\/\\\/batijournal.com\\\/index.php\\\/aide-a-lembauche-dun-premier-salarie\\\/90921\\\/#primaryimage\",\"url\":\"https:\\\/\\\/batijournal.com\\\/wp-content\\\/uploads\\\/2015\\\/05\\\/99696222.jpg\",\"contentUrl\":\"https:\\\/\\\/batijournal.com\\\/wp-content\\\/uploads\\\/2015\\\/05\\\/99696222.jpg\",\"width\":600,\"height\":400,\"caption\":\"10Kverts-verdissement-des-formations\"},{\"@type\":\"BreadcrumbList\",\"@id\":\"https:\\\/\\\/batijournal.com\\\/index.php\\\/aide-a-lembauche-dun-premier-salarie\\\/90921\\\/#breadcrumb\",\"itemListElement\":[{\"@type\":\"ListItem\",\"position\":1,\"name\":\"Accueil\",\"item\":\"https:\\\/\\\/batijournal.com\\\/\"},{\"@type\":\"ListItem\",\"position\":2,\"name\":\"Actualit\u00e9s\",\"item\":\"https:\\\/\\\/batijournal.com\\\/index.php\\\/category\\\/actualites\\\/\"},{\"@type\":\"ListItem\",\"position\":3,\"name\":\"\u00c9conomie &amp; March\u00e9s\",\"item\":\"https:\\\/\\\/batijournal.com\\\/index.php\\\/category\\\/actualites\\\/economie-marches\\\/\"},{\"@type\":\"ListItem\",\"position\":4,\"name\":\"Aide \u00e0 l\u2019embauche d\u2019un premier salari\u00e9\"}]},{\"@type\":\"WebSite\",\"@id\":\"https:\\\/\\\/batijournal.com\\\/#website\",\"url\":\"https:\\\/\\\/batijournal.com\\\/\",\"name\":\"Batijournal\",\"description\":\"L&#039;actualit\u00e9 du b\u00e2timent\",\"potentialAction\":[{\"@type\":\"SearchAction\",\"target\":{\"@type\":\"EntryPoint\",\"urlTemplate\":\"https:\\\/\\\/batijournal.com\\\/?s={search_term_string}\"},\"query-input\":{\"@type\":\"PropertyValueSpecification\",\"valueRequired\":true,\"valueName\":\"search_term_string\"}}],\"inLanguage\":\"fr-FR\"},{\"@type\":\"Person\",\"@id\":\"https:\\\/\\\/batijournal.com\\\/#\\\/schema\\\/person\\\/1dc96ec6957aa1ccb25ebe78bb19f100\",\"name\":\"St\u00e9phane Miget\",\"image\":{\"@type\":\"ImageObject\",\"inLanguage\":\"fr-FR\",\"@id\":\"https:\\\/\\\/secure.gravatar.com\\\/avatar\\\/89915563d925342126b8ef0281b93d9d7fc337043e8df017f780908eb9644451?s=96&d=mm&r=g\",\"url\":\"https:\\\/\\\/secure.gravatar.com\\\/avatar\\\/89915563d925342126b8ef0281b93d9d7fc337043e8df017f780908eb9644451?s=96&d=mm&r=g\",\"contentUrl\":\"https:\\\/\\\/secure.gravatar.com\\\/avatar\\\/89915563d925342126b8ef0281b93d9d7fc337043e8df017f780908eb9644451?s=96&d=mm&r=g\",\"caption\":\"St\u00e9phane Miget\"},\"url\":\"https:\\\/\\\/batijournal.com\\\/index.php\\\/author\\\/stephane\\\/\"}]}<\/script>\n<!-- \/ Yoast SEO plugin. -->","yoast_head_json":{"title":"Aide \u00e0 l\u2019embauche d\u2019un premier salari\u00e9","robots":{"index":"index","follow":"follow","max-snippet":"max-snippet:-1","max-image-preview":"max-image-preview:large","max-video-preview":"max-video-preview:-1"},"canonical":"https:\/\/batijournal.com\/index.php\/aide-a-lembauche-dun-premier-salarie\/90921\/","og_locale":"fr_FR","og_type":"article","og_title":"Aide \u00e0 l\u2019embauche d\u2019un premier salari\u00e9","og_description":"Annonc\u00e9e le 9 juin 2015, l\u2019aide \u00e0 l\u2019embauche d\u2019un premier salari\u00e9 est destin\u00e9e \u00e0 aider les TPE non employeuses \u00e0 faire le choix du recrutement. La mesure est temporaire et s\u2019applique aux contrats dont l\u2019ex\u00e9cution commence entre le 9 juin 2015 et le 8 juin 2016. L\u2019aide financi\u00e8re est r\u00e9serv\u00e9e \u00e0 la premi\u00e8re embauche d\u2019un [&hellip;]","og_url":"https:\/\/batijournal.com\/index.php\/aide-a-lembauche-dun-premier-salarie\/90921\/","og_site_name":"Batijournal","article_published_time":"2016-01-07T07:40:40+00:00","article_modified_time":"2019-07-15T10:13:33+00:00","og_image":[{"width":600,"height":400,"url":"https:\/\/batijournal.com\/wp-content\/uploads\/2015\/05\/99696222.jpg","type":"image\/jpeg"}],"author":"St\u00e9phane Miget","twitter_card":"summary_large_image","twitter_creator":"@bati_journal","twitter_site":"@bati_journal","twitter_misc":{"\u00c9crit par":"St\u00e9phane Miget","Dur\u00e9e de lecture estim\u00e9e":"1 minute"},"schema":{"@context":"https:\/\/schema.org","@graph":[{"@type":"Article","@id":"https:\/\/batijournal.com\/index.php\/aide-a-lembauche-dun-premier-salarie\/90921\/#article","isPartOf":{"@id":"https:\/\/batijournal.com\/index.php\/aide-a-lembauche-dun-premier-salarie\/90921\/"},"author":{"name":"St\u00e9phane Miget","@id":"https:\/\/batijournal.com\/#\/schema\/person\/1dc96ec6957aa1ccb25ebe78bb19f100"},"headline":"Aide \u00e0 l\u2019embauche d\u2019un premier salari\u00e9","datePublished":"2016-01-07T07:40:40+00:00","dateModified":"2019-07-15T10:13:33+00:00","mainEntityOfPage":{"@id":"https:\/\/batijournal.com\/index.php\/aide-a-lembauche-dun-premier-salarie\/90921\/"},"wordCount":172,"image":{"@id":"https:\/\/batijournal.com\/index.php\/aide-a-lembauche-dun-premier-salarie\/90921\/#primaryimage"},"thumbnailUrl":"https:\/\/batijournal.com\/wp-content\/uploads\/2015\/05\/99696222.jpg","keywords":["emploi"],"articleSection":["A la Une","\u00c9conomie &amp; March\u00e9s"],"inLanguage":"fr-FR"},{"@type":"WebPage","@id":"https:\/\/batijournal.com\/index.php\/aide-a-lembauche-dun-premier-salarie\/90921\/","url":"https:\/\/batijournal.com\/index.php\/aide-a-lembauche-dun-premier-salarie\/90921\/","name":"Aide \u00e0 l\u2019embauche d\u2019un premier salari\u00e9","isPartOf":{"@id":"https:\/\/batijournal.com\/#website"},"primaryImageOfPage":{"@id":"https:\/\/batijournal.com\/index.php\/aide-a-lembauche-dun-premier-salarie\/90921\/#primaryimage"},"image":{"@id":"https:\/\/batijournal.com\/index.php\/aide-a-lembauche-dun-premier-salarie\/90921\/#primaryimage"},"thumbnailUrl":"https:\/\/batijournal.com\/wp-content\/uploads\/2015\/05\/99696222.jpg","datePublished":"2016-01-07T07:40:40+00:00","dateModified":"2019-07-15T10:13:33+00:00","author":{"@id":"https:\/\/batijournal.com\/#\/schema\/person\/1dc96ec6957aa1ccb25ebe78bb19f100"},"breadcrumb":{"@id":"https:\/\/batijournal.com\/index.php\/aide-a-lembauche-dun-premier-salarie\/90921\/#breadcrumb"},"inLanguage":"fr-FR","potentialAction":[{"@type":"ReadAction","target":["https:\/\/batijournal.com\/index.php\/aide-a-lembauche-dun-premier-salarie\/90921\/"]}]},{"@type":"ImageObject","inLanguage":"fr-FR","@id":"https:\/\/batijournal.com\/index.php\/aide-a-lembauche-dun-premier-salarie\/90921\/#primaryimage","url":"https:\/\/batijournal.com\/wp-content\/uploads\/2015\/05\/99696222.jpg","contentUrl":"https:\/\/batijournal.com\/wp-content\/uploads\/2015\/05\/99696222.jpg","width":600,"height":400,"caption":"10Kverts-verdissement-des-formations"},{"@type":"BreadcrumbList","@id":"https:\/\/batijournal.com\/index.php\/aide-a-lembauche-dun-premier-salarie\/90921\/#breadcrumb","itemListElement":[{"@type":"ListItem","position":1,"name":"Accueil","item":"https:\/\/batijournal.com\/"},{"@type":"ListItem","position":2,"name":"Actualit\u00e9s","item":"https:\/\/batijournal.com\/index.php\/category\/actualites\/"},{"@type":"ListItem","position":3,"name":"\u00c9conomie &amp; March\u00e9s","item":"https:\/\/batijournal.com\/index.php\/category\/actualites\/economie-marches\/"},{"@type":"ListItem","position":4,"name":"Aide \u00e0 l\u2019embauche d\u2019un premier salari\u00e9"}]},{"@type":"WebSite","@id":"https:\/\/batijournal.com\/#website","url":"https:\/\/batijournal.com\/","name":"Batijournal","description":"L&#039;actualit\u00e9 du b\u00e2timent","potentialAction":[{"@type":"SearchAction","target":{"@type":"EntryPoint","urlTemplate":"https:\/\/batijournal.com\/?s={search_term_string}"},"query-input":{"@type":"PropertyValueSpecification","valueRequired":true,"valueName":"search_term_string"}}],"inLanguage":"fr-FR"},{"@type":"Person","@id":"https:\/\/batijournal.com\/#\/schema\/person\/1dc96ec6957aa1ccb25ebe78bb19f100","name":"St\u00e9phane Miget","image":{"@type":"ImageObject","inLanguage":"fr-FR","@id":"https:\/\/secure.gravatar.com\/avatar\/89915563d925342126b8ef0281b93d9d7fc337043e8df017f780908eb9644451?s=96&d=mm&r=g","url":"https:\/\/secure.gravatar.com\/avatar\/89915563d925342126b8ef0281b93d9d7fc337043e8df017f780908eb9644451?s=96&d=mm&r=g","contentUrl":"https:\/\/secure.gravatar.com\/avatar\/89915563d925342126b8ef0281b93d9d7fc337043e8df017f780908eb9644451?s=96&d=mm&r=g","caption":"St\u00e9phane Miget"},"url":"https:\/\/batijournal.com\/index.php\/author\/stephane\/"}]}},"_links":{"self":[{"href":"https:\/\/batijournal.com\/index.php\/wp-json\/wp\/v2\/posts\/90921","targetHints":{"allow":["GET"]}}],"collection":[{"href":"https:\/\/batijournal.com\/index.php\/wp-json\/wp\/v2\/posts"}],"about":[{"href":"https:\/\/batijournal.com\/index.php\/wp-json\/wp\/v2\/types\/post"}],"author":[{"embeddable":true,"href":"https:\/\/batijournal.com\/index.php\/wp-json\/wp\/v2\/users\/17"}],"replies":[{"embeddable":true,"href":"https:\/\/batijournal.com\/index.php\/wp-json\/wp\/v2\/comments?post=90921"}],"version-history":[{"count":0,"href":"https:\/\/batijournal.com\/index.php\/wp-json\/wp\/v2\/posts\/90921\/revisions"}],"wp:featuredmedia":[{"embeddable":true,"href":"https:\/\/batijournal.com\/index.php\/wp-json\/wp\/v2\/media\/87184"}],"wp:attachment":[{"href":"https:\/\/batijournal.com\/index.php\/wp-json\/wp\/v2\/media?parent=90921"}],"wp:term":[{"taxonomy":"category","embeddable":true,"href":"https:\/\/batijournal.com\/index.php\/wp-json\/wp\/v2\/categories?post=90921"},{"taxonomy":"post_tag","embeddable":true,"href":"https:\/\/batijournal.com\/index.php\/wp-json\/wp\/v2\/tags?post=90921"}],"curies":[{"name":"wp","href":"https:\/\/api.w.org\/{rel}","templated":true}]}}