{"id":90932,"date":"2016-01-08T08:14:12","date_gmt":"2016-01-08T07:14:12","guid":{"rendered":"http:\/\/batijournal.com\/?p=90932"},"modified":"2016-01-08T07:50:52","modified_gmt":"2016-01-08T06:50:52","slug":"journees-portes-ouvertes-chez-les-compagnons-du-devoir-2","status":"publish","type":"post","link":"https:\/\/batijournal.com\/index.php\/journees-portes-ouvertes-chez-les-compagnons-du-devoir-2\/90932\/","title":{"rendered":"Journ\u00e9es portes ouvertes chez les Compagnons du Devoir"},"content":{"rendered":"<p align=\"LEFT\"><span style=\"color: #1d1d1d;\">Du 22 au 24 janvier prochains, coll\u00e9giens, lyc\u00e9ens et \u00e9tudiants pourront d\u00e9couvrir les 29 m\u00e9tiers et leurs formations respectives enseign\u00e9s chez les Compagnons du Devoir. <\/span><span style=\"color: #262626;\">Durant trois jours, de 9h30 \u00e0 18h00, quarante\u00a0Maisons de Compagnons ouvriront leurs portes au grand public. Visites guid\u00e9es, d\u00e9monstrations m\u00e9tiers, clips vid\u00e9o, rencontres avec des formateurs, des apprentis, des professionnels du secteur, etc., ces journ\u00e9es ont pour but de renseigner les jeunes et leur famille sur des parcours et des m\u00e9tiers d\u2019excellence.<\/span><\/p>\n<p align=\"LEFT\">En savoir plus<\/p>\n<p align=\"LEFT\">\n","protected":false},"excerpt":{"rendered":"<p>Du 22 au 24 janvier prochains, coll\u00e9giens, lyc\u00e9ens et \u00e9tudiants pourront d\u00e9couvrir les 29 m\u00e9tiers et leurs formations respectives enseign\u00e9s chez les Compagnons du Devoir. Durant trois jours, de 9h30 \u00e0 18h00, quarante\u00a0Maisons de Compagnons ouvriront leurs portes au grand public. Visites guid\u00e9es, d\u00e9monstrations m\u00e9tiers, clips vid\u00e9o, rencontres avec des formateurs, des apprentis, des professionnels [&hellip;]<\/p>\n","protected":false},"author":17,"featured_media":90934,"comment_status":"closed","ping_status":"closed","sticky":false,"template":"","format":"standard","meta":{"_et_pb_use_builder":"","_et_pb_old_content":"","_et_gb_content_width":"","footnotes":""},"categories":[10530,10764],"tags":[],"class_list":["post-90932","post","type-post","status-publish","format-standard","has-post-thumbnail","hentry","category-actualites","category-woodsurfer"],"yoast_head":"<!-- This site is optimized with the Yoast SEO plugin v27.4 - https:\/\/yoast.com\/product\/yoast-seo-wordpress\/ -->\n<title>Journ\u00e9es portes ouvertes chez les Compagnons du Devoir<\/title>\n<meta name=\"robots\" content=\"index, follow, max-snippet:-1, max-image-preview:large, max-video-preview:-1\" \/>\n<link rel=\"canonical\" href=\"https:\/\/batijournal.com\/index.php\/journees-portes-ouvertes-chez-les-compagnons-du-devoir-2\/90932\/\" \/>\n<meta property=\"og:locale\" content=\"fr_FR\" \/>\n<meta property=\"og:type\" content=\"article\" \/>\n<meta property=\"og:title\" content=\"Journ\u00e9es portes ouvertes chez les Compagnons du Devoir\" \/>\n<meta property=\"og:description\" content=\"Du 22 au 24 janvier prochains, coll\u00e9giens, lyc\u00e9ens et \u00e9tudiants pourront d\u00e9couvrir les 29 m\u00e9tiers et leurs formations respectives enseign\u00e9s chez les Compagnons du Devoir. Durant trois jours, de 9h30 \u00e0 18h00, quarante\u00a0Maisons de Compagnons ouvriront leurs portes au grand public. Visites guid\u00e9es, d\u00e9monstrations m\u00e9tiers, clips vid\u00e9o, rencontres avec des formateurs, des apprentis, des professionnels [&hellip;]\" \/>\n<meta property=\"og:url\" content=\"https:\/\/batijournal.com\/index.php\/journees-portes-ouvertes-chez-les-compagnons-du-devoir-2\/90932\/\" \/>\n<meta property=\"og:site_name\" content=\"Batijournal\" \/>\n<meta property=\"article:published_time\" content=\"2016-01-08T07:14:12+00:00\" \/>\n<meta property=\"og:image\" content=\"https:\/\/batijournal.com\/wp-content\/uploads\/2016\/01\/compagnons.jpg\" \/>\n\t<meta property=\"og:image:width\" content=\"1890\" \/>\n\t<meta property=\"og:image:height\" content=\"827\" \/>\n\t<meta property=\"og:image:type\" content=\"image\/jpeg\" \/>\n<meta name=\"author\" content=\"St\u00e9phane Miget\" \/>\n<meta name=\"twitter:card\" content=\"summary_large_image\" \/>\n<meta name=\"twitter:creator\" content=\"@bati_journal\" \/>\n<meta name=\"twitter:site\" content=\"@bati_journal\" \/>\n<meta name=\"twitter:label1\" content=\"\u00c9crit par\" \/>\n\t<meta name=\"twitter:data1\" content=\"St\u00e9phane Miget\" \/>\n<script type=\"application\/ld+json\" class=\"yoast-schema-graph\">{\"@context\":\"https:\\\/\\\/schema.org\",\"@graph\":[{\"@type\":\"Article\",\"@id\":\"https:\\\/\\\/batijournal.com\\\/index.php\\\/journees-portes-ouvertes-chez-les-compagnons-du-devoir-2\\\/90932\\\/#article\",\"isPartOf\":{\"@id\":\"https:\\\/\\\/batijournal.com\\\/index.php\\\/journees-portes-ouvertes-chez-les-compagnons-du-devoir-2\\\/90932\\\/\"},\"author\":{\"name\":\"St\u00e9phane Miget\",\"@id\":\"https:\\\/\\\/batijournal.com\\\/#\\\/schema\\\/person\\\/1dc96ec6957aa1ccb25ebe78bb19f100\"},\"headline\":\"Journ\u00e9es portes ouvertes chez les Compagnons du Devoir\",\"datePublished\":\"2016-01-08T07:14:12+00:00\",\"mainEntityOfPage\":{\"@id\":\"https:\\\/\\\/batijournal.com\\\/index.php\\\/journees-portes-ouvertes-chez-les-compagnons-du-devoir-2\\\/90932\\\/\"},\"wordCount\":98,\"image\":{\"@id\":\"https:\\\/\\\/batijournal.com\\\/index.php\\\/journees-portes-ouvertes-chez-les-compagnons-du-devoir-2\\\/90932\\\/#primaryimage\"},\"thumbnailUrl\":\"https:\\\/\\\/batijournal.com\\\/wp-content\\\/uploads\\\/2016\\\/01\\\/compagnons.jpg\",\"articleSection\":[\"Actualit\u00e9s\",\"zz_Woodsurfer\"],\"inLanguage\":\"fr-FR\"},{\"@type\":\"WebPage\",\"@id\":\"https:\\\/\\\/batijournal.com\\\/index.php\\\/journees-portes-ouvertes-chez-les-compagnons-du-devoir-2\\\/90932\\\/\",\"url\":\"https:\\\/\\\/batijournal.com\\\/index.php\\\/journees-portes-ouvertes-chez-les-compagnons-du-devoir-2\\\/90932\\\/\",\"name\":\"Journ\u00e9es portes ouvertes chez les Compagnons du Devoir\",\"isPartOf\":{\"@id\":\"https:\\\/\\\/batijournal.com\\\/#website\"},\"primaryImageOfPage\":{\"@id\":\"https:\\\/\\\/batijournal.com\\\/index.php\\\/journees-portes-ouvertes-chez-les-compagnons-du-devoir-2\\\/90932\\\/#primaryimage\"},\"image\":{\"@id\":\"https:\\\/\\\/batijournal.com\\\/index.php\\\/journees-portes-ouvertes-chez-les-compagnons-du-devoir-2\\\/90932\\\/#primaryimage\"},\"thumbnailUrl\":\"https:\\\/\\\/batijournal.com\\\/wp-content\\\/uploads\\\/2016\\\/01\\\/compagnons.jpg\",\"datePublished\":\"2016-01-08T07:14:12+00:00\",\"author\":{\"@id\":\"https:\\\/\\\/batijournal.com\\\/#\\\/schema\\\/person\\\/1dc96ec6957aa1ccb25ebe78bb19f100\"},\"breadcrumb\":{\"@id\":\"https:\\\/\\\/batijournal.com\\\/index.php\\\/journees-portes-ouvertes-chez-les-compagnons-du-devoir-2\\\/90932\\\/#breadcrumb\"},\"inLanguage\":\"fr-FR\",\"potentialAction\":[{\"@type\":\"ReadAction\",\"target\":[\"https:\\\/\\\/batijournal.com\\\/index.php\\\/journees-portes-ouvertes-chez-les-compagnons-du-devoir-2\\\/90932\\\/\"]}]},{\"@type\":\"ImageObject\",\"inLanguage\":\"fr-FR\",\"@id\":\"https:\\\/\\\/batijournal.com\\\/index.php\\\/journees-portes-ouvertes-chez-les-compagnons-du-devoir-2\\\/90932\\\/#primaryimage\",\"url\":\"https:\\\/\\\/batijournal.com\\\/wp-content\\\/uploads\\\/2016\\\/01\\\/compagnons.jpg\",\"contentUrl\":\"https:\\\/\\\/batijournal.com\\\/wp-content\\\/uploads\\\/2016\\\/01\\\/compagnons.jpg\",\"width\":1890,\"height\":827},{\"@type\":\"BreadcrumbList\",\"@id\":\"https:\\\/\\\/batijournal.com\\\/index.php\\\/journees-portes-ouvertes-chez-les-compagnons-du-devoir-2\\\/90932\\\/#breadcrumb\",\"itemListElement\":[{\"@type\":\"ListItem\",\"position\":1,\"name\":\"Accueil\",\"item\":\"https:\\\/\\\/batijournal.com\\\/\"},{\"@type\":\"ListItem\",\"position\":2,\"name\":\"Actualit\u00e9s\",\"item\":\"https:\\\/\\\/batijournal.com\\\/index.php\\\/category\\\/actualites\\\/\"},{\"@type\":\"ListItem\",\"position\":3,\"name\":\"Journ\u00e9es portes ouvertes chez les Compagnons du Devoir\"}]},{\"@type\":\"WebSite\",\"@id\":\"https:\\\/\\\/batijournal.com\\\/#website\",\"url\":\"https:\\\/\\\/batijournal.com\\\/\",\"name\":\"Batijournal\",\"description\":\"L&#039;actualit\u00e9 du b\u00e2timent\",\"potentialAction\":[{\"@type\":\"SearchAction\",\"target\":{\"@type\":\"EntryPoint\",\"urlTemplate\":\"https:\\\/\\\/batijournal.com\\\/?s={search_term_string}\"},\"query-input\":{\"@type\":\"PropertyValueSpecification\",\"valueRequired\":true,\"valueName\":\"search_term_string\"}}],\"inLanguage\":\"fr-FR\"},{\"@type\":\"Person\",\"@id\":\"https:\\\/\\\/batijournal.com\\\/#\\\/schema\\\/person\\\/1dc96ec6957aa1ccb25ebe78bb19f100\",\"name\":\"St\u00e9phane Miget\",\"image\":{\"@type\":\"ImageObject\",\"inLanguage\":\"fr-FR\",\"@id\":\"https:\\\/\\\/secure.gravatar.com\\\/avatar\\\/89915563d925342126b8ef0281b93d9d7fc337043e8df017f780908eb9644451?s=96&d=mm&r=g\",\"url\":\"https:\\\/\\\/secure.gravatar.com\\\/avatar\\\/89915563d925342126b8ef0281b93d9d7fc337043e8df017f780908eb9644451?s=96&d=mm&r=g\",\"contentUrl\":\"https:\\\/\\\/secure.gravatar.com\\\/avatar\\\/89915563d925342126b8ef0281b93d9d7fc337043e8df017f780908eb9644451?s=96&d=mm&r=g\",\"caption\":\"St\u00e9phane Miget\"},\"url\":\"https:\\\/\\\/batijournal.com\\\/index.php\\\/author\\\/stephane\\\/\"}]}<\/script>\n<!-- \/ Yoast SEO plugin. -->","yoast_head_json":{"title":"Journ\u00e9es portes ouvertes chez les Compagnons du Devoir","robots":{"index":"index","follow":"follow","max-snippet":"max-snippet:-1","max-image-preview":"max-image-preview:large","max-video-preview":"max-video-preview:-1"},"canonical":"https:\/\/batijournal.com\/index.php\/journees-portes-ouvertes-chez-les-compagnons-du-devoir-2\/90932\/","og_locale":"fr_FR","og_type":"article","og_title":"Journ\u00e9es portes ouvertes chez les Compagnons du Devoir","og_description":"Du 22 au 24 janvier prochains, coll\u00e9giens, lyc\u00e9ens et \u00e9tudiants pourront d\u00e9couvrir les 29 m\u00e9tiers et leurs formations respectives enseign\u00e9s chez les Compagnons du Devoir. Durant trois jours, de 9h30 \u00e0 18h00, quarante\u00a0Maisons de Compagnons ouvriront leurs portes au grand public. Visites guid\u00e9es, d\u00e9monstrations m\u00e9tiers, clips vid\u00e9o, rencontres avec des formateurs, des apprentis, des professionnels [&hellip;]","og_url":"https:\/\/batijournal.com\/index.php\/journees-portes-ouvertes-chez-les-compagnons-du-devoir-2\/90932\/","og_site_name":"Batijournal","article_published_time":"2016-01-08T07:14:12+00:00","og_image":[{"width":1890,"height":827,"url":"https:\/\/batijournal.com\/wp-content\/uploads\/2016\/01\/compagnons.jpg","type":"image\/jpeg"}],"author":"St\u00e9phane Miget","twitter_card":"summary_large_image","twitter_creator":"@bati_journal","twitter_site":"@bati_journal","twitter_misc":{"\u00c9crit par":"St\u00e9phane Miget"},"schema":{"@context":"https:\/\/schema.org","@graph":[{"@type":"Article","@id":"https:\/\/batijournal.com\/index.php\/journees-portes-ouvertes-chez-les-compagnons-du-devoir-2\/90932\/#article","isPartOf":{"@id":"https:\/\/batijournal.com\/index.php\/journees-portes-ouvertes-chez-les-compagnons-du-devoir-2\/90932\/"},"author":{"name":"St\u00e9phane Miget","@id":"https:\/\/batijournal.com\/#\/schema\/person\/1dc96ec6957aa1ccb25ebe78bb19f100"},"headline":"Journ\u00e9es portes ouvertes chez les Compagnons du Devoir","datePublished":"2016-01-08T07:14:12+00:00","mainEntityOfPage":{"@id":"https:\/\/batijournal.com\/index.php\/journees-portes-ouvertes-chez-les-compagnons-du-devoir-2\/90932\/"},"wordCount":98,"image":{"@id":"https:\/\/batijournal.com\/index.php\/journees-portes-ouvertes-chez-les-compagnons-du-devoir-2\/90932\/#primaryimage"},"thumbnailUrl":"https:\/\/batijournal.com\/wp-content\/uploads\/2016\/01\/compagnons.jpg","articleSection":["Actualit\u00e9s","zz_Woodsurfer"],"inLanguage":"fr-FR"},{"@type":"WebPage","@id":"https:\/\/batijournal.com\/index.php\/journees-portes-ouvertes-chez-les-compagnons-du-devoir-2\/90932\/","url":"https:\/\/batijournal.com\/index.php\/journees-portes-ouvertes-chez-les-compagnons-du-devoir-2\/90932\/","name":"Journ\u00e9es portes ouvertes chez les Compagnons du Devoir","isPartOf":{"@id":"https:\/\/batijournal.com\/#website"},"primaryImageOfPage":{"@id":"https:\/\/batijournal.com\/index.php\/journees-portes-ouvertes-chez-les-compagnons-du-devoir-2\/90932\/#primaryimage"},"image":{"@id":"https:\/\/batijournal.com\/index.php\/journees-portes-ouvertes-chez-les-compagnons-du-devoir-2\/90932\/#primaryimage"},"thumbnailUrl":"https:\/\/batijournal.com\/wp-content\/uploads\/2016\/01\/compagnons.jpg","datePublished":"2016-01-08T07:14:12+00:00","author":{"@id":"https:\/\/batijournal.com\/#\/schema\/person\/1dc96ec6957aa1ccb25ebe78bb19f100"},"breadcrumb":{"@id":"https:\/\/batijournal.com\/index.php\/journees-portes-ouvertes-chez-les-compagnons-du-devoir-2\/90932\/#breadcrumb"},"inLanguage":"fr-FR","potentialAction":[{"@type":"ReadAction","target":["https:\/\/batijournal.com\/index.php\/journees-portes-ouvertes-chez-les-compagnons-du-devoir-2\/90932\/"]}]},{"@type":"ImageObject","inLanguage":"fr-FR","@id":"https:\/\/batijournal.com\/index.php\/journees-portes-ouvertes-chez-les-compagnons-du-devoir-2\/90932\/#primaryimage","url":"https:\/\/batijournal.com\/wp-content\/uploads\/2016\/01\/compagnons.jpg","contentUrl":"https:\/\/batijournal.com\/wp-content\/uploads\/2016\/01\/compagnons.jpg","width":1890,"height":827},{"@type":"BreadcrumbList","@id":"https:\/\/batijournal.com\/index.php\/journees-portes-ouvertes-chez-les-compagnons-du-devoir-2\/90932\/#breadcrumb","itemListElement":[{"@type":"ListItem","position":1,"name":"Accueil","item":"https:\/\/batijournal.com\/"},{"@type":"ListItem","position":2,"name":"Actualit\u00e9s","item":"https:\/\/batijournal.com\/index.php\/category\/actualites\/"},{"@type":"ListItem","position":3,"name":"Journ\u00e9es portes ouvertes chez les Compagnons du Devoir"}]},{"@type":"WebSite","@id":"https:\/\/batijournal.com\/#website","url":"https:\/\/batijournal.com\/","name":"Batijournal","description":"L&#039;actualit\u00e9 du b\u00e2timent","potentialAction":[{"@type":"SearchAction","target":{"@type":"EntryPoint","urlTemplate":"https:\/\/batijournal.com\/?s={search_term_string}"},"query-input":{"@type":"PropertyValueSpecification","valueRequired":true,"valueName":"search_term_string"}}],"inLanguage":"fr-FR"},{"@type":"Person","@id":"https:\/\/batijournal.com\/#\/schema\/person\/1dc96ec6957aa1ccb25ebe78bb19f100","name":"St\u00e9phane Miget","image":{"@type":"ImageObject","inLanguage":"fr-FR","@id":"https:\/\/secure.gravatar.com\/avatar\/89915563d925342126b8ef0281b93d9d7fc337043e8df017f780908eb9644451?s=96&d=mm&r=g","url":"https:\/\/secure.gravatar.com\/avatar\/89915563d925342126b8ef0281b93d9d7fc337043e8df017f780908eb9644451?s=96&d=mm&r=g","contentUrl":"https:\/\/secure.gravatar.com\/avatar\/89915563d925342126b8ef0281b93d9d7fc337043e8df017f780908eb9644451?s=96&d=mm&r=g","caption":"St\u00e9phane Miget"},"url":"https:\/\/batijournal.com\/index.php\/author\/stephane\/"}]}},"_links":{"self":[{"href":"https:\/\/batijournal.com\/index.php\/wp-json\/wp\/v2\/posts\/90932","targetHints":{"allow":["GET"]}}],"collection":[{"href":"https:\/\/batijournal.com\/index.php\/wp-json\/wp\/v2\/posts"}],"about":[{"href":"https:\/\/batijournal.com\/index.php\/wp-json\/wp\/v2\/types\/post"}],"author":[{"embeddable":true,"href":"https:\/\/batijournal.com\/index.php\/wp-json\/wp\/v2\/users\/17"}],"replies":[{"embeddable":true,"href":"https:\/\/batijournal.com\/index.php\/wp-json\/wp\/v2\/comments?post=90932"}],"version-history":[{"count":0,"href":"https:\/\/batijournal.com\/index.php\/wp-json\/wp\/v2\/posts\/90932\/revisions"}],"wp:featuredmedia":[{"embeddable":true,"href":"https:\/\/batijournal.com\/index.php\/wp-json\/wp\/v2\/media\/90934"}],"wp:attachment":[{"href":"https:\/\/batijournal.com\/index.php\/wp-json\/wp\/v2\/media?parent=90932"}],"wp:term":[{"taxonomy":"category","embeddable":true,"href":"https:\/\/batijournal.com\/index.php\/wp-json\/wp\/v2\/categories?post=90932"},{"taxonomy":"post_tag","embeddable":true,"href":"https:\/\/batijournal.com\/index.php\/wp-json\/wp\/v2\/tags?post=90932"}],"curies":[{"name":"wp","href":"https:\/\/api.w.org\/{rel}","templated":true}]}}