{"id":90960,"date":"2016-01-21T07:00:09","date_gmt":"2016-01-21T06:00:09","guid":{"rendered":"http:\/\/batijournal.com\/?p=90960"},"modified":"2019-07-15T16:34:19","modified_gmt":"2019-07-15T14:34:19","slug":"acier-facades-et-couvertures","status":"publish","type":"post","link":"https:\/\/batijournal.com\/index.php\/acier-facades-et-couvertures\/90960\/","title":{"rendered":"Acier\u00a0: fa\u00e7ades et couvertures"},"content":{"rendered":"<p>Le pr\u00e9sent ouvrage traite de l&rsquo;enveloppe en acier des b\u00e2timents et expose les nombreuses possibilit\u00e9s offertes par les mat\u00e9riaux, les produits et les syst\u00e8mes issus de cette fili\u00e8re industrielle. Les diverses peaux m\u00e9talliques s&rsquo;adaptent \u00e0 tous les types de programmes\u00a0: b\u00e2timents tertiaires, \u00e9quipements culturels ou sportifs, maisons individuelles, logements collectifs, dont la morphologie, la forme et la taille peuvent \u00eatre aussi variables que possible. Le panel de mat\u00e9riaux et de composants industrialis\u00e9s (profil\u00e9s ou pli\u00e9s) propos\u00e9 sur le march\u00e9, \u00e0 base de produits et de syst\u00e8mes en t\u00f4les, plaques et profil\u00e9s de diverses natures, textures et dimensions, offre aux prescripteurs un grand choix de syst\u00e8mes de pose, enrichissant consid\u00e9rablement la cr\u00e9ation architecturale.<\/p>\n<p>Fa\u00e7ades &amp; couvertures, Performances &#8211; Architecture &#8211; Acier, par Carol Maillard, \u00e9ditions Eyrolles, 264 pages, 45\u00a0\u20ac<\/p>\n<p>Disponible sur <a href=\"http:\/\/www.kiosque21.com\/enveloppe-du-batiment-\/2778-facades-couvertures-9782212136821.html\" target=\"_blank\" rel=\"noopener noreferrer\">www.kiosque21.com<\/a><\/p>\n<p>&nbsp;<\/p>\n","protected":false},"excerpt":{"rendered":"<p>Le pr\u00e9sent ouvrage traite de l&rsquo;enveloppe en acier des b\u00e2timents et expose les nombreuses possibilit\u00e9s offertes par les mat\u00e9riaux, les produits et les syst\u00e8mes issus de cette fili\u00e8re industrielle. Les diverses peaux m\u00e9talliques s&rsquo;adaptent \u00e0 tous les types de programmes\u00a0: b\u00e2timents tertiaires, \u00e9quipements culturels ou sportifs, maisons individuelles, logements collectifs, dont la morphologie, la forme [&hellip;]<\/p>\n","protected":false},"author":17,"featured_media":90961,"comment_status":"closed","ping_status":"closed","sticky":false,"template":"","format":"standard","meta":{"_et_pb_use_builder":"","_et_pb_old_content":"","_et_gb_content_width":"","footnotes":""},"categories":[10530,6362,10775],"tags":[11014,2349,1940,3145],"class_list":["post-90960","post","type-post","status-publish","format-standard","has-post-thumbnail","hentry","category-actualites","category-services-equipements","category-actualites-5facades","tag-enveloppe","tag-facades","tag-metallique","tag-peau"],"yoast_head":"<!-- This site is optimized with the Yoast SEO plugin v27.4 - https:\/\/yoast.com\/product\/yoast-seo-wordpress\/ -->\n<title>Acier\u00a0: fa\u00e7ades et couvertures<\/title>\n<meta name=\"robots\" content=\"index, follow, max-snippet:-1, max-image-preview:large, max-video-preview:-1\" \/>\n<link rel=\"canonical\" href=\"https:\/\/batijournal.com\/index.php\/acier-facades-et-couvertures\/90960\/\" \/>\n<meta property=\"og:locale\" content=\"fr_FR\" \/>\n<meta property=\"og:type\" content=\"article\" \/>\n<meta property=\"og:title\" content=\"Acier\u00a0: fa\u00e7ades et couvertures\" \/>\n<meta property=\"og:description\" content=\"Le pr\u00e9sent ouvrage traite de l&rsquo;enveloppe en acier des b\u00e2timents et expose les nombreuses possibilit\u00e9s offertes par les mat\u00e9riaux, les produits et les syst\u00e8mes issus de cette fili\u00e8re industrielle. Les diverses peaux m\u00e9talliques s&rsquo;adaptent \u00e0 tous les types de programmes\u00a0: b\u00e2timents tertiaires, \u00e9quipements culturels ou sportifs, maisons individuelles, logements collectifs, dont la morphologie, la forme [&hellip;]\" \/>\n<meta property=\"og:url\" content=\"https:\/\/batijournal.com\/index.php\/acier-facades-et-couvertures\/90960\/\" \/>\n<meta property=\"og:site_name\" content=\"Batijournal\" \/>\n<meta property=\"article:published_time\" content=\"2016-01-21T06:00:09+00:00\" \/>\n<meta property=\"article:modified_time\" content=\"2019-07-15T14:34:19+00:00\" \/>\n<meta property=\"og:image\" content=\"https:\/\/batijournal.com\/wp-content\/uploads\/2016\/01\/couv_fa\u00e7ades_et_couvertures.jpg\" \/>\n\t<meta property=\"og:image:width\" content=\"1600\" \/>\n\t<meta property=\"og:image:height\" content=\"1409\" \/>\n\t<meta property=\"og:image:type\" content=\"image\/jpeg\" \/>\n<meta name=\"author\" content=\"St\u00e9phane Miget\" \/>\n<meta name=\"twitter:card\" content=\"summary_large_image\" \/>\n<meta name=\"twitter:creator\" content=\"@bati_journal\" \/>\n<meta name=\"twitter:site\" content=\"@bati_journal\" \/>\n<meta name=\"twitter:label1\" content=\"\u00c9crit par\" \/>\n\t<meta name=\"twitter:data1\" content=\"St\u00e9phane Miget\" \/>\n\t<meta name=\"twitter:label2\" content=\"Dur\u00e9e de lecture estim\u00e9e\" \/>\n\t<meta name=\"twitter:data2\" content=\"1 minute\" \/>\n<script type=\"application\/ld+json\" class=\"yoast-schema-graph\">{\"@context\":\"https:\\\/\\\/schema.org\",\"@graph\":[{\"@type\":\"Article\",\"@id\":\"https:\\\/\\\/batijournal.com\\\/index.php\\\/acier-facades-et-couvertures\\\/90960\\\/#article\",\"isPartOf\":{\"@id\":\"https:\\\/\\\/batijournal.com\\\/index.php\\\/acier-facades-et-couvertures\\\/90960\\\/\"},\"author\":{\"name\":\"St\u00e9phane Miget\",\"@id\":\"https:\\\/\\\/batijournal.com\\\/#\\\/schema\\\/person\\\/1dc96ec6957aa1ccb25ebe78bb19f100\"},\"headline\":\"Acier\u00a0: fa\u00e7ades et couvertures\",\"datePublished\":\"2016-01-21T06:00:09+00:00\",\"dateModified\":\"2019-07-15T14:34:19+00:00\",\"mainEntityOfPage\":{\"@id\":\"https:\\\/\\\/batijournal.com\\\/index.php\\\/acier-facades-et-couvertures\\\/90960\\\/\"},\"wordCount\":156,\"image\":{\"@id\":\"https:\\\/\\\/batijournal.com\\\/index.php\\\/acier-facades-et-couvertures\\\/90960\\\/#primaryimage\"},\"thumbnailUrl\":\"https:\\\/\\\/batijournal.com\\\/wp-content\\\/uploads\\\/2016\\\/01\\\/couv_fa\u00e7ades_et_couvertures.jpg\",\"keywords\":[\"enveloppe\",\"fa\u00e7ades\",\"m\u00e9tallique\",\"peau\"],\"articleSection\":[\"Actualit\u00e9s\",\"Divers\",\"zz_Actualit\u00e9s - 5fa\u00e7ades\"],\"inLanguage\":\"fr-FR\"},{\"@type\":\"WebPage\",\"@id\":\"https:\\\/\\\/batijournal.com\\\/index.php\\\/acier-facades-et-couvertures\\\/90960\\\/\",\"url\":\"https:\\\/\\\/batijournal.com\\\/index.php\\\/acier-facades-et-couvertures\\\/90960\\\/\",\"name\":\"Acier\u00a0: fa\u00e7ades et couvertures\",\"isPartOf\":{\"@id\":\"https:\\\/\\\/batijournal.com\\\/#website\"},\"primaryImageOfPage\":{\"@id\":\"https:\\\/\\\/batijournal.com\\\/index.php\\\/acier-facades-et-couvertures\\\/90960\\\/#primaryimage\"},\"image\":{\"@id\":\"https:\\\/\\\/batijournal.com\\\/index.php\\\/acier-facades-et-couvertures\\\/90960\\\/#primaryimage\"},\"thumbnailUrl\":\"https:\\\/\\\/batijournal.com\\\/wp-content\\\/uploads\\\/2016\\\/01\\\/couv_fa\u00e7ades_et_couvertures.jpg\",\"datePublished\":\"2016-01-21T06:00:09+00:00\",\"dateModified\":\"2019-07-15T14:34:19+00:00\",\"author\":{\"@id\":\"https:\\\/\\\/batijournal.com\\\/#\\\/schema\\\/person\\\/1dc96ec6957aa1ccb25ebe78bb19f100\"},\"breadcrumb\":{\"@id\":\"https:\\\/\\\/batijournal.com\\\/index.php\\\/acier-facades-et-couvertures\\\/90960\\\/#breadcrumb\"},\"inLanguage\":\"fr-FR\",\"potentialAction\":[{\"@type\":\"ReadAction\",\"target\":[\"https:\\\/\\\/batijournal.com\\\/index.php\\\/acier-facades-et-couvertures\\\/90960\\\/\"]}]},{\"@type\":\"ImageObject\",\"inLanguage\":\"fr-FR\",\"@id\":\"https:\\\/\\\/batijournal.com\\\/index.php\\\/acier-facades-et-couvertures\\\/90960\\\/#primaryimage\",\"url\":\"https:\\\/\\\/batijournal.com\\\/wp-content\\\/uploads\\\/2016\\\/01\\\/couv_fa\u00e7ades_et_couvertures.jpg\",\"contentUrl\":\"https:\\\/\\\/batijournal.com\\\/wp-content\\\/uploads\\\/2016\\\/01\\\/couv_fa\u00e7ades_et_couvertures.jpg\",\"width\":1600,\"height\":1409,\"caption\":\"fa\u00e7ades, couvertures, acier\"},{\"@type\":\"BreadcrumbList\",\"@id\":\"https:\\\/\\\/batijournal.com\\\/index.php\\\/acier-facades-et-couvertures\\\/90960\\\/#breadcrumb\",\"itemListElement\":[{\"@type\":\"ListItem\",\"position\":1,\"name\":\"Accueil\",\"item\":\"https:\\\/\\\/batijournal.com\\\/\"},{\"@type\":\"ListItem\",\"position\":2,\"name\":\"Actualit\u00e9s\",\"item\":\"https:\\\/\\\/batijournal.com\\\/index.php\\\/category\\\/actualites\\\/\"},{\"@type\":\"ListItem\",\"position\":3,\"name\":\"Divers\",\"item\":\"https:\\\/\\\/batijournal.com\\\/index.php\\\/category\\\/actualites\\\/services-equipements\\\/\"},{\"@type\":\"ListItem\",\"position\":4,\"name\":\"Acier\u00a0: fa\u00e7ades et couvertures\"}]},{\"@type\":\"WebSite\",\"@id\":\"https:\\\/\\\/batijournal.com\\\/#website\",\"url\":\"https:\\\/\\\/batijournal.com\\\/\",\"name\":\"Batijournal\",\"description\":\"L&#039;actualit\u00e9 du b\u00e2timent\",\"potentialAction\":[{\"@type\":\"SearchAction\",\"target\":{\"@type\":\"EntryPoint\",\"urlTemplate\":\"https:\\\/\\\/batijournal.com\\\/?s={search_term_string}\"},\"query-input\":{\"@type\":\"PropertyValueSpecification\",\"valueRequired\":true,\"valueName\":\"search_term_string\"}}],\"inLanguage\":\"fr-FR\"},{\"@type\":\"Person\",\"@id\":\"https:\\\/\\\/batijournal.com\\\/#\\\/schema\\\/person\\\/1dc96ec6957aa1ccb25ebe78bb19f100\",\"name\":\"St\u00e9phane Miget\",\"image\":{\"@type\":\"ImageObject\",\"inLanguage\":\"fr-FR\",\"@id\":\"https:\\\/\\\/secure.gravatar.com\\\/avatar\\\/89915563d925342126b8ef0281b93d9d7fc337043e8df017f780908eb9644451?s=96&d=mm&r=g\",\"url\":\"https:\\\/\\\/secure.gravatar.com\\\/avatar\\\/89915563d925342126b8ef0281b93d9d7fc337043e8df017f780908eb9644451?s=96&d=mm&r=g\",\"contentUrl\":\"https:\\\/\\\/secure.gravatar.com\\\/avatar\\\/89915563d925342126b8ef0281b93d9d7fc337043e8df017f780908eb9644451?s=96&d=mm&r=g\",\"caption\":\"St\u00e9phane Miget\"},\"url\":\"https:\\\/\\\/batijournal.com\\\/index.php\\\/author\\\/stephane\\\/\"}]}<\/script>\n<!-- \/ Yoast SEO plugin. -->","yoast_head_json":{"title":"Acier\u00a0: fa\u00e7ades et couvertures","robots":{"index":"index","follow":"follow","max-snippet":"max-snippet:-1","max-image-preview":"max-image-preview:large","max-video-preview":"max-video-preview:-1"},"canonical":"https:\/\/batijournal.com\/index.php\/acier-facades-et-couvertures\/90960\/","og_locale":"fr_FR","og_type":"article","og_title":"Acier\u00a0: fa\u00e7ades et couvertures","og_description":"Le pr\u00e9sent ouvrage traite de l&rsquo;enveloppe en acier des b\u00e2timents et expose les nombreuses possibilit\u00e9s offertes par les mat\u00e9riaux, les produits et les syst\u00e8mes issus de cette fili\u00e8re industrielle. Les diverses peaux m\u00e9talliques s&rsquo;adaptent \u00e0 tous les types de programmes\u00a0: b\u00e2timents tertiaires, \u00e9quipements culturels ou sportifs, maisons individuelles, logements collectifs, dont la morphologie, la forme [&hellip;]","og_url":"https:\/\/batijournal.com\/index.php\/acier-facades-et-couvertures\/90960\/","og_site_name":"Batijournal","article_published_time":"2016-01-21T06:00:09+00:00","article_modified_time":"2019-07-15T14:34:19+00:00","og_image":[{"width":1600,"height":1409,"url":"https:\/\/batijournal.com\/wp-content\/uploads\/2016\/01\/couv_fa\u00e7ades_et_couvertures.jpg","type":"image\/jpeg"}],"author":"St\u00e9phane Miget","twitter_card":"summary_large_image","twitter_creator":"@bati_journal","twitter_site":"@bati_journal","twitter_misc":{"\u00c9crit par":"St\u00e9phane Miget","Dur\u00e9e de lecture estim\u00e9e":"1 minute"},"schema":{"@context":"https:\/\/schema.org","@graph":[{"@type":"Article","@id":"https:\/\/batijournal.com\/index.php\/acier-facades-et-couvertures\/90960\/#article","isPartOf":{"@id":"https:\/\/batijournal.com\/index.php\/acier-facades-et-couvertures\/90960\/"},"author":{"name":"St\u00e9phane Miget","@id":"https:\/\/batijournal.com\/#\/schema\/person\/1dc96ec6957aa1ccb25ebe78bb19f100"},"headline":"Acier\u00a0: fa\u00e7ades et couvertures","datePublished":"2016-01-21T06:00:09+00:00","dateModified":"2019-07-15T14:34:19+00:00","mainEntityOfPage":{"@id":"https:\/\/batijournal.com\/index.php\/acier-facades-et-couvertures\/90960\/"},"wordCount":156,"image":{"@id":"https:\/\/batijournal.com\/index.php\/acier-facades-et-couvertures\/90960\/#primaryimage"},"thumbnailUrl":"https:\/\/batijournal.com\/wp-content\/uploads\/2016\/01\/couv_fa\u00e7ades_et_couvertures.jpg","keywords":["enveloppe","fa\u00e7ades","m\u00e9tallique","peau"],"articleSection":["Actualit\u00e9s","Divers","zz_Actualit\u00e9s - 5fa\u00e7ades"],"inLanguage":"fr-FR"},{"@type":"WebPage","@id":"https:\/\/batijournal.com\/index.php\/acier-facades-et-couvertures\/90960\/","url":"https:\/\/batijournal.com\/index.php\/acier-facades-et-couvertures\/90960\/","name":"Acier\u00a0: fa\u00e7ades et couvertures","isPartOf":{"@id":"https:\/\/batijournal.com\/#website"},"primaryImageOfPage":{"@id":"https:\/\/batijournal.com\/index.php\/acier-facades-et-couvertures\/90960\/#primaryimage"},"image":{"@id":"https:\/\/batijournal.com\/index.php\/acier-facades-et-couvertures\/90960\/#primaryimage"},"thumbnailUrl":"https:\/\/batijournal.com\/wp-content\/uploads\/2016\/01\/couv_fa\u00e7ades_et_couvertures.jpg","datePublished":"2016-01-21T06:00:09+00:00","dateModified":"2019-07-15T14:34:19+00:00","author":{"@id":"https:\/\/batijournal.com\/#\/schema\/person\/1dc96ec6957aa1ccb25ebe78bb19f100"},"breadcrumb":{"@id":"https:\/\/batijournal.com\/index.php\/acier-facades-et-couvertures\/90960\/#breadcrumb"},"inLanguage":"fr-FR","potentialAction":[{"@type":"ReadAction","target":["https:\/\/batijournal.com\/index.php\/acier-facades-et-couvertures\/90960\/"]}]},{"@type":"ImageObject","inLanguage":"fr-FR","@id":"https:\/\/batijournal.com\/index.php\/acier-facades-et-couvertures\/90960\/#primaryimage","url":"https:\/\/batijournal.com\/wp-content\/uploads\/2016\/01\/couv_fa\u00e7ades_et_couvertures.jpg","contentUrl":"https:\/\/batijournal.com\/wp-content\/uploads\/2016\/01\/couv_fa\u00e7ades_et_couvertures.jpg","width":1600,"height":1409,"caption":"fa\u00e7ades, couvertures, acier"},{"@type":"BreadcrumbList","@id":"https:\/\/batijournal.com\/index.php\/acier-facades-et-couvertures\/90960\/#breadcrumb","itemListElement":[{"@type":"ListItem","position":1,"name":"Accueil","item":"https:\/\/batijournal.com\/"},{"@type":"ListItem","position":2,"name":"Actualit\u00e9s","item":"https:\/\/batijournal.com\/index.php\/category\/actualites\/"},{"@type":"ListItem","position":3,"name":"Divers","item":"https:\/\/batijournal.com\/index.php\/category\/actualites\/services-equipements\/"},{"@type":"ListItem","position":4,"name":"Acier\u00a0: fa\u00e7ades et couvertures"}]},{"@type":"WebSite","@id":"https:\/\/batijournal.com\/#website","url":"https:\/\/batijournal.com\/","name":"Batijournal","description":"L&#039;actualit\u00e9 du b\u00e2timent","potentialAction":[{"@type":"SearchAction","target":{"@type":"EntryPoint","urlTemplate":"https:\/\/batijournal.com\/?s={search_term_string}"},"query-input":{"@type":"PropertyValueSpecification","valueRequired":true,"valueName":"search_term_string"}}],"inLanguage":"fr-FR"},{"@type":"Person","@id":"https:\/\/batijournal.com\/#\/schema\/person\/1dc96ec6957aa1ccb25ebe78bb19f100","name":"St\u00e9phane Miget","image":{"@type":"ImageObject","inLanguage":"fr-FR","@id":"https:\/\/secure.gravatar.com\/avatar\/89915563d925342126b8ef0281b93d9d7fc337043e8df017f780908eb9644451?s=96&d=mm&r=g","url":"https:\/\/secure.gravatar.com\/avatar\/89915563d925342126b8ef0281b93d9d7fc337043e8df017f780908eb9644451?s=96&d=mm&r=g","contentUrl":"https:\/\/secure.gravatar.com\/avatar\/89915563d925342126b8ef0281b93d9d7fc337043e8df017f780908eb9644451?s=96&d=mm&r=g","caption":"St\u00e9phane Miget"},"url":"https:\/\/batijournal.com\/index.php\/author\/stephane\/"}]}},"_links":{"self":[{"href":"https:\/\/batijournal.com\/index.php\/wp-json\/wp\/v2\/posts\/90960","targetHints":{"allow":["GET"]}}],"collection":[{"href":"https:\/\/batijournal.com\/index.php\/wp-json\/wp\/v2\/posts"}],"about":[{"href":"https:\/\/batijournal.com\/index.php\/wp-json\/wp\/v2\/types\/post"}],"author":[{"embeddable":true,"href":"https:\/\/batijournal.com\/index.php\/wp-json\/wp\/v2\/users\/17"}],"replies":[{"embeddable":true,"href":"https:\/\/batijournal.com\/index.php\/wp-json\/wp\/v2\/comments?post=90960"}],"version-history":[{"count":0,"href":"https:\/\/batijournal.com\/index.php\/wp-json\/wp\/v2\/posts\/90960\/revisions"}],"wp:featuredmedia":[{"embeddable":true,"href":"https:\/\/batijournal.com\/index.php\/wp-json\/wp\/v2\/media\/90961"}],"wp:attachment":[{"href":"https:\/\/batijournal.com\/index.php\/wp-json\/wp\/v2\/media?parent=90960"}],"wp:term":[{"taxonomy":"category","embeddable":true,"href":"https:\/\/batijournal.com\/index.php\/wp-json\/wp\/v2\/categories?post=90960"},{"taxonomy":"post_tag","embeddable":true,"href":"https:\/\/batijournal.com\/index.php\/wp-json\/wp\/v2\/tags?post=90960"}],"curies":[{"name":"wp","href":"https:\/\/api.w.org\/{rel}","templated":true}]}}