{"id":90986,"date":"2016-01-13T09:40:54","date_gmt":"2016-01-13T08:40:54","guid":{"rendered":"http:\/\/batijournal.com\/?p=90986"},"modified":"2019-07-15T11:17:01","modified_gmt":"2019-07-15T09:17:01","slug":"restauration-de-letage-de-la-rose-occidentale-de-la-cathedrale-de-reims","status":"publish","type":"post","link":"https:\/\/batijournal.com\/index.php\/restauration-de-letage-de-la-rose-occidentale-de-la-cathedrale-de-reims\/90986\/","title":{"rendered":"Restauration de l\u2019\u00e9tage de la Rose occidentale de la cath\u00e9drale de Reims"},"content":{"rendered":"<p><strong>L&rsquo;intervention sur l\u2019\u00e9tage de la rose qui commence, marque le d\u00e9but de la derni\u00e8re phase de restauration de la fa\u00e7ade occidentale de la cath\u00e9drale de Reims et vient achever les travaux men\u00e9s, depuis une trentaine d\u2019ann\u00e9es sur cette fa\u00e7ade, par l\u2019Etat &#8211; minist\u00e8re de la Culture et de la Communication. Cette restauration concerne l\u2019une des parties de la fa\u00e7ade qui, avec le portail Nord, a le plus souffert de l\u2019incendie du 19 septembre 1914. Apr\u00e8s avoir d\u00e9truit la toiture et entra\u00een\u00e9 l&rsquo;effondrement des vo\u00fbtes, l&rsquo;incendie, provoqu\u00e9 par un bombardement, s&rsquo;\u00e9tait \u00e9tendu \u00e0 un \u00e9chafaudage en bois qui se trouvait autour de la tour Nord-Ouest, d\u00e9truisant partiellement la moiti\u00e9 nord de cette \u00e9l\u00e9vation.<\/strong><\/p>\n<p>D\u00e8s le d\u00e9but de ces premi\u00e8res campagnes de restauration qui ont aussi int\u00e9ress\u00e9 le portail du bras nord du transept, une doctrine ou un sch\u00e9ma directeur s&rsquo;est \u00e9tabli au sein des comit\u00e9s scientifiques, sur le parti de restauration de la statuaire, point le plus d\u00e9licat \u00e0 traiter. Trois types d&rsquo;intervention ont \u00e9t\u00e9 men\u00e9es. Sur les parties basses, les copies des statues en pierres reconstitu\u00e9es ont \u00e9t\u00e9 privil\u00e9gi\u00e9es, avec \u00e9ventuellement des compl\u00e9ments restitu\u00e9s. Sur la partie sup\u00e9rieure ont \u00e9t\u00e9 privil\u00e9gi\u00e9es les copies en pierre, avec restitution des parties disparues ou m\u00eame des cr\u00e9ations pour repeupler la galerie des rois. A l&rsquo;\u00e9tage m\u00e9dian, celui de la rose, les deux types d&rsquo;intervention pouvaient se m\u00ealer en privil\u00e9giant si possible la solution de l&rsquo;\u00e9tage inf\u00e9rieur. Des d\u00e9rogations ont \u00e9t\u00e9 apport\u00e9es, au cas par cas, avec des copies en pierre en taille directe. Les pr\u00e9conisations du comit\u00e9 scientifique ont apport\u00e9 une orientation tr\u00e8s pr\u00e9cise sur le traitement des diff\u00e9rentes statues, le mode de restauration des vitraux et sur le type de protection \u00e0 mettre en place. La restauration de l&rsquo;\u00e9tage de la rose conserve une cicatrice au niveau des voussures qui t\u00e9moignera du souvenir de la guerre.<\/p>\n<h2>La statuaire<\/h2>\n<p>Pour la statuaire, plusieurs types de copies sont prescrits :<br \/>\n&#8211; Copies en pierre reconstitu\u00e9es<br \/>\n&#8211; Copies en pierre en taille directe avec restitution des parties manquantes<br \/>\n&#8211; Copies en pierre en taille directe en respectant un aspect ruiniforme<br \/>\n&#8211; Restauration de statues conserv\u00e9es en place<\/p>\n<p>A noter qu\u2019un relev\u00e9 complet de la statuaire, r\u00e9alis\u00e9 sous la forme d&rsquo;un scan 3D, permettra de conserver la m\u00e9moire de la statuaire. Enfin, en raison des instabilit\u00e9s constat\u00e9es sur les nombreux pinacles des dais du g\u00e2ble du portail Nord de la fa\u00e7ade, une option est envisag\u00e9e afin d\u2019utiliser les \u00e9chafaudages en place.<\/p>\n<h2>Les vitraux<\/h2>\n<p>Le comit\u00e9 scientifique a orient\u00e9 la restauration vers :<br \/>\n&#8211; Un nettoyage avec d\u00e9pose compl\u00e8te des panneaux<br \/>\n&#8211; Un traitement des assombrissements dus \u00e0 l&rsquo;oxydation du mangan\u00e8se dans les verres anciens<br \/>\n&#8211; Une harmonisation des verres neufs<br \/>\n&#8211; Une remise en plomb limit\u00e9e aux m\u00e9daillons figur\u00e9s<br \/>\n&#8211; La r\u00e9duction des largeurs de plombs de casse dans les parties figur\u00e9es<br \/>\n&#8211; Une protection des vitraux par une double verri\u00e8re en verre thermoform\u00e9 et patin\u00e9, plac\u00e9e \u00e0 l&#8217;emplacement des panneaux anciens<\/p>\n<p>La restauration en vid\u00e9o&#8230;<\/p>\n<p>Source photo : <a href=\"http:\/\/www.granderosereims.fr\/\" target=\"_blank\" rel=\"noopener noreferrer\">www.granderosereims.fr<\/a><\/p>\n","protected":false},"excerpt":{"rendered":"<p>L&rsquo;intervention sur l\u2019\u00e9tage de la rose qui commence, marque le d\u00e9but de la derni\u00e8re phase de restauration de la fa\u00e7ade occidentale de la cath\u00e9drale de Reims et vient achever les travaux men\u00e9s, depuis une trentaine d\u2019ann\u00e9es sur cette fa\u00e7ade, par l\u2019Etat &#8211; minist\u00e8re de la Culture et de la Communication. Cette restauration concerne l\u2019une des [&hellip;]<\/p>\n","protected":false},"author":17,"featured_media":90987,"comment_status":"closed","ping_status":"closed","sticky":false,"template":"","format":"standard","meta":{"_et_pb_use_builder":"","_et_pb_old_content":"","_et_gb_content_width":"","footnotes":""},"categories":[10530,6340],"tags":[6758,6376],"class_list":["post-90986","post","type-post","status-publish","format-standard","has-post-thumbnail","hentry","category-actualites","category-architecture-conception","tag-cathedrale","tag-monument-historique"],"yoast_head":"<!-- This site is optimized with the Yoast SEO plugin v27.4 - https:\/\/yoast.com\/product\/yoast-seo-wordpress\/ -->\n<title>Restauration de l\u2019\u00e9tage de la Rose occidentale de la cath\u00e9drale de Reims<\/title>\n<meta name=\"robots\" content=\"index, follow, max-snippet:-1, max-image-preview:large, max-video-preview:-1\" \/>\n<link rel=\"canonical\" href=\"https:\/\/batijournal.com\/index.php\/restauration-de-letage-de-la-rose-occidentale-de-la-cathedrale-de-reims\/90986\/\" \/>\n<meta property=\"og:locale\" content=\"fr_FR\" \/>\n<meta property=\"og:type\" content=\"article\" \/>\n<meta property=\"og:title\" content=\"Restauration de l\u2019\u00e9tage de la Rose occidentale de la cath\u00e9drale de Reims\" \/>\n<meta property=\"og:description\" content=\"L&rsquo;intervention sur l\u2019\u00e9tage de la rose qui commence, marque le d\u00e9but de la derni\u00e8re phase de restauration de la fa\u00e7ade occidentale de la cath\u00e9drale de Reims et vient achever les travaux men\u00e9s, depuis une trentaine d\u2019ann\u00e9es sur cette fa\u00e7ade, par l\u2019Etat &#8211; minist\u00e8re de la Culture et de la Communication. Cette restauration concerne l\u2019une des [&hellip;]\" \/>\n<meta property=\"og:url\" content=\"https:\/\/batijournal.com\/index.php\/restauration-de-letage-de-la-rose-occidentale-de-la-cathedrale-de-reims\/90986\/\" \/>\n<meta property=\"og:site_name\" content=\"Batijournal\" \/>\n<meta property=\"article:published_time\" content=\"2016-01-13T08:40:54+00:00\" \/>\n<meta property=\"article:modified_time\" content=\"2019-07-15T09:17:01+00:00\" \/>\n<meta property=\"og:image\" content=\"https:\/\/batijournal.com\/wp-content\/uploads\/2016\/01\/8667828-13680219.jpg\" \/>\n\t<meta property=\"og:image:width\" content=\"1920\" \/>\n\t<meta property=\"og:image:height\" content=\"1080\" \/>\n\t<meta property=\"og:image:type\" content=\"image\/jpeg\" \/>\n<meta name=\"author\" content=\"St\u00e9phane Miget\" \/>\n<meta name=\"twitter:card\" content=\"summary_large_image\" \/>\n<meta name=\"twitter:creator\" content=\"@bati_journal\" \/>\n<meta name=\"twitter:site\" content=\"@bati_journal\" \/>\n<meta name=\"twitter:label1\" content=\"\u00c9crit par\" \/>\n\t<meta name=\"twitter:data1\" content=\"St\u00e9phane Miget\" \/>\n\t<meta name=\"twitter:label2\" content=\"Dur\u00e9e de lecture estim\u00e9e\" \/>\n\t<meta name=\"twitter:data2\" content=\"3 minutes\" \/>\n<script type=\"application\/ld+json\" class=\"yoast-schema-graph\">{\"@context\":\"https:\\\/\\\/schema.org\",\"@graph\":[{\"@type\":\"Article\",\"@id\":\"https:\\\/\\\/batijournal.com\\\/index.php\\\/restauration-de-letage-de-la-rose-occidentale-de-la-cathedrale-de-reims\\\/90986\\\/#article\",\"isPartOf\":{\"@id\":\"https:\\\/\\\/batijournal.com\\\/index.php\\\/restauration-de-letage-de-la-rose-occidentale-de-la-cathedrale-de-reims\\\/90986\\\/\"},\"author\":{\"name\":\"St\u00e9phane Miget\",\"@id\":\"https:\\\/\\\/batijournal.com\\\/#\\\/schema\\\/person\\\/1dc96ec6957aa1ccb25ebe78bb19f100\"},\"headline\":\"Restauration de l\u2019\u00e9tage de la Rose occidentale de la cath\u00e9drale de Reims\",\"datePublished\":\"2016-01-13T08:40:54+00:00\",\"dateModified\":\"2019-07-15T09:17:01+00:00\",\"mainEntityOfPage\":{\"@id\":\"https:\\\/\\\/batijournal.com\\\/index.php\\\/restauration-de-letage-de-la-rose-occidentale-de-la-cathedrale-de-reims\\\/90986\\\/\"},\"wordCount\":584,\"image\":{\"@id\":\"https:\\\/\\\/batijournal.com\\\/index.php\\\/restauration-de-letage-de-la-rose-occidentale-de-la-cathedrale-de-reims\\\/90986\\\/#primaryimage\"},\"thumbnailUrl\":\"https:\\\/\\\/batijournal.com\\\/wp-content\\\/uploads\\\/2016\\\/01\\\/8667828-13680219.jpg\",\"keywords\":[\"cathedrale\",\"monument historique\"],\"articleSection\":[\"Actualit\u00e9s\",\"Architecture &amp; Conception\"],\"inLanguage\":\"fr-FR\"},{\"@type\":\"WebPage\",\"@id\":\"https:\\\/\\\/batijournal.com\\\/index.php\\\/restauration-de-letage-de-la-rose-occidentale-de-la-cathedrale-de-reims\\\/90986\\\/\",\"url\":\"https:\\\/\\\/batijournal.com\\\/index.php\\\/restauration-de-letage-de-la-rose-occidentale-de-la-cathedrale-de-reims\\\/90986\\\/\",\"name\":\"Restauration de l\u2019\u00e9tage de la Rose occidentale de la cath\u00e9drale de Reims\",\"isPartOf\":{\"@id\":\"https:\\\/\\\/batijournal.com\\\/#website\"},\"primaryImageOfPage\":{\"@id\":\"https:\\\/\\\/batijournal.com\\\/index.php\\\/restauration-de-letage-de-la-rose-occidentale-de-la-cathedrale-de-reims\\\/90986\\\/#primaryimage\"},\"image\":{\"@id\":\"https:\\\/\\\/batijournal.com\\\/index.php\\\/restauration-de-letage-de-la-rose-occidentale-de-la-cathedrale-de-reims\\\/90986\\\/#primaryimage\"},\"thumbnailUrl\":\"https:\\\/\\\/batijournal.com\\\/wp-content\\\/uploads\\\/2016\\\/01\\\/8667828-13680219.jpg\",\"datePublished\":\"2016-01-13T08:40:54+00:00\",\"dateModified\":\"2019-07-15T09:17:01+00:00\",\"author\":{\"@id\":\"https:\\\/\\\/batijournal.com\\\/#\\\/schema\\\/person\\\/1dc96ec6957aa1ccb25ebe78bb19f100\"},\"breadcrumb\":{\"@id\":\"https:\\\/\\\/batijournal.com\\\/index.php\\\/restauration-de-letage-de-la-rose-occidentale-de-la-cathedrale-de-reims\\\/90986\\\/#breadcrumb\"},\"inLanguage\":\"fr-FR\",\"potentialAction\":[{\"@type\":\"ReadAction\",\"target\":[\"https:\\\/\\\/batijournal.com\\\/index.php\\\/restauration-de-letage-de-la-rose-occidentale-de-la-cathedrale-de-reims\\\/90986\\\/\"]}]},{\"@type\":\"ImageObject\",\"inLanguage\":\"fr-FR\",\"@id\":\"https:\\\/\\\/batijournal.com\\\/index.php\\\/restauration-de-letage-de-la-rose-occidentale-de-la-cathedrale-de-reims\\\/90986\\\/#primaryimage\",\"url\":\"https:\\\/\\\/batijournal.com\\\/wp-content\\\/uploads\\\/2016\\\/01\\\/8667828-13680219.jpg\",\"contentUrl\":\"https:\\\/\\\/batijournal.com\\\/wp-content\\\/uploads\\\/2016\\\/01\\\/8667828-13680219.jpg\",\"width\":1920,\"height\":1080},{\"@type\":\"BreadcrumbList\",\"@id\":\"https:\\\/\\\/batijournal.com\\\/index.php\\\/restauration-de-letage-de-la-rose-occidentale-de-la-cathedrale-de-reims\\\/90986\\\/#breadcrumb\",\"itemListElement\":[{\"@type\":\"ListItem\",\"position\":1,\"name\":\"Accueil\",\"item\":\"https:\\\/\\\/batijournal.com\\\/\"},{\"@type\":\"ListItem\",\"position\":2,\"name\":\"Actualit\u00e9s\",\"item\":\"https:\\\/\\\/batijournal.com\\\/index.php\\\/category\\\/actualites\\\/\"},{\"@type\":\"ListItem\",\"position\":3,\"name\":\"Architecture &amp; Conception\",\"item\":\"https:\\\/\\\/batijournal.com\\\/index.php\\\/category\\\/actualites\\\/architecture-conception\\\/\"},{\"@type\":\"ListItem\",\"position\":4,\"name\":\"Restauration de l\u2019\u00e9tage de la Rose occidentale de la cath\u00e9drale de Reims\"}]},{\"@type\":\"WebSite\",\"@id\":\"https:\\\/\\\/batijournal.com\\\/#website\",\"url\":\"https:\\\/\\\/batijournal.com\\\/\",\"name\":\"Batijournal\",\"description\":\"L&#039;actualit\u00e9 du b\u00e2timent\",\"potentialAction\":[{\"@type\":\"SearchAction\",\"target\":{\"@type\":\"EntryPoint\",\"urlTemplate\":\"https:\\\/\\\/batijournal.com\\\/?s={search_term_string}\"},\"query-input\":{\"@type\":\"PropertyValueSpecification\",\"valueRequired\":true,\"valueName\":\"search_term_string\"}}],\"inLanguage\":\"fr-FR\"},{\"@type\":\"Person\",\"@id\":\"https:\\\/\\\/batijournal.com\\\/#\\\/schema\\\/person\\\/1dc96ec6957aa1ccb25ebe78bb19f100\",\"name\":\"St\u00e9phane Miget\",\"image\":{\"@type\":\"ImageObject\",\"inLanguage\":\"fr-FR\",\"@id\":\"https:\\\/\\\/secure.gravatar.com\\\/avatar\\\/89915563d925342126b8ef0281b93d9d7fc337043e8df017f780908eb9644451?s=96&d=mm&r=g\",\"url\":\"https:\\\/\\\/secure.gravatar.com\\\/avatar\\\/89915563d925342126b8ef0281b93d9d7fc337043e8df017f780908eb9644451?s=96&d=mm&r=g\",\"contentUrl\":\"https:\\\/\\\/secure.gravatar.com\\\/avatar\\\/89915563d925342126b8ef0281b93d9d7fc337043e8df017f780908eb9644451?s=96&d=mm&r=g\",\"caption\":\"St\u00e9phane Miget\"},\"url\":\"https:\\\/\\\/batijournal.com\\\/index.php\\\/author\\\/stephane\\\/\"}]}<\/script>\n<!-- \/ Yoast SEO plugin. -->","yoast_head_json":{"title":"Restauration de l\u2019\u00e9tage de la Rose occidentale de la cath\u00e9drale de Reims","robots":{"index":"index","follow":"follow","max-snippet":"max-snippet:-1","max-image-preview":"max-image-preview:large","max-video-preview":"max-video-preview:-1"},"canonical":"https:\/\/batijournal.com\/index.php\/restauration-de-letage-de-la-rose-occidentale-de-la-cathedrale-de-reims\/90986\/","og_locale":"fr_FR","og_type":"article","og_title":"Restauration de l\u2019\u00e9tage de la Rose occidentale de la cath\u00e9drale de Reims","og_description":"L&rsquo;intervention sur l\u2019\u00e9tage de la rose qui commence, marque le d\u00e9but de la derni\u00e8re phase de restauration de la fa\u00e7ade occidentale de la cath\u00e9drale de Reims et vient achever les travaux men\u00e9s, depuis une trentaine d\u2019ann\u00e9es sur cette fa\u00e7ade, par l\u2019Etat &#8211; minist\u00e8re de la Culture et de la Communication. Cette restauration concerne l\u2019une des [&hellip;]","og_url":"https:\/\/batijournal.com\/index.php\/restauration-de-letage-de-la-rose-occidentale-de-la-cathedrale-de-reims\/90986\/","og_site_name":"Batijournal","article_published_time":"2016-01-13T08:40:54+00:00","article_modified_time":"2019-07-15T09:17:01+00:00","og_image":[{"width":1920,"height":1080,"url":"https:\/\/batijournal.com\/wp-content\/uploads\/2016\/01\/8667828-13680219.jpg","type":"image\/jpeg"}],"author":"St\u00e9phane Miget","twitter_card":"summary_large_image","twitter_creator":"@bati_journal","twitter_site":"@bati_journal","twitter_misc":{"\u00c9crit par":"St\u00e9phane Miget","Dur\u00e9e de lecture estim\u00e9e":"3 minutes"},"schema":{"@context":"https:\/\/schema.org","@graph":[{"@type":"Article","@id":"https:\/\/batijournal.com\/index.php\/restauration-de-letage-de-la-rose-occidentale-de-la-cathedrale-de-reims\/90986\/#article","isPartOf":{"@id":"https:\/\/batijournal.com\/index.php\/restauration-de-letage-de-la-rose-occidentale-de-la-cathedrale-de-reims\/90986\/"},"author":{"name":"St\u00e9phane Miget","@id":"https:\/\/batijournal.com\/#\/schema\/person\/1dc96ec6957aa1ccb25ebe78bb19f100"},"headline":"Restauration de l\u2019\u00e9tage de la Rose occidentale de la cath\u00e9drale de Reims","datePublished":"2016-01-13T08:40:54+00:00","dateModified":"2019-07-15T09:17:01+00:00","mainEntityOfPage":{"@id":"https:\/\/batijournal.com\/index.php\/restauration-de-letage-de-la-rose-occidentale-de-la-cathedrale-de-reims\/90986\/"},"wordCount":584,"image":{"@id":"https:\/\/batijournal.com\/index.php\/restauration-de-letage-de-la-rose-occidentale-de-la-cathedrale-de-reims\/90986\/#primaryimage"},"thumbnailUrl":"https:\/\/batijournal.com\/wp-content\/uploads\/2016\/01\/8667828-13680219.jpg","keywords":["cathedrale","monument historique"],"articleSection":["Actualit\u00e9s","Architecture &amp; Conception"],"inLanguage":"fr-FR"},{"@type":"WebPage","@id":"https:\/\/batijournal.com\/index.php\/restauration-de-letage-de-la-rose-occidentale-de-la-cathedrale-de-reims\/90986\/","url":"https:\/\/batijournal.com\/index.php\/restauration-de-letage-de-la-rose-occidentale-de-la-cathedrale-de-reims\/90986\/","name":"Restauration de l\u2019\u00e9tage de la Rose occidentale de la cath\u00e9drale de Reims","isPartOf":{"@id":"https:\/\/batijournal.com\/#website"},"primaryImageOfPage":{"@id":"https:\/\/batijournal.com\/index.php\/restauration-de-letage-de-la-rose-occidentale-de-la-cathedrale-de-reims\/90986\/#primaryimage"},"image":{"@id":"https:\/\/batijournal.com\/index.php\/restauration-de-letage-de-la-rose-occidentale-de-la-cathedrale-de-reims\/90986\/#primaryimage"},"thumbnailUrl":"https:\/\/batijournal.com\/wp-content\/uploads\/2016\/01\/8667828-13680219.jpg","datePublished":"2016-01-13T08:40:54+00:00","dateModified":"2019-07-15T09:17:01+00:00","author":{"@id":"https:\/\/batijournal.com\/#\/schema\/person\/1dc96ec6957aa1ccb25ebe78bb19f100"},"breadcrumb":{"@id":"https:\/\/batijournal.com\/index.php\/restauration-de-letage-de-la-rose-occidentale-de-la-cathedrale-de-reims\/90986\/#breadcrumb"},"inLanguage":"fr-FR","potentialAction":[{"@type":"ReadAction","target":["https:\/\/batijournal.com\/index.php\/restauration-de-letage-de-la-rose-occidentale-de-la-cathedrale-de-reims\/90986\/"]}]},{"@type":"ImageObject","inLanguage":"fr-FR","@id":"https:\/\/batijournal.com\/index.php\/restauration-de-letage-de-la-rose-occidentale-de-la-cathedrale-de-reims\/90986\/#primaryimage","url":"https:\/\/batijournal.com\/wp-content\/uploads\/2016\/01\/8667828-13680219.jpg","contentUrl":"https:\/\/batijournal.com\/wp-content\/uploads\/2016\/01\/8667828-13680219.jpg","width":1920,"height":1080},{"@type":"BreadcrumbList","@id":"https:\/\/batijournal.com\/index.php\/restauration-de-letage-de-la-rose-occidentale-de-la-cathedrale-de-reims\/90986\/#breadcrumb","itemListElement":[{"@type":"ListItem","position":1,"name":"Accueil","item":"https:\/\/batijournal.com\/"},{"@type":"ListItem","position":2,"name":"Actualit\u00e9s","item":"https:\/\/batijournal.com\/index.php\/category\/actualites\/"},{"@type":"ListItem","position":3,"name":"Architecture &amp; Conception","item":"https:\/\/batijournal.com\/index.php\/category\/actualites\/architecture-conception\/"},{"@type":"ListItem","position":4,"name":"Restauration de l\u2019\u00e9tage de la Rose occidentale de la cath\u00e9drale de Reims"}]},{"@type":"WebSite","@id":"https:\/\/batijournal.com\/#website","url":"https:\/\/batijournal.com\/","name":"Batijournal","description":"L&#039;actualit\u00e9 du b\u00e2timent","potentialAction":[{"@type":"SearchAction","target":{"@type":"EntryPoint","urlTemplate":"https:\/\/batijournal.com\/?s={search_term_string}"},"query-input":{"@type":"PropertyValueSpecification","valueRequired":true,"valueName":"search_term_string"}}],"inLanguage":"fr-FR"},{"@type":"Person","@id":"https:\/\/batijournal.com\/#\/schema\/person\/1dc96ec6957aa1ccb25ebe78bb19f100","name":"St\u00e9phane Miget","image":{"@type":"ImageObject","inLanguage":"fr-FR","@id":"https:\/\/secure.gravatar.com\/avatar\/89915563d925342126b8ef0281b93d9d7fc337043e8df017f780908eb9644451?s=96&d=mm&r=g","url":"https:\/\/secure.gravatar.com\/avatar\/89915563d925342126b8ef0281b93d9d7fc337043e8df017f780908eb9644451?s=96&d=mm&r=g","contentUrl":"https:\/\/secure.gravatar.com\/avatar\/89915563d925342126b8ef0281b93d9d7fc337043e8df017f780908eb9644451?s=96&d=mm&r=g","caption":"St\u00e9phane Miget"},"url":"https:\/\/batijournal.com\/index.php\/author\/stephane\/"}]}},"_links":{"self":[{"href":"https:\/\/batijournal.com\/index.php\/wp-json\/wp\/v2\/posts\/90986","targetHints":{"allow":["GET"]}}],"collection":[{"href":"https:\/\/batijournal.com\/index.php\/wp-json\/wp\/v2\/posts"}],"about":[{"href":"https:\/\/batijournal.com\/index.php\/wp-json\/wp\/v2\/types\/post"}],"author":[{"embeddable":true,"href":"https:\/\/batijournal.com\/index.php\/wp-json\/wp\/v2\/users\/17"}],"replies":[{"embeddable":true,"href":"https:\/\/batijournal.com\/index.php\/wp-json\/wp\/v2\/comments?post=90986"}],"version-history":[{"count":0,"href":"https:\/\/batijournal.com\/index.php\/wp-json\/wp\/v2\/posts\/90986\/revisions"}],"wp:featuredmedia":[{"embeddable":true,"href":"https:\/\/batijournal.com\/index.php\/wp-json\/wp\/v2\/media\/90987"}],"wp:attachment":[{"href":"https:\/\/batijournal.com\/index.php\/wp-json\/wp\/v2\/media?parent=90986"}],"wp:term":[{"taxonomy":"category","embeddable":true,"href":"https:\/\/batijournal.com\/index.php\/wp-json\/wp\/v2\/categories?post=90986"},{"taxonomy":"post_tag","embeddable":true,"href":"https:\/\/batijournal.com\/index.php\/wp-json\/wp\/v2\/tags?post=90986"}],"curies":[{"name":"wp","href":"https:\/\/api.w.org\/{rel}","templated":true}]}}