{"id":90989,"date":"2016-01-13T09:55:43","date_gmt":"2016-01-13T08:55:43","guid":{"rendered":"http:\/\/batijournal.com\/?p=90989"},"modified":"2019-07-15T11:17:00","modified_gmt":"2019-07-15T09:17:00","slug":"lhotel-de-la-marine-sera-ouvert-a-la-visite-en-2018","status":"publish","type":"post","link":"https:\/\/batijournal.com\/index.php\/lhotel-de-la-marine-sera-ouvert-a-la-visite-en-2018\/90989\/","title":{"rendered":"L\u2019H\u00f4tel de la Marine sera ouvert \u00e0 la visite en 2018"},"content":{"rendered":"<p>Avant de conduire une importante campagne de travaux \u00e0 l\u2019H\u00f4tel de la Marine, le Centre des monuments nationaux a propos\u00e9 deux journ\u00e9es d\u2019ouverture exceptionnelles. Ce sont plus de 8 000 visiteurs qui ont pu d\u00e9couvrir l&rsquo;\u00e9difice les 2 et 3 janvier. Situ\u00e9 sur la place de la Concorde \u00e0 Paris, le monument a \u00e9t\u00e9 con\u00e7u et r\u00e9alis\u00e9 entre 1757 et 1774 par Ange-Jacques Gabriel. Initialement Garde-Meuble de la Couronne (anc\u00eatre du Mobilier national), il a \u00e9t\u00e9 le th\u00e9\u00e2tre d\u2019\u00e9v\u00e9nements historiques importants, comme l\u2019abolition d\u00e9finitive de l\u2019esclavage en France en 1848. Pill\u00e9 en 1789, il devient \u00e0 cette p\u00e9riode le lieu d\u2019installation du Secr\u00e9tariat d\u2019Etat \u00e0 la Marine, qui lui a donn\u00e9 son nom. Il a \u00e9t\u00e9 le si\u00e8ge du commandement et de l\u2019administration de la Marine jusqu\u2019au 31 d\u00e9cembre 2015. Le Centre des monuments nationaux, \u00e9tablissement public sous tutelle du minist\u00e8re de la Culture et de la Communication, a \u00e9t\u00e9 d\u00e9sign\u00e9 en qualit\u00e9 d\u2019op\u00e9rateur unique de l\u2019H\u00f4tel de la Marine \u00e0 partir du 1er janvier 2016, apr\u00e8s le d\u00e9part de l\u2019Etat-major de la Marine nationale. Le CMN ouvrira le monument \u00e0 la visite en 2018, apr\u00e8s une importante campagne de travaux.<br \/>\nPhoto : Jean-Pierre Delagarde &#8211; Centre des monuments nationaux<\/p>\n","protected":false},"excerpt":{"rendered":"<p>Avant de conduire une importante campagne de travaux \u00e0 l\u2019H\u00f4tel de la Marine, le Centre des monuments nationaux a propos\u00e9 deux journ\u00e9es d\u2019ouverture exceptionnelles. Ce sont plus de 8 000 visiteurs qui ont pu d\u00e9couvrir l&rsquo;\u00e9difice les 2 et 3 janvier. Situ\u00e9 sur la place de la Concorde \u00e0 Paris, le monument a \u00e9t\u00e9 con\u00e7u [&hellip;]<\/p>\n","protected":false},"author":17,"featured_media":90990,"comment_status":"closed","ping_status":"closed","sticky":false,"template":"","format":"standard","meta":{"_et_pb_use_builder":"","_et_pb_old_content":"","_et_gb_content_width":"","footnotes":""},"categories":[6340],"tags":[8651,6376],"class_list":["post-90989","post","type-post","status-publish","format-standard","has-post-thumbnail","hentry","category-architecture-conception","tag-cmn","tag-monument-historique"],"yoast_head":"<!-- This site is optimized with the Yoast SEO plugin v27.4 - https:\/\/yoast.com\/product\/yoast-seo-wordpress\/ -->\n<title>L\u2019H\u00f4tel de la Marine sera ouvert \u00e0 la visite en 2018<\/title>\n<meta name=\"robots\" content=\"index, follow, max-snippet:-1, max-image-preview:large, max-video-preview:-1\" \/>\n<link rel=\"canonical\" href=\"https:\/\/batijournal.com\/index.php\/lhotel-de-la-marine-sera-ouvert-a-la-visite-en-2018\/90989\/\" \/>\n<meta property=\"og:locale\" content=\"fr_FR\" \/>\n<meta property=\"og:type\" content=\"article\" \/>\n<meta property=\"og:title\" content=\"L\u2019H\u00f4tel de la Marine sera ouvert \u00e0 la visite en 2018\" \/>\n<meta property=\"og:description\" content=\"Avant de conduire une importante campagne de travaux \u00e0 l\u2019H\u00f4tel de la Marine, le Centre des monuments nationaux a propos\u00e9 deux journ\u00e9es d\u2019ouverture exceptionnelles. Ce sont plus de 8 000 visiteurs qui ont pu d\u00e9couvrir l&rsquo;\u00e9difice les 2 et 3 janvier. Situ\u00e9 sur la place de la Concorde \u00e0 Paris, le monument a \u00e9t\u00e9 con\u00e7u [&hellip;]\" \/>\n<meta property=\"og:url\" content=\"https:\/\/batijournal.com\/index.php\/lhotel-de-la-marine-sera-ouvert-a-la-visite-en-2018\/90989\/\" \/>\n<meta property=\"og:site_name\" content=\"Batijournal\" \/>\n<meta property=\"article:published_time\" content=\"2016-01-13T08:55:43+00:00\" \/>\n<meta property=\"article:modified_time\" content=\"2019-07-15T09:17:00+00:00\" \/>\n<meta property=\"og:image\" content=\"https:\/\/batijournal.com\/wp-content\/uploads\/2016\/01\/Hotel-de-la-Marine-CMN_gallery_carroussel.jpg\" \/>\n\t<meta property=\"og:image:width\" content=\"600\" \/>\n\t<meta property=\"og:image:height\" content=\"393\" \/>\n\t<meta property=\"og:image:type\" content=\"image\/jpeg\" \/>\n<meta name=\"author\" content=\"St\u00e9phane Miget\" \/>\n<meta name=\"twitter:card\" content=\"summary_large_image\" \/>\n<meta name=\"twitter:creator\" content=\"@bati_journal\" \/>\n<meta name=\"twitter:site\" content=\"@bati_journal\" \/>\n<meta name=\"twitter:label1\" content=\"\u00c9crit par\" \/>\n\t<meta name=\"twitter:data1\" content=\"St\u00e9phane Miget\" \/>\n\t<meta name=\"twitter:label2\" content=\"Dur\u00e9e de lecture estim\u00e9e\" \/>\n\t<meta name=\"twitter:data2\" content=\"1 minute\" \/>\n<script type=\"application\/ld+json\" class=\"yoast-schema-graph\">{\"@context\":\"https:\\\/\\\/schema.org\",\"@graph\":[{\"@type\":\"Article\",\"@id\":\"https:\\\/\\\/batijournal.com\\\/index.php\\\/lhotel-de-la-marine-sera-ouvert-a-la-visite-en-2018\\\/90989\\\/#article\",\"isPartOf\":{\"@id\":\"https:\\\/\\\/batijournal.com\\\/index.php\\\/lhotel-de-la-marine-sera-ouvert-a-la-visite-en-2018\\\/90989\\\/\"},\"author\":{\"name\":\"St\u00e9phane Miget\",\"@id\":\"https:\\\/\\\/batijournal.com\\\/#\\\/schema\\\/person\\\/1dc96ec6957aa1ccb25ebe78bb19f100\"},\"headline\":\"L\u2019H\u00f4tel de la Marine sera ouvert \u00e0 la visite en 2018\",\"datePublished\":\"2016-01-13T08:55:43+00:00\",\"dateModified\":\"2019-07-15T09:17:00+00:00\",\"mainEntityOfPage\":{\"@id\":\"https:\\\/\\\/batijournal.com\\\/index.php\\\/lhotel-de-la-marine-sera-ouvert-a-la-visite-en-2018\\\/90989\\\/\"},\"wordCount\":225,\"image\":{\"@id\":\"https:\\\/\\\/batijournal.com\\\/index.php\\\/lhotel-de-la-marine-sera-ouvert-a-la-visite-en-2018\\\/90989\\\/#primaryimage\"},\"thumbnailUrl\":\"https:\\\/\\\/batijournal.com\\\/wp-content\\\/uploads\\\/2016\\\/01\\\/Hotel-de-la-Marine-CMN_gallery_carroussel.jpg\",\"keywords\":[\"cmn\",\"monument historique\"],\"articleSection\":[\"Architecture &amp; Conception\"],\"inLanguage\":\"fr-FR\"},{\"@type\":\"WebPage\",\"@id\":\"https:\\\/\\\/batijournal.com\\\/index.php\\\/lhotel-de-la-marine-sera-ouvert-a-la-visite-en-2018\\\/90989\\\/\",\"url\":\"https:\\\/\\\/batijournal.com\\\/index.php\\\/lhotel-de-la-marine-sera-ouvert-a-la-visite-en-2018\\\/90989\\\/\",\"name\":\"L\u2019H\u00f4tel de la Marine sera ouvert \u00e0 la visite en 2018\",\"isPartOf\":{\"@id\":\"https:\\\/\\\/batijournal.com\\\/#website\"},\"primaryImageOfPage\":{\"@id\":\"https:\\\/\\\/batijournal.com\\\/index.php\\\/lhotel-de-la-marine-sera-ouvert-a-la-visite-en-2018\\\/90989\\\/#primaryimage\"},\"image\":{\"@id\":\"https:\\\/\\\/batijournal.com\\\/index.php\\\/lhotel-de-la-marine-sera-ouvert-a-la-visite-en-2018\\\/90989\\\/#primaryimage\"},\"thumbnailUrl\":\"https:\\\/\\\/batijournal.com\\\/wp-content\\\/uploads\\\/2016\\\/01\\\/Hotel-de-la-Marine-CMN_gallery_carroussel.jpg\",\"datePublished\":\"2016-01-13T08:55:43+00:00\",\"dateModified\":\"2019-07-15T09:17:00+00:00\",\"author\":{\"@id\":\"https:\\\/\\\/batijournal.com\\\/#\\\/schema\\\/person\\\/1dc96ec6957aa1ccb25ebe78bb19f100\"},\"breadcrumb\":{\"@id\":\"https:\\\/\\\/batijournal.com\\\/index.php\\\/lhotel-de-la-marine-sera-ouvert-a-la-visite-en-2018\\\/90989\\\/#breadcrumb\"},\"inLanguage\":\"fr-FR\",\"potentialAction\":[{\"@type\":\"ReadAction\",\"target\":[\"https:\\\/\\\/batijournal.com\\\/index.php\\\/lhotel-de-la-marine-sera-ouvert-a-la-visite-en-2018\\\/90989\\\/\"]}]},{\"@type\":\"ImageObject\",\"inLanguage\":\"fr-FR\",\"@id\":\"https:\\\/\\\/batijournal.com\\\/index.php\\\/lhotel-de-la-marine-sera-ouvert-a-la-visite-en-2018\\\/90989\\\/#primaryimage\",\"url\":\"https:\\\/\\\/batijournal.com\\\/wp-content\\\/uploads\\\/2016\\\/01\\\/Hotel-de-la-Marine-CMN_gallery_carroussel.jpg\",\"contentUrl\":\"https:\\\/\\\/batijournal.com\\\/wp-content\\\/uploads\\\/2016\\\/01\\\/Hotel-de-la-Marine-CMN_gallery_carroussel.jpg\",\"width\":600,\"height\":393},{\"@type\":\"BreadcrumbList\",\"@id\":\"https:\\\/\\\/batijournal.com\\\/index.php\\\/lhotel-de-la-marine-sera-ouvert-a-la-visite-en-2018\\\/90989\\\/#breadcrumb\",\"itemListElement\":[{\"@type\":\"ListItem\",\"position\":1,\"name\":\"Accueil\",\"item\":\"https:\\\/\\\/batijournal.com\\\/\"},{\"@type\":\"ListItem\",\"position\":2,\"name\":\"Actualit\u00e9s\",\"item\":\"https:\\\/\\\/batijournal.com\\\/index.php\\\/category\\\/actualites\\\/\"},{\"@type\":\"ListItem\",\"position\":3,\"name\":\"Architecture &amp; Conception\",\"item\":\"https:\\\/\\\/batijournal.com\\\/index.php\\\/category\\\/actualites\\\/architecture-conception\\\/\"},{\"@type\":\"ListItem\",\"position\":4,\"name\":\"L\u2019H\u00f4tel de la Marine sera ouvert \u00e0 la visite en 2018\"}]},{\"@type\":\"WebSite\",\"@id\":\"https:\\\/\\\/batijournal.com\\\/#website\",\"url\":\"https:\\\/\\\/batijournal.com\\\/\",\"name\":\"Batijournal\",\"description\":\"L&#039;actualit\u00e9 du b\u00e2timent\",\"potentialAction\":[{\"@type\":\"SearchAction\",\"target\":{\"@type\":\"EntryPoint\",\"urlTemplate\":\"https:\\\/\\\/batijournal.com\\\/?s={search_term_string}\"},\"query-input\":{\"@type\":\"PropertyValueSpecification\",\"valueRequired\":true,\"valueName\":\"search_term_string\"}}],\"inLanguage\":\"fr-FR\"},{\"@type\":\"Person\",\"@id\":\"https:\\\/\\\/batijournal.com\\\/#\\\/schema\\\/person\\\/1dc96ec6957aa1ccb25ebe78bb19f100\",\"name\":\"St\u00e9phane Miget\",\"image\":{\"@type\":\"ImageObject\",\"inLanguage\":\"fr-FR\",\"@id\":\"https:\\\/\\\/secure.gravatar.com\\\/avatar\\\/89915563d925342126b8ef0281b93d9d7fc337043e8df017f780908eb9644451?s=96&d=mm&r=g\",\"url\":\"https:\\\/\\\/secure.gravatar.com\\\/avatar\\\/89915563d925342126b8ef0281b93d9d7fc337043e8df017f780908eb9644451?s=96&d=mm&r=g\",\"contentUrl\":\"https:\\\/\\\/secure.gravatar.com\\\/avatar\\\/89915563d925342126b8ef0281b93d9d7fc337043e8df017f780908eb9644451?s=96&d=mm&r=g\",\"caption\":\"St\u00e9phane Miget\"},\"url\":\"https:\\\/\\\/batijournal.com\\\/index.php\\\/author\\\/stephane\\\/\"}]}<\/script>\n<!-- \/ Yoast SEO plugin. -->","yoast_head_json":{"title":"L\u2019H\u00f4tel de la Marine sera ouvert \u00e0 la visite en 2018","robots":{"index":"index","follow":"follow","max-snippet":"max-snippet:-1","max-image-preview":"max-image-preview:large","max-video-preview":"max-video-preview:-1"},"canonical":"https:\/\/batijournal.com\/index.php\/lhotel-de-la-marine-sera-ouvert-a-la-visite-en-2018\/90989\/","og_locale":"fr_FR","og_type":"article","og_title":"L\u2019H\u00f4tel de la Marine sera ouvert \u00e0 la visite en 2018","og_description":"Avant de conduire une importante campagne de travaux \u00e0 l\u2019H\u00f4tel de la Marine, le Centre des monuments nationaux a propos\u00e9 deux journ\u00e9es d\u2019ouverture exceptionnelles. Ce sont plus de 8 000 visiteurs qui ont pu d\u00e9couvrir l&rsquo;\u00e9difice les 2 et 3 janvier. Situ\u00e9 sur la place de la Concorde \u00e0 Paris, le monument a \u00e9t\u00e9 con\u00e7u [&hellip;]","og_url":"https:\/\/batijournal.com\/index.php\/lhotel-de-la-marine-sera-ouvert-a-la-visite-en-2018\/90989\/","og_site_name":"Batijournal","article_published_time":"2016-01-13T08:55:43+00:00","article_modified_time":"2019-07-15T09:17:00+00:00","og_image":[{"width":600,"height":393,"url":"https:\/\/batijournal.com\/wp-content\/uploads\/2016\/01\/Hotel-de-la-Marine-CMN_gallery_carroussel.jpg","type":"image\/jpeg"}],"author":"St\u00e9phane Miget","twitter_card":"summary_large_image","twitter_creator":"@bati_journal","twitter_site":"@bati_journal","twitter_misc":{"\u00c9crit par":"St\u00e9phane Miget","Dur\u00e9e de lecture estim\u00e9e":"1 minute"},"schema":{"@context":"https:\/\/schema.org","@graph":[{"@type":"Article","@id":"https:\/\/batijournal.com\/index.php\/lhotel-de-la-marine-sera-ouvert-a-la-visite-en-2018\/90989\/#article","isPartOf":{"@id":"https:\/\/batijournal.com\/index.php\/lhotel-de-la-marine-sera-ouvert-a-la-visite-en-2018\/90989\/"},"author":{"name":"St\u00e9phane Miget","@id":"https:\/\/batijournal.com\/#\/schema\/person\/1dc96ec6957aa1ccb25ebe78bb19f100"},"headline":"L\u2019H\u00f4tel de la Marine sera ouvert \u00e0 la visite en 2018","datePublished":"2016-01-13T08:55:43+00:00","dateModified":"2019-07-15T09:17:00+00:00","mainEntityOfPage":{"@id":"https:\/\/batijournal.com\/index.php\/lhotel-de-la-marine-sera-ouvert-a-la-visite-en-2018\/90989\/"},"wordCount":225,"image":{"@id":"https:\/\/batijournal.com\/index.php\/lhotel-de-la-marine-sera-ouvert-a-la-visite-en-2018\/90989\/#primaryimage"},"thumbnailUrl":"https:\/\/batijournal.com\/wp-content\/uploads\/2016\/01\/Hotel-de-la-Marine-CMN_gallery_carroussel.jpg","keywords":["cmn","monument historique"],"articleSection":["Architecture &amp; Conception"],"inLanguage":"fr-FR"},{"@type":"WebPage","@id":"https:\/\/batijournal.com\/index.php\/lhotel-de-la-marine-sera-ouvert-a-la-visite-en-2018\/90989\/","url":"https:\/\/batijournal.com\/index.php\/lhotel-de-la-marine-sera-ouvert-a-la-visite-en-2018\/90989\/","name":"L\u2019H\u00f4tel de la Marine sera ouvert \u00e0 la visite en 2018","isPartOf":{"@id":"https:\/\/batijournal.com\/#website"},"primaryImageOfPage":{"@id":"https:\/\/batijournal.com\/index.php\/lhotel-de-la-marine-sera-ouvert-a-la-visite-en-2018\/90989\/#primaryimage"},"image":{"@id":"https:\/\/batijournal.com\/index.php\/lhotel-de-la-marine-sera-ouvert-a-la-visite-en-2018\/90989\/#primaryimage"},"thumbnailUrl":"https:\/\/batijournal.com\/wp-content\/uploads\/2016\/01\/Hotel-de-la-Marine-CMN_gallery_carroussel.jpg","datePublished":"2016-01-13T08:55:43+00:00","dateModified":"2019-07-15T09:17:00+00:00","author":{"@id":"https:\/\/batijournal.com\/#\/schema\/person\/1dc96ec6957aa1ccb25ebe78bb19f100"},"breadcrumb":{"@id":"https:\/\/batijournal.com\/index.php\/lhotel-de-la-marine-sera-ouvert-a-la-visite-en-2018\/90989\/#breadcrumb"},"inLanguage":"fr-FR","potentialAction":[{"@type":"ReadAction","target":["https:\/\/batijournal.com\/index.php\/lhotel-de-la-marine-sera-ouvert-a-la-visite-en-2018\/90989\/"]}]},{"@type":"ImageObject","inLanguage":"fr-FR","@id":"https:\/\/batijournal.com\/index.php\/lhotel-de-la-marine-sera-ouvert-a-la-visite-en-2018\/90989\/#primaryimage","url":"https:\/\/batijournal.com\/wp-content\/uploads\/2016\/01\/Hotel-de-la-Marine-CMN_gallery_carroussel.jpg","contentUrl":"https:\/\/batijournal.com\/wp-content\/uploads\/2016\/01\/Hotel-de-la-Marine-CMN_gallery_carroussel.jpg","width":600,"height":393},{"@type":"BreadcrumbList","@id":"https:\/\/batijournal.com\/index.php\/lhotel-de-la-marine-sera-ouvert-a-la-visite-en-2018\/90989\/#breadcrumb","itemListElement":[{"@type":"ListItem","position":1,"name":"Accueil","item":"https:\/\/batijournal.com\/"},{"@type":"ListItem","position":2,"name":"Actualit\u00e9s","item":"https:\/\/batijournal.com\/index.php\/category\/actualites\/"},{"@type":"ListItem","position":3,"name":"Architecture &amp; Conception","item":"https:\/\/batijournal.com\/index.php\/category\/actualites\/architecture-conception\/"},{"@type":"ListItem","position":4,"name":"L\u2019H\u00f4tel de la Marine sera ouvert \u00e0 la visite en 2018"}]},{"@type":"WebSite","@id":"https:\/\/batijournal.com\/#website","url":"https:\/\/batijournal.com\/","name":"Batijournal","description":"L&#039;actualit\u00e9 du b\u00e2timent","potentialAction":[{"@type":"SearchAction","target":{"@type":"EntryPoint","urlTemplate":"https:\/\/batijournal.com\/?s={search_term_string}"},"query-input":{"@type":"PropertyValueSpecification","valueRequired":true,"valueName":"search_term_string"}}],"inLanguage":"fr-FR"},{"@type":"Person","@id":"https:\/\/batijournal.com\/#\/schema\/person\/1dc96ec6957aa1ccb25ebe78bb19f100","name":"St\u00e9phane Miget","image":{"@type":"ImageObject","inLanguage":"fr-FR","@id":"https:\/\/secure.gravatar.com\/avatar\/89915563d925342126b8ef0281b93d9d7fc337043e8df017f780908eb9644451?s=96&d=mm&r=g","url":"https:\/\/secure.gravatar.com\/avatar\/89915563d925342126b8ef0281b93d9d7fc337043e8df017f780908eb9644451?s=96&d=mm&r=g","contentUrl":"https:\/\/secure.gravatar.com\/avatar\/89915563d925342126b8ef0281b93d9d7fc337043e8df017f780908eb9644451?s=96&d=mm&r=g","caption":"St\u00e9phane Miget"},"url":"https:\/\/batijournal.com\/index.php\/author\/stephane\/"}]}},"_links":{"self":[{"href":"https:\/\/batijournal.com\/index.php\/wp-json\/wp\/v2\/posts\/90989","targetHints":{"allow":["GET"]}}],"collection":[{"href":"https:\/\/batijournal.com\/index.php\/wp-json\/wp\/v2\/posts"}],"about":[{"href":"https:\/\/batijournal.com\/index.php\/wp-json\/wp\/v2\/types\/post"}],"author":[{"embeddable":true,"href":"https:\/\/batijournal.com\/index.php\/wp-json\/wp\/v2\/users\/17"}],"replies":[{"embeddable":true,"href":"https:\/\/batijournal.com\/index.php\/wp-json\/wp\/v2\/comments?post=90989"}],"version-history":[{"count":0,"href":"https:\/\/batijournal.com\/index.php\/wp-json\/wp\/v2\/posts\/90989\/revisions"}],"wp:featuredmedia":[{"embeddable":true,"href":"https:\/\/batijournal.com\/index.php\/wp-json\/wp\/v2\/media\/90990"}],"wp:attachment":[{"href":"https:\/\/batijournal.com\/index.php\/wp-json\/wp\/v2\/media?parent=90989"}],"wp:term":[{"taxonomy":"category","embeddable":true,"href":"https:\/\/batijournal.com\/index.php\/wp-json\/wp\/v2\/categories?post=90989"},{"taxonomy":"post_tag","embeddable":true,"href":"https:\/\/batijournal.com\/index.php\/wp-json\/wp\/v2\/tags?post=90989"}],"curies":[{"name":"wp","href":"https:\/\/api.w.org\/{rel}","templated":true}]}}