{"id":91032,"date":"2016-01-18T09:02:14","date_gmt":"2016-01-18T08:02:14","guid":{"rendered":"http:\/\/batijournal.com\/?p=91032"},"modified":"2019-07-15T12:04:07","modified_gmt":"2019-07-15T10:04:07","slug":"2016-des-jours-meilleurs-pour-lartisanat-du-batiment","status":"publish","type":"post","link":"https:\/\/batijournal.com\/index.php\/2016-des-jours-meilleurs-pour-lartisanat-du-batiment\/91032\/","title":{"rendered":"2016 : des jours meilleurs pour l\u2019artisanat du B\u00e2timent ?"},"content":{"rendered":"<p>Apr\u00e8s une ann\u00e9e 2015 qui a enregistr\u00e9 un repli d\u2019activit\u00e9 plus marqu\u00e9 qu\u2019attendu avec &#8211; 2 % en volume malgr\u00e9 un quatri\u00e8me trimestre dont le recul a \u00e9t\u00e9 limit\u00e9 de &#8211; 1 %. La Capeb annonce une perspective d\u2019activit\u00e9 comprise entre 0 et + 1 % en 2016. Cette tendance r\u00e9sulterait d\u2019un moindre recul de la construction neuve de &#8211; 3 % \u00e0 &#8211; 2 % et d\u2019une progression de l\u2019entretien-am\u00e9lioration comprise entre 0,5 % et 1,5 %. Dans les mois \u00e0 venir, le march\u00e9 devrait \u00eatre stimul\u00e9 par les diff\u00e9rents dispositifs mis en place dans le neuf comme dans la r\u00e9novation (dispositif Pinel, renforcement du PTZ, reconduction de l\u2019\u00e9co-PTZ, CITE). Si les march\u00e9s de la performance \u00e9nerg\u00e9tique et de l\u2019accessibilit\u00e9 devraient contribuer positivement \u00e0 l\u2019activit\u00e9 du b\u00e2timent, les march\u00e9s publics en revanche subiraient la baisse des dotations de l\u2019\u00c9tat.<\/p>\n<blockquote><p>Pour encourager ces perspectives, la CAPEB sera au rendez-vous des temps forts de 2016 ; notamment pour relancer l\u2019activit\u00e9 \u00e0 travers des politiques de baisses des charges, de simplifications et d\u2019acc\u00e8s aux march\u00e9s. De m\u00eame, elle continuera d\u2019alerter le gouvernement sur des dossiers sensibles, tels que la concurrence ill\u00e9gale des travailleurs d\u00e9tach\u00e9s, le compte p\u00e9nibilit\u00e9 et la mont\u00e9e en comp\u00e9tence de nos entreprises.<\/p><\/blockquote>\n<p><img loading=\"lazy\" decoding=\"async\" class=\"aligncenter size-medium wp-image-91033\" src=\"https:\/\/batijournal.com\/wp-content\/uploads\/2016\/01\/autorisations-mises-en-chantier-logements-2015-capeb-300x230.png\" alt=\"autorisations-mises-en-chantier-logements-2015-capeb\" width=\"300\" height=\"230\" srcset=\"https:\/\/batijournal.com\/wp-content\/uploads\/2016\/01\/autorisations-mises-en-chantier-logements-2015-capeb-300x230.png 300w, https:\/\/batijournal.com\/wp-content\/uploads\/2016\/01\/autorisations-mises-en-chantier-logements-2015-capeb-150x115.png 150w, https:\/\/batijournal.com\/wp-content\/uploads\/2016\/01\/autorisations-mises-en-chantier-logements-2015-capeb-768x588.png 768w, https:\/\/batijournal.com\/wp-content\/uploads\/2016\/01\/autorisations-mises-en-chantier-logements-2015-capeb-600x460.png 600w, https:\/\/batijournal.com\/wp-content\/uploads\/2016\/01\/autorisations-mises-en-chantier-logements-2015-capeb.png 893w\" sizes=\"(max-width: 300px) 100vw, 300px\" \/><\/p>\n<p>\u00c0 la fin novembre 2015, on totalise 351 200 logements neufs commenc\u00e9s (en cumul sur 12 mois) comme un an auparavant principalement soutenu par le logement collectif (+ 3,6 %).<br \/>\nLes mises en chantier de logements individuels group\u00e9s sont par contre encore ce trimestre particuli\u00e8rement touch\u00e9es puisqu\u2019elles affichent une baisse de 5,6 % et s\u2019\u00e9tablissent \u00e0 37 400 sur 12 mois cumul\u00e9s.<br \/>\nEn novembre, le nombre de permis de construire de logements d\u00e9pos\u00e9s sur 12 mois cumul\u00e9s augmente tr\u00e8s l\u00e9g\u00e8rement avec +0,3 %.<\/p>\n","protected":false},"excerpt":{"rendered":"<p>Apr\u00e8s une ann\u00e9e 2015 qui a enregistr\u00e9 un repli d\u2019activit\u00e9 plus marqu\u00e9 qu\u2019attendu avec &#8211; 2 % en volume malgr\u00e9 un quatri\u00e8me trimestre dont le recul a \u00e9t\u00e9 limit\u00e9 de &#8211; 1 %. La Capeb annonce une perspective d\u2019activit\u00e9 comprise entre 0 et + 1 % en 2016. Cette tendance r\u00e9sulterait d\u2019un moindre recul de [&hellip;]<\/p>\n","protected":false},"author":17,"featured_media":91033,"comment_status":"closed","ping_status":"closed","sticky":false,"template":"","format":"standard","meta":{"_et_pb_use_builder":"","_et_pb_old_content":"","_et_gb_content_width":"","footnotes":""},"categories":[10736,6340,6345],"tags":[647],"class_list":["post-91032","post","type-post","status-publish","format-standard","has-post-thumbnail","hentry","category-a-la-une","category-architecture-conception","category-economie-marches","tag-capeb"],"yoast_head":"<!-- This site is optimized with the Yoast SEO plugin v27.4 - https:\/\/yoast.com\/product\/yoast-seo-wordpress\/ -->\n<title>2016 : des jours meilleurs pour l\u2019artisanat du B\u00e2timent ?<\/title>\n<meta name=\"robots\" content=\"index, follow, max-snippet:-1, max-image-preview:large, max-video-preview:-1\" \/>\n<link rel=\"canonical\" href=\"https:\/\/batijournal.com\/index.php\/2016-des-jours-meilleurs-pour-lartisanat-du-batiment\/91032\/\" \/>\n<meta property=\"og:locale\" content=\"fr_FR\" \/>\n<meta property=\"og:type\" content=\"article\" \/>\n<meta property=\"og:title\" content=\"2016 : des jours meilleurs pour l\u2019artisanat du B\u00e2timent ?\" \/>\n<meta property=\"og:description\" content=\"Apr\u00e8s une ann\u00e9e 2015 qui a enregistr\u00e9 un repli d\u2019activit\u00e9 plus marqu\u00e9 qu\u2019attendu avec &#8211; 2 % en volume malgr\u00e9 un quatri\u00e8me trimestre dont le recul a \u00e9t\u00e9 limit\u00e9 de &#8211; 1 %. La Capeb annonce une perspective d\u2019activit\u00e9 comprise entre 0 et + 1 % en 2016. Cette tendance r\u00e9sulterait d\u2019un moindre recul de [&hellip;]\" \/>\n<meta property=\"og:url\" content=\"https:\/\/batijournal.com\/index.php\/2016-des-jours-meilleurs-pour-lartisanat-du-batiment\/91032\/\" \/>\n<meta property=\"og:site_name\" content=\"Batijournal\" \/>\n<meta property=\"article:published_time\" content=\"2016-01-18T08:02:14+00:00\" \/>\n<meta property=\"article:modified_time\" content=\"2019-07-15T10:04:07+00:00\" \/>\n<meta property=\"og:image\" content=\"https:\/\/batijournal.com\/wp-content\/uploads\/2016\/01\/autorisations-mises-en-chantier-logements-2015-capeb.png\" \/>\n\t<meta property=\"og:image:width\" content=\"893\" \/>\n\t<meta property=\"og:image:height\" content=\"684\" \/>\n\t<meta property=\"og:image:type\" content=\"image\/png\" \/>\n<meta name=\"author\" content=\"St\u00e9phane Miget\" \/>\n<meta name=\"twitter:card\" content=\"summary_large_image\" \/>\n<meta name=\"twitter:creator\" content=\"@bati_journal\" \/>\n<meta name=\"twitter:site\" content=\"@bati_journal\" \/>\n<meta name=\"twitter:label1\" content=\"\u00c9crit par\" \/>\n\t<meta name=\"twitter:data1\" content=\"St\u00e9phane Miget\" \/>\n\t<meta name=\"twitter:label2\" content=\"Dur\u00e9e de lecture estim\u00e9e\" \/>\n\t<meta name=\"twitter:data2\" content=\"1 minute\" \/>\n<script type=\"application\/ld+json\" class=\"yoast-schema-graph\">{\"@context\":\"https:\\\/\\\/schema.org\",\"@graph\":[{\"@type\":\"Article\",\"@id\":\"https:\\\/\\\/batijournal.com\\\/index.php\\\/2016-des-jours-meilleurs-pour-lartisanat-du-batiment\\\/91032\\\/#article\",\"isPartOf\":{\"@id\":\"https:\\\/\\\/batijournal.com\\\/index.php\\\/2016-des-jours-meilleurs-pour-lartisanat-du-batiment\\\/91032\\\/\"},\"author\":{\"name\":\"St\u00e9phane Miget\",\"@id\":\"https:\\\/\\\/batijournal.com\\\/#\\\/schema\\\/person\\\/1dc96ec6957aa1ccb25ebe78bb19f100\"},\"headline\":\"2016 : des jours meilleurs pour l\u2019artisanat du B\u00e2timent ?\",\"datePublished\":\"2016-01-18T08:02:14+00:00\",\"dateModified\":\"2019-07-15T10:04:07+00:00\",\"mainEntityOfPage\":{\"@id\":\"https:\\\/\\\/batijournal.com\\\/index.php\\\/2016-des-jours-meilleurs-pour-lartisanat-du-batiment\\\/91032\\\/\"},\"wordCount\":300,\"image\":{\"@id\":\"https:\\\/\\\/batijournal.com\\\/index.php\\\/2016-des-jours-meilleurs-pour-lartisanat-du-batiment\\\/91032\\\/#primaryimage\"},\"thumbnailUrl\":\"https:\\\/\\\/batijournal.com\\\/wp-content\\\/uploads\\\/2016\\\/01\\\/autorisations-mises-en-chantier-logements-2015-capeb.png\",\"keywords\":[\"CAPEB\"],\"articleSection\":[\"A la Une\",\"Architecture &amp; Conception\",\"\u00c9conomie &amp; March\u00e9s\"],\"inLanguage\":\"fr-FR\"},{\"@type\":\"WebPage\",\"@id\":\"https:\\\/\\\/batijournal.com\\\/index.php\\\/2016-des-jours-meilleurs-pour-lartisanat-du-batiment\\\/91032\\\/\",\"url\":\"https:\\\/\\\/batijournal.com\\\/index.php\\\/2016-des-jours-meilleurs-pour-lartisanat-du-batiment\\\/91032\\\/\",\"name\":\"2016 : des jours meilleurs pour l\u2019artisanat du B\u00e2timent ?\",\"isPartOf\":{\"@id\":\"https:\\\/\\\/batijournal.com\\\/#website\"},\"primaryImageOfPage\":{\"@id\":\"https:\\\/\\\/batijournal.com\\\/index.php\\\/2016-des-jours-meilleurs-pour-lartisanat-du-batiment\\\/91032\\\/#primaryimage\"},\"image\":{\"@id\":\"https:\\\/\\\/batijournal.com\\\/index.php\\\/2016-des-jours-meilleurs-pour-lartisanat-du-batiment\\\/91032\\\/#primaryimage\"},\"thumbnailUrl\":\"https:\\\/\\\/batijournal.com\\\/wp-content\\\/uploads\\\/2016\\\/01\\\/autorisations-mises-en-chantier-logements-2015-capeb.png\",\"datePublished\":\"2016-01-18T08:02:14+00:00\",\"dateModified\":\"2019-07-15T10:04:07+00:00\",\"author\":{\"@id\":\"https:\\\/\\\/batijournal.com\\\/#\\\/schema\\\/person\\\/1dc96ec6957aa1ccb25ebe78bb19f100\"},\"breadcrumb\":{\"@id\":\"https:\\\/\\\/batijournal.com\\\/index.php\\\/2016-des-jours-meilleurs-pour-lartisanat-du-batiment\\\/91032\\\/#breadcrumb\"},\"inLanguage\":\"fr-FR\",\"potentialAction\":[{\"@type\":\"ReadAction\",\"target\":[\"https:\\\/\\\/batijournal.com\\\/index.php\\\/2016-des-jours-meilleurs-pour-lartisanat-du-batiment\\\/91032\\\/\"]}]},{\"@type\":\"ImageObject\",\"inLanguage\":\"fr-FR\",\"@id\":\"https:\\\/\\\/batijournal.com\\\/index.php\\\/2016-des-jours-meilleurs-pour-lartisanat-du-batiment\\\/91032\\\/#primaryimage\",\"url\":\"https:\\\/\\\/batijournal.com\\\/wp-content\\\/uploads\\\/2016\\\/01\\\/autorisations-mises-en-chantier-logements-2015-capeb.png\",\"contentUrl\":\"https:\\\/\\\/batijournal.com\\\/wp-content\\\/uploads\\\/2016\\\/01\\\/autorisations-mises-en-chantier-logements-2015-capeb.png\",\"width\":893,\"height\":684},{\"@type\":\"BreadcrumbList\",\"@id\":\"https:\\\/\\\/batijournal.com\\\/index.php\\\/2016-des-jours-meilleurs-pour-lartisanat-du-batiment\\\/91032\\\/#breadcrumb\",\"itemListElement\":[{\"@type\":\"ListItem\",\"position\":1,\"name\":\"Accueil\",\"item\":\"https:\\\/\\\/batijournal.com\\\/\"},{\"@type\":\"ListItem\",\"position\":2,\"name\":\"Actualit\u00e9s\",\"item\":\"https:\\\/\\\/batijournal.com\\\/index.php\\\/category\\\/actualites\\\/\"},{\"@type\":\"ListItem\",\"position\":3,\"name\":\"Architecture &amp; Conception\",\"item\":\"https:\\\/\\\/batijournal.com\\\/index.php\\\/category\\\/actualites\\\/architecture-conception\\\/\"},{\"@type\":\"ListItem\",\"position\":4,\"name\":\"2016 : des jours meilleurs pour l\u2019artisanat du B\u00e2timent ?\"}]},{\"@type\":\"WebSite\",\"@id\":\"https:\\\/\\\/batijournal.com\\\/#website\",\"url\":\"https:\\\/\\\/batijournal.com\\\/\",\"name\":\"Batijournal\",\"description\":\"L&#039;actualit\u00e9 du b\u00e2timent\",\"potentialAction\":[{\"@type\":\"SearchAction\",\"target\":{\"@type\":\"EntryPoint\",\"urlTemplate\":\"https:\\\/\\\/batijournal.com\\\/?s={search_term_string}\"},\"query-input\":{\"@type\":\"PropertyValueSpecification\",\"valueRequired\":true,\"valueName\":\"search_term_string\"}}],\"inLanguage\":\"fr-FR\"},{\"@type\":\"Person\",\"@id\":\"https:\\\/\\\/batijournal.com\\\/#\\\/schema\\\/person\\\/1dc96ec6957aa1ccb25ebe78bb19f100\",\"name\":\"St\u00e9phane Miget\",\"image\":{\"@type\":\"ImageObject\",\"inLanguage\":\"fr-FR\",\"@id\":\"https:\\\/\\\/secure.gravatar.com\\\/avatar\\\/89915563d925342126b8ef0281b93d9d7fc337043e8df017f780908eb9644451?s=96&d=mm&r=g\",\"url\":\"https:\\\/\\\/secure.gravatar.com\\\/avatar\\\/89915563d925342126b8ef0281b93d9d7fc337043e8df017f780908eb9644451?s=96&d=mm&r=g\",\"contentUrl\":\"https:\\\/\\\/secure.gravatar.com\\\/avatar\\\/89915563d925342126b8ef0281b93d9d7fc337043e8df017f780908eb9644451?s=96&d=mm&r=g\",\"caption\":\"St\u00e9phane Miget\"},\"url\":\"https:\\\/\\\/batijournal.com\\\/index.php\\\/author\\\/stephane\\\/\"}]}<\/script>\n<!-- \/ Yoast SEO plugin. -->","yoast_head_json":{"title":"2016 : des jours meilleurs pour l\u2019artisanat du B\u00e2timent ?","robots":{"index":"index","follow":"follow","max-snippet":"max-snippet:-1","max-image-preview":"max-image-preview:large","max-video-preview":"max-video-preview:-1"},"canonical":"https:\/\/batijournal.com\/index.php\/2016-des-jours-meilleurs-pour-lartisanat-du-batiment\/91032\/","og_locale":"fr_FR","og_type":"article","og_title":"2016 : des jours meilleurs pour l\u2019artisanat du B\u00e2timent ?","og_description":"Apr\u00e8s une ann\u00e9e 2015 qui a enregistr\u00e9 un repli d\u2019activit\u00e9 plus marqu\u00e9 qu\u2019attendu avec &#8211; 2 % en volume malgr\u00e9 un quatri\u00e8me trimestre dont le recul a \u00e9t\u00e9 limit\u00e9 de &#8211; 1 %. La Capeb annonce une perspective d\u2019activit\u00e9 comprise entre 0 et + 1 % en 2016. Cette tendance r\u00e9sulterait d\u2019un moindre recul de [&hellip;]","og_url":"https:\/\/batijournal.com\/index.php\/2016-des-jours-meilleurs-pour-lartisanat-du-batiment\/91032\/","og_site_name":"Batijournal","article_published_time":"2016-01-18T08:02:14+00:00","article_modified_time":"2019-07-15T10:04:07+00:00","og_image":[{"width":893,"height":684,"url":"https:\/\/batijournal.com\/wp-content\/uploads\/2016\/01\/autorisations-mises-en-chantier-logements-2015-capeb.png","type":"image\/png"}],"author":"St\u00e9phane Miget","twitter_card":"summary_large_image","twitter_creator":"@bati_journal","twitter_site":"@bati_journal","twitter_misc":{"\u00c9crit par":"St\u00e9phane Miget","Dur\u00e9e de lecture estim\u00e9e":"1 minute"},"schema":{"@context":"https:\/\/schema.org","@graph":[{"@type":"Article","@id":"https:\/\/batijournal.com\/index.php\/2016-des-jours-meilleurs-pour-lartisanat-du-batiment\/91032\/#article","isPartOf":{"@id":"https:\/\/batijournal.com\/index.php\/2016-des-jours-meilleurs-pour-lartisanat-du-batiment\/91032\/"},"author":{"name":"St\u00e9phane Miget","@id":"https:\/\/batijournal.com\/#\/schema\/person\/1dc96ec6957aa1ccb25ebe78bb19f100"},"headline":"2016 : des jours meilleurs pour l\u2019artisanat du B\u00e2timent ?","datePublished":"2016-01-18T08:02:14+00:00","dateModified":"2019-07-15T10:04:07+00:00","mainEntityOfPage":{"@id":"https:\/\/batijournal.com\/index.php\/2016-des-jours-meilleurs-pour-lartisanat-du-batiment\/91032\/"},"wordCount":300,"image":{"@id":"https:\/\/batijournal.com\/index.php\/2016-des-jours-meilleurs-pour-lartisanat-du-batiment\/91032\/#primaryimage"},"thumbnailUrl":"https:\/\/batijournal.com\/wp-content\/uploads\/2016\/01\/autorisations-mises-en-chantier-logements-2015-capeb.png","keywords":["CAPEB"],"articleSection":["A la Une","Architecture &amp; Conception","\u00c9conomie &amp; March\u00e9s"],"inLanguage":"fr-FR"},{"@type":"WebPage","@id":"https:\/\/batijournal.com\/index.php\/2016-des-jours-meilleurs-pour-lartisanat-du-batiment\/91032\/","url":"https:\/\/batijournal.com\/index.php\/2016-des-jours-meilleurs-pour-lartisanat-du-batiment\/91032\/","name":"2016 : des jours meilleurs pour l\u2019artisanat du B\u00e2timent ?","isPartOf":{"@id":"https:\/\/batijournal.com\/#website"},"primaryImageOfPage":{"@id":"https:\/\/batijournal.com\/index.php\/2016-des-jours-meilleurs-pour-lartisanat-du-batiment\/91032\/#primaryimage"},"image":{"@id":"https:\/\/batijournal.com\/index.php\/2016-des-jours-meilleurs-pour-lartisanat-du-batiment\/91032\/#primaryimage"},"thumbnailUrl":"https:\/\/batijournal.com\/wp-content\/uploads\/2016\/01\/autorisations-mises-en-chantier-logements-2015-capeb.png","datePublished":"2016-01-18T08:02:14+00:00","dateModified":"2019-07-15T10:04:07+00:00","author":{"@id":"https:\/\/batijournal.com\/#\/schema\/person\/1dc96ec6957aa1ccb25ebe78bb19f100"},"breadcrumb":{"@id":"https:\/\/batijournal.com\/index.php\/2016-des-jours-meilleurs-pour-lartisanat-du-batiment\/91032\/#breadcrumb"},"inLanguage":"fr-FR","potentialAction":[{"@type":"ReadAction","target":["https:\/\/batijournal.com\/index.php\/2016-des-jours-meilleurs-pour-lartisanat-du-batiment\/91032\/"]}]},{"@type":"ImageObject","inLanguage":"fr-FR","@id":"https:\/\/batijournal.com\/index.php\/2016-des-jours-meilleurs-pour-lartisanat-du-batiment\/91032\/#primaryimage","url":"https:\/\/batijournal.com\/wp-content\/uploads\/2016\/01\/autorisations-mises-en-chantier-logements-2015-capeb.png","contentUrl":"https:\/\/batijournal.com\/wp-content\/uploads\/2016\/01\/autorisations-mises-en-chantier-logements-2015-capeb.png","width":893,"height":684},{"@type":"BreadcrumbList","@id":"https:\/\/batijournal.com\/index.php\/2016-des-jours-meilleurs-pour-lartisanat-du-batiment\/91032\/#breadcrumb","itemListElement":[{"@type":"ListItem","position":1,"name":"Accueil","item":"https:\/\/batijournal.com\/"},{"@type":"ListItem","position":2,"name":"Actualit\u00e9s","item":"https:\/\/batijournal.com\/index.php\/category\/actualites\/"},{"@type":"ListItem","position":3,"name":"Architecture &amp; Conception","item":"https:\/\/batijournal.com\/index.php\/category\/actualites\/architecture-conception\/"},{"@type":"ListItem","position":4,"name":"2016 : des jours meilleurs pour l\u2019artisanat du B\u00e2timent ?"}]},{"@type":"WebSite","@id":"https:\/\/batijournal.com\/#website","url":"https:\/\/batijournal.com\/","name":"Batijournal","description":"L&#039;actualit\u00e9 du b\u00e2timent","potentialAction":[{"@type":"SearchAction","target":{"@type":"EntryPoint","urlTemplate":"https:\/\/batijournal.com\/?s={search_term_string}"},"query-input":{"@type":"PropertyValueSpecification","valueRequired":true,"valueName":"search_term_string"}}],"inLanguage":"fr-FR"},{"@type":"Person","@id":"https:\/\/batijournal.com\/#\/schema\/person\/1dc96ec6957aa1ccb25ebe78bb19f100","name":"St\u00e9phane Miget","image":{"@type":"ImageObject","inLanguage":"fr-FR","@id":"https:\/\/secure.gravatar.com\/avatar\/89915563d925342126b8ef0281b93d9d7fc337043e8df017f780908eb9644451?s=96&d=mm&r=g","url":"https:\/\/secure.gravatar.com\/avatar\/89915563d925342126b8ef0281b93d9d7fc337043e8df017f780908eb9644451?s=96&d=mm&r=g","contentUrl":"https:\/\/secure.gravatar.com\/avatar\/89915563d925342126b8ef0281b93d9d7fc337043e8df017f780908eb9644451?s=96&d=mm&r=g","caption":"St\u00e9phane Miget"},"url":"https:\/\/batijournal.com\/index.php\/author\/stephane\/"}]}},"_links":{"self":[{"href":"https:\/\/batijournal.com\/index.php\/wp-json\/wp\/v2\/posts\/91032","targetHints":{"allow":["GET"]}}],"collection":[{"href":"https:\/\/batijournal.com\/index.php\/wp-json\/wp\/v2\/posts"}],"about":[{"href":"https:\/\/batijournal.com\/index.php\/wp-json\/wp\/v2\/types\/post"}],"author":[{"embeddable":true,"href":"https:\/\/batijournal.com\/index.php\/wp-json\/wp\/v2\/users\/17"}],"replies":[{"embeddable":true,"href":"https:\/\/batijournal.com\/index.php\/wp-json\/wp\/v2\/comments?post=91032"}],"version-history":[{"count":0,"href":"https:\/\/batijournal.com\/index.php\/wp-json\/wp\/v2\/posts\/91032\/revisions"}],"wp:featuredmedia":[{"embeddable":true,"href":"https:\/\/batijournal.com\/index.php\/wp-json\/wp\/v2\/media\/91033"}],"wp:attachment":[{"href":"https:\/\/batijournal.com\/index.php\/wp-json\/wp\/v2\/media?parent=91032"}],"wp:term":[{"taxonomy":"category","embeddable":true,"href":"https:\/\/batijournal.com\/index.php\/wp-json\/wp\/v2\/categories?post=91032"},{"taxonomy":"post_tag","embeddable":true,"href":"https:\/\/batijournal.com\/index.php\/wp-json\/wp\/v2\/tags?post=91032"}],"curies":[{"name":"wp","href":"https:\/\/api.w.org\/{rel}","templated":true}]}}