{"id":91035,"date":"2016-01-18T09:05:31","date_gmt":"2016-01-18T08:05:31","guid":{"rendered":"http:\/\/batijournal.com\/?p=91035"},"modified":"2019-07-15T12:04:07","modified_gmt":"2019-07-15T10:04:07","slug":"simplification-du-regime-des-autoentrepreneurs-%e2%80%a8la-porte-ouverte-au-travail-illegal-selon-la-ffb","status":"publish","type":"post","link":"https:\/\/batijournal.com\/index.php\/simplification-du-regime-des-autoentrepreneurs-%e2%80%a8la-porte-ouverte-au-travail-illegal-selon-la-ffb\/91035\/","title":{"rendered":"Simplification du r\u00e9gime des autoentrepreneurs\u00a0: \u2028la porte ouverte au travail ill\u00e9gal selon la FFB"},"content":{"rendered":"<p><strong>Le ministre de l\u2019\u00c9conomie a r\u00e9cemment affich\u00e9 sa volont\u00e9 d\u2019assouplir le r\u00e9gime de l\u2019autoentrepreneur. Il est difficilement compr\u00e9hensible que le gouvernement cherche \u00e0 d\u00e9tricoter la loi Pinel de 2014 qui avait commenc\u00e9 \u00e0 r\u00e9\u00e9quilibrer les obligations auxquelles sont soumis les artisans et les autoentrepreneurs.\u00a0<\/strong><\/p>\n<p>Quel mauvais signal pour la confiance des artisans et petites entreprises alors que les premiers signes de la reprise commencent seulement \u00e0 appara\u00eetre. Apr\u00e8s avoir annonc\u00e9 la remise en cause de la qualification dans le cadre du projet de loi NOE, les nouvelles pistes propos\u00e9es par Bercy (suppression du stage de pr\u00e9installation pour les autoentrepreneurs et augmentation des seuils de chiffre d\u2019affaires) auront comme cons\u00e9quences l\u2019augmentation de la concurrence d\u00e9loyale, le d\u00e9veloppement du travail ill\u00e9gal et, au final, une augmentation du ch\u00f4mage contraire aux objectifs annonc\u00e9s.<\/p>\n<p>Les arguments avanc\u00e9s pour justifier ces mesures ne tiennent pas compte de la r\u00e9alit\u00e9, puisque le secteur a connu une croissance continue de la cr\u00e9ation d\u2019entreprise depuis 1996. Par ailleurs, pourquoi augmenter le seuil de chiffre d\u2019affaires des autoentrepreneurs \u00e0 80.000 \u20ac alors que ces derniers d\u00e9clarent en moyenne, aujourd\u2019hui dans le B\u00e2timent, un montant de 8.400 \u20ac\u00a0!<\/p>\n<p>La FFB alerte donc les pouvoirs publics et leur demande de stopper ces projets de r\u00e9formes qui affaibliraient l\u2019artisanat du B\u00e2timent et sa contribution \u00e0 la croissance.<\/p>\n","protected":false},"excerpt":{"rendered":"<p>Le ministre de l\u2019\u00c9conomie a r\u00e9cemment affich\u00e9 sa volont\u00e9 d\u2019assouplir le r\u00e9gime de l\u2019autoentrepreneur. Il est difficilement compr\u00e9hensible que le gouvernement cherche \u00e0 d\u00e9tricoter la loi Pinel de 2014 qui avait commenc\u00e9 \u00e0 r\u00e9\u00e9quilibrer les obligations auxquelles sont soumis les artisans et les autoentrepreneurs.\u00a0 Quel mauvais signal pour la confiance des artisans et petites entreprises [&hellip;]<\/p>\n","protected":false},"author":17,"featured_media":86768,"comment_status":"closed","ping_status":"closed","sticky":false,"template":"","format":"standard","meta":{"_et_pb_use_builder":"","_et_pb_old_content":"","_et_gb_content_width":"","footnotes":""},"categories":[6345],"tags":[373],"class_list":["post-91035","post","type-post","status-publish","format-standard","has-post-thumbnail","hentry","category-economie-marches","tag-ffb"],"yoast_head":"<!-- This site is optimized with the Yoast SEO plugin v27.4 - https:\/\/yoast.com\/product\/yoast-seo-wordpress\/ -->\n<title>Simplification du r\u00e9gime des autoentrepreneurs\u00a0: \u2028la porte ouverte au travail ill\u00e9gal selon la FFB<\/title>\n<meta name=\"robots\" content=\"index, follow, max-snippet:-1, max-image-preview:large, max-video-preview:-1\" \/>\n<link rel=\"canonical\" href=\"https:\/\/batijournal.com\/index.php\/simplification-du-regime-des-autoentrepreneurs-\u2028la-porte-ouverte-au-travail-illegal-selon-la-ffb\/91035\/\" \/>\n<meta property=\"og:locale\" content=\"fr_FR\" \/>\n<meta property=\"og:type\" content=\"article\" \/>\n<meta property=\"og:title\" content=\"Simplification du r\u00e9gime des autoentrepreneurs\u00a0: \u2028la porte ouverte au travail ill\u00e9gal selon la FFB\" \/>\n<meta property=\"og:description\" content=\"Le ministre de l\u2019\u00c9conomie a r\u00e9cemment affich\u00e9 sa volont\u00e9 d\u2019assouplir le r\u00e9gime de l\u2019autoentrepreneur. Il est difficilement compr\u00e9hensible que le gouvernement cherche \u00e0 d\u00e9tricoter la loi Pinel de 2014 qui avait commenc\u00e9 \u00e0 r\u00e9\u00e9quilibrer les obligations auxquelles sont soumis les artisans et les autoentrepreneurs.\u00a0 Quel mauvais signal pour la confiance des artisans et petites entreprises [&hellip;]\" \/>\n<meta property=\"og:url\" content=\"https:\/\/batijournal.com\/index.php\/simplification-du-regime-des-autoentrepreneurs-\u2028la-porte-ouverte-au-travail-illegal-selon-la-ffb\/91035\/\" \/>\n<meta property=\"og:site_name\" content=\"Batijournal\" \/>\n<meta property=\"article:published_time\" content=\"2016-01-18T08:05:31+00:00\" \/>\n<meta property=\"article:modified_time\" content=\"2019-07-15T10:04:07+00:00\" \/>\n<meta property=\"og:image\" content=\"https:\/\/batijournal.com\/wp-content\/uploads\/2015\/04\/98045199.jpg\" \/>\n\t<meta property=\"og:image:width\" content=\"600\" \/>\n\t<meta property=\"og:image:height\" content=\"400\" \/>\n\t<meta property=\"og:image:type\" content=\"image\/jpeg\" \/>\n<meta name=\"author\" content=\"St\u00e9phane Miget\" \/>\n<meta name=\"twitter:card\" content=\"summary_large_image\" \/>\n<meta name=\"twitter:creator\" content=\"@bati_journal\" \/>\n<meta name=\"twitter:site\" content=\"@bati_journal\" \/>\n<meta name=\"twitter:label1\" content=\"\u00c9crit par\" \/>\n\t<meta name=\"twitter:data1\" content=\"St\u00e9phane Miget\" \/>\n\t<meta name=\"twitter:label2\" content=\"Dur\u00e9e de lecture estim\u00e9e\" \/>\n\t<meta name=\"twitter:data2\" content=\"1 minute\" \/>\n<script type=\"application\/ld+json\" class=\"yoast-schema-graph\">{\"@context\":\"https:\\\/\\\/schema.org\",\"@graph\":[{\"@type\":\"Article\",\"@id\":\"https:\\\/\\\/batijournal.com\\\/index.php\\\/simplification-du-regime-des-autoentrepreneurs-%e2%80%a8la-porte-ouverte-au-travail-illegal-selon-la-ffb\\\/91035\\\/#article\",\"isPartOf\":{\"@id\":\"https:\\\/\\\/batijournal.com\\\/index.php\\\/simplification-du-regime-des-autoentrepreneurs-%e2%80%a8la-porte-ouverte-au-travail-illegal-selon-la-ffb\\\/91035\\\/\"},\"author\":{\"name\":\"St\u00e9phane Miget\",\"@id\":\"https:\\\/\\\/batijournal.com\\\/#\\\/schema\\\/person\\\/1dc96ec6957aa1ccb25ebe78bb19f100\"},\"headline\":\"Simplification du r\u00e9gime des autoentrepreneurs\u00a0: \\u2028la porte ouverte au travail ill\u00e9gal selon la FFB\",\"datePublished\":\"2016-01-18T08:05:31+00:00\",\"dateModified\":\"2019-07-15T10:04:07+00:00\",\"mainEntityOfPage\":{\"@id\":\"https:\\\/\\\/batijournal.com\\\/index.php\\\/simplification-du-regime-des-autoentrepreneurs-%e2%80%a8la-porte-ouverte-au-travail-illegal-selon-la-ffb\\\/91035\\\/\"},\"wordCount\":251,\"image\":{\"@id\":\"https:\\\/\\\/batijournal.com\\\/index.php\\\/simplification-du-regime-des-autoentrepreneurs-%e2%80%a8la-porte-ouverte-au-travail-illegal-selon-la-ffb\\\/91035\\\/#primaryimage\"},\"thumbnailUrl\":\"https:\\\/\\\/batijournal.com\\\/wp-content\\\/uploads\\\/2015\\\/04\\\/98045199.jpg\",\"keywords\":[\"ffb\"],\"articleSection\":[\"\u00c9conomie &amp; March\u00e9s\"],\"inLanguage\":\"fr-FR\"},{\"@type\":\"WebPage\",\"@id\":\"https:\\\/\\\/batijournal.com\\\/index.php\\\/simplification-du-regime-des-autoentrepreneurs-%e2%80%a8la-porte-ouverte-au-travail-illegal-selon-la-ffb\\\/91035\\\/\",\"url\":\"https:\\\/\\\/batijournal.com\\\/index.php\\\/simplification-du-regime-des-autoentrepreneurs-%e2%80%a8la-porte-ouverte-au-travail-illegal-selon-la-ffb\\\/91035\\\/\",\"name\":\"Simplification du r\u00e9gime des autoentrepreneurs\u00a0: \\u2028la porte ouverte au travail ill\u00e9gal selon la FFB\",\"isPartOf\":{\"@id\":\"https:\\\/\\\/batijournal.com\\\/#website\"},\"primaryImageOfPage\":{\"@id\":\"https:\\\/\\\/batijournal.com\\\/index.php\\\/simplification-du-regime-des-autoentrepreneurs-%e2%80%a8la-porte-ouverte-au-travail-illegal-selon-la-ffb\\\/91035\\\/#primaryimage\"},\"image\":{\"@id\":\"https:\\\/\\\/batijournal.com\\\/index.php\\\/simplification-du-regime-des-autoentrepreneurs-%e2%80%a8la-porte-ouverte-au-travail-illegal-selon-la-ffb\\\/91035\\\/#primaryimage\"},\"thumbnailUrl\":\"https:\\\/\\\/batijournal.com\\\/wp-content\\\/uploads\\\/2015\\\/04\\\/98045199.jpg\",\"datePublished\":\"2016-01-18T08:05:31+00:00\",\"dateModified\":\"2019-07-15T10:04:07+00:00\",\"author\":{\"@id\":\"https:\\\/\\\/batijournal.com\\\/#\\\/schema\\\/person\\\/1dc96ec6957aa1ccb25ebe78bb19f100\"},\"breadcrumb\":{\"@id\":\"https:\\\/\\\/batijournal.com\\\/index.php\\\/simplification-du-regime-des-autoentrepreneurs-%e2%80%a8la-porte-ouverte-au-travail-illegal-selon-la-ffb\\\/91035\\\/#breadcrumb\"},\"inLanguage\":\"fr-FR\",\"potentialAction\":[{\"@type\":\"ReadAction\",\"target\":[\"https:\\\/\\\/batijournal.com\\\/index.php\\\/simplification-du-regime-des-autoentrepreneurs-%e2%80%a8la-porte-ouverte-au-travail-illegal-selon-la-ffb\\\/91035\\\/\"]}]},{\"@type\":\"ImageObject\",\"inLanguage\":\"fr-FR\",\"@id\":\"https:\\\/\\\/batijournal.com\\\/index.php\\\/simplification-du-regime-des-autoentrepreneurs-%e2%80%a8la-porte-ouverte-au-travail-illegal-selon-la-ffb\\\/91035\\\/#primaryimage\",\"url\":\"https:\\\/\\\/batijournal.com\\\/wp-content\\\/uploads\\\/2015\\\/04\\\/98045199.jpg\",\"contentUrl\":\"https:\\\/\\\/batijournal.com\\\/wp-content\\\/uploads\\\/2015\\\/04\\\/98045199.jpg\",\"width\":600,\"height\":400,\"caption\":\"Photo : Schlierner - Fotolia.com\"},{\"@type\":\"BreadcrumbList\",\"@id\":\"https:\\\/\\\/batijournal.com\\\/index.php\\\/simplification-du-regime-des-autoentrepreneurs-%e2%80%a8la-porte-ouverte-au-travail-illegal-selon-la-ffb\\\/91035\\\/#breadcrumb\",\"itemListElement\":[{\"@type\":\"ListItem\",\"position\":1,\"name\":\"Accueil\",\"item\":\"https:\\\/\\\/batijournal.com\\\/\"},{\"@type\":\"ListItem\",\"position\":2,\"name\":\"Actualit\u00e9s\",\"item\":\"https:\\\/\\\/batijournal.com\\\/index.php\\\/category\\\/actualites\\\/\"},{\"@type\":\"ListItem\",\"position\":3,\"name\":\"\u00c9conomie &amp; March\u00e9s\",\"item\":\"https:\\\/\\\/batijournal.com\\\/index.php\\\/category\\\/actualites\\\/economie-marches\\\/\"},{\"@type\":\"ListItem\",\"position\":4,\"name\":\"Simplification du r\u00e9gime des autoentrepreneurs\u00a0: \\u2028la porte ouverte au travail ill\u00e9gal selon la FFB\"}]},{\"@type\":\"WebSite\",\"@id\":\"https:\\\/\\\/batijournal.com\\\/#website\",\"url\":\"https:\\\/\\\/batijournal.com\\\/\",\"name\":\"Batijournal\",\"description\":\"L&#039;actualit\u00e9 du b\u00e2timent\",\"potentialAction\":[{\"@type\":\"SearchAction\",\"target\":{\"@type\":\"EntryPoint\",\"urlTemplate\":\"https:\\\/\\\/batijournal.com\\\/?s={search_term_string}\"},\"query-input\":{\"@type\":\"PropertyValueSpecification\",\"valueRequired\":true,\"valueName\":\"search_term_string\"}}],\"inLanguage\":\"fr-FR\"},{\"@type\":\"Person\",\"@id\":\"https:\\\/\\\/batijournal.com\\\/#\\\/schema\\\/person\\\/1dc96ec6957aa1ccb25ebe78bb19f100\",\"name\":\"St\u00e9phane Miget\",\"image\":{\"@type\":\"ImageObject\",\"inLanguage\":\"fr-FR\",\"@id\":\"https:\\\/\\\/secure.gravatar.com\\\/avatar\\\/89915563d925342126b8ef0281b93d9d7fc337043e8df017f780908eb9644451?s=96&d=mm&r=g\",\"url\":\"https:\\\/\\\/secure.gravatar.com\\\/avatar\\\/89915563d925342126b8ef0281b93d9d7fc337043e8df017f780908eb9644451?s=96&d=mm&r=g\",\"contentUrl\":\"https:\\\/\\\/secure.gravatar.com\\\/avatar\\\/89915563d925342126b8ef0281b93d9d7fc337043e8df017f780908eb9644451?s=96&d=mm&r=g\",\"caption\":\"St\u00e9phane Miget\"},\"url\":\"https:\\\/\\\/batijournal.com\\\/index.php\\\/author\\\/stephane\\\/\"}]}<\/script>\n<!-- \/ Yoast SEO plugin. -->","yoast_head_json":{"title":"Simplification du r\u00e9gime des autoentrepreneurs\u00a0: \u2028la porte ouverte au travail ill\u00e9gal selon la FFB","robots":{"index":"index","follow":"follow","max-snippet":"max-snippet:-1","max-image-preview":"max-image-preview:large","max-video-preview":"max-video-preview:-1"},"canonical":"https:\/\/batijournal.com\/index.php\/simplification-du-regime-des-autoentrepreneurs-\u2028la-porte-ouverte-au-travail-illegal-selon-la-ffb\/91035\/","og_locale":"fr_FR","og_type":"article","og_title":"Simplification du r\u00e9gime des autoentrepreneurs\u00a0: \u2028la porte ouverte au travail ill\u00e9gal selon la FFB","og_description":"Le ministre de l\u2019\u00c9conomie a r\u00e9cemment affich\u00e9 sa volont\u00e9 d\u2019assouplir le r\u00e9gime de l\u2019autoentrepreneur. Il est difficilement compr\u00e9hensible que le gouvernement cherche \u00e0 d\u00e9tricoter la loi Pinel de 2014 qui avait commenc\u00e9 \u00e0 r\u00e9\u00e9quilibrer les obligations auxquelles sont soumis les artisans et les autoentrepreneurs.\u00a0 Quel mauvais signal pour la confiance des artisans et petites entreprises [&hellip;]","og_url":"https:\/\/batijournal.com\/index.php\/simplification-du-regime-des-autoentrepreneurs-\u2028la-porte-ouverte-au-travail-illegal-selon-la-ffb\/91035\/","og_site_name":"Batijournal","article_published_time":"2016-01-18T08:05:31+00:00","article_modified_time":"2019-07-15T10:04:07+00:00","og_image":[{"width":600,"height":400,"url":"https:\/\/batijournal.com\/wp-content\/uploads\/2015\/04\/98045199.jpg","type":"image\/jpeg"}],"author":"St\u00e9phane Miget","twitter_card":"summary_large_image","twitter_creator":"@bati_journal","twitter_site":"@bati_journal","twitter_misc":{"\u00c9crit par":"St\u00e9phane Miget","Dur\u00e9e de lecture estim\u00e9e":"1 minute"},"schema":{"@context":"https:\/\/schema.org","@graph":[{"@type":"Article","@id":"https:\/\/batijournal.com\/index.php\/simplification-du-regime-des-autoentrepreneurs-%e2%80%a8la-porte-ouverte-au-travail-illegal-selon-la-ffb\/91035\/#article","isPartOf":{"@id":"https:\/\/batijournal.com\/index.php\/simplification-du-regime-des-autoentrepreneurs-%e2%80%a8la-porte-ouverte-au-travail-illegal-selon-la-ffb\/91035\/"},"author":{"name":"St\u00e9phane Miget","@id":"https:\/\/batijournal.com\/#\/schema\/person\/1dc96ec6957aa1ccb25ebe78bb19f100"},"headline":"Simplification du r\u00e9gime des autoentrepreneurs\u00a0: \u2028la porte ouverte au travail ill\u00e9gal selon la FFB","datePublished":"2016-01-18T08:05:31+00:00","dateModified":"2019-07-15T10:04:07+00:00","mainEntityOfPage":{"@id":"https:\/\/batijournal.com\/index.php\/simplification-du-regime-des-autoentrepreneurs-%e2%80%a8la-porte-ouverte-au-travail-illegal-selon-la-ffb\/91035\/"},"wordCount":251,"image":{"@id":"https:\/\/batijournal.com\/index.php\/simplification-du-regime-des-autoentrepreneurs-%e2%80%a8la-porte-ouverte-au-travail-illegal-selon-la-ffb\/91035\/#primaryimage"},"thumbnailUrl":"https:\/\/batijournal.com\/wp-content\/uploads\/2015\/04\/98045199.jpg","keywords":["ffb"],"articleSection":["\u00c9conomie &amp; March\u00e9s"],"inLanguage":"fr-FR"},{"@type":"WebPage","@id":"https:\/\/batijournal.com\/index.php\/simplification-du-regime-des-autoentrepreneurs-%e2%80%a8la-porte-ouverte-au-travail-illegal-selon-la-ffb\/91035\/","url":"https:\/\/batijournal.com\/index.php\/simplification-du-regime-des-autoentrepreneurs-%e2%80%a8la-porte-ouverte-au-travail-illegal-selon-la-ffb\/91035\/","name":"Simplification du r\u00e9gime des autoentrepreneurs\u00a0: \u2028la porte ouverte au travail ill\u00e9gal selon la FFB","isPartOf":{"@id":"https:\/\/batijournal.com\/#website"},"primaryImageOfPage":{"@id":"https:\/\/batijournal.com\/index.php\/simplification-du-regime-des-autoentrepreneurs-%e2%80%a8la-porte-ouverte-au-travail-illegal-selon-la-ffb\/91035\/#primaryimage"},"image":{"@id":"https:\/\/batijournal.com\/index.php\/simplification-du-regime-des-autoentrepreneurs-%e2%80%a8la-porte-ouverte-au-travail-illegal-selon-la-ffb\/91035\/#primaryimage"},"thumbnailUrl":"https:\/\/batijournal.com\/wp-content\/uploads\/2015\/04\/98045199.jpg","datePublished":"2016-01-18T08:05:31+00:00","dateModified":"2019-07-15T10:04:07+00:00","author":{"@id":"https:\/\/batijournal.com\/#\/schema\/person\/1dc96ec6957aa1ccb25ebe78bb19f100"},"breadcrumb":{"@id":"https:\/\/batijournal.com\/index.php\/simplification-du-regime-des-autoentrepreneurs-%e2%80%a8la-porte-ouverte-au-travail-illegal-selon-la-ffb\/91035\/#breadcrumb"},"inLanguage":"fr-FR","potentialAction":[{"@type":"ReadAction","target":["https:\/\/batijournal.com\/index.php\/simplification-du-regime-des-autoentrepreneurs-%e2%80%a8la-porte-ouverte-au-travail-illegal-selon-la-ffb\/91035\/"]}]},{"@type":"ImageObject","inLanguage":"fr-FR","@id":"https:\/\/batijournal.com\/index.php\/simplification-du-regime-des-autoentrepreneurs-%e2%80%a8la-porte-ouverte-au-travail-illegal-selon-la-ffb\/91035\/#primaryimage","url":"https:\/\/batijournal.com\/wp-content\/uploads\/2015\/04\/98045199.jpg","contentUrl":"https:\/\/batijournal.com\/wp-content\/uploads\/2015\/04\/98045199.jpg","width":600,"height":400,"caption":"Photo : Schlierner - Fotolia.com"},{"@type":"BreadcrumbList","@id":"https:\/\/batijournal.com\/index.php\/simplification-du-regime-des-autoentrepreneurs-%e2%80%a8la-porte-ouverte-au-travail-illegal-selon-la-ffb\/91035\/#breadcrumb","itemListElement":[{"@type":"ListItem","position":1,"name":"Accueil","item":"https:\/\/batijournal.com\/"},{"@type":"ListItem","position":2,"name":"Actualit\u00e9s","item":"https:\/\/batijournal.com\/index.php\/category\/actualites\/"},{"@type":"ListItem","position":3,"name":"\u00c9conomie &amp; March\u00e9s","item":"https:\/\/batijournal.com\/index.php\/category\/actualites\/economie-marches\/"},{"@type":"ListItem","position":4,"name":"Simplification du r\u00e9gime des autoentrepreneurs\u00a0: \u2028la porte ouverte au travail ill\u00e9gal selon la FFB"}]},{"@type":"WebSite","@id":"https:\/\/batijournal.com\/#website","url":"https:\/\/batijournal.com\/","name":"Batijournal","description":"L&#039;actualit\u00e9 du b\u00e2timent","potentialAction":[{"@type":"SearchAction","target":{"@type":"EntryPoint","urlTemplate":"https:\/\/batijournal.com\/?s={search_term_string}"},"query-input":{"@type":"PropertyValueSpecification","valueRequired":true,"valueName":"search_term_string"}}],"inLanguage":"fr-FR"},{"@type":"Person","@id":"https:\/\/batijournal.com\/#\/schema\/person\/1dc96ec6957aa1ccb25ebe78bb19f100","name":"St\u00e9phane Miget","image":{"@type":"ImageObject","inLanguage":"fr-FR","@id":"https:\/\/secure.gravatar.com\/avatar\/89915563d925342126b8ef0281b93d9d7fc337043e8df017f780908eb9644451?s=96&d=mm&r=g","url":"https:\/\/secure.gravatar.com\/avatar\/89915563d925342126b8ef0281b93d9d7fc337043e8df017f780908eb9644451?s=96&d=mm&r=g","contentUrl":"https:\/\/secure.gravatar.com\/avatar\/89915563d925342126b8ef0281b93d9d7fc337043e8df017f780908eb9644451?s=96&d=mm&r=g","caption":"St\u00e9phane Miget"},"url":"https:\/\/batijournal.com\/index.php\/author\/stephane\/"}]}},"_links":{"self":[{"href":"https:\/\/batijournal.com\/index.php\/wp-json\/wp\/v2\/posts\/91035","targetHints":{"allow":["GET"]}}],"collection":[{"href":"https:\/\/batijournal.com\/index.php\/wp-json\/wp\/v2\/posts"}],"about":[{"href":"https:\/\/batijournal.com\/index.php\/wp-json\/wp\/v2\/types\/post"}],"author":[{"embeddable":true,"href":"https:\/\/batijournal.com\/index.php\/wp-json\/wp\/v2\/users\/17"}],"replies":[{"embeddable":true,"href":"https:\/\/batijournal.com\/index.php\/wp-json\/wp\/v2\/comments?post=91035"}],"version-history":[{"count":0,"href":"https:\/\/batijournal.com\/index.php\/wp-json\/wp\/v2\/posts\/91035\/revisions"}],"wp:featuredmedia":[{"embeddable":true,"href":"https:\/\/batijournal.com\/index.php\/wp-json\/wp\/v2\/media\/86768"}],"wp:attachment":[{"href":"https:\/\/batijournal.com\/index.php\/wp-json\/wp\/v2\/media?parent=91035"}],"wp:term":[{"taxonomy":"category","embeddable":true,"href":"https:\/\/batijournal.com\/index.php\/wp-json\/wp\/v2\/categories?post=91035"},{"taxonomy":"post_tag","embeddable":true,"href":"https:\/\/batijournal.com\/index.php\/wp-json\/wp\/v2\/tags?post=91035"}],"curies":[{"name":"wp","href":"https:\/\/api.w.org\/{rel}","templated":true}]}}