{"id":91037,"date":"2016-01-19T07:00:23","date_gmt":"2016-01-19T06:00:23","guid":{"rendered":"http:\/\/batijournal.com\/?p=91037"},"modified":"2019-07-15T11:12:56","modified_gmt":"2019-07-15T09:12:56","slug":"pierre-navarra-agence-sona-episode-1-larchitecte-et-lingenieur-sont-totalement-complementaires","status":"publish","type":"post","link":"https:\/\/batijournal.com\/index.php\/pierre-navarra-agence-sona-episode-1-larchitecte-et-lingenieur-sont-totalement-complementaires\/91037\/","title":{"rendered":"Pierre Navarra (Agence Sona), Episode 1 : \u00ab  L\u2019architecte et l\u2019ing\u00e9nieur sont totalement compl\u00e9mentaires \u00bb"},"content":{"rendered":"<p><strong><img loading=\"lazy\" decoding=\"async\" class=\"alignleft size-full wp-image-91044\" src=\"https:\/\/batijournal.com\/wp-content\/uploads\/2016\/01\/pierre-navarra.png\" alt=\"pierre-navarra\" width=\"371\" height=\"313\" srcset=\"https:\/\/batijournal.com\/wp-content\/uploads\/2016\/01\/pierre-navarra.png 371w, https:\/\/batijournal.com\/wp-content\/uploads\/2016\/01\/pierre-navarra-150x127.png 150w, https:\/\/batijournal.com\/wp-content\/uploads\/2016\/01\/pierre-navarra-300x253.png 300w\" sizes=\"(max-width: 371px) 100vw, 371px\" \/>D&rsquo;apr\u00e8s lui, l&rsquo;approche BIM est forc\u00e9ment pluridisciplinaire, le logiciel Revit s&rsquo;av\u00e9rant un outil de conception puissant, efficace et un formidable catalyseur de dialogue \u00e0 tous les stades du projets.<br \/>\n<\/strong><\/p>\n<p><strong>Quelle est votre approche du BIM ?<\/strong><\/p>\n<p>Pluridisciplinaire de par nos parcours, je suis ing\u00e9nieur en micro\u00e9lectronique de formation et Emmanuel Sorin, mon associ\u00e9, est architecte. Nous sommes compl\u00e9mentaires et tentons de mettre nos comp\u00e9tences en commun. Emmanuel est plus dans l\u2019\u00e9change avec la ma\u00eetrise d\u2019ouvrage et s&rsquo;occupe de la partie projet sur le plan technique et \u00e9conomique. De mon c\u00f4t\u00e9 je m&rsquo;occupe de la partie BIM li\u00e9e au dessin, je valide les donn\u00e9es, j\u2019\u00e9labore les outils et m\u00e9thodes pour mettre en \u0153uvre les projets. Dans notre approche conjointe, nous r\u00e9interrogeons en permanence le projet et l&rsquo;outil informatique. Mais nous essayons le plus possible de d\u00e9border sur la sp\u00e9cialit\u00e9 de l\u2019un et de l\u2019autre car cela nous permet d\u2019\u00eatre en constante remise en question et ainsi, de progresser.<\/p>\n<p><strong>Que repr\u00e9sente le BIM ?\u00a0<\/strong><\/p>\n<p>M\u00eame si le temps pass\u00e9 sur les petits projets semble parfois important nous traitons tous les projets en BIM. Depuis fin 2014, nous en avons r\u00e9alis\u00e9 une dizaine. Il y a un r\u00e9el int\u00e9r\u00eat \u00e0 mod\u00e9liser en 3D \u00a0les b\u00e2timents anciens car cela permet \u00e0 l\u2019ensemble d\u2019une \u00e9quipe de ma\u00eetrise d\u2019\u0153uvre de mieux visualiser et appr\u00e9hender l\u2019ensemble d\u2019un projet. Les projets sont plus pr\u00e9cis, on ma\u00eetrise mieux les co\u00fbts et les d\u00e9lais. Le BIM est une opportunit\u00e9 pour l\u2019architecte car il \u00e9largit son p\u00e9rim\u00e8tre d\u2019intervention. Pour les maitres d\u2019ouvrage c\u2019est un moyen d\u2019optimiser leurs choix. En g\u00e9n\u00e9ral, ils sont impressionn\u00e9s par les images en 3D (vue \u00e9clat\u00e9e, rendu sur coupe, etc.), les possibilit\u00e9s propos\u00e9es par l\u2019outil (export des donn\u00e9es, visualisation des quantit\u00e9s, pr\u00e9cision du nuage de points, etc.). Ils sont rassur\u00e9s par la pr\u00e9cision du co\u00fbt estimatif propos\u00e9 par l\u2019\u00e9conomiste. L\u2019autre avantage du\u00a0 BIM c\u2019est qu\u2019il permet aux acteurs d\u2019un projet de travailler de mani\u00e8re collaborative. C\u2019est un formidable catalyseur de dialogue \u00e0 tous les stades du projet (diagnostic, projet, DOE). C\u2019est important car la cr\u00e9ativit\u00e9 na\u00eet avant tout du dialogue.<\/p>\n<p><strong>Quelles sont ses contraintes ?\u00a0<\/strong><\/p>\n<p>La d\u00e9marche n\u00e9cessite plus de temps au niveau des \u00e9tudes pr\u00e9alables car il faut mettre en place la maquette et adapter constamment le gabarit \u00e0 chaque projet mais on r\u00e9duit fortement le nombre de modifications en phase de projet. Il y a donc un basculement en termes de temps pass\u00e9 sur lequel personne n&rsquo;a vraiment de recul. On peut n\u00e9anmoins affirmer que le surco\u00fbt g\u00e9n\u00e9r\u00e9 en phase amont est facilement r\u00e9cup\u00e9r\u00e9 par la suite.<\/p>\n<p><em><b>\u00a0\u00ab\u00a0<\/b><\/em><em><b>Conna\u00eetre l\u2019outil permet de lib\u00e9rer la main qui le tient\u00a0\u00bb\u00a0<\/b><\/em><\/p>\n<p><strong>Cr\u00e9\u00e9e en 2014 par Emmanuel Sorin et Pierre Navarra, l&rsquo;agence nantaise Sona pratique une approche qui allie cr\u00e9ativit\u00e9 et technique \u00ab\u00a0parce que conna\u00eetre l&rsquo;outil permet de lib\u00e9rer la main qui le tient\u00a0\u00bb. Elle travaille sur des projets de maisons individuelles, am\u00e9nagement, r\u00e9habilitation de b\u00e2timents publics, b\u00e2timents priv\u00e9s (restaurants, projets modulaires \u00e0 base de containers, etc)<\/strong><\/p>\n<p><a href=\"http:\/\/www.sona-architecture.com\/\" target=\"_blank\" rel=\"noopener noreferrer\">www.sona-architecture.com<\/a><\/p>\n<p><a href=\"http:\/\/www.autodesk.fr\" target=\"_blank\" rel=\"noopener noreferrer\"><img loading=\"lazy\" decoding=\"async\" src=\"https:\/\/batijournal.com\/wp-content\/uploads\/2016\/01\/autodesk_header_logo_140x23.png\" alt=\"autodesk_header_logo_140x23\" width=\"140\" height=\"23\" \/><\/a><\/p>\n<p><b>Publi-reportage propos\u00e9 par Autodesk<\/b><\/p>\n","protected":false},"excerpt":{"rendered":"<p>D&rsquo;apr\u00e8s lui, l&rsquo;approche BIM est forc\u00e9ment pluridisciplinaire, le logiciel Revit s&rsquo;av\u00e9rant un outil de conception puissant, efficace et un formidable catalyseur de dialogue \u00e0 tous les stades du projets. Quelle est votre approche du BIM ? Pluridisciplinaire de par nos parcours, je suis ing\u00e9nieur en micro\u00e9lectronique de formation et Emmanuel Sorin, mon associ\u00e9, est architecte. [&hellip;]<\/p>\n","protected":false},"author":1,"featured_media":91045,"comment_status":"closed","ping_status":"closed","sticky":false,"template":"","format":"standard","meta":{"_et_pb_use_builder":"","_et_pb_old_content":"","_et_gb_content_width":"","footnotes":""},"categories":[6340,11286,10903],"tags":[5841],"class_list":["post-91037","post","type-post","status-publish","format-standard","has-post-thumbnail","hentry","category-architecture-conception","category-bim-autodesk","category-publi-info","tag-bim"],"yoast_head":"<!-- This site is optimized with the Yoast SEO plugin v27.4 - https:\/\/yoast.com\/product\/yoast-seo-wordpress\/ -->\n<title>Pierre Navarra (Agence Sona), Episode 1 : \u00ab L\u2019architecte et l\u2019ing\u00e9nieur sont totalement compl\u00e9mentaires \u00bb<\/title>\n<meta name=\"robots\" content=\"index, follow, max-snippet:-1, max-image-preview:large, max-video-preview:-1\" \/>\n<link rel=\"canonical\" href=\"https:\/\/batijournal.com\/index.php\/pierre-navarra-agence-sona-episode-1-larchitecte-et-lingenieur-sont-totalement-complementaires\/91037\/\" \/>\n<meta property=\"og:locale\" content=\"fr_FR\" \/>\n<meta property=\"og:type\" content=\"article\" \/>\n<meta property=\"og:title\" content=\"Pierre Navarra (Agence Sona), Episode 1 : \u00ab L\u2019architecte et l\u2019ing\u00e9nieur sont totalement compl\u00e9mentaires \u00bb\" \/>\n<meta property=\"og:description\" content=\"D&rsquo;apr\u00e8s lui, l&rsquo;approche BIM est forc\u00e9ment pluridisciplinaire, le logiciel Revit s&rsquo;av\u00e9rant un outil de conception puissant, efficace et un formidable catalyseur de dialogue \u00e0 tous les stades du projets. Quelle est votre approche du BIM ? Pluridisciplinaire de par nos parcours, je suis ing\u00e9nieur en micro\u00e9lectronique de formation et Emmanuel Sorin, mon associ\u00e9, est architecte. [&hellip;]\" \/>\n<meta property=\"og:url\" content=\"https:\/\/batijournal.com\/index.php\/pierre-navarra-agence-sona-episode-1-larchitecte-et-lingenieur-sont-totalement-complementaires\/91037\/\" \/>\n<meta property=\"og:site_name\" content=\"Batijournal\" \/>\n<meta property=\"article:published_time\" content=\"2016-01-19T06:00:23+00:00\" \/>\n<meta property=\"article:modified_time\" content=\"2019-07-15T09:12:56+00:00\" \/>\n<meta property=\"og:image\" content=\"https:\/\/batijournal.com\/wp-content\/uploads\/2016\/01\/AUVOURS-Cas-des-combles.png\" \/>\n\t<meta property=\"og:image:width\" content=\"700\" \/>\n\t<meta property=\"og:image:height\" content=\"513\" \/>\n\t<meta property=\"og:image:type\" content=\"image\/png\" \/>\n<meta name=\"author\" content=\"Bati-journal\" \/>\n<meta name=\"twitter:card\" content=\"summary_large_image\" \/>\n<meta name=\"twitter:creator\" content=\"@bati_journal\" \/>\n<meta name=\"twitter:site\" content=\"@bati_journal\" \/>\n<meta name=\"twitter:label1\" content=\"\u00c9crit par\" \/>\n\t<meta name=\"twitter:data1\" content=\"Bati-journal\" \/>\n\t<meta name=\"twitter:label2\" content=\"Dur\u00e9e de lecture estim\u00e9e\" \/>\n\t<meta name=\"twitter:data2\" content=\"3 minutes\" \/>\n<script type=\"application\/ld+json\" class=\"yoast-schema-graph\">{\"@context\":\"https:\\\/\\\/schema.org\",\"@graph\":[{\"@type\":\"Article\",\"@id\":\"https:\\\/\\\/batijournal.com\\\/index.php\\\/pierre-navarra-agence-sona-episode-1-larchitecte-et-lingenieur-sont-totalement-complementaires\\\/91037\\\/#article\",\"isPartOf\":{\"@id\":\"https:\\\/\\\/batijournal.com\\\/index.php\\\/pierre-navarra-agence-sona-episode-1-larchitecte-et-lingenieur-sont-totalement-complementaires\\\/91037\\\/\"},\"author\":{\"name\":\"Bati-journal\",\"@id\":\"https:\\\/\\\/batijournal.com\\\/#\\\/schema\\\/person\\\/6a657e8967569e1b299972574848aa76\"},\"headline\":\"Pierre Navarra (Agence Sona), Episode 1 : \u00ab L\u2019architecte et l\u2019ing\u00e9nieur sont totalement compl\u00e9mentaires \u00bb\",\"datePublished\":\"2016-01-19T06:00:23+00:00\",\"dateModified\":\"2019-07-15T09:12:56+00:00\",\"mainEntityOfPage\":{\"@id\":\"https:\\\/\\\/batijournal.com\\\/index.php\\\/pierre-navarra-agence-sona-episode-1-larchitecte-et-lingenieur-sont-totalement-complementaires\\\/91037\\\/\"},\"wordCount\":599,\"image\":{\"@id\":\"https:\\\/\\\/batijournal.com\\\/index.php\\\/pierre-navarra-agence-sona-episode-1-larchitecte-et-lingenieur-sont-totalement-complementaires\\\/91037\\\/#primaryimage\"},\"thumbnailUrl\":\"https:\\\/\\\/batijournal.com\\\/wp-content\\\/uploads\\\/2016\\\/01\\\/AUVOURS-Cas-des-combles.png\",\"keywords\":[\"BIM\"],\"articleSection\":[\"Architecture &amp; Conception\",\"BIM-autodesk\",\"Publi-info\"],\"inLanguage\":\"fr-FR\"},{\"@type\":\"WebPage\",\"@id\":\"https:\\\/\\\/batijournal.com\\\/index.php\\\/pierre-navarra-agence-sona-episode-1-larchitecte-et-lingenieur-sont-totalement-complementaires\\\/91037\\\/\",\"url\":\"https:\\\/\\\/batijournal.com\\\/index.php\\\/pierre-navarra-agence-sona-episode-1-larchitecte-et-lingenieur-sont-totalement-complementaires\\\/91037\\\/\",\"name\":\"Pierre Navarra (Agence Sona), Episode 1 : \u00ab L\u2019architecte et l\u2019ing\u00e9nieur sont totalement compl\u00e9mentaires \u00bb\",\"isPartOf\":{\"@id\":\"https:\\\/\\\/batijournal.com\\\/#website\"},\"primaryImageOfPage\":{\"@id\":\"https:\\\/\\\/batijournal.com\\\/index.php\\\/pierre-navarra-agence-sona-episode-1-larchitecte-et-lingenieur-sont-totalement-complementaires\\\/91037\\\/#primaryimage\"},\"image\":{\"@id\":\"https:\\\/\\\/batijournal.com\\\/index.php\\\/pierre-navarra-agence-sona-episode-1-larchitecte-et-lingenieur-sont-totalement-complementaires\\\/91037\\\/#primaryimage\"},\"thumbnailUrl\":\"https:\\\/\\\/batijournal.com\\\/wp-content\\\/uploads\\\/2016\\\/01\\\/AUVOURS-Cas-des-combles.png\",\"datePublished\":\"2016-01-19T06:00:23+00:00\",\"dateModified\":\"2019-07-15T09:12:56+00:00\",\"author\":{\"@id\":\"https:\\\/\\\/batijournal.com\\\/#\\\/schema\\\/person\\\/6a657e8967569e1b299972574848aa76\"},\"breadcrumb\":{\"@id\":\"https:\\\/\\\/batijournal.com\\\/index.php\\\/pierre-navarra-agence-sona-episode-1-larchitecte-et-lingenieur-sont-totalement-complementaires\\\/91037\\\/#breadcrumb\"},\"inLanguage\":\"fr-FR\",\"potentialAction\":[{\"@type\":\"ReadAction\",\"target\":[\"https:\\\/\\\/batijournal.com\\\/index.php\\\/pierre-navarra-agence-sona-episode-1-larchitecte-et-lingenieur-sont-totalement-complementaires\\\/91037\\\/\"]}]},{\"@type\":\"ImageObject\",\"inLanguage\":\"fr-FR\",\"@id\":\"https:\\\/\\\/batijournal.com\\\/index.php\\\/pierre-navarra-agence-sona-episode-1-larchitecte-et-lingenieur-sont-totalement-complementaires\\\/91037\\\/#primaryimage\",\"url\":\"https:\\\/\\\/batijournal.com\\\/wp-content\\\/uploads\\\/2016\\\/01\\\/AUVOURS-Cas-des-combles.png\",\"contentUrl\":\"https:\\\/\\\/batijournal.com\\\/wp-content\\\/uploads\\\/2016\\\/01\\\/AUVOURS-Cas-des-combles.png\",\"width\":700,\"height\":513},{\"@type\":\"BreadcrumbList\",\"@id\":\"https:\\\/\\\/batijournal.com\\\/index.php\\\/pierre-navarra-agence-sona-episode-1-larchitecte-et-lingenieur-sont-totalement-complementaires\\\/91037\\\/#breadcrumb\",\"itemListElement\":[{\"@type\":\"ListItem\",\"position\":1,\"name\":\"Accueil\",\"item\":\"https:\\\/\\\/batijournal.com\\\/\"},{\"@type\":\"ListItem\",\"position\":2,\"name\":\"Publi-info\",\"item\":\"https:\\\/\\\/batijournal.com\\\/index.php\\\/category\\\/publi-info\\\/\"},{\"@type\":\"ListItem\",\"position\":3,\"name\":\"BIM-autodesk\",\"item\":\"https:\\\/\\\/batijournal.com\\\/index.php\\\/category\\\/publi-info\\\/bim-autodesk\\\/\"},{\"@type\":\"ListItem\",\"position\":4,\"name\":\"Pierre Navarra (Agence Sona), Episode 1 : \u00ab L\u2019architecte et l\u2019ing\u00e9nieur sont totalement compl\u00e9mentaires \u00bb\"}]},{\"@type\":\"WebSite\",\"@id\":\"https:\\\/\\\/batijournal.com\\\/#website\",\"url\":\"https:\\\/\\\/batijournal.com\\\/\",\"name\":\"Batijournal\",\"description\":\"L&#039;actualit\u00e9 du b\u00e2timent\",\"potentialAction\":[{\"@type\":\"SearchAction\",\"target\":{\"@type\":\"EntryPoint\",\"urlTemplate\":\"https:\\\/\\\/batijournal.com\\\/?s={search_term_string}\"},\"query-input\":{\"@type\":\"PropertyValueSpecification\",\"valueRequired\":true,\"valueName\":\"search_term_string\"}}],\"inLanguage\":\"fr-FR\"},{\"@type\":\"Person\",\"@id\":\"https:\\\/\\\/batijournal.com\\\/#\\\/schema\\\/person\\\/6a657e8967569e1b299972574848aa76\",\"name\":\"Bati-journal\",\"image\":{\"@type\":\"ImageObject\",\"inLanguage\":\"fr-FR\",\"@id\":\"https:\\\/\\\/secure.gravatar.com\\\/avatar\\\/a64364ea26392f9b4dd47e017ddaec74ff03aefc073b49e492e847201258f777?s=96&d=mm&r=g\",\"url\":\"https:\\\/\\\/secure.gravatar.com\\\/avatar\\\/a64364ea26392f9b4dd47e017ddaec74ff03aefc073b49e492e847201258f777?s=96&d=mm&r=g\",\"contentUrl\":\"https:\\\/\\\/secure.gravatar.com\\\/avatar\\\/a64364ea26392f9b4dd47e017ddaec74ff03aefc073b49e492e847201258f777?s=96&d=mm&r=g\",\"caption\":\"Bati-journal\"},\"url\":\"https:\\\/\\\/batijournal.com\\\/index.php\\\/author\\\/elodie\\\/\"}]}<\/script>\n<!-- \/ Yoast SEO plugin. -->","yoast_head_json":{"title":"Pierre Navarra (Agence Sona), Episode 1 : \u00ab L\u2019architecte et l\u2019ing\u00e9nieur sont totalement compl\u00e9mentaires \u00bb","robots":{"index":"index","follow":"follow","max-snippet":"max-snippet:-1","max-image-preview":"max-image-preview:large","max-video-preview":"max-video-preview:-1"},"canonical":"https:\/\/batijournal.com\/index.php\/pierre-navarra-agence-sona-episode-1-larchitecte-et-lingenieur-sont-totalement-complementaires\/91037\/","og_locale":"fr_FR","og_type":"article","og_title":"Pierre Navarra (Agence Sona), Episode 1 : \u00ab L\u2019architecte et l\u2019ing\u00e9nieur sont totalement compl\u00e9mentaires \u00bb","og_description":"D&rsquo;apr\u00e8s lui, l&rsquo;approche BIM est forc\u00e9ment pluridisciplinaire, le logiciel Revit s&rsquo;av\u00e9rant un outil de conception puissant, efficace et un formidable catalyseur de dialogue \u00e0 tous les stades du projets. Quelle est votre approche du BIM ? Pluridisciplinaire de par nos parcours, je suis ing\u00e9nieur en micro\u00e9lectronique de formation et Emmanuel Sorin, mon associ\u00e9, est architecte. [&hellip;]","og_url":"https:\/\/batijournal.com\/index.php\/pierre-navarra-agence-sona-episode-1-larchitecte-et-lingenieur-sont-totalement-complementaires\/91037\/","og_site_name":"Batijournal","article_published_time":"2016-01-19T06:00:23+00:00","article_modified_time":"2019-07-15T09:12:56+00:00","og_image":[{"width":700,"height":513,"url":"https:\/\/batijournal.com\/wp-content\/uploads\/2016\/01\/AUVOURS-Cas-des-combles.png","type":"image\/png"}],"author":"Bati-journal","twitter_card":"summary_large_image","twitter_creator":"@bati_journal","twitter_site":"@bati_journal","twitter_misc":{"\u00c9crit par":"Bati-journal","Dur\u00e9e de lecture estim\u00e9e":"3 minutes"},"schema":{"@context":"https:\/\/schema.org","@graph":[{"@type":"Article","@id":"https:\/\/batijournal.com\/index.php\/pierre-navarra-agence-sona-episode-1-larchitecte-et-lingenieur-sont-totalement-complementaires\/91037\/#article","isPartOf":{"@id":"https:\/\/batijournal.com\/index.php\/pierre-navarra-agence-sona-episode-1-larchitecte-et-lingenieur-sont-totalement-complementaires\/91037\/"},"author":{"name":"Bati-journal","@id":"https:\/\/batijournal.com\/#\/schema\/person\/6a657e8967569e1b299972574848aa76"},"headline":"Pierre Navarra (Agence Sona), Episode 1 : \u00ab L\u2019architecte et l\u2019ing\u00e9nieur sont totalement compl\u00e9mentaires \u00bb","datePublished":"2016-01-19T06:00:23+00:00","dateModified":"2019-07-15T09:12:56+00:00","mainEntityOfPage":{"@id":"https:\/\/batijournal.com\/index.php\/pierre-navarra-agence-sona-episode-1-larchitecte-et-lingenieur-sont-totalement-complementaires\/91037\/"},"wordCount":599,"image":{"@id":"https:\/\/batijournal.com\/index.php\/pierre-navarra-agence-sona-episode-1-larchitecte-et-lingenieur-sont-totalement-complementaires\/91037\/#primaryimage"},"thumbnailUrl":"https:\/\/batijournal.com\/wp-content\/uploads\/2016\/01\/AUVOURS-Cas-des-combles.png","keywords":["BIM"],"articleSection":["Architecture &amp; Conception","BIM-autodesk","Publi-info"],"inLanguage":"fr-FR"},{"@type":"WebPage","@id":"https:\/\/batijournal.com\/index.php\/pierre-navarra-agence-sona-episode-1-larchitecte-et-lingenieur-sont-totalement-complementaires\/91037\/","url":"https:\/\/batijournal.com\/index.php\/pierre-navarra-agence-sona-episode-1-larchitecte-et-lingenieur-sont-totalement-complementaires\/91037\/","name":"Pierre Navarra (Agence Sona), Episode 1 : \u00ab L\u2019architecte et l\u2019ing\u00e9nieur sont totalement compl\u00e9mentaires \u00bb","isPartOf":{"@id":"https:\/\/batijournal.com\/#website"},"primaryImageOfPage":{"@id":"https:\/\/batijournal.com\/index.php\/pierre-navarra-agence-sona-episode-1-larchitecte-et-lingenieur-sont-totalement-complementaires\/91037\/#primaryimage"},"image":{"@id":"https:\/\/batijournal.com\/index.php\/pierre-navarra-agence-sona-episode-1-larchitecte-et-lingenieur-sont-totalement-complementaires\/91037\/#primaryimage"},"thumbnailUrl":"https:\/\/batijournal.com\/wp-content\/uploads\/2016\/01\/AUVOURS-Cas-des-combles.png","datePublished":"2016-01-19T06:00:23+00:00","dateModified":"2019-07-15T09:12:56+00:00","author":{"@id":"https:\/\/batijournal.com\/#\/schema\/person\/6a657e8967569e1b299972574848aa76"},"breadcrumb":{"@id":"https:\/\/batijournal.com\/index.php\/pierre-navarra-agence-sona-episode-1-larchitecte-et-lingenieur-sont-totalement-complementaires\/91037\/#breadcrumb"},"inLanguage":"fr-FR","potentialAction":[{"@type":"ReadAction","target":["https:\/\/batijournal.com\/index.php\/pierre-navarra-agence-sona-episode-1-larchitecte-et-lingenieur-sont-totalement-complementaires\/91037\/"]}]},{"@type":"ImageObject","inLanguage":"fr-FR","@id":"https:\/\/batijournal.com\/index.php\/pierre-navarra-agence-sona-episode-1-larchitecte-et-lingenieur-sont-totalement-complementaires\/91037\/#primaryimage","url":"https:\/\/batijournal.com\/wp-content\/uploads\/2016\/01\/AUVOURS-Cas-des-combles.png","contentUrl":"https:\/\/batijournal.com\/wp-content\/uploads\/2016\/01\/AUVOURS-Cas-des-combles.png","width":700,"height":513},{"@type":"BreadcrumbList","@id":"https:\/\/batijournal.com\/index.php\/pierre-navarra-agence-sona-episode-1-larchitecte-et-lingenieur-sont-totalement-complementaires\/91037\/#breadcrumb","itemListElement":[{"@type":"ListItem","position":1,"name":"Accueil","item":"https:\/\/batijournal.com\/"},{"@type":"ListItem","position":2,"name":"Publi-info","item":"https:\/\/batijournal.com\/index.php\/category\/publi-info\/"},{"@type":"ListItem","position":3,"name":"BIM-autodesk","item":"https:\/\/batijournal.com\/index.php\/category\/publi-info\/bim-autodesk\/"},{"@type":"ListItem","position":4,"name":"Pierre Navarra (Agence Sona), Episode 1 : \u00ab L\u2019architecte et l\u2019ing\u00e9nieur sont totalement compl\u00e9mentaires \u00bb"}]},{"@type":"WebSite","@id":"https:\/\/batijournal.com\/#website","url":"https:\/\/batijournal.com\/","name":"Batijournal","description":"L&#039;actualit\u00e9 du b\u00e2timent","potentialAction":[{"@type":"SearchAction","target":{"@type":"EntryPoint","urlTemplate":"https:\/\/batijournal.com\/?s={search_term_string}"},"query-input":{"@type":"PropertyValueSpecification","valueRequired":true,"valueName":"search_term_string"}}],"inLanguage":"fr-FR"},{"@type":"Person","@id":"https:\/\/batijournal.com\/#\/schema\/person\/6a657e8967569e1b299972574848aa76","name":"Bati-journal","image":{"@type":"ImageObject","inLanguage":"fr-FR","@id":"https:\/\/secure.gravatar.com\/avatar\/a64364ea26392f9b4dd47e017ddaec74ff03aefc073b49e492e847201258f777?s=96&d=mm&r=g","url":"https:\/\/secure.gravatar.com\/avatar\/a64364ea26392f9b4dd47e017ddaec74ff03aefc073b49e492e847201258f777?s=96&d=mm&r=g","contentUrl":"https:\/\/secure.gravatar.com\/avatar\/a64364ea26392f9b4dd47e017ddaec74ff03aefc073b49e492e847201258f777?s=96&d=mm&r=g","caption":"Bati-journal"},"url":"https:\/\/batijournal.com\/index.php\/author\/elodie\/"}]}},"_links":{"self":[{"href":"https:\/\/batijournal.com\/index.php\/wp-json\/wp\/v2\/posts\/91037","targetHints":{"allow":["GET"]}}],"collection":[{"href":"https:\/\/batijournal.com\/index.php\/wp-json\/wp\/v2\/posts"}],"about":[{"href":"https:\/\/batijournal.com\/index.php\/wp-json\/wp\/v2\/types\/post"}],"author":[{"embeddable":true,"href":"https:\/\/batijournal.com\/index.php\/wp-json\/wp\/v2\/users\/1"}],"replies":[{"embeddable":true,"href":"https:\/\/batijournal.com\/index.php\/wp-json\/wp\/v2\/comments?post=91037"}],"version-history":[{"count":0,"href":"https:\/\/batijournal.com\/index.php\/wp-json\/wp\/v2\/posts\/91037\/revisions"}],"wp:featuredmedia":[{"embeddable":true,"href":"https:\/\/batijournal.com\/index.php\/wp-json\/wp\/v2\/media\/91045"}],"wp:attachment":[{"href":"https:\/\/batijournal.com\/index.php\/wp-json\/wp\/v2\/media?parent=91037"}],"wp:term":[{"taxonomy":"category","embeddable":true,"href":"https:\/\/batijournal.com\/index.php\/wp-json\/wp\/v2\/categories?post=91037"},{"taxonomy":"post_tag","embeddable":true,"href":"https:\/\/batijournal.com\/index.php\/wp-json\/wp\/v2\/tags?post=91037"}],"curies":[{"name":"wp","href":"https:\/\/api.w.org\/{rel}","templated":true}]}}