{"id":91108,"date":"2016-01-21T09:41:38","date_gmt":"2016-01-21T08:41:38","guid":{"rendered":"http:\/\/batijournal.com\/?p=91108"},"modified":"2019-07-15T12:04:07","modified_gmt":"2019-07-15T10:04:07","slug":"visale-pour-securiser-les-loyers-dans-le-parc-prive","status":"publish","type":"post","link":"https:\/\/batijournal.com\/index.php\/visale-pour-securiser-les-loyers-dans-le-parc-prive\/91108\/","title":{"rendered":"Visale pour s\u00e9curiser les loyers dans le parc priv\u00e9"},"content":{"rendered":"<p><strong>Sylvia Pinel, ministre du Logement, Michel Sapin, ministre des Finances et des Comptes publics, Jacques Chanut, pr\u00e9sident d\u2019Action Logement et Jean-Jacques Denizard, pr\u00e9sident de l\u2019APAGL, ont annonc\u00e9 le lancement de Visale, le nouveau dispositif d\u2019Action Logement pour s\u00e9curiser les loyers dans le parc priv\u00e9.<\/strong><\/p>\n<p>Visale est un nouveau service en ligne de cautionnement des loyers du parc priv\u00e9, totalement gratuit. Il garantira aux bailleurs du parc priv\u00e9 le paiement des loyers impay\u00e9s durant les 3 premi\u00e8res ann\u00e9es du bail. Financ\u00e9 et g\u00e9r\u00e9 par Action Logement \u00e0 hauteur de 130 millions d\u2019euros, le dispositif concerne tous les salari\u00e9s pr\u00e9caires du secteur priv\u00e9 (CDD, sous promesse d\u2019embauche, CDI en p\u00e9riode d\u2019essai, int\u00e9rimaires, intermittents, apprentis, contrats aid\u00e9s\u2026), d\u00e8s lors que l\u2019entr\u00e9e dans l\u2019emploi et dans le logement s\u2019effectuent dans des d\u00e9lais rapproch\u00e9s ; les jeunes salari\u00e9s de moins de 30 ans, en CDD ou CDI, sous certaines conditions d\u00e9rogatoires par rapport aux autres publics de Visale et les m\u00e9nages accompagn\u00e9s dans le cadre d\u2019une interm\u00e9diation locative, salari\u00e9s ou non.<\/p>\n","protected":false},"excerpt":{"rendered":"<p>Sylvia Pinel, ministre du Logement, Michel Sapin, ministre des Finances et des Comptes publics, Jacques Chanut, pr\u00e9sident d\u2019Action Logement et Jean-Jacques Denizard, pr\u00e9sident de l\u2019APAGL, ont annonc\u00e9 le lancement de Visale, le nouveau dispositif d\u2019Action Logement pour s\u00e9curiser les loyers dans le parc priv\u00e9. Visale est un nouveau service en ligne de cautionnement des loyers [&hellip;]<\/p>\n","protected":false},"author":17,"featured_media":86744,"comment_status":"closed","ping_status":"closed","sticky":false,"template":"","format":"standard","meta":{"_et_pb_use_builder":"","_et_pb_old_content":"","_et_gb_content_width":"","footnotes":""},"categories":[6345],"tags":[1290,7117,3098,6191],"class_list":["post-91108","post","type-post","status-publish","format-standard","has-post-thumbnail","hentry","category-economie-marches","tag-hlm","tag-locataire","tag-location","tag-logements-sociaux"],"yoast_head":"<!-- This site is optimized with the Yoast SEO plugin v27.4 - https:\/\/yoast.com\/product\/yoast-seo-wordpress\/ -->\n<title>Visale pour s\u00e9curiser les loyers dans le parc priv\u00e9<\/title>\n<meta name=\"robots\" content=\"index, follow, max-snippet:-1, max-image-preview:large, max-video-preview:-1\" \/>\n<link rel=\"canonical\" href=\"https:\/\/batijournal.com\/index.php\/visale-pour-securiser-les-loyers-dans-le-parc-prive\/91108\/\" \/>\n<meta property=\"og:locale\" content=\"fr_FR\" \/>\n<meta property=\"og:type\" content=\"article\" \/>\n<meta property=\"og:title\" content=\"Visale pour s\u00e9curiser les loyers dans le parc priv\u00e9\" \/>\n<meta property=\"og:description\" content=\"Sylvia Pinel, ministre du Logement, Michel Sapin, ministre des Finances et des Comptes publics, Jacques Chanut, pr\u00e9sident d\u2019Action Logement et Jean-Jacques Denizard, pr\u00e9sident de l\u2019APAGL, ont annonc\u00e9 le lancement de Visale, le nouveau dispositif d\u2019Action Logement pour s\u00e9curiser les loyers dans le parc priv\u00e9. Visale est un nouveau service en ligne de cautionnement des loyers [&hellip;]\" \/>\n<meta property=\"og:url\" content=\"https:\/\/batijournal.com\/index.php\/visale-pour-securiser-les-loyers-dans-le-parc-prive\/91108\/\" \/>\n<meta property=\"og:site_name\" content=\"Batijournal\" \/>\n<meta property=\"article:published_time\" content=\"2016-01-21T08:41:38+00:00\" \/>\n<meta property=\"article:modified_time\" content=\"2019-07-15T10:04:07+00:00\" \/>\n<meta property=\"og:image\" content=\"https:\/\/batijournal.com\/wp-content\/uploads\/2015\/04\/97978563.jpg\" \/>\n\t<meta property=\"og:image:width\" content=\"599\" \/>\n\t<meta property=\"og:image:height\" content=\"486\" \/>\n\t<meta property=\"og:image:type\" content=\"image\/jpeg\" \/>\n<meta name=\"author\" content=\"St\u00e9phane Miget\" \/>\n<meta name=\"twitter:card\" content=\"summary_large_image\" \/>\n<meta name=\"twitter:creator\" content=\"@bati_journal\" \/>\n<meta name=\"twitter:site\" content=\"@bati_journal\" \/>\n<meta name=\"twitter:label1\" content=\"\u00c9crit par\" \/>\n\t<meta name=\"twitter:data1\" content=\"St\u00e9phane Miget\" \/>\n\t<meta name=\"twitter:label2\" content=\"Dur\u00e9e de lecture estim\u00e9e\" \/>\n\t<meta name=\"twitter:data2\" content=\"1 minute\" \/>\n<script type=\"application\/ld+json\" class=\"yoast-schema-graph\">{\"@context\":\"https:\\\/\\\/schema.org\",\"@graph\":[{\"@type\":\"Article\",\"@id\":\"https:\\\/\\\/batijournal.com\\\/index.php\\\/visale-pour-securiser-les-loyers-dans-le-parc-prive\\\/91108\\\/#article\",\"isPartOf\":{\"@id\":\"https:\\\/\\\/batijournal.com\\\/index.php\\\/visale-pour-securiser-les-loyers-dans-le-parc-prive\\\/91108\\\/\"},\"author\":{\"name\":\"St\u00e9phane Miget\",\"@id\":\"https:\\\/\\\/batijournal.com\\\/#\\\/schema\\\/person\\\/1dc96ec6957aa1ccb25ebe78bb19f100\"},\"headline\":\"Visale pour s\u00e9curiser les loyers dans le parc priv\u00e9\",\"datePublished\":\"2016-01-21T08:41:38+00:00\",\"dateModified\":\"2019-07-15T10:04:07+00:00\",\"mainEntityOfPage\":{\"@id\":\"https:\\\/\\\/batijournal.com\\\/index.php\\\/visale-pour-securiser-les-loyers-dans-le-parc-prive\\\/91108\\\/\"},\"wordCount\":203,\"image\":{\"@id\":\"https:\\\/\\\/batijournal.com\\\/index.php\\\/visale-pour-securiser-les-loyers-dans-le-parc-prive\\\/91108\\\/#primaryimage\"},\"thumbnailUrl\":\"https:\\\/\\\/batijournal.com\\\/wp-content\\\/uploads\\\/2015\\\/04\\\/97978563.jpg\",\"keywords\":[\"HLM\",\"locataire\",\"location\",\"logements sociaux\"],\"articleSection\":[\"\u00c9conomie &amp; March\u00e9s\"],\"inLanguage\":\"fr-FR\"},{\"@type\":\"WebPage\",\"@id\":\"https:\\\/\\\/batijournal.com\\\/index.php\\\/visale-pour-securiser-les-loyers-dans-le-parc-prive\\\/91108\\\/\",\"url\":\"https:\\\/\\\/batijournal.com\\\/index.php\\\/visale-pour-securiser-les-loyers-dans-le-parc-prive\\\/91108\\\/\",\"name\":\"Visale pour s\u00e9curiser les loyers dans le parc priv\u00e9\",\"isPartOf\":{\"@id\":\"https:\\\/\\\/batijournal.com\\\/#website\"},\"primaryImageOfPage\":{\"@id\":\"https:\\\/\\\/batijournal.com\\\/index.php\\\/visale-pour-securiser-les-loyers-dans-le-parc-prive\\\/91108\\\/#primaryimage\"},\"image\":{\"@id\":\"https:\\\/\\\/batijournal.com\\\/index.php\\\/visale-pour-securiser-les-loyers-dans-le-parc-prive\\\/91108\\\/#primaryimage\"},\"thumbnailUrl\":\"https:\\\/\\\/batijournal.com\\\/wp-content\\\/uploads\\\/2015\\\/04\\\/97978563.jpg\",\"datePublished\":\"2016-01-21T08:41:38+00:00\",\"dateModified\":\"2019-07-15T10:04:07+00:00\",\"author\":{\"@id\":\"https:\\\/\\\/batijournal.com\\\/#\\\/schema\\\/person\\\/1dc96ec6957aa1ccb25ebe78bb19f100\"},\"breadcrumb\":{\"@id\":\"https:\\\/\\\/batijournal.com\\\/index.php\\\/visale-pour-securiser-les-loyers-dans-le-parc-prive\\\/91108\\\/#breadcrumb\"},\"inLanguage\":\"fr-FR\",\"potentialAction\":[{\"@type\":\"ReadAction\",\"target\":[\"https:\\\/\\\/batijournal.com\\\/index.php\\\/visale-pour-securiser-les-loyers-dans-le-parc-prive\\\/91108\\\/\"]}]},{\"@type\":\"ImageObject\",\"inLanguage\":\"fr-FR\",\"@id\":\"https:\\\/\\\/batijournal.com\\\/index.php\\\/visale-pour-securiser-les-loyers-dans-le-parc-prive\\\/91108\\\/#primaryimage\",\"url\":\"https:\\\/\\\/batijournal.com\\\/wp-content\\\/uploads\\\/2015\\\/04\\\/97978563.jpg\",\"contentUrl\":\"https:\\\/\\\/batijournal.com\\\/wp-content\\\/uploads\\\/2015\\\/04\\\/97978563.jpg\",\"width\":599,\"height\":486,\"caption\":\"immeuble SKy\"},{\"@type\":\"BreadcrumbList\",\"@id\":\"https:\\\/\\\/batijournal.com\\\/index.php\\\/visale-pour-securiser-les-loyers-dans-le-parc-prive\\\/91108\\\/#breadcrumb\",\"itemListElement\":[{\"@type\":\"ListItem\",\"position\":1,\"name\":\"Accueil\",\"item\":\"https:\\\/\\\/batijournal.com\\\/\"},{\"@type\":\"ListItem\",\"position\":2,\"name\":\"Actualit\u00e9s\",\"item\":\"https:\\\/\\\/batijournal.com\\\/index.php\\\/category\\\/actualites\\\/\"},{\"@type\":\"ListItem\",\"position\":3,\"name\":\"\u00c9conomie &amp; March\u00e9s\",\"item\":\"https:\\\/\\\/batijournal.com\\\/index.php\\\/category\\\/actualites\\\/economie-marches\\\/\"},{\"@type\":\"ListItem\",\"position\":4,\"name\":\"Visale pour s\u00e9curiser les loyers dans le parc priv\u00e9\"}]},{\"@type\":\"WebSite\",\"@id\":\"https:\\\/\\\/batijournal.com\\\/#website\",\"url\":\"https:\\\/\\\/batijournal.com\\\/\",\"name\":\"Batijournal\",\"description\":\"L&#039;actualit\u00e9 du b\u00e2timent\",\"potentialAction\":[{\"@type\":\"SearchAction\",\"target\":{\"@type\":\"EntryPoint\",\"urlTemplate\":\"https:\\\/\\\/batijournal.com\\\/?s={search_term_string}\"},\"query-input\":{\"@type\":\"PropertyValueSpecification\",\"valueRequired\":true,\"valueName\":\"search_term_string\"}}],\"inLanguage\":\"fr-FR\"},{\"@type\":\"Person\",\"@id\":\"https:\\\/\\\/batijournal.com\\\/#\\\/schema\\\/person\\\/1dc96ec6957aa1ccb25ebe78bb19f100\",\"name\":\"St\u00e9phane Miget\",\"image\":{\"@type\":\"ImageObject\",\"inLanguage\":\"fr-FR\",\"@id\":\"https:\\\/\\\/secure.gravatar.com\\\/avatar\\\/89915563d925342126b8ef0281b93d9d7fc337043e8df017f780908eb9644451?s=96&d=mm&r=g\",\"url\":\"https:\\\/\\\/secure.gravatar.com\\\/avatar\\\/89915563d925342126b8ef0281b93d9d7fc337043e8df017f780908eb9644451?s=96&d=mm&r=g\",\"contentUrl\":\"https:\\\/\\\/secure.gravatar.com\\\/avatar\\\/89915563d925342126b8ef0281b93d9d7fc337043e8df017f780908eb9644451?s=96&d=mm&r=g\",\"caption\":\"St\u00e9phane Miget\"},\"url\":\"https:\\\/\\\/batijournal.com\\\/index.php\\\/author\\\/stephane\\\/\"}]}<\/script>\n<!-- \/ Yoast SEO plugin. -->","yoast_head_json":{"title":"Visale pour s\u00e9curiser les loyers dans le parc priv\u00e9","robots":{"index":"index","follow":"follow","max-snippet":"max-snippet:-1","max-image-preview":"max-image-preview:large","max-video-preview":"max-video-preview:-1"},"canonical":"https:\/\/batijournal.com\/index.php\/visale-pour-securiser-les-loyers-dans-le-parc-prive\/91108\/","og_locale":"fr_FR","og_type":"article","og_title":"Visale pour s\u00e9curiser les loyers dans le parc priv\u00e9","og_description":"Sylvia Pinel, ministre du Logement, Michel Sapin, ministre des Finances et des Comptes publics, Jacques Chanut, pr\u00e9sident d\u2019Action Logement et Jean-Jacques Denizard, pr\u00e9sident de l\u2019APAGL, ont annonc\u00e9 le lancement de Visale, le nouveau dispositif d\u2019Action Logement pour s\u00e9curiser les loyers dans le parc priv\u00e9. Visale est un nouveau service en ligne de cautionnement des loyers [&hellip;]","og_url":"https:\/\/batijournal.com\/index.php\/visale-pour-securiser-les-loyers-dans-le-parc-prive\/91108\/","og_site_name":"Batijournal","article_published_time":"2016-01-21T08:41:38+00:00","article_modified_time":"2019-07-15T10:04:07+00:00","og_image":[{"width":599,"height":486,"url":"https:\/\/batijournal.com\/wp-content\/uploads\/2015\/04\/97978563.jpg","type":"image\/jpeg"}],"author":"St\u00e9phane Miget","twitter_card":"summary_large_image","twitter_creator":"@bati_journal","twitter_site":"@bati_journal","twitter_misc":{"\u00c9crit par":"St\u00e9phane Miget","Dur\u00e9e de lecture estim\u00e9e":"1 minute"},"schema":{"@context":"https:\/\/schema.org","@graph":[{"@type":"Article","@id":"https:\/\/batijournal.com\/index.php\/visale-pour-securiser-les-loyers-dans-le-parc-prive\/91108\/#article","isPartOf":{"@id":"https:\/\/batijournal.com\/index.php\/visale-pour-securiser-les-loyers-dans-le-parc-prive\/91108\/"},"author":{"name":"St\u00e9phane Miget","@id":"https:\/\/batijournal.com\/#\/schema\/person\/1dc96ec6957aa1ccb25ebe78bb19f100"},"headline":"Visale pour s\u00e9curiser les loyers dans le parc priv\u00e9","datePublished":"2016-01-21T08:41:38+00:00","dateModified":"2019-07-15T10:04:07+00:00","mainEntityOfPage":{"@id":"https:\/\/batijournal.com\/index.php\/visale-pour-securiser-les-loyers-dans-le-parc-prive\/91108\/"},"wordCount":203,"image":{"@id":"https:\/\/batijournal.com\/index.php\/visale-pour-securiser-les-loyers-dans-le-parc-prive\/91108\/#primaryimage"},"thumbnailUrl":"https:\/\/batijournal.com\/wp-content\/uploads\/2015\/04\/97978563.jpg","keywords":["HLM","locataire","location","logements sociaux"],"articleSection":["\u00c9conomie &amp; March\u00e9s"],"inLanguage":"fr-FR"},{"@type":"WebPage","@id":"https:\/\/batijournal.com\/index.php\/visale-pour-securiser-les-loyers-dans-le-parc-prive\/91108\/","url":"https:\/\/batijournal.com\/index.php\/visale-pour-securiser-les-loyers-dans-le-parc-prive\/91108\/","name":"Visale pour s\u00e9curiser les loyers dans le parc priv\u00e9","isPartOf":{"@id":"https:\/\/batijournal.com\/#website"},"primaryImageOfPage":{"@id":"https:\/\/batijournal.com\/index.php\/visale-pour-securiser-les-loyers-dans-le-parc-prive\/91108\/#primaryimage"},"image":{"@id":"https:\/\/batijournal.com\/index.php\/visale-pour-securiser-les-loyers-dans-le-parc-prive\/91108\/#primaryimage"},"thumbnailUrl":"https:\/\/batijournal.com\/wp-content\/uploads\/2015\/04\/97978563.jpg","datePublished":"2016-01-21T08:41:38+00:00","dateModified":"2019-07-15T10:04:07+00:00","author":{"@id":"https:\/\/batijournal.com\/#\/schema\/person\/1dc96ec6957aa1ccb25ebe78bb19f100"},"breadcrumb":{"@id":"https:\/\/batijournal.com\/index.php\/visale-pour-securiser-les-loyers-dans-le-parc-prive\/91108\/#breadcrumb"},"inLanguage":"fr-FR","potentialAction":[{"@type":"ReadAction","target":["https:\/\/batijournal.com\/index.php\/visale-pour-securiser-les-loyers-dans-le-parc-prive\/91108\/"]}]},{"@type":"ImageObject","inLanguage":"fr-FR","@id":"https:\/\/batijournal.com\/index.php\/visale-pour-securiser-les-loyers-dans-le-parc-prive\/91108\/#primaryimage","url":"https:\/\/batijournal.com\/wp-content\/uploads\/2015\/04\/97978563.jpg","contentUrl":"https:\/\/batijournal.com\/wp-content\/uploads\/2015\/04\/97978563.jpg","width":599,"height":486,"caption":"immeuble SKy"},{"@type":"BreadcrumbList","@id":"https:\/\/batijournal.com\/index.php\/visale-pour-securiser-les-loyers-dans-le-parc-prive\/91108\/#breadcrumb","itemListElement":[{"@type":"ListItem","position":1,"name":"Accueil","item":"https:\/\/batijournal.com\/"},{"@type":"ListItem","position":2,"name":"Actualit\u00e9s","item":"https:\/\/batijournal.com\/index.php\/category\/actualites\/"},{"@type":"ListItem","position":3,"name":"\u00c9conomie &amp; March\u00e9s","item":"https:\/\/batijournal.com\/index.php\/category\/actualites\/economie-marches\/"},{"@type":"ListItem","position":4,"name":"Visale pour s\u00e9curiser les loyers dans le parc priv\u00e9"}]},{"@type":"WebSite","@id":"https:\/\/batijournal.com\/#website","url":"https:\/\/batijournal.com\/","name":"Batijournal","description":"L&#039;actualit\u00e9 du b\u00e2timent","potentialAction":[{"@type":"SearchAction","target":{"@type":"EntryPoint","urlTemplate":"https:\/\/batijournal.com\/?s={search_term_string}"},"query-input":{"@type":"PropertyValueSpecification","valueRequired":true,"valueName":"search_term_string"}}],"inLanguage":"fr-FR"},{"@type":"Person","@id":"https:\/\/batijournal.com\/#\/schema\/person\/1dc96ec6957aa1ccb25ebe78bb19f100","name":"St\u00e9phane Miget","image":{"@type":"ImageObject","inLanguage":"fr-FR","@id":"https:\/\/secure.gravatar.com\/avatar\/89915563d925342126b8ef0281b93d9d7fc337043e8df017f780908eb9644451?s=96&d=mm&r=g","url":"https:\/\/secure.gravatar.com\/avatar\/89915563d925342126b8ef0281b93d9d7fc337043e8df017f780908eb9644451?s=96&d=mm&r=g","contentUrl":"https:\/\/secure.gravatar.com\/avatar\/89915563d925342126b8ef0281b93d9d7fc337043e8df017f780908eb9644451?s=96&d=mm&r=g","caption":"St\u00e9phane Miget"},"url":"https:\/\/batijournal.com\/index.php\/author\/stephane\/"}]}},"_links":{"self":[{"href":"https:\/\/batijournal.com\/index.php\/wp-json\/wp\/v2\/posts\/91108","targetHints":{"allow":["GET"]}}],"collection":[{"href":"https:\/\/batijournal.com\/index.php\/wp-json\/wp\/v2\/posts"}],"about":[{"href":"https:\/\/batijournal.com\/index.php\/wp-json\/wp\/v2\/types\/post"}],"author":[{"embeddable":true,"href":"https:\/\/batijournal.com\/index.php\/wp-json\/wp\/v2\/users\/17"}],"replies":[{"embeddable":true,"href":"https:\/\/batijournal.com\/index.php\/wp-json\/wp\/v2\/comments?post=91108"}],"version-history":[{"count":0,"href":"https:\/\/batijournal.com\/index.php\/wp-json\/wp\/v2\/posts\/91108\/revisions"}],"wp:featuredmedia":[{"embeddable":true,"href":"https:\/\/batijournal.com\/index.php\/wp-json\/wp\/v2\/media\/86744"}],"wp:attachment":[{"href":"https:\/\/batijournal.com\/index.php\/wp-json\/wp\/v2\/media?parent=91108"}],"wp:term":[{"taxonomy":"category","embeddable":true,"href":"https:\/\/batijournal.com\/index.php\/wp-json\/wp\/v2\/categories?post=91108"},{"taxonomy":"post_tag","embeddable":true,"href":"https:\/\/batijournal.com\/index.php\/wp-json\/wp\/v2\/tags?post=91108"}],"curies":[{"name":"wp","href":"https:\/\/api.w.org\/{rel}","templated":true}]}}