{"id":91113,"date":"2016-01-21T10:16:14","date_gmt":"2016-01-21T09:16:14","guid":{"rendered":"http:\/\/batijournal.com\/?p=91113"},"modified":"2019-07-15T11:17:00","modified_gmt":"2019-07-15T09:17:00","slug":"91113-2","status":"publish","type":"post","link":"https:\/\/batijournal.com\/index.php\/91113-2\/91113\/","title":{"rendered":"Appels \u00e0 projets et Prix 2016 de la Fondation des Monuments Historiques"},"content":{"rendered":"<p><strong>En 2016, la Fondation MH et ses m\u00e9c\u00e8nes appellent les propri\u00e9taires de monuments historiques inscrits ou class\u00e9s, publics et priv\u00e9s \u00e0 d\u00e9poser leurs candidatures pour obtenir un soutien financier.<\/strong><\/p>\n<h2>Appels \u00e0 projets et Prix 2016<\/h2>\n<p>En ce d\u00e9but d\u2019ann\u00e9e 2016, comme chaque ann\u00e9e, la Fondation MH ouvre les candidatures aux Appels \u00e0 projets\u00a0 suivants\u00a0:<\/p>\n<ul>\n<li><a href=\"http:\/\/fondationmh.fr\/wp-content\/uploads\/2015\/12\/R%C3%A8glement-Restauration-2016.pdf\">Restauration<\/a>\u00a0d\u2019un monument historique class\u00e9 ou inscrit\u00a0;<\/li>\n<li><a href=\"http:\/\/fondationmh.fr\/wp-content\/uploads\/2015\/12\/R%C3%A8glement-Mise-en-accessibilit%C3%A9-monument-2016.pdf\">Mise en accessibilit\u00e9 handicap d\u2019un monument historique<\/a>\u00a0ou d\u2019un\u00a0<a href=\"http:\/\/fondationmh.fr\/wp-content\/uploads\/2015\/12\/R%C3%A8glement-Mise-en-accessibilit%C3%A9-jardin-2016.pdf\">jardin,\u00a0 class\u00e9s ou inscrits<\/a>\u00a0;<\/li>\n<\/ul>\n<p>D\u2019autre part,\u00a0les dossiers de candidatures aux Prix qui seront attribu\u00e9s par les m\u00e9c\u00e8nes\u00a0partenaires de la Fondation MH, sont \u00e9galement en ligne\u00a0:<\/p>\n<ul>\n<li><a href=\"http:\/\/fondationmh.fr\/wp-content\/uploads\/2015\/12\/R%C3%A8glement-Prix-FHS-2016.pdf\">Prix French Heritage Society<\/a><\/li>\n<li><a href=\"http:\/\/fondationmh.fr\/wp-content\/uploads\/2015\/12\/R%C3%A8glement-Sommer-2016.pdf\">Prix Fondation Fran\u00e7ois Sommer, pour la chasse et la nature<\/a><\/li>\n<li><a href=\"http:\/\/fondationmh.fr\/wp-content\/uploads\/2015\/12\/R%C3%A8glement-Villandry-2016.pdf\">Prix Villandry<\/a><\/li>\n<\/ul>\n<p>D\u00e8s fin janvier, les candidatures seront \u00e9galement ouvertes pour le Prix du Jeune Repreneur et le Prix Sotheby\u2019s.<\/p>\n<h2>D\u00e9p\u00f4t des candidatures<\/h2>\n<p>Les candidats sont invit\u00e9s \u00e0 consulter les r\u00e8glements et\u00a0<a href=\"http:\/\/fondationmh.fr\/candidatures\/\">d\u00e9poser leur candidature<\/a>\u00a0(en ligne uniquement) sur le site de la Fondation MH.<\/p>\n<p>Pour constituer et mettre en ligne leur dossier,\u00a0ils\u00a0peuvent b\u00e9n\u00e9ficier de l\u2019aide gratuite d\u2019un \u00e9tudiant, (issu de l\u2019Universit\u00e9 Paris XI en Master 2 Droit du patrimoine culturel). Il suffit pour cela de contacter la Fondation MH avant le 31 janvier minuit \u00e0 l\u2019adresse suivante\u00a0:\u00a0<a href=\"mailto:communication@fondationmh.fr\">communication@fondationmh.fr<\/a>\u00a0ou par t\u00e9l\u00e9phone au 01 55 42 60 04.<\/p>\n<p><strong>La date limite de d\u00e9p\u00f4t des candidatures est fix\u00e9e au 31 mars 2016\u00a0(un d\u00e9lai suppl\u00e9mentaire sera donn\u00e9 pour le prix Sotheby&rsquo;s et le prix du Jeune Repreneur).<\/strong><\/p>\n","protected":false},"excerpt":{"rendered":"<p>En 2016, la Fondation MH et ses m\u00e9c\u00e8nes appellent les propri\u00e9taires de monuments historiques inscrits ou class\u00e9s, publics et priv\u00e9s \u00e0 d\u00e9poser leurs candidatures pour obtenir un soutien financier. Appels \u00e0 projets et Prix 2016 En ce d\u00e9but d\u2019ann\u00e9e 2016, comme chaque ann\u00e9e, la Fondation MH ouvre les candidatures aux Appels \u00e0 projets\u00a0 suivants\u00a0: Restauration\u00a0d\u2019un [&hellip;]<\/p>\n","protected":false},"author":17,"featured_media":89497,"comment_status":"closed","ping_status":"closed","sticky":false,"template":"","format":"standard","meta":{"_et_pb_use_builder":"","_et_pb_old_content":"","_et_gb_content_width":"","footnotes":""},"categories":[6340],"tags":[6376],"class_list":["post-91113","post","type-post","status-publish","format-standard","has-post-thumbnail","hentry","category-architecture-conception","tag-monument-historique"],"yoast_head":"<!-- This site is optimized with the Yoast SEO plugin v27.4 - https:\/\/yoast.com\/product\/yoast-seo-wordpress\/ -->\n<title>Appels \u00e0 projets et Prix 2016 de la Fondation des Monuments Historiques<\/title>\n<meta name=\"robots\" content=\"index, follow, max-snippet:-1, max-image-preview:large, max-video-preview:-1\" \/>\n<link rel=\"canonical\" href=\"https:\/\/batijournal.com\/index.php\/91113-2\/91113\/\" \/>\n<meta property=\"og:locale\" content=\"fr_FR\" \/>\n<meta property=\"og:type\" content=\"article\" \/>\n<meta property=\"og:title\" content=\"Appels \u00e0 projets et Prix 2016 de la Fondation des Monuments Historiques\" \/>\n<meta property=\"og:description\" content=\"En 2016, la Fondation MH et ses m\u00e9c\u00e8nes appellent les propri\u00e9taires de monuments historiques inscrits ou class\u00e9s, publics et priv\u00e9s \u00e0 d\u00e9poser leurs candidatures pour obtenir un soutien financier. Appels \u00e0 projets et Prix 2016 En ce d\u00e9but d\u2019ann\u00e9e 2016, comme chaque ann\u00e9e, la Fondation MH ouvre les candidatures aux Appels \u00e0 projets\u00a0 suivants\u00a0: Restauration\u00a0d\u2019un [&hellip;]\" \/>\n<meta property=\"og:url\" content=\"https:\/\/batijournal.com\/index.php\/91113-2\/91113\/\" \/>\n<meta property=\"og:site_name\" content=\"Batijournal\" \/>\n<meta property=\"article:published_time\" content=\"2016-01-21T09:16:14+00:00\" \/>\n<meta property=\"article:modified_time\" content=\"2019-07-15T09:17:00+00:00\" \/>\n<meta property=\"og:image\" content=\"https:\/\/batijournal.com\/wp-content\/uploads\/2015\/09\/monument-historique.jpg\" \/>\n\t<meta property=\"og:image:width\" content=\"683\" \/>\n\t<meta property=\"og:image:height\" content=\"1024\" \/>\n\t<meta property=\"og:image:type\" content=\"image\/jpeg\" \/>\n<meta name=\"author\" content=\"St\u00e9phane Miget\" \/>\n<meta name=\"twitter:card\" content=\"summary_large_image\" \/>\n<meta name=\"twitter:creator\" content=\"@bati_journal\" \/>\n<meta name=\"twitter:site\" content=\"@bati_journal\" \/>\n<meta name=\"twitter:label1\" content=\"\u00c9crit par\" \/>\n\t<meta name=\"twitter:data1\" content=\"St\u00e9phane Miget\" \/>\n\t<meta name=\"twitter:label2\" content=\"Dur\u00e9e de lecture estim\u00e9e\" \/>\n\t<meta name=\"twitter:data2\" content=\"1 minute\" \/>\n<script type=\"application\/ld+json\" class=\"yoast-schema-graph\">{\"@context\":\"https:\\\/\\\/schema.org\",\"@graph\":[{\"@type\":\"Article\",\"@id\":\"https:\\\/\\\/batijournal.com\\\/index.php\\\/91113-2\\\/91113\\\/#article\",\"isPartOf\":{\"@id\":\"https:\\\/\\\/batijournal.com\\\/index.php\\\/91113-2\\\/91113\\\/\"},\"author\":{\"name\":\"St\u00e9phane Miget\",\"@id\":\"https:\\\/\\\/batijournal.com\\\/#\\\/schema\\\/person\\\/1dc96ec6957aa1ccb25ebe78bb19f100\"},\"headline\":\"Appels \u00e0 projets et Prix 2016 de la Fondation des Monuments Historiques\",\"datePublished\":\"2016-01-21T09:16:14+00:00\",\"dateModified\":\"2019-07-15T09:17:00+00:00\",\"mainEntityOfPage\":{\"@id\":\"https:\\\/\\\/batijournal.com\\\/index.php\\\/91113-2\\\/91113\\\/\"},\"wordCount\":274,\"image\":{\"@id\":\"https:\\\/\\\/batijournal.com\\\/index.php\\\/91113-2\\\/91113\\\/#primaryimage\"},\"thumbnailUrl\":\"https:\\\/\\\/batijournal.com\\\/wp-content\\\/uploads\\\/2015\\\/09\\\/monument-historique.jpg\",\"keywords\":[\"monument historique\"],\"articleSection\":[\"Architecture &amp; Conception\"],\"inLanguage\":\"fr-FR\"},{\"@type\":\"WebPage\",\"@id\":\"https:\\\/\\\/batijournal.com\\\/index.php\\\/91113-2\\\/91113\\\/\",\"url\":\"https:\\\/\\\/batijournal.com\\\/index.php\\\/91113-2\\\/91113\\\/\",\"name\":\"Appels \u00e0 projets et Prix 2016 de la Fondation des Monuments Historiques\",\"isPartOf\":{\"@id\":\"https:\\\/\\\/batijournal.com\\\/#website\"},\"primaryImageOfPage\":{\"@id\":\"https:\\\/\\\/batijournal.com\\\/index.php\\\/91113-2\\\/91113\\\/#primaryimage\"},\"image\":{\"@id\":\"https:\\\/\\\/batijournal.com\\\/index.php\\\/91113-2\\\/91113\\\/#primaryimage\"},\"thumbnailUrl\":\"https:\\\/\\\/batijournal.com\\\/wp-content\\\/uploads\\\/2015\\\/09\\\/monument-historique.jpg\",\"datePublished\":\"2016-01-21T09:16:14+00:00\",\"dateModified\":\"2019-07-15T09:17:00+00:00\",\"author\":{\"@id\":\"https:\\\/\\\/batijournal.com\\\/#\\\/schema\\\/person\\\/1dc96ec6957aa1ccb25ebe78bb19f100\"},\"breadcrumb\":{\"@id\":\"https:\\\/\\\/batijournal.com\\\/index.php\\\/91113-2\\\/91113\\\/#breadcrumb\"},\"inLanguage\":\"fr-FR\",\"potentialAction\":[{\"@type\":\"ReadAction\",\"target\":[\"https:\\\/\\\/batijournal.com\\\/index.php\\\/91113-2\\\/91113\\\/\"]}]},{\"@type\":\"ImageObject\",\"inLanguage\":\"fr-FR\",\"@id\":\"https:\\\/\\\/batijournal.com\\\/index.php\\\/91113-2\\\/91113\\\/#primaryimage\",\"url\":\"https:\\\/\\\/batijournal.com\\\/wp-content\\\/uploads\\\/2015\\\/09\\\/monument-historique.jpg\",\"contentUrl\":\"https:\\\/\\\/batijournal.com\\\/wp-content\\\/uploads\\\/2015\\\/09\\\/monument-historique.jpg\",\"width\":683,\"height\":1024},{\"@type\":\"BreadcrumbList\",\"@id\":\"https:\\\/\\\/batijournal.com\\\/index.php\\\/91113-2\\\/91113\\\/#breadcrumb\",\"itemListElement\":[{\"@type\":\"ListItem\",\"position\":1,\"name\":\"Accueil\",\"item\":\"https:\\\/\\\/batijournal.com\\\/\"},{\"@type\":\"ListItem\",\"position\":2,\"name\":\"Actualit\u00e9s\",\"item\":\"https:\\\/\\\/batijournal.com\\\/index.php\\\/category\\\/actualites\\\/\"},{\"@type\":\"ListItem\",\"position\":3,\"name\":\"Architecture &amp; Conception\",\"item\":\"https:\\\/\\\/batijournal.com\\\/index.php\\\/category\\\/actualites\\\/architecture-conception\\\/\"},{\"@type\":\"ListItem\",\"position\":4,\"name\":\"Appels \u00e0 projets et Prix 2016 de la Fondation des Monuments Historiques\"}]},{\"@type\":\"WebSite\",\"@id\":\"https:\\\/\\\/batijournal.com\\\/#website\",\"url\":\"https:\\\/\\\/batijournal.com\\\/\",\"name\":\"Batijournal\",\"description\":\"L&#039;actualit\u00e9 du b\u00e2timent\",\"potentialAction\":[{\"@type\":\"SearchAction\",\"target\":{\"@type\":\"EntryPoint\",\"urlTemplate\":\"https:\\\/\\\/batijournal.com\\\/?s={search_term_string}\"},\"query-input\":{\"@type\":\"PropertyValueSpecification\",\"valueRequired\":true,\"valueName\":\"search_term_string\"}}],\"inLanguage\":\"fr-FR\"},{\"@type\":\"Person\",\"@id\":\"https:\\\/\\\/batijournal.com\\\/#\\\/schema\\\/person\\\/1dc96ec6957aa1ccb25ebe78bb19f100\",\"name\":\"St\u00e9phane Miget\",\"image\":{\"@type\":\"ImageObject\",\"inLanguage\":\"fr-FR\",\"@id\":\"https:\\\/\\\/secure.gravatar.com\\\/avatar\\\/89915563d925342126b8ef0281b93d9d7fc337043e8df017f780908eb9644451?s=96&d=mm&r=g\",\"url\":\"https:\\\/\\\/secure.gravatar.com\\\/avatar\\\/89915563d925342126b8ef0281b93d9d7fc337043e8df017f780908eb9644451?s=96&d=mm&r=g\",\"contentUrl\":\"https:\\\/\\\/secure.gravatar.com\\\/avatar\\\/89915563d925342126b8ef0281b93d9d7fc337043e8df017f780908eb9644451?s=96&d=mm&r=g\",\"caption\":\"St\u00e9phane Miget\"},\"url\":\"https:\\\/\\\/batijournal.com\\\/index.php\\\/author\\\/stephane\\\/\"}]}<\/script>\n<!-- \/ Yoast SEO plugin. -->","yoast_head_json":{"title":"Appels \u00e0 projets et Prix 2016 de la Fondation des Monuments Historiques","robots":{"index":"index","follow":"follow","max-snippet":"max-snippet:-1","max-image-preview":"max-image-preview:large","max-video-preview":"max-video-preview:-1"},"canonical":"https:\/\/batijournal.com\/index.php\/91113-2\/91113\/","og_locale":"fr_FR","og_type":"article","og_title":"Appels \u00e0 projets et Prix 2016 de la Fondation des Monuments Historiques","og_description":"En 2016, la Fondation MH et ses m\u00e9c\u00e8nes appellent les propri\u00e9taires de monuments historiques inscrits ou class\u00e9s, publics et priv\u00e9s \u00e0 d\u00e9poser leurs candidatures pour obtenir un soutien financier. Appels \u00e0 projets et Prix 2016 En ce d\u00e9but d\u2019ann\u00e9e 2016, comme chaque ann\u00e9e, la Fondation MH ouvre les candidatures aux Appels \u00e0 projets\u00a0 suivants\u00a0: Restauration\u00a0d\u2019un [&hellip;]","og_url":"https:\/\/batijournal.com\/index.php\/91113-2\/91113\/","og_site_name":"Batijournal","article_published_time":"2016-01-21T09:16:14+00:00","article_modified_time":"2019-07-15T09:17:00+00:00","og_image":[{"width":683,"height":1024,"url":"https:\/\/batijournal.com\/wp-content\/uploads\/2015\/09\/monument-historique.jpg","type":"image\/jpeg"}],"author":"St\u00e9phane Miget","twitter_card":"summary_large_image","twitter_creator":"@bati_journal","twitter_site":"@bati_journal","twitter_misc":{"\u00c9crit par":"St\u00e9phane Miget","Dur\u00e9e de lecture estim\u00e9e":"1 minute"},"schema":{"@context":"https:\/\/schema.org","@graph":[{"@type":"Article","@id":"https:\/\/batijournal.com\/index.php\/91113-2\/91113\/#article","isPartOf":{"@id":"https:\/\/batijournal.com\/index.php\/91113-2\/91113\/"},"author":{"name":"St\u00e9phane Miget","@id":"https:\/\/batijournal.com\/#\/schema\/person\/1dc96ec6957aa1ccb25ebe78bb19f100"},"headline":"Appels \u00e0 projets et Prix 2016 de la Fondation des Monuments Historiques","datePublished":"2016-01-21T09:16:14+00:00","dateModified":"2019-07-15T09:17:00+00:00","mainEntityOfPage":{"@id":"https:\/\/batijournal.com\/index.php\/91113-2\/91113\/"},"wordCount":274,"image":{"@id":"https:\/\/batijournal.com\/index.php\/91113-2\/91113\/#primaryimage"},"thumbnailUrl":"https:\/\/batijournal.com\/wp-content\/uploads\/2015\/09\/monument-historique.jpg","keywords":["monument historique"],"articleSection":["Architecture &amp; Conception"],"inLanguage":"fr-FR"},{"@type":"WebPage","@id":"https:\/\/batijournal.com\/index.php\/91113-2\/91113\/","url":"https:\/\/batijournal.com\/index.php\/91113-2\/91113\/","name":"Appels \u00e0 projets et Prix 2016 de la Fondation des Monuments Historiques","isPartOf":{"@id":"https:\/\/batijournal.com\/#website"},"primaryImageOfPage":{"@id":"https:\/\/batijournal.com\/index.php\/91113-2\/91113\/#primaryimage"},"image":{"@id":"https:\/\/batijournal.com\/index.php\/91113-2\/91113\/#primaryimage"},"thumbnailUrl":"https:\/\/batijournal.com\/wp-content\/uploads\/2015\/09\/monument-historique.jpg","datePublished":"2016-01-21T09:16:14+00:00","dateModified":"2019-07-15T09:17:00+00:00","author":{"@id":"https:\/\/batijournal.com\/#\/schema\/person\/1dc96ec6957aa1ccb25ebe78bb19f100"},"breadcrumb":{"@id":"https:\/\/batijournal.com\/index.php\/91113-2\/91113\/#breadcrumb"},"inLanguage":"fr-FR","potentialAction":[{"@type":"ReadAction","target":["https:\/\/batijournal.com\/index.php\/91113-2\/91113\/"]}]},{"@type":"ImageObject","inLanguage":"fr-FR","@id":"https:\/\/batijournal.com\/index.php\/91113-2\/91113\/#primaryimage","url":"https:\/\/batijournal.com\/wp-content\/uploads\/2015\/09\/monument-historique.jpg","contentUrl":"https:\/\/batijournal.com\/wp-content\/uploads\/2015\/09\/monument-historique.jpg","width":683,"height":1024},{"@type":"BreadcrumbList","@id":"https:\/\/batijournal.com\/index.php\/91113-2\/91113\/#breadcrumb","itemListElement":[{"@type":"ListItem","position":1,"name":"Accueil","item":"https:\/\/batijournal.com\/"},{"@type":"ListItem","position":2,"name":"Actualit\u00e9s","item":"https:\/\/batijournal.com\/index.php\/category\/actualites\/"},{"@type":"ListItem","position":3,"name":"Architecture &amp; Conception","item":"https:\/\/batijournal.com\/index.php\/category\/actualites\/architecture-conception\/"},{"@type":"ListItem","position":4,"name":"Appels \u00e0 projets et Prix 2016 de la Fondation des Monuments Historiques"}]},{"@type":"WebSite","@id":"https:\/\/batijournal.com\/#website","url":"https:\/\/batijournal.com\/","name":"Batijournal","description":"L&#039;actualit\u00e9 du b\u00e2timent","potentialAction":[{"@type":"SearchAction","target":{"@type":"EntryPoint","urlTemplate":"https:\/\/batijournal.com\/?s={search_term_string}"},"query-input":{"@type":"PropertyValueSpecification","valueRequired":true,"valueName":"search_term_string"}}],"inLanguage":"fr-FR"},{"@type":"Person","@id":"https:\/\/batijournal.com\/#\/schema\/person\/1dc96ec6957aa1ccb25ebe78bb19f100","name":"St\u00e9phane Miget","image":{"@type":"ImageObject","inLanguage":"fr-FR","@id":"https:\/\/secure.gravatar.com\/avatar\/89915563d925342126b8ef0281b93d9d7fc337043e8df017f780908eb9644451?s=96&d=mm&r=g","url":"https:\/\/secure.gravatar.com\/avatar\/89915563d925342126b8ef0281b93d9d7fc337043e8df017f780908eb9644451?s=96&d=mm&r=g","contentUrl":"https:\/\/secure.gravatar.com\/avatar\/89915563d925342126b8ef0281b93d9d7fc337043e8df017f780908eb9644451?s=96&d=mm&r=g","caption":"St\u00e9phane Miget"},"url":"https:\/\/batijournal.com\/index.php\/author\/stephane\/"}]}},"_links":{"self":[{"href":"https:\/\/batijournal.com\/index.php\/wp-json\/wp\/v2\/posts\/91113","targetHints":{"allow":["GET"]}}],"collection":[{"href":"https:\/\/batijournal.com\/index.php\/wp-json\/wp\/v2\/posts"}],"about":[{"href":"https:\/\/batijournal.com\/index.php\/wp-json\/wp\/v2\/types\/post"}],"author":[{"embeddable":true,"href":"https:\/\/batijournal.com\/index.php\/wp-json\/wp\/v2\/users\/17"}],"replies":[{"embeddable":true,"href":"https:\/\/batijournal.com\/index.php\/wp-json\/wp\/v2\/comments?post=91113"}],"version-history":[{"count":0,"href":"https:\/\/batijournal.com\/index.php\/wp-json\/wp\/v2\/posts\/91113\/revisions"}],"wp:featuredmedia":[{"embeddable":true,"href":"https:\/\/batijournal.com\/index.php\/wp-json\/wp\/v2\/media\/89497"}],"wp:attachment":[{"href":"https:\/\/batijournal.com\/index.php\/wp-json\/wp\/v2\/media?parent=91113"}],"wp:term":[{"taxonomy":"category","embeddable":true,"href":"https:\/\/batijournal.com\/index.php\/wp-json\/wp\/v2\/categories?post=91113"},{"taxonomy":"post_tag","embeddable":true,"href":"https:\/\/batijournal.com\/index.php\/wp-json\/wp\/v2\/tags?post=91113"}],"curies":[{"name":"wp","href":"https:\/\/api.w.org\/{rel}","templated":true}]}}