{"id":91176,"date":"2016-02-09T07:00:03","date_gmt":"2016-02-09T06:00:03","guid":{"rendered":"http:\/\/batijournal.com\/?p=91176"},"modified":"2019-07-15T11:08:49","modified_gmt":"2019-07-15T09:08:49","slug":"produit-verrier","status":"publish","type":"post","link":"https:\/\/batijournal.com\/index.php\/produit-verrier\/91176\/","title":{"rendered":"Produit verrier"},"content":{"rendered":"<p>Sabco, profil aluminium pour garde-corps en verre, se monte sur dalle, nez de dalle et encastr\u00e9. Le syst\u00e8me de fixation du verre proc\u00e8de par auto-ajustement au serrage, sans per\u00e7age du remplissage ni poteaux. Trois finitions sont propos\u00e9es\u00a0: aluminium naturel, aspect inox bross\u00e9 ou thermolaquage Ral sur demande. Il peut accueillir des verres feuillet\u00e9s tremp\u00e9s d&rsquo;\u00e9paisseur 8.8.2 ou plus, et des verres recuits. Le drainage des feuillures est r\u00e9alis\u00e9 sur chaque extr\u00e9mit\u00e9 des profils. Dimensions max.\u00a0: h 2 100 x l 2 500 x L 2 500 ou 5 000 mm sur demande. \u00c9paisseur du vitrage\u00a0: 8 8, 10 10, 12 12. Le cintrage est possible \u00e0 partir d&rsquo;un rayon minimal de 1 m.<\/p>\n<p><span style=\"color: #000000;\"><span style=\"font-family: ArialMT, sans-serif;\"><span style=\"font-size: medium;\"><a href=\"http:\/\/www.sadev.com\">www.sadev.com<\/a><\/span><\/span><\/span><\/p>\n","protected":false},"excerpt":{"rendered":"<p>Sabco, profil aluminium pour garde-corps en verre, se monte sur dalle, nez de dalle et encastr\u00e9. Le syst\u00e8me de fixation du verre proc\u00e8de par auto-ajustement au serrage, sans per\u00e7age du remplissage ni poteaux. Trois finitions sont propos\u00e9es\u00a0: aluminium naturel, aspect inox bross\u00e9 ou thermolaquage Ral sur demande. Il peut accueillir des verres feuillet\u00e9s tremp\u00e9s d&rsquo;\u00e9paisseur [&hellip;]<\/p>\n","protected":false},"author":17,"featured_media":91177,"comment_status":"closed","ping_status":"closed","sticky":false,"template":"","format":"standard","meta":{"_et_pb_use_builder":"","_et_pb_old_content":"","_et_gb_content_width":"","footnotes":""},"categories":[6356,10774],"tags":[1802,789],"class_list":["post-91176","post","type-post","status-publish","format-standard","has-post-thumbnail","hentry","category-produits-solutions-techniques","category-produits-5facades","tag-profil","tag-verre"],"yoast_head":"<!-- This site is optimized with the Yoast SEO plugin v27.4 - https:\/\/yoast.com\/product\/yoast-seo-wordpress\/ -->\n<title>Produit verrier<\/title>\n<meta name=\"robots\" content=\"index, follow, max-snippet:-1, max-image-preview:large, max-video-preview:-1\" \/>\n<link rel=\"canonical\" href=\"https:\/\/batijournal.com\/index.php\/produit-verrier\/91176\/\" \/>\n<meta property=\"og:locale\" content=\"fr_FR\" \/>\n<meta property=\"og:type\" content=\"article\" \/>\n<meta property=\"og:title\" content=\"Produit verrier\" \/>\n<meta property=\"og:description\" content=\"Sabco, profil aluminium pour garde-corps en verre, se monte sur dalle, nez de dalle et encastr\u00e9. Le syst\u00e8me de fixation du verre proc\u00e8de par auto-ajustement au serrage, sans per\u00e7age du remplissage ni poteaux. Trois finitions sont propos\u00e9es\u00a0: aluminium naturel, aspect inox bross\u00e9 ou thermolaquage Ral sur demande. Il peut accueillir des verres feuillet\u00e9s tremp\u00e9s d&rsquo;\u00e9paisseur [&hellip;]\" \/>\n<meta property=\"og:url\" content=\"https:\/\/batijournal.com\/index.php\/produit-verrier\/91176\/\" \/>\n<meta property=\"og:site_name\" content=\"Batijournal\" \/>\n<meta property=\"article:published_time\" content=\"2016-02-09T06:00:03+00:00\" \/>\n<meta property=\"article:modified_time\" content=\"2019-07-15T09:08:49+00:00\" \/>\n<meta property=\"og:image\" content=\"https:\/\/batijournal.com\/wp-content\/uploads\/2016\/01\/sabco_sadev.jpg\" \/>\n\t<meta property=\"og:image:width\" content=\"1500\" \/>\n\t<meta property=\"og:image:height\" content=\"1500\" \/>\n\t<meta property=\"og:image:type\" content=\"image\/jpeg\" \/>\n<meta name=\"author\" content=\"St\u00e9phane Miget\" \/>\n<meta name=\"twitter:card\" content=\"summary_large_image\" \/>\n<meta name=\"twitter:creator\" content=\"@bati_journal\" \/>\n<meta name=\"twitter:site\" content=\"@bati_journal\" \/>\n<meta name=\"twitter:label1\" content=\"\u00c9crit par\" \/>\n\t<meta name=\"twitter:data1\" content=\"St\u00e9phane Miget\" \/>\n\t<meta name=\"twitter:label2\" content=\"Dur\u00e9e de lecture estim\u00e9e\" \/>\n\t<meta name=\"twitter:data2\" content=\"1 minute\" \/>\n<script type=\"application\/ld+json\" class=\"yoast-schema-graph\">{\"@context\":\"https:\\\/\\\/schema.org\",\"@graph\":[{\"@type\":\"Article\",\"@id\":\"https:\\\/\\\/batijournal.com\\\/index.php\\\/produit-verrier\\\/91176\\\/#article\",\"isPartOf\":{\"@id\":\"https:\\\/\\\/batijournal.com\\\/index.php\\\/produit-verrier\\\/91176\\\/\"},\"author\":{\"name\":\"St\u00e9phane Miget\",\"@id\":\"https:\\\/\\\/batijournal.com\\\/#\\\/schema\\\/person\\\/1dc96ec6957aa1ccb25ebe78bb19f100\"},\"headline\":\"Produit verrier\",\"datePublished\":\"2016-02-09T06:00:03+00:00\",\"dateModified\":\"2019-07-15T09:08:49+00:00\",\"mainEntityOfPage\":{\"@id\":\"https:\\\/\\\/batijournal.com\\\/index.php\\\/produit-verrier\\\/91176\\\/\"},\"wordCount\":111,\"image\":{\"@id\":\"https:\\\/\\\/batijournal.com\\\/index.php\\\/produit-verrier\\\/91176\\\/#primaryimage\"},\"thumbnailUrl\":\"https:\\\/\\\/batijournal.com\\\/wp-content\\\/uploads\\\/2016\\\/01\\\/sabco_sadev.jpg\",\"keywords\":[\"profil\",\"verre\"],\"articleSection\":[\"Produits &amp; Solutions techniques\",\"zz_Nouveaut\u00e9s Produits - 5fa\u00e7ades\"],\"inLanguage\":\"fr-FR\"},{\"@type\":\"WebPage\",\"@id\":\"https:\\\/\\\/batijournal.com\\\/index.php\\\/produit-verrier\\\/91176\\\/\",\"url\":\"https:\\\/\\\/batijournal.com\\\/index.php\\\/produit-verrier\\\/91176\\\/\",\"name\":\"Produit verrier\",\"isPartOf\":{\"@id\":\"https:\\\/\\\/batijournal.com\\\/#website\"},\"primaryImageOfPage\":{\"@id\":\"https:\\\/\\\/batijournal.com\\\/index.php\\\/produit-verrier\\\/91176\\\/#primaryimage\"},\"image\":{\"@id\":\"https:\\\/\\\/batijournal.com\\\/index.php\\\/produit-verrier\\\/91176\\\/#primaryimage\"},\"thumbnailUrl\":\"https:\\\/\\\/batijournal.com\\\/wp-content\\\/uploads\\\/2016\\\/01\\\/sabco_sadev.jpg\",\"datePublished\":\"2016-02-09T06:00:03+00:00\",\"dateModified\":\"2019-07-15T09:08:49+00:00\",\"author\":{\"@id\":\"https:\\\/\\\/batijournal.com\\\/#\\\/schema\\\/person\\\/1dc96ec6957aa1ccb25ebe78bb19f100\"},\"breadcrumb\":{\"@id\":\"https:\\\/\\\/batijournal.com\\\/index.php\\\/produit-verrier\\\/91176\\\/#breadcrumb\"},\"inLanguage\":\"fr-FR\",\"potentialAction\":[{\"@type\":\"ReadAction\",\"target\":[\"https:\\\/\\\/batijournal.com\\\/index.php\\\/produit-verrier\\\/91176\\\/\"]}]},{\"@type\":\"ImageObject\",\"inLanguage\":\"fr-FR\",\"@id\":\"https:\\\/\\\/batijournal.com\\\/index.php\\\/produit-verrier\\\/91176\\\/#primaryimage\",\"url\":\"https:\\\/\\\/batijournal.com\\\/wp-content\\\/uploads\\\/2016\\\/01\\\/sabco_sadev.jpg\",\"contentUrl\":\"https:\\\/\\\/batijournal.com\\\/wp-content\\\/uploads\\\/2016\\\/01\\\/sabco_sadev.jpg\",\"width\":1500,\"height\":1500,\"caption\":\"Sabco, Sadev\"},{\"@type\":\"BreadcrumbList\",\"@id\":\"https:\\\/\\\/batijournal.com\\\/index.php\\\/produit-verrier\\\/91176\\\/#breadcrumb\",\"itemListElement\":[{\"@type\":\"ListItem\",\"position\":1,\"name\":\"Accueil\",\"item\":\"https:\\\/\\\/batijournal.com\\\/\"},{\"@type\":\"ListItem\",\"position\":2,\"name\":\"zz_5fa\u00e7ades\",\"item\":\"https:\\\/\\\/batijournal.com\\\/index.php\\\/category\\\/5facades\\\/\"},{\"@type\":\"ListItem\",\"position\":3,\"name\":\"zz_Nouveaut\u00e9s Produits - 5fa\u00e7ades\",\"item\":\"https:\\\/\\\/batijournal.com\\\/index.php\\\/category\\\/5facades\\\/produits-5facades\\\/\"},{\"@type\":\"ListItem\",\"position\":4,\"name\":\"Produit verrier\"}]},{\"@type\":\"WebSite\",\"@id\":\"https:\\\/\\\/batijournal.com\\\/#website\",\"url\":\"https:\\\/\\\/batijournal.com\\\/\",\"name\":\"Batijournal\",\"description\":\"L&#039;actualit\u00e9 du b\u00e2timent\",\"potentialAction\":[{\"@type\":\"SearchAction\",\"target\":{\"@type\":\"EntryPoint\",\"urlTemplate\":\"https:\\\/\\\/batijournal.com\\\/?s={search_term_string}\"},\"query-input\":{\"@type\":\"PropertyValueSpecification\",\"valueRequired\":true,\"valueName\":\"search_term_string\"}}],\"inLanguage\":\"fr-FR\"},{\"@type\":\"Person\",\"@id\":\"https:\\\/\\\/batijournal.com\\\/#\\\/schema\\\/person\\\/1dc96ec6957aa1ccb25ebe78bb19f100\",\"name\":\"St\u00e9phane Miget\",\"image\":{\"@type\":\"ImageObject\",\"inLanguage\":\"fr-FR\",\"@id\":\"https:\\\/\\\/secure.gravatar.com\\\/avatar\\\/89915563d925342126b8ef0281b93d9d7fc337043e8df017f780908eb9644451?s=96&d=mm&r=g\",\"url\":\"https:\\\/\\\/secure.gravatar.com\\\/avatar\\\/89915563d925342126b8ef0281b93d9d7fc337043e8df017f780908eb9644451?s=96&d=mm&r=g\",\"contentUrl\":\"https:\\\/\\\/secure.gravatar.com\\\/avatar\\\/89915563d925342126b8ef0281b93d9d7fc337043e8df017f780908eb9644451?s=96&d=mm&r=g\",\"caption\":\"St\u00e9phane Miget\"},\"url\":\"https:\\\/\\\/batijournal.com\\\/index.php\\\/author\\\/stephane\\\/\"}]}<\/script>\n<!-- \/ Yoast SEO plugin. -->","yoast_head_json":{"title":"Produit verrier","robots":{"index":"index","follow":"follow","max-snippet":"max-snippet:-1","max-image-preview":"max-image-preview:large","max-video-preview":"max-video-preview:-1"},"canonical":"https:\/\/batijournal.com\/index.php\/produit-verrier\/91176\/","og_locale":"fr_FR","og_type":"article","og_title":"Produit verrier","og_description":"Sabco, profil aluminium pour garde-corps en verre, se monte sur dalle, nez de dalle et encastr\u00e9. Le syst\u00e8me de fixation du verre proc\u00e8de par auto-ajustement au serrage, sans per\u00e7age du remplissage ni poteaux. Trois finitions sont propos\u00e9es\u00a0: aluminium naturel, aspect inox bross\u00e9 ou thermolaquage Ral sur demande. Il peut accueillir des verres feuillet\u00e9s tremp\u00e9s d&rsquo;\u00e9paisseur [&hellip;]","og_url":"https:\/\/batijournal.com\/index.php\/produit-verrier\/91176\/","og_site_name":"Batijournal","article_published_time":"2016-02-09T06:00:03+00:00","article_modified_time":"2019-07-15T09:08:49+00:00","og_image":[{"width":1500,"height":1500,"url":"https:\/\/batijournal.com\/wp-content\/uploads\/2016\/01\/sabco_sadev.jpg","type":"image\/jpeg"}],"author":"St\u00e9phane Miget","twitter_card":"summary_large_image","twitter_creator":"@bati_journal","twitter_site":"@bati_journal","twitter_misc":{"\u00c9crit par":"St\u00e9phane Miget","Dur\u00e9e de lecture estim\u00e9e":"1 minute"},"schema":{"@context":"https:\/\/schema.org","@graph":[{"@type":"Article","@id":"https:\/\/batijournal.com\/index.php\/produit-verrier\/91176\/#article","isPartOf":{"@id":"https:\/\/batijournal.com\/index.php\/produit-verrier\/91176\/"},"author":{"name":"St\u00e9phane Miget","@id":"https:\/\/batijournal.com\/#\/schema\/person\/1dc96ec6957aa1ccb25ebe78bb19f100"},"headline":"Produit verrier","datePublished":"2016-02-09T06:00:03+00:00","dateModified":"2019-07-15T09:08:49+00:00","mainEntityOfPage":{"@id":"https:\/\/batijournal.com\/index.php\/produit-verrier\/91176\/"},"wordCount":111,"image":{"@id":"https:\/\/batijournal.com\/index.php\/produit-verrier\/91176\/#primaryimage"},"thumbnailUrl":"https:\/\/batijournal.com\/wp-content\/uploads\/2016\/01\/sabco_sadev.jpg","keywords":["profil","verre"],"articleSection":["Produits &amp; Solutions techniques","zz_Nouveaut\u00e9s Produits - 5fa\u00e7ades"],"inLanguage":"fr-FR"},{"@type":"WebPage","@id":"https:\/\/batijournal.com\/index.php\/produit-verrier\/91176\/","url":"https:\/\/batijournal.com\/index.php\/produit-verrier\/91176\/","name":"Produit verrier","isPartOf":{"@id":"https:\/\/batijournal.com\/#website"},"primaryImageOfPage":{"@id":"https:\/\/batijournal.com\/index.php\/produit-verrier\/91176\/#primaryimage"},"image":{"@id":"https:\/\/batijournal.com\/index.php\/produit-verrier\/91176\/#primaryimage"},"thumbnailUrl":"https:\/\/batijournal.com\/wp-content\/uploads\/2016\/01\/sabco_sadev.jpg","datePublished":"2016-02-09T06:00:03+00:00","dateModified":"2019-07-15T09:08:49+00:00","author":{"@id":"https:\/\/batijournal.com\/#\/schema\/person\/1dc96ec6957aa1ccb25ebe78bb19f100"},"breadcrumb":{"@id":"https:\/\/batijournal.com\/index.php\/produit-verrier\/91176\/#breadcrumb"},"inLanguage":"fr-FR","potentialAction":[{"@type":"ReadAction","target":["https:\/\/batijournal.com\/index.php\/produit-verrier\/91176\/"]}]},{"@type":"ImageObject","inLanguage":"fr-FR","@id":"https:\/\/batijournal.com\/index.php\/produit-verrier\/91176\/#primaryimage","url":"https:\/\/batijournal.com\/wp-content\/uploads\/2016\/01\/sabco_sadev.jpg","contentUrl":"https:\/\/batijournal.com\/wp-content\/uploads\/2016\/01\/sabco_sadev.jpg","width":1500,"height":1500,"caption":"Sabco, Sadev"},{"@type":"BreadcrumbList","@id":"https:\/\/batijournal.com\/index.php\/produit-verrier\/91176\/#breadcrumb","itemListElement":[{"@type":"ListItem","position":1,"name":"Accueil","item":"https:\/\/batijournal.com\/"},{"@type":"ListItem","position":2,"name":"zz_5fa\u00e7ades","item":"https:\/\/batijournal.com\/index.php\/category\/5facades\/"},{"@type":"ListItem","position":3,"name":"zz_Nouveaut\u00e9s Produits - 5fa\u00e7ades","item":"https:\/\/batijournal.com\/index.php\/category\/5facades\/produits-5facades\/"},{"@type":"ListItem","position":4,"name":"Produit verrier"}]},{"@type":"WebSite","@id":"https:\/\/batijournal.com\/#website","url":"https:\/\/batijournal.com\/","name":"Batijournal","description":"L&#039;actualit\u00e9 du b\u00e2timent","potentialAction":[{"@type":"SearchAction","target":{"@type":"EntryPoint","urlTemplate":"https:\/\/batijournal.com\/?s={search_term_string}"},"query-input":{"@type":"PropertyValueSpecification","valueRequired":true,"valueName":"search_term_string"}}],"inLanguage":"fr-FR"},{"@type":"Person","@id":"https:\/\/batijournal.com\/#\/schema\/person\/1dc96ec6957aa1ccb25ebe78bb19f100","name":"St\u00e9phane Miget","image":{"@type":"ImageObject","inLanguage":"fr-FR","@id":"https:\/\/secure.gravatar.com\/avatar\/89915563d925342126b8ef0281b93d9d7fc337043e8df017f780908eb9644451?s=96&d=mm&r=g","url":"https:\/\/secure.gravatar.com\/avatar\/89915563d925342126b8ef0281b93d9d7fc337043e8df017f780908eb9644451?s=96&d=mm&r=g","contentUrl":"https:\/\/secure.gravatar.com\/avatar\/89915563d925342126b8ef0281b93d9d7fc337043e8df017f780908eb9644451?s=96&d=mm&r=g","caption":"St\u00e9phane Miget"},"url":"https:\/\/batijournal.com\/index.php\/author\/stephane\/"}]}},"_links":{"self":[{"href":"https:\/\/batijournal.com\/index.php\/wp-json\/wp\/v2\/posts\/91176","targetHints":{"allow":["GET"]}}],"collection":[{"href":"https:\/\/batijournal.com\/index.php\/wp-json\/wp\/v2\/posts"}],"about":[{"href":"https:\/\/batijournal.com\/index.php\/wp-json\/wp\/v2\/types\/post"}],"author":[{"embeddable":true,"href":"https:\/\/batijournal.com\/index.php\/wp-json\/wp\/v2\/users\/17"}],"replies":[{"embeddable":true,"href":"https:\/\/batijournal.com\/index.php\/wp-json\/wp\/v2\/comments?post=91176"}],"version-history":[{"count":0,"href":"https:\/\/batijournal.com\/index.php\/wp-json\/wp\/v2\/posts\/91176\/revisions"}],"wp:featuredmedia":[{"embeddable":true,"href":"https:\/\/batijournal.com\/index.php\/wp-json\/wp\/v2\/media\/91177"}],"wp:attachment":[{"href":"https:\/\/batijournal.com\/index.php\/wp-json\/wp\/v2\/media?parent=91176"}],"wp:term":[{"taxonomy":"category","embeddable":true,"href":"https:\/\/batijournal.com\/index.php\/wp-json\/wp\/v2\/categories?post=91176"},{"taxonomy":"post_tag","embeddable":true,"href":"https:\/\/batijournal.com\/index.php\/wp-json\/wp\/v2\/tags?post=91176"}],"curies":[{"name":"wp","href":"https:\/\/api.w.org\/{rel}","templated":true}]}}