{"id":91224,"date":"2016-01-28T15:12:34","date_gmt":"2016-01-28T14:12:34","guid":{"rendered":"http:\/\/batijournal.com\/?p=91224"},"modified":"2016-01-28T15:12:34","modified_gmt":"2016-01-28T14:12:34","slug":"colloque-rehabiliter-avec-le-bois-et-les-materiaux-biosources","status":"publish","type":"post","link":"https:\/\/batijournal.com\/index.php\/colloque-rehabiliter-avec-le-bois-et-les-materiaux-biosources\/91224\/","title":{"rendered":"Colloque \u00ab\u00a0\u00a0R\u00e9habiliter avec le bois et les mat\u00e9riaux biosourc\u00e9s\u00a0\u00bb"},"content":{"rendered":"<p align=\"JUSTIFY\"><span style=\"font-family: Arial, sans-serif;\"><span style=\"font-size: large;\"><span style=\"color: #000000;\">Le colloque national \u00ab\u00a0R\u00e9habiliter avec le bois et les mat\u00e9riaux biosourc\u00e9s\u00a0\u00bb se tiendra le mercredi 3 f\u00e9vrier 2016 \u00e0 l&rsquo;Auditorium de la tour S\u00e9quoia \u00e0 La D\u00e9fense. Organis\u00e9 par FCBA et Francilbois, cet \u00e9v\u00e9nement a pour objectif de valoriser <\/span><span style=\"color: #000000;\"><span style=\"font-family: Tahoma, sans-serif;\"><span style=\"font-size: large;\">la r\u00e9habilitation de logements sociaux et de b\u00e2timents publics avec des solutions bois et mat\u00e9riaux biosourc\u00e9s en s\u2019appuyant sur la pr\u00e9sentation et la capitalisation d\u2019op\u00e9rations \u00e9conomiquement performantes. Il s&rsquo;adresse <\/span><\/span><\/span><span style=\"font-family: Tahoma, sans-serif;\"><span style=\"font-size: large;\">aux am\u00e9nageurs, ma\u00eetres d\u2019ouvrage, promoteurs, architectes, bureaux d\u2019\u00e9tudes\u00a0et\u00a0de contr\u00f4le, industriels et professionnels de la fili\u00e8re bois et biosourc\u00e9s. <\/span><\/span><\/span><\/span><\/p>\n<p align=\"JUSTIFY\"><span style=\"color: #000000;\"><span style=\"font-family: Arial, sans-serif;\"><span style=\"font-size: large;\"><span style=\"font-family: Tahoma, sans-serif;\"><span style=\"font-size: large;\"><a href=\"http:\/\/www.fcba.fr\/sites\/default\/files\/files\/Programme%20colloque%20Rehab.pdf\">D\u00e9couvrir le programme et les modalit\u00e9s d&rsquo;inscription<\/a><\/span><\/span><\/span><\/span><\/span><\/p>\n","protected":false},"excerpt":{"rendered":"<p>Le colloque national \u00ab\u00a0R\u00e9habiliter avec le bois et les mat\u00e9riaux biosourc\u00e9s\u00a0\u00bb se tiendra le mercredi 3 f\u00e9vrier 2016 \u00e0 l&rsquo;Auditorium de la tour S\u00e9quoia \u00e0 La D\u00e9fense. Organis\u00e9 par FCBA et Francilbois, cet \u00e9v\u00e9nement a pour objectif de valoriser la r\u00e9habilitation de logements sociaux et de b\u00e2timents publics avec des solutions bois et mat\u00e9riaux biosourc\u00e9s [&hellip;]<\/p>\n","protected":false},"author":17,"featured_media":91225,"comment_status":"closed","ping_status":"closed","sticky":false,"template":"","format":"standard","meta":{"_et_pb_use_builder":"","_et_pb_old_content":"","_et_gb_content_width":"","footnotes":""},"categories":[10530,6345,9192,10764],"tags":[],"class_list":["post-91224","post","type-post","status-publish","format-standard","has-post-thumbnail","hentry","category-actualites","category-economie-marches","category-evenements","category-woodsurfer"],"yoast_head":"<!-- This site is optimized with the Yoast SEO plugin v27.4 - https:\/\/yoast.com\/product\/yoast-seo-wordpress\/ -->\n<title>Colloque \u00ab\u00a0\u00a0R\u00e9habiliter avec le bois et les mat\u00e9riaux biosourc\u00e9s\u00a0\u00bb<\/title>\n<meta name=\"robots\" content=\"index, follow, max-snippet:-1, max-image-preview:large, max-video-preview:-1\" \/>\n<link rel=\"canonical\" href=\"https:\/\/batijournal.com\/index.php\/colloque-rehabiliter-avec-le-bois-et-les-materiaux-biosources\/91224\/\" \/>\n<meta property=\"og:locale\" content=\"fr_FR\" \/>\n<meta property=\"og:type\" content=\"article\" \/>\n<meta property=\"og:title\" content=\"Colloque \u00ab\u00a0\u00a0R\u00e9habiliter avec le bois et les mat\u00e9riaux biosourc\u00e9s\u00a0\u00bb\" \/>\n<meta property=\"og:description\" content=\"Le colloque national \u00ab\u00a0R\u00e9habiliter avec le bois et les mat\u00e9riaux biosourc\u00e9s\u00a0\u00bb se tiendra le mercredi 3 f\u00e9vrier 2016 \u00e0 l&rsquo;Auditorium de la tour S\u00e9quoia \u00e0 La D\u00e9fense. Organis\u00e9 par FCBA et Francilbois, cet \u00e9v\u00e9nement a pour objectif de valoriser la r\u00e9habilitation de logements sociaux et de b\u00e2timents publics avec des solutions bois et mat\u00e9riaux biosourc\u00e9s [&hellip;]\" \/>\n<meta property=\"og:url\" content=\"https:\/\/batijournal.com\/index.php\/colloque-rehabiliter-avec-le-bois-et-les-materiaux-biosources\/91224\/\" \/>\n<meta property=\"og:site_name\" content=\"Batijournal\" \/>\n<meta property=\"article:published_time\" content=\"2016-01-28T14:12:34+00:00\" \/>\n<meta property=\"og:image\" content=\"https:\/\/batijournal.com\/wp-content\/uploads\/2016\/01\/surelev1-Tiemcen.png\" \/>\n\t<meta property=\"og:image:width\" content=\"1024\" \/>\n\t<meta property=\"og:image:height\" content=\"681\" \/>\n\t<meta property=\"og:image:type\" content=\"image\/png\" \/>\n<meta name=\"author\" content=\"St\u00e9phane Miget\" \/>\n<meta name=\"twitter:card\" content=\"summary_large_image\" \/>\n<meta name=\"twitter:creator\" content=\"@bati_journal\" \/>\n<meta name=\"twitter:site\" content=\"@bati_journal\" \/>\n<meta name=\"twitter:label1\" content=\"\u00c9crit par\" \/>\n\t<meta name=\"twitter:data1\" content=\"St\u00e9phane Miget\" \/>\n\t<meta name=\"twitter:label2\" content=\"Dur\u00e9e de lecture estim\u00e9e\" \/>\n\t<meta name=\"twitter:data2\" content=\"1 minute\" \/>\n<script type=\"application\/ld+json\" class=\"yoast-schema-graph\">{\"@context\":\"https:\\\/\\\/schema.org\",\"@graph\":[{\"@type\":\"Article\",\"@id\":\"https:\\\/\\\/batijournal.com\\\/index.php\\\/colloque-rehabiliter-avec-le-bois-et-les-materiaux-biosources\\\/91224\\\/#article\",\"isPartOf\":{\"@id\":\"https:\\\/\\\/batijournal.com\\\/index.php\\\/colloque-rehabiliter-avec-le-bois-et-les-materiaux-biosources\\\/91224\\\/\"},\"author\":{\"name\":\"St\u00e9phane Miget\",\"@id\":\"https:\\\/\\\/batijournal.com\\\/#\\\/schema\\\/person\\\/1dc96ec6957aa1ccb25ebe78bb19f100\"},\"headline\":\"Colloque \u00ab\u00a0\u00a0R\u00e9habiliter avec le bois et les mat\u00e9riaux biosourc\u00e9s\u00a0\u00bb\",\"datePublished\":\"2016-01-28T14:12:34+00:00\",\"mainEntityOfPage\":{\"@id\":\"https:\\\/\\\/batijournal.com\\\/index.php\\\/colloque-rehabiliter-avec-le-bois-et-les-materiaux-biosources\\\/91224\\\/\"},\"wordCount\":130,\"image\":{\"@id\":\"https:\\\/\\\/batijournal.com\\\/index.php\\\/colloque-rehabiliter-avec-le-bois-et-les-materiaux-biosources\\\/91224\\\/#primaryimage\"},\"thumbnailUrl\":\"https:\\\/\\\/batijournal.com\\\/wp-content\\\/uploads\\\/2016\\\/01\\\/surelev1-Tiemcen.png\",\"articleSection\":[\"Actualit\u00e9s\",\"\u00c9conomie &amp; March\u00e9s\",\"\u00c9v\u00e9nements\",\"zz_Woodsurfer\"],\"inLanguage\":\"fr-FR\"},{\"@type\":\"WebPage\",\"@id\":\"https:\\\/\\\/batijournal.com\\\/index.php\\\/colloque-rehabiliter-avec-le-bois-et-les-materiaux-biosources\\\/91224\\\/\",\"url\":\"https:\\\/\\\/batijournal.com\\\/index.php\\\/colloque-rehabiliter-avec-le-bois-et-les-materiaux-biosources\\\/91224\\\/\",\"name\":\"Colloque \u00ab\u00a0\u00a0R\u00e9habiliter avec le bois et les mat\u00e9riaux biosourc\u00e9s\u00a0\u00bb\",\"isPartOf\":{\"@id\":\"https:\\\/\\\/batijournal.com\\\/#website\"},\"primaryImageOfPage\":{\"@id\":\"https:\\\/\\\/batijournal.com\\\/index.php\\\/colloque-rehabiliter-avec-le-bois-et-les-materiaux-biosources\\\/91224\\\/#primaryimage\"},\"image\":{\"@id\":\"https:\\\/\\\/batijournal.com\\\/index.php\\\/colloque-rehabiliter-avec-le-bois-et-les-materiaux-biosources\\\/91224\\\/#primaryimage\"},\"thumbnailUrl\":\"https:\\\/\\\/batijournal.com\\\/wp-content\\\/uploads\\\/2016\\\/01\\\/surelev1-Tiemcen.png\",\"datePublished\":\"2016-01-28T14:12:34+00:00\",\"author\":{\"@id\":\"https:\\\/\\\/batijournal.com\\\/#\\\/schema\\\/person\\\/1dc96ec6957aa1ccb25ebe78bb19f100\"},\"breadcrumb\":{\"@id\":\"https:\\\/\\\/batijournal.com\\\/index.php\\\/colloque-rehabiliter-avec-le-bois-et-les-materiaux-biosources\\\/91224\\\/#breadcrumb\"},\"inLanguage\":\"fr-FR\",\"potentialAction\":[{\"@type\":\"ReadAction\",\"target\":[\"https:\\\/\\\/batijournal.com\\\/index.php\\\/colloque-rehabiliter-avec-le-bois-et-les-materiaux-biosources\\\/91224\\\/\"]}]},{\"@type\":\"ImageObject\",\"inLanguage\":\"fr-FR\",\"@id\":\"https:\\\/\\\/batijournal.com\\\/index.php\\\/colloque-rehabiliter-avec-le-bois-et-les-materiaux-biosources\\\/91224\\\/#primaryimage\",\"url\":\"https:\\\/\\\/batijournal.com\\\/wp-content\\\/uploads\\\/2016\\\/01\\\/surelev1-Tiemcen.png\",\"contentUrl\":\"https:\\\/\\\/batijournal.com\\\/wp-content\\\/uploads\\\/2016\\\/01\\\/surelev1-Tiemcen.png\",\"width\":1024,\"height\":681},{\"@type\":\"BreadcrumbList\",\"@id\":\"https:\\\/\\\/batijournal.com\\\/index.php\\\/colloque-rehabiliter-avec-le-bois-et-les-materiaux-biosources\\\/91224\\\/#breadcrumb\",\"itemListElement\":[{\"@type\":\"ListItem\",\"position\":1,\"name\":\"Accueil\",\"item\":\"https:\\\/\\\/batijournal.com\\\/\"},{\"@type\":\"ListItem\",\"position\":2,\"name\":\"Actualit\u00e9s\",\"item\":\"https:\\\/\\\/batijournal.com\\\/index.php\\\/category\\\/actualites\\\/\"},{\"@type\":\"ListItem\",\"position\":3,\"name\":\"\u00c9conomie &amp; March\u00e9s\",\"item\":\"https:\\\/\\\/batijournal.com\\\/index.php\\\/category\\\/actualites\\\/economie-marches\\\/\"},{\"@type\":\"ListItem\",\"position\":4,\"name\":\"Colloque \u00ab\u00a0\u00a0R\u00e9habiliter avec le bois et les mat\u00e9riaux biosourc\u00e9s\u00a0\u00bb\"}]},{\"@type\":\"WebSite\",\"@id\":\"https:\\\/\\\/batijournal.com\\\/#website\",\"url\":\"https:\\\/\\\/batijournal.com\\\/\",\"name\":\"Batijournal\",\"description\":\"L&#039;actualit\u00e9 du b\u00e2timent\",\"potentialAction\":[{\"@type\":\"SearchAction\",\"target\":{\"@type\":\"EntryPoint\",\"urlTemplate\":\"https:\\\/\\\/batijournal.com\\\/?s={search_term_string}\"},\"query-input\":{\"@type\":\"PropertyValueSpecification\",\"valueRequired\":true,\"valueName\":\"search_term_string\"}}],\"inLanguage\":\"fr-FR\"},{\"@type\":\"Person\",\"@id\":\"https:\\\/\\\/batijournal.com\\\/#\\\/schema\\\/person\\\/1dc96ec6957aa1ccb25ebe78bb19f100\",\"name\":\"St\u00e9phane Miget\",\"image\":{\"@type\":\"ImageObject\",\"inLanguage\":\"fr-FR\",\"@id\":\"https:\\\/\\\/secure.gravatar.com\\\/avatar\\\/89915563d925342126b8ef0281b93d9d7fc337043e8df017f780908eb9644451?s=96&d=mm&r=g\",\"url\":\"https:\\\/\\\/secure.gravatar.com\\\/avatar\\\/89915563d925342126b8ef0281b93d9d7fc337043e8df017f780908eb9644451?s=96&d=mm&r=g\",\"contentUrl\":\"https:\\\/\\\/secure.gravatar.com\\\/avatar\\\/89915563d925342126b8ef0281b93d9d7fc337043e8df017f780908eb9644451?s=96&d=mm&r=g\",\"caption\":\"St\u00e9phane Miget\"},\"url\":\"https:\\\/\\\/batijournal.com\\\/index.php\\\/author\\\/stephane\\\/\"}]}<\/script>\n<!-- \/ Yoast SEO plugin. -->","yoast_head_json":{"title":"Colloque \u00ab\u00a0\u00a0R\u00e9habiliter avec le bois et les mat\u00e9riaux biosourc\u00e9s\u00a0\u00bb","robots":{"index":"index","follow":"follow","max-snippet":"max-snippet:-1","max-image-preview":"max-image-preview:large","max-video-preview":"max-video-preview:-1"},"canonical":"https:\/\/batijournal.com\/index.php\/colloque-rehabiliter-avec-le-bois-et-les-materiaux-biosources\/91224\/","og_locale":"fr_FR","og_type":"article","og_title":"Colloque \u00ab\u00a0\u00a0R\u00e9habiliter avec le bois et les mat\u00e9riaux biosourc\u00e9s\u00a0\u00bb","og_description":"Le colloque national \u00ab\u00a0R\u00e9habiliter avec le bois et les mat\u00e9riaux biosourc\u00e9s\u00a0\u00bb se tiendra le mercredi 3 f\u00e9vrier 2016 \u00e0 l&rsquo;Auditorium de la tour S\u00e9quoia \u00e0 La D\u00e9fense. Organis\u00e9 par FCBA et Francilbois, cet \u00e9v\u00e9nement a pour objectif de valoriser la r\u00e9habilitation de logements sociaux et de b\u00e2timents publics avec des solutions bois et mat\u00e9riaux biosourc\u00e9s [&hellip;]","og_url":"https:\/\/batijournal.com\/index.php\/colloque-rehabiliter-avec-le-bois-et-les-materiaux-biosources\/91224\/","og_site_name":"Batijournal","article_published_time":"2016-01-28T14:12:34+00:00","og_image":[{"width":1024,"height":681,"url":"https:\/\/batijournal.com\/wp-content\/uploads\/2016\/01\/surelev1-Tiemcen.png","type":"image\/png"}],"author":"St\u00e9phane Miget","twitter_card":"summary_large_image","twitter_creator":"@bati_journal","twitter_site":"@bati_journal","twitter_misc":{"\u00c9crit par":"St\u00e9phane Miget","Dur\u00e9e de lecture estim\u00e9e":"1 minute"},"schema":{"@context":"https:\/\/schema.org","@graph":[{"@type":"Article","@id":"https:\/\/batijournal.com\/index.php\/colloque-rehabiliter-avec-le-bois-et-les-materiaux-biosources\/91224\/#article","isPartOf":{"@id":"https:\/\/batijournal.com\/index.php\/colloque-rehabiliter-avec-le-bois-et-les-materiaux-biosources\/91224\/"},"author":{"name":"St\u00e9phane Miget","@id":"https:\/\/batijournal.com\/#\/schema\/person\/1dc96ec6957aa1ccb25ebe78bb19f100"},"headline":"Colloque \u00ab\u00a0\u00a0R\u00e9habiliter avec le bois et les mat\u00e9riaux biosourc\u00e9s\u00a0\u00bb","datePublished":"2016-01-28T14:12:34+00:00","mainEntityOfPage":{"@id":"https:\/\/batijournal.com\/index.php\/colloque-rehabiliter-avec-le-bois-et-les-materiaux-biosources\/91224\/"},"wordCount":130,"image":{"@id":"https:\/\/batijournal.com\/index.php\/colloque-rehabiliter-avec-le-bois-et-les-materiaux-biosources\/91224\/#primaryimage"},"thumbnailUrl":"https:\/\/batijournal.com\/wp-content\/uploads\/2016\/01\/surelev1-Tiemcen.png","articleSection":["Actualit\u00e9s","\u00c9conomie &amp; March\u00e9s","\u00c9v\u00e9nements","zz_Woodsurfer"],"inLanguage":"fr-FR"},{"@type":"WebPage","@id":"https:\/\/batijournal.com\/index.php\/colloque-rehabiliter-avec-le-bois-et-les-materiaux-biosources\/91224\/","url":"https:\/\/batijournal.com\/index.php\/colloque-rehabiliter-avec-le-bois-et-les-materiaux-biosources\/91224\/","name":"Colloque \u00ab\u00a0\u00a0R\u00e9habiliter avec le bois et les mat\u00e9riaux biosourc\u00e9s\u00a0\u00bb","isPartOf":{"@id":"https:\/\/batijournal.com\/#website"},"primaryImageOfPage":{"@id":"https:\/\/batijournal.com\/index.php\/colloque-rehabiliter-avec-le-bois-et-les-materiaux-biosources\/91224\/#primaryimage"},"image":{"@id":"https:\/\/batijournal.com\/index.php\/colloque-rehabiliter-avec-le-bois-et-les-materiaux-biosources\/91224\/#primaryimage"},"thumbnailUrl":"https:\/\/batijournal.com\/wp-content\/uploads\/2016\/01\/surelev1-Tiemcen.png","datePublished":"2016-01-28T14:12:34+00:00","author":{"@id":"https:\/\/batijournal.com\/#\/schema\/person\/1dc96ec6957aa1ccb25ebe78bb19f100"},"breadcrumb":{"@id":"https:\/\/batijournal.com\/index.php\/colloque-rehabiliter-avec-le-bois-et-les-materiaux-biosources\/91224\/#breadcrumb"},"inLanguage":"fr-FR","potentialAction":[{"@type":"ReadAction","target":["https:\/\/batijournal.com\/index.php\/colloque-rehabiliter-avec-le-bois-et-les-materiaux-biosources\/91224\/"]}]},{"@type":"ImageObject","inLanguage":"fr-FR","@id":"https:\/\/batijournal.com\/index.php\/colloque-rehabiliter-avec-le-bois-et-les-materiaux-biosources\/91224\/#primaryimage","url":"https:\/\/batijournal.com\/wp-content\/uploads\/2016\/01\/surelev1-Tiemcen.png","contentUrl":"https:\/\/batijournal.com\/wp-content\/uploads\/2016\/01\/surelev1-Tiemcen.png","width":1024,"height":681},{"@type":"BreadcrumbList","@id":"https:\/\/batijournal.com\/index.php\/colloque-rehabiliter-avec-le-bois-et-les-materiaux-biosources\/91224\/#breadcrumb","itemListElement":[{"@type":"ListItem","position":1,"name":"Accueil","item":"https:\/\/batijournal.com\/"},{"@type":"ListItem","position":2,"name":"Actualit\u00e9s","item":"https:\/\/batijournal.com\/index.php\/category\/actualites\/"},{"@type":"ListItem","position":3,"name":"\u00c9conomie &amp; March\u00e9s","item":"https:\/\/batijournal.com\/index.php\/category\/actualites\/economie-marches\/"},{"@type":"ListItem","position":4,"name":"Colloque \u00ab\u00a0\u00a0R\u00e9habiliter avec le bois et les mat\u00e9riaux biosourc\u00e9s\u00a0\u00bb"}]},{"@type":"WebSite","@id":"https:\/\/batijournal.com\/#website","url":"https:\/\/batijournal.com\/","name":"Batijournal","description":"L&#039;actualit\u00e9 du b\u00e2timent","potentialAction":[{"@type":"SearchAction","target":{"@type":"EntryPoint","urlTemplate":"https:\/\/batijournal.com\/?s={search_term_string}"},"query-input":{"@type":"PropertyValueSpecification","valueRequired":true,"valueName":"search_term_string"}}],"inLanguage":"fr-FR"},{"@type":"Person","@id":"https:\/\/batijournal.com\/#\/schema\/person\/1dc96ec6957aa1ccb25ebe78bb19f100","name":"St\u00e9phane Miget","image":{"@type":"ImageObject","inLanguage":"fr-FR","@id":"https:\/\/secure.gravatar.com\/avatar\/89915563d925342126b8ef0281b93d9d7fc337043e8df017f780908eb9644451?s=96&d=mm&r=g","url":"https:\/\/secure.gravatar.com\/avatar\/89915563d925342126b8ef0281b93d9d7fc337043e8df017f780908eb9644451?s=96&d=mm&r=g","contentUrl":"https:\/\/secure.gravatar.com\/avatar\/89915563d925342126b8ef0281b93d9d7fc337043e8df017f780908eb9644451?s=96&d=mm&r=g","caption":"St\u00e9phane Miget"},"url":"https:\/\/batijournal.com\/index.php\/author\/stephane\/"}]}},"_links":{"self":[{"href":"https:\/\/batijournal.com\/index.php\/wp-json\/wp\/v2\/posts\/91224","targetHints":{"allow":["GET"]}}],"collection":[{"href":"https:\/\/batijournal.com\/index.php\/wp-json\/wp\/v2\/posts"}],"about":[{"href":"https:\/\/batijournal.com\/index.php\/wp-json\/wp\/v2\/types\/post"}],"author":[{"embeddable":true,"href":"https:\/\/batijournal.com\/index.php\/wp-json\/wp\/v2\/users\/17"}],"replies":[{"embeddable":true,"href":"https:\/\/batijournal.com\/index.php\/wp-json\/wp\/v2\/comments?post=91224"}],"version-history":[{"count":0,"href":"https:\/\/batijournal.com\/index.php\/wp-json\/wp\/v2\/posts\/91224\/revisions"}],"wp:featuredmedia":[{"embeddable":true,"href":"https:\/\/batijournal.com\/index.php\/wp-json\/wp\/v2\/media\/91225"}],"wp:attachment":[{"href":"https:\/\/batijournal.com\/index.php\/wp-json\/wp\/v2\/media?parent=91224"}],"wp:term":[{"taxonomy":"category","embeddable":true,"href":"https:\/\/batijournal.com\/index.php\/wp-json\/wp\/v2\/categories?post=91224"},{"taxonomy":"post_tag","embeddable":true,"href":"https:\/\/batijournal.com\/index.php\/wp-json\/wp\/v2\/tags?post=91224"}],"curies":[{"name":"wp","href":"https:\/\/api.w.org\/{rel}","templated":true}]}}