{"id":91231,"date":"2016-01-28T16:50:37","date_gmt":"2016-01-28T15:50:37","guid":{"rendered":"http:\/\/batijournal.com\/?p=91231"},"modified":"2016-01-28T16:50:37","modified_gmt":"2016-01-28T15:50:37","slug":"changement-de-dates-pour-expobois-2016","status":"publish","type":"post","link":"https:\/\/batijournal.com\/index.php\/changement-de-dates-pour-expobois-2016\/91231\/","title":{"rendered":"Changement de dates pour Expobois 2016"},"content":{"rendered":"<p align=\"JUSTIFY\"><span style=\"color: #000000;\"><span style=\"font-family: Arial, sans-serif;\"><span style=\"font-size: large;\"><span style=\"font-family: Tahoma, sans-serif;\"><span style=\"font-size: large;\">Pr\u00e9vue initialement en septembre, la prochaine \u00e9dition du salon Expobois se tiendra du 22 au 25 novembre 2016 au parc des Expositions de Paris-Nord Villepinte, hall 1. Expobois int\u00e8gre cette ann\u00e9e le r\u00e9seau Woodworld de la Deutsche Messe, organisateur du salon Ligna \u00e0 Hanovre. \u00ab\u00a0Nous allons faire progresser le salon Expobois, en partenariat avec le Symop et avec le soutien des instances politiques, des organisations professionnelles et de l&rsquo;industrie\u00a0\u00bb, annonce Kai Varremann, le responsable de la division Organisation et Commercialisation internationale de Hannover Fairs International, une filiale de Deutsche Messe AG. Le salon Expobois refl\u00e9tera l&rsquo;offre des secteurs de l&rsquo;exploitation foresti\u00e8re, du bois-\u00e9nergie, de la premi\u00e8re et de la seconde transformation, des machines \u00e0 bois, ainsi que l&rsquo;univers du mat\u00e9riau bois, de la construction bois, de l&rsquo;industrie du meuble et de la d\u00e9coration. Le tandem Symop\/Deutsche Messe annonce ses ambitions pour l&rsquo;\u00e9dition 2016\u00a0: 200 exposants fran\u00e7ais et internationaux, 10 000 visiteurs, 19 000 m2 de surface d&rsquo;exposition.<\/span><\/span><\/span><\/span><\/span><\/p>\n<p><a href=\"http:\/\/www.globalfairs.fr\/fairs\/deutsche-messe\/expobois\/\">www.expobois.fr<\/a><\/p>\n","protected":false},"excerpt":{"rendered":"<p>Pr\u00e9vue initialement en septembre, la prochaine \u00e9dition du salon Expobois se tiendra du 22 au 25 novembre 2016 au parc des Expositions de Paris-Nord Villepinte, hall 1. Expobois int\u00e8gre cette ann\u00e9e le r\u00e9seau Woodworld de la Deutsche Messe, organisateur du salon Ligna \u00e0 Hanovre. \u00ab\u00a0Nous allons faire progresser le salon Expobois, en partenariat avec le [&hellip;]<\/p>\n","protected":false},"author":17,"featured_media":91232,"comment_status":"closed","ping_status":"closed","sticky":false,"template":"","format":"standard","meta":{"_et_pb_use_builder":"","_et_pb_old_content":"","_et_gb_content_width":"","footnotes":""},"categories":[10530,6345,9192,10764],"tags":[],"class_list":["post-91231","post","type-post","status-publish","format-standard","has-post-thumbnail","hentry","category-actualites","category-economie-marches","category-evenements","category-woodsurfer"],"yoast_head":"<!-- This site is optimized with the Yoast SEO plugin v27.4 - https:\/\/yoast.com\/product\/yoast-seo-wordpress\/ -->\n<title>Changement de dates pour Expobois 2016<\/title>\n<meta name=\"robots\" content=\"index, follow, max-snippet:-1, max-image-preview:large, max-video-preview:-1\" \/>\n<link rel=\"canonical\" href=\"https:\/\/batijournal.com\/index.php\/changement-de-dates-pour-expobois-2016\/91231\/\" \/>\n<meta property=\"og:locale\" content=\"fr_FR\" \/>\n<meta property=\"og:type\" content=\"article\" \/>\n<meta property=\"og:title\" content=\"Changement de dates pour Expobois 2016\" \/>\n<meta property=\"og:description\" content=\"Pr\u00e9vue initialement en septembre, la prochaine \u00e9dition du salon Expobois se tiendra du 22 au 25 novembre 2016 au parc des Expositions de Paris-Nord Villepinte, hall 1. Expobois int\u00e8gre cette ann\u00e9e le r\u00e9seau Woodworld de la Deutsche Messe, organisateur du salon Ligna \u00e0 Hanovre. \u00ab\u00a0Nous allons faire progresser le salon Expobois, en partenariat avec le [&hellip;]\" \/>\n<meta property=\"og:url\" content=\"https:\/\/batijournal.com\/index.php\/changement-de-dates-pour-expobois-2016\/91231\/\" \/>\n<meta property=\"og:site_name\" content=\"Batijournal\" \/>\n<meta property=\"article:published_time\" content=\"2016-01-28T15:50:37+00:00\" \/>\n<meta property=\"og:image\" content=\"https:\/\/batijournal.com\/wp-content\/uploads\/2016\/01\/expobois.jpg\" \/>\n\t<meta property=\"og:image:width\" content=\"2784\" \/>\n\t<meta property=\"og:image:height\" content=\"1848\" \/>\n\t<meta property=\"og:image:type\" content=\"image\/jpeg\" \/>\n<meta name=\"author\" content=\"St\u00e9phane Miget\" \/>\n<meta name=\"twitter:card\" content=\"summary_large_image\" \/>\n<meta name=\"twitter:creator\" content=\"@bati_journal\" \/>\n<meta name=\"twitter:site\" content=\"@bati_journal\" \/>\n<meta name=\"twitter:label1\" content=\"\u00c9crit par\" \/>\n\t<meta name=\"twitter:data1\" content=\"St\u00e9phane Miget\" \/>\n\t<meta name=\"twitter:label2\" content=\"Dur\u00e9e de lecture estim\u00e9e\" \/>\n\t<meta name=\"twitter:data2\" content=\"1 minute\" \/>\n<script type=\"application\/ld+json\" class=\"yoast-schema-graph\">{\"@context\":\"https:\\\/\\\/schema.org\",\"@graph\":[{\"@type\":\"Article\",\"@id\":\"https:\\\/\\\/batijournal.com\\\/index.php\\\/changement-de-dates-pour-expobois-2016\\\/91231\\\/#article\",\"isPartOf\":{\"@id\":\"https:\\\/\\\/batijournal.com\\\/index.php\\\/changement-de-dates-pour-expobois-2016\\\/91231\\\/\"},\"author\":{\"name\":\"St\u00e9phane Miget\",\"@id\":\"https:\\\/\\\/batijournal.com\\\/#\\\/schema\\\/person\\\/1dc96ec6957aa1ccb25ebe78bb19f100\"},\"headline\":\"Changement de dates pour Expobois 2016\",\"datePublished\":\"2016-01-28T15:50:37+00:00\",\"mainEntityOfPage\":{\"@id\":\"https:\\\/\\\/batijournal.com\\\/index.php\\\/changement-de-dates-pour-expobois-2016\\\/91231\\\/\"},\"wordCount\":172,\"image\":{\"@id\":\"https:\\\/\\\/batijournal.com\\\/index.php\\\/changement-de-dates-pour-expobois-2016\\\/91231\\\/#primaryimage\"},\"thumbnailUrl\":\"https:\\\/\\\/batijournal.com\\\/wp-content\\\/uploads\\\/2016\\\/01\\\/expobois.jpg\",\"articleSection\":[\"Actualit\u00e9s\",\"\u00c9conomie &amp; March\u00e9s\",\"\u00c9v\u00e9nements\",\"zz_Woodsurfer\"],\"inLanguage\":\"fr-FR\"},{\"@type\":\"WebPage\",\"@id\":\"https:\\\/\\\/batijournal.com\\\/index.php\\\/changement-de-dates-pour-expobois-2016\\\/91231\\\/\",\"url\":\"https:\\\/\\\/batijournal.com\\\/index.php\\\/changement-de-dates-pour-expobois-2016\\\/91231\\\/\",\"name\":\"Changement de dates pour Expobois 2016\",\"isPartOf\":{\"@id\":\"https:\\\/\\\/batijournal.com\\\/#website\"},\"primaryImageOfPage\":{\"@id\":\"https:\\\/\\\/batijournal.com\\\/index.php\\\/changement-de-dates-pour-expobois-2016\\\/91231\\\/#primaryimage\"},\"image\":{\"@id\":\"https:\\\/\\\/batijournal.com\\\/index.php\\\/changement-de-dates-pour-expobois-2016\\\/91231\\\/#primaryimage\"},\"thumbnailUrl\":\"https:\\\/\\\/batijournal.com\\\/wp-content\\\/uploads\\\/2016\\\/01\\\/expobois.jpg\",\"datePublished\":\"2016-01-28T15:50:37+00:00\",\"author\":{\"@id\":\"https:\\\/\\\/batijournal.com\\\/#\\\/schema\\\/person\\\/1dc96ec6957aa1ccb25ebe78bb19f100\"},\"breadcrumb\":{\"@id\":\"https:\\\/\\\/batijournal.com\\\/index.php\\\/changement-de-dates-pour-expobois-2016\\\/91231\\\/#breadcrumb\"},\"inLanguage\":\"fr-FR\",\"potentialAction\":[{\"@type\":\"ReadAction\",\"target\":[\"https:\\\/\\\/batijournal.com\\\/index.php\\\/changement-de-dates-pour-expobois-2016\\\/91231\\\/\"]}]},{\"@type\":\"ImageObject\",\"inLanguage\":\"fr-FR\",\"@id\":\"https:\\\/\\\/batijournal.com\\\/index.php\\\/changement-de-dates-pour-expobois-2016\\\/91231\\\/#primaryimage\",\"url\":\"https:\\\/\\\/batijournal.com\\\/wp-content\\\/uploads\\\/2016\\\/01\\\/expobois.jpg\",\"contentUrl\":\"https:\\\/\\\/batijournal.com\\\/wp-content\\\/uploads\\\/2016\\\/01\\\/expobois.jpg\",\"width\":2784,\"height\":1848},{\"@type\":\"BreadcrumbList\",\"@id\":\"https:\\\/\\\/batijournal.com\\\/index.php\\\/changement-de-dates-pour-expobois-2016\\\/91231\\\/#breadcrumb\",\"itemListElement\":[{\"@type\":\"ListItem\",\"position\":1,\"name\":\"Accueil\",\"item\":\"https:\\\/\\\/batijournal.com\\\/\"},{\"@type\":\"ListItem\",\"position\":2,\"name\":\"Actualit\u00e9s\",\"item\":\"https:\\\/\\\/batijournal.com\\\/index.php\\\/category\\\/actualites\\\/\"},{\"@type\":\"ListItem\",\"position\":3,\"name\":\"\u00c9conomie &amp; March\u00e9s\",\"item\":\"https:\\\/\\\/batijournal.com\\\/index.php\\\/category\\\/actualites\\\/economie-marches\\\/\"},{\"@type\":\"ListItem\",\"position\":4,\"name\":\"Changement de dates pour Expobois 2016\"}]},{\"@type\":\"WebSite\",\"@id\":\"https:\\\/\\\/batijournal.com\\\/#website\",\"url\":\"https:\\\/\\\/batijournal.com\\\/\",\"name\":\"Batijournal\",\"description\":\"L&#039;actualit\u00e9 du b\u00e2timent\",\"potentialAction\":[{\"@type\":\"SearchAction\",\"target\":{\"@type\":\"EntryPoint\",\"urlTemplate\":\"https:\\\/\\\/batijournal.com\\\/?s={search_term_string}\"},\"query-input\":{\"@type\":\"PropertyValueSpecification\",\"valueRequired\":true,\"valueName\":\"search_term_string\"}}],\"inLanguage\":\"fr-FR\"},{\"@type\":\"Person\",\"@id\":\"https:\\\/\\\/batijournal.com\\\/#\\\/schema\\\/person\\\/1dc96ec6957aa1ccb25ebe78bb19f100\",\"name\":\"St\u00e9phane Miget\",\"image\":{\"@type\":\"ImageObject\",\"inLanguage\":\"fr-FR\",\"@id\":\"https:\\\/\\\/secure.gravatar.com\\\/avatar\\\/89915563d925342126b8ef0281b93d9d7fc337043e8df017f780908eb9644451?s=96&d=mm&r=g\",\"url\":\"https:\\\/\\\/secure.gravatar.com\\\/avatar\\\/89915563d925342126b8ef0281b93d9d7fc337043e8df017f780908eb9644451?s=96&d=mm&r=g\",\"contentUrl\":\"https:\\\/\\\/secure.gravatar.com\\\/avatar\\\/89915563d925342126b8ef0281b93d9d7fc337043e8df017f780908eb9644451?s=96&d=mm&r=g\",\"caption\":\"St\u00e9phane Miget\"},\"url\":\"https:\\\/\\\/batijournal.com\\\/index.php\\\/author\\\/stephane\\\/\"}]}<\/script>\n<!-- \/ Yoast SEO plugin. -->","yoast_head_json":{"title":"Changement de dates pour Expobois 2016","robots":{"index":"index","follow":"follow","max-snippet":"max-snippet:-1","max-image-preview":"max-image-preview:large","max-video-preview":"max-video-preview:-1"},"canonical":"https:\/\/batijournal.com\/index.php\/changement-de-dates-pour-expobois-2016\/91231\/","og_locale":"fr_FR","og_type":"article","og_title":"Changement de dates pour Expobois 2016","og_description":"Pr\u00e9vue initialement en septembre, la prochaine \u00e9dition du salon Expobois se tiendra du 22 au 25 novembre 2016 au parc des Expositions de Paris-Nord Villepinte, hall 1. Expobois int\u00e8gre cette ann\u00e9e le r\u00e9seau Woodworld de la Deutsche Messe, organisateur du salon Ligna \u00e0 Hanovre. \u00ab\u00a0Nous allons faire progresser le salon Expobois, en partenariat avec le [&hellip;]","og_url":"https:\/\/batijournal.com\/index.php\/changement-de-dates-pour-expobois-2016\/91231\/","og_site_name":"Batijournal","article_published_time":"2016-01-28T15:50:37+00:00","og_image":[{"width":2784,"height":1848,"url":"https:\/\/batijournal.com\/wp-content\/uploads\/2016\/01\/expobois.jpg","type":"image\/jpeg"}],"author":"St\u00e9phane Miget","twitter_card":"summary_large_image","twitter_creator":"@bati_journal","twitter_site":"@bati_journal","twitter_misc":{"\u00c9crit par":"St\u00e9phane Miget","Dur\u00e9e de lecture estim\u00e9e":"1 minute"},"schema":{"@context":"https:\/\/schema.org","@graph":[{"@type":"Article","@id":"https:\/\/batijournal.com\/index.php\/changement-de-dates-pour-expobois-2016\/91231\/#article","isPartOf":{"@id":"https:\/\/batijournal.com\/index.php\/changement-de-dates-pour-expobois-2016\/91231\/"},"author":{"name":"St\u00e9phane Miget","@id":"https:\/\/batijournal.com\/#\/schema\/person\/1dc96ec6957aa1ccb25ebe78bb19f100"},"headline":"Changement de dates pour Expobois 2016","datePublished":"2016-01-28T15:50:37+00:00","mainEntityOfPage":{"@id":"https:\/\/batijournal.com\/index.php\/changement-de-dates-pour-expobois-2016\/91231\/"},"wordCount":172,"image":{"@id":"https:\/\/batijournal.com\/index.php\/changement-de-dates-pour-expobois-2016\/91231\/#primaryimage"},"thumbnailUrl":"https:\/\/batijournal.com\/wp-content\/uploads\/2016\/01\/expobois.jpg","articleSection":["Actualit\u00e9s","\u00c9conomie &amp; March\u00e9s","\u00c9v\u00e9nements","zz_Woodsurfer"],"inLanguage":"fr-FR"},{"@type":"WebPage","@id":"https:\/\/batijournal.com\/index.php\/changement-de-dates-pour-expobois-2016\/91231\/","url":"https:\/\/batijournal.com\/index.php\/changement-de-dates-pour-expobois-2016\/91231\/","name":"Changement de dates pour Expobois 2016","isPartOf":{"@id":"https:\/\/batijournal.com\/#website"},"primaryImageOfPage":{"@id":"https:\/\/batijournal.com\/index.php\/changement-de-dates-pour-expobois-2016\/91231\/#primaryimage"},"image":{"@id":"https:\/\/batijournal.com\/index.php\/changement-de-dates-pour-expobois-2016\/91231\/#primaryimage"},"thumbnailUrl":"https:\/\/batijournal.com\/wp-content\/uploads\/2016\/01\/expobois.jpg","datePublished":"2016-01-28T15:50:37+00:00","author":{"@id":"https:\/\/batijournal.com\/#\/schema\/person\/1dc96ec6957aa1ccb25ebe78bb19f100"},"breadcrumb":{"@id":"https:\/\/batijournal.com\/index.php\/changement-de-dates-pour-expobois-2016\/91231\/#breadcrumb"},"inLanguage":"fr-FR","potentialAction":[{"@type":"ReadAction","target":["https:\/\/batijournal.com\/index.php\/changement-de-dates-pour-expobois-2016\/91231\/"]}]},{"@type":"ImageObject","inLanguage":"fr-FR","@id":"https:\/\/batijournal.com\/index.php\/changement-de-dates-pour-expobois-2016\/91231\/#primaryimage","url":"https:\/\/batijournal.com\/wp-content\/uploads\/2016\/01\/expobois.jpg","contentUrl":"https:\/\/batijournal.com\/wp-content\/uploads\/2016\/01\/expobois.jpg","width":2784,"height":1848},{"@type":"BreadcrumbList","@id":"https:\/\/batijournal.com\/index.php\/changement-de-dates-pour-expobois-2016\/91231\/#breadcrumb","itemListElement":[{"@type":"ListItem","position":1,"name":"Accueil","item":"https:\/\/batijournal.com\/"},{"@type":"ListItem","position":2,"name":"Actualit\u00e9s","item":"https:\/\/batijournal.com\/index.php\/category\/actualites\/"},{"@type":"ListItem","position":3,"name":"\u00c9conomie &amp; March\u00e9s","item":"https:\/\/batijournal.com\/index.php\/category\/actualites\/economie-marches\/"},{"@type":"ListItem","position":4,"name":"Changement de dates pour Expobois 2016"}]},{"@type":"WebSite","@id":"https:\/\/batijournal.com\/#website","url":"https:\/\/batijournal.com\/","name":"Batijournal","description":"L&#039;actualit\u00e9 du b\u00e2timent","potentialAction":[{"@type":"SearchAction","target":{"@type":"EntryPoint","urlTemplate":"https:\/\/batijournal.com\/?s={search_term_string}"},"query-input":{"@type":"PropertyValueSpecification","valueRequired":true,"valueName":"search_term_string"}}],"inLanguage":"fr-FR"},{"@type":"Person","@id":"https:\/\/batijournal.com\/#\/schema\/person\/1dc96ec6957aa1ccb25ebe78bb19f100","name":"St\u00e9phane Miget","image":{"@type":"ImageObject","inLanguage":"fr-FR","@id":"https:\/\/secure.gravatar.com\/avatar\/89915563d925342126b8ef0281b93d9d7fc337043e8df017f780908eb9644451?s=96&d=mm&r=g","url":"https:\/\/secure.gravatar.com\/avatar\/89915563d925342126b8ef0281b93d9d7fc337043e8df017f780908eb9644451?s=96&d=mm&r=g","contentUrl":"https:\/\/secure.gravatar.com\/avatar\/89915563d925342126b8ef0281b93d9d7fc337043e8df017f780908eb9644451?s=96&d=mm&r=g","caption":"St\u00e9phane Miget"},"url":"https:\/\/batijournal.com\/index.php\/author\/stephane\/"}]}},"_links":{"self":[{"href":"https:\/\/batijournal.com\/index.php\/wp-json\/wp\/v2\/posts\/91231","targetHints":{"allow":["GET"]}}],"collection":[{"href":"https:\/\/batijournal.com\/index.php\/wp-json\/wp\/v2\/posts"}],"about":[{"href":"https:\/\/batijournal.com\/index.php\/wp-json\/wp\/v2\/types\/post"}],"author":[{"embeddable":true,"href":"https:\/\/batijournal.com\/index.php\/wp-json\/wp\/v2\/users\/17"}],"replies":[{"embeddable":true,"href":"https:\/\/batijournal.com\/index.php\/wp-json\/wp\/v2\/comments?post=91231"}],"version-history":[{"count":0,"href":"https:\/\/batijournal.com\/index.php\/wp-json\/wp\/v2\/posts\/91231\/revisions"}],"wp:featuredmedia":[{"embeddable":true,"href":"https:\/\/batijournal.com\/index.php\/wp-json\/wp\/v2\/media\/91232"}],"wp:attachment":[{"href":"https:\/\/batijournal.com\/index.php\/wp-json\/wp\/v2\/media?parent=91231"}],"wp:term":[{"taxonomy":"category","embeddable":true,"href":"https:\/\/batijournal.com\/index.php\/wp-json\/wp\/v2\/categories?post=91231"},{"taxonomy":"post_tag","embeddable":true,"href":"https:\/\/batijournal.com\/index.php\/wp-json\/wp\/v2\/tags?post=91231"}],"curies":[{"name":"wp","href":"https:\/\/api.w.org\/{rel}","templated":true}]}}