{"id":91240,"date":"2016-01-29T14:19:16","date_gmt":"2016-01-29T13:19:16","guid":{"rendered":"http:\/\/batijournal.com\/?p=91240"},"modified":"2019-07-15T12:07:21","modified_gmt":"2019-07-15T10:07:21","slug":"les-regions-veulent-prendre-les-commandes-des-politiques-de-lemploi-et-des-formations","status":"publish","type":"post","link":"https:\/\/batijournal.com\/index.php\/les-regions-veulent-prendre-les-commandes-des-politiques-de-lemploi-et-des-formations\/91240\/","title":{"rendered":"Les r\u00e9gions veulent prendre les commandes des politiques de l&#8217;emploi et de la formation"},"content":{"rendered":"<p><strong>A l&rsquo;occasion de la publication des chiffres mensuels du ch\u00f4mage du\u00a027 janvier 2016, l&rsquo;Association des R\u00e9gions de France appelle le Gouvernement \u00e0 faire de la R\u00e9gion le seul pilote des politiques d&#8217;emploi et de formation.<\/strong><\/p>\n<blockquote><p>\u00ab Nous r\u00e9pondons positivement \u00e0 l&rsquo;invitation lanc\u00e9e par le Pr\u00e9sident de la R\u00e9publique et le Premier ministre, Manuel Valls, \u00e0 participer \u00e0 une r\u00e9union de travail Gouvernement-R\u00e9gions afin d&rsquo;engager rapidement des actions concr\u00e8tes en termes de politique d&#8217;emploi et de formation \u00bb d\u00e9clarent Philippe Richert, pr\u00e9sident de l&rsquo;ARF, et Fran\u00e7ois Bonneau, pr\u00e9sident d\u00e9l\u00e9gu\u00e9.<\/p><\/blockquote>\n<h2>Les R\u00e9gions d&rsquo;\u00e9gal \u00e0 \u00e9gal avec l&rsquo;Etat<\/h2>\n<p>Lors de cette r\u00e9union, les pr\u00e9sidents de R\u00e9gion attendent des d\u00e9cisions fortes sur les transferts de nouvelles comp\u00e9tences.<\/p>\n<blockquote><p>\u00abLa r\u00e9forme territoriale place les R\u00e9gions au coeur des politiques d&#8217;emploi, d&rsquo;apprentissage, de formation et de soutien aux PME et ETI. L&rsquo;Etat doit, de ce fait, en tenir compte en traitant d&rsquo;\u00e9gal \u00e0 \u00e9gal avec les R\u00e9gions. Nous devons r\u00e9fl\u00e9chir ensemble \u00e0 des solutions pour lutter contre ce fl\u00e9au qu&rsquo;est le ch\u00f4mage. C&rsquo;est une urgence pour nos concitoyens et nos territoires qui souffrent du manque d&rsquo;activit\u00e9. Il est d\u00e9sormais temps d&rsquo;agir \u00bb, poursuivent les Pr\u00e9sidents.<\/p><\/blockquote>\n<h2>Concr\u00e8tement, ce plan de mobilisation commun Etat-R\u00e9gions pour l&#8217;emploi doit passer par :<\/h2>\n<ul>\n<li>l&rsquo;unification du processus de commande de formation pour les ch\u00f4meurs sous le pilotage des R\u00e9gions;<\/li>\n<li>le pilotage par les R\u00e9gions, du Service public d&rsquo;accompagnement vers l&#8217;emploi au del\u00e0 des dispositions de la loi NOTRe avec le transfert aux R\u00e9gions des subventions vers\u00e9es par l&rsquo;Etat aux organismes concern\u00e9s (cr\u00e9dits budg\u00e9taires et Fonds social europ\u00e9en);<\/li>\n<li>l&rsquo;engagement de tous pour faire de l&rsquo;apprentissage une voie d&rsquo;excellence pour l&rsquo;insertion professionnelle des jeunes avec un r\u00f4le accru des R\u00e9gions sur la r\u00e9gulation de l&rsquo;affectation du financement ;<\/li>\n<li>un renforcement du r\u00f4le des R\u00e9gions sur l&rsquo;accompagnement cibl\u00e9 des PME et ETI pour cr\u00e9er des emplois durables et non d\u00e9localisables avec l&rsquo;attribution d&rsquo;une ressource p\u00e9renne.<\/li>\n<\/ul>\n<p>Les R\u00e9gions sont pleinement dispos\u00e9es \u00e0 jouer leur r\u00f4le en la mati\u00e8re et \u00e0 exp\u00e9rimenter d\u00e8s aujourd&rsquo;hui toutes les actions et les dispositifs. Elles permettront ainsi une meilleure articulation entre la formation et l&#8217;emploi et une meilleure insertion professionnelle de celles et ceux qui aujourd&rsquo;hui sont priv\u00e9s d&#8217;emploi. Sans moyens suppl\u00e9mentaires provenant de l&rsquo;Etat, les R\u00e9gions ne pourront jouer leur r\u00f4le de pivot au service de l&#8217;emploi sur leur territoire.<\/p>\n","protected":false},"excerpt":{"rendered":"<p>A l&rsquo;occasion de la publication des chiffres mensuels du ch\u00f4mage du\u00a027 janvier 2016, l&rsquo;Association des R\u00e9gions de France appelle le Gouvernement \u00e0 faire de la R\u00e9gion le seul pilote des politiques d&#8217;emploi et de formation. \u00ab Nous r\u00e9pondons positivement \u00e0 l&rsquo;invitation lanc\u00e9e par le Pr\u00e9sident de la R\u00e9publique et le Premier ministre, Manuel Valls, \u00e0 [&hellip;]<\/p>\n","protected":false},"author":17,"featured_media":87184,"comment_status":"closed","ping_status":"closed","sticky":false,"template":"","format":"standard","meta":{"_et_pb_use_builder":"","_et_pb_old_content":"","_et_gb_content_width":"","footnotes":""},"categories":[10736,6345],"tags":[580,517,771],"class_list":["post-91240","post","type-post","status-publish","format-standard","has-post-thumbnail","hentry","category-a-la-une","category-economie-marches","tag-emploi","tag-formation","tag-region"],"yoast_head":"<!-- This site is optimized with the Yoast SEO plugin v27.4 - https:\/\/yoast.com\/product\/yoast-seo-wordpress\/ -->\n<title>Les r\u00e9gions veulent prendre les commandes des politiques de l&#039;emploi et de la formation<\/title>\n<meta name=\"robots\" content=\"index, follow, max-snippet:-1, max-image-preview:large, max-video-preview:-1\" \/>\n<link rel=\"canonical\" href=\"https:\/\/batijournal.com\/index.php\/les-regions-veulent-prendre-les-commandes-des-politiques-de-lemploi-et-des-formations\/91240\/\" \/>\n<meta property=\"og:locale\" content=\"fr_FR\" \/>\n<meta property=\"og:type\" content=\"article\" \/>\n<meta property=\"og:title\" content=\"Les r\u00e9gions veulent prendre les commandes des politiques de l&#039;emploi et de la formation\" \/>\n<meta property=\"og:description\" content=\"A l&rsquo;occasion de la publication des chiffres mensuels du ch\u00f4mage du\u00a027 janvier 2016, l&rsquo;Association des R\u00e9gions de France appelle le Gouvernement \u00e0 faire de la R\u00e9gion le seul pilote des politiques d&#8217;emploi et de formation. \u00ab Nous r\u00e9pondons positivement \u00e0 l&rsquo;invitation lanc\u00e9e par le Pr\u00e9sident de la R\u00e9publique et le Premier ministre, Manuel Valls, \u00e0 [&hellip;]\" \/>\n<meta property=\"og:url\" content=\"https:\/\/batijournal.com\/index.php\/les-regions-veulent-prendre-les-commandes-des-politiques-de-lemploi-et-des-formations\/91240\/\" \/>\n<meta property=\"og:site_name\" content=\"Batijournal\" \/>\n<meta property=\"article:published_time\" content=\"2016-01-29T13:19:16+00:00\" \/>\n<meta property=\"article:modified_time\" content=\"2019-07-15T10:07:21+00:00\" \/>\n<meta property=\"og:image\" content=\"https:\/\/batijournal.com\/wp-content\/uploads\/2015\/05\/99696222.jpg\" \/>\n\t<meta property=\"og:image:width\" content=\"600\" \/>\n\t<meta property=\"og:image:height\" content=\"400\" \/>\n\t<meta property=\"og:image:type\" content=\"image\/jpeg\" \/>\n<meta name=\"author\" content=\"St\u00e9phane Miget\" \/>\n<meta name=\"twitter:card\" content=\"summary_large_image\" \/>\n<meta name=\"twitter:creator\" content=\"@bati_journal\" \/>\n<meta name=\"twitter:site\" content=\"@bati_journal\" \/>\n<meta name=\"twitter:label1\" content=\"\u00c9crit par\" \/>\n\t<meta name=\"twitter:data1\" content=\"St\u00e9phane Miget\" \/>\n\t<meta name=\"twitter:label2\" content=\"Dur\u00e9e de lecture estim\u00e9e\" \/>\n\t<meta name=\"twitter:data2\" content=\"2 minutes\" \/>\n<script type=\"application\/ld+json\" class=\"yoast-schema-graph\">{\"@context\":\"https:\\\/\\\/schema.org\",\"@graph\":[{\"@type\":\"Article\",\"@id\":\"https:\\\/\\\/batijournal.com\\\/index.php\\\/les-regions-veulent-prendre-les-commandes-des-politiques-de-lemploi-et-des-formations\\\/91240\\\/#article\",\"isPartOf\":{\"@id\":\"https:\\\/\\\/batijournal.com\\\/index.php\\\/les-regions-veulent-prendre-les-commandes-des-politiques-de-lemploi-et-des-formations\\\/91240\\\/\"},\"author\":{\"name\":\"St\u00e9phane Miget\",\"@id\":\"https:\\\/\\\/batijournal.com\\\/#\\\/schema\\\/person\\\/1dc96ec6957aa1ccb25ebe78bb19f100\"},\"headline\":\"Les r\u00e9gions veulent prendre les commandes des politiques de l&#8217;emploi et de la formation\",\"datePublished\":\"2016-01-29T13:19:16+00:00\",\"dateModified\":\"2019-07-15T10:07:21+00:00\",\"mainEntityOfPage\":{\"@id\":\"https:\\\/\\\/batijournal.com\\\/index.php\\\/les-regions-veulent-prendre-les-commandes-des-politiques-de-lemploi-et-des-formations\\\/91240\\\/\"},\"wordCount\":476,\"image\":{\"@id\":\"https:\\\/\\\/batijournal.com\\\/index.php\\\/les-regions-veulent-prendre-les-commandes-des-politiques-de-lemploi-et-des-formations\\\/91240\\\/#primaryimage\"},\"thumbnailUrl\":\"https:\\\/\\\/batijournal.com\\\/wp-content\\\/uploads\\\/2015\\\/05\\\/99696222.jpg\",\"keywords\":[\"emploi\",\"formation\",\"r\u00e9gion\"],\"articleSection\":[\"A la Une\",\"\u00c9conomie &amp; March\u00e9s\"],\"inLanguage\":\"fr-FR\"},{\"@type\":\"WebPage\",\"@id\":\"https:\\\/\\\/batijournal.com\\\/index.php\\\/les-regions-veulent-prendre-les-commandes-des-politiques-de-lemploi-et-des-formations\\\/91240\\\/\",\"url\":\"https:\\\/\\\/batijournal.com\\\/index.php\\\/les-regions-veulent-prendre-les-commandes-des-politiques-de-lemploi-et-des-formations\\\/91240\\\/\",\"name\":\"Les r\u00e9gions veulent prendre les commandes des politiques de l'emploi et de la formation\",\"isPartOf\":{\"@id\":\"https:\\\/\\\/batijournal.com\\\/#website\"},\"primaryImageOfPage\":{\"@id\":\"https:\\\/\\\/batijournal.com\\\/index.php\\\/les-regions-veulent-prendre-les-commandes-des-politiques-de-lemploi-et-des-formations\\\/91240\\\/#primaryimage\"},\"image\":{\"@id\":\"https:\\\/\\\/batijournal.com\\\/index.php\\\/les-regions-veulent-prendre-les-commandes-des-politiques-de-lemploi-et-des-formations\\\/91240\\\/#primaryimage\"},\"thumbnailUrl\":\"https:\\\/\\\/batijournal.com\\\/wp-content\\\/uploads\\\/2015\\\/05\\\/99696222.jpg\",\"datePublished\":\"2016-01-29T13:19:16+00:00\",\"dateModified\":\"2019-07-15T10:07:21+00:00\",\"author\":{\"@id\":\"https:\\\/\\\/batijournal.com\\\/#\\\/schema\\\/person\\\/1dc96ec6957aa1ccb25ebe78bb19f100\"},\"breadcrumb\":{\"@id\":\"https:\\\/\\\/batijournal.com\\\/index.php\\\/les-regions-veulent-prendre-les-commandes-des-politiques-de-lemploi-et-des-formations\\\/91240\\\/#breadcrumb\"},\"inLanguage\":\"fr-FR\",\"potentialAction\":[{\"@type\":\"ReadAction\",\"target\":[\"https:\\\/\\\/batijournal.com\\\/index.php\\\/les-regions-veulent-prendre-les-commandes-des-politiques-de-lemploi-et-des-formations\\\/91240\\\/\"]}]},{\"@type\":\"ImageObject\",\"inLanguage\":\"fr-FR\",\"@id\":\"https:\\\/\\\/batijournal.com\\\/index.php\\\/les-regions-veulent-prendre-les-commandes-des-politiques-de-lemploi-et-des-formations\\\/91240\\\/#primaryimage\",\"url\":\"https:\\\/\\\/batijournal.com\\\/wp-content\\\/uploads\\\/2015\\\/05\\\/99696222.jpg\",\"contentUrl\":\"https:\\\/\\\/batijournal.com\\\/wp-content\\\/uploads\\\/2015\\\/05\\\/99696222.jpg\",\"width\":600,\"height\":400,\"caption\":\"10Kverts-verdissement-des-formations\"},{\"@type\":\"BreadcrumbList\",\"@id\":\"https:\\\/\\\/batijournal.com\\\/index.php\\\/les-regions-veulent-prendre-les-commandes-des-politiques-de-lemploi-et-des-formations\\\/91240\\\/#breadcrumb\",\"itemListElement\":[{\"@type\":\"ListItem\",\"position\":1,\"name\":\"Accueil\",\"item\":\"https:\\\/\\\/batijournal.com\\\/\"},{\"@type\":\"ListItem\",\"position\":2,\"name\":\"Actualit\u00e9s\",\"item\":\"https:\\\/\\\/batijournal.com\\\/index.php\\\/category\\\/actualites\\\/\"},{\"@type\":\"ListItem\",\"position\":3,\"name\":\"\u00c9conomie &amp; March\u00e9s\",\"item\":\"https:\\\/\\\/batijournal.com\\\/index.php\\\/category\\\/actualites\\\/economie-marches\\\/\"},{\"@type\":\"ListItem\",\"position\":4,\"name\":\"Les r\u00e9gions veulent prendre les commandes des politiques de l&#8217;emploi et de la formation\"}]},{\"@type\":\"WebSite\",\"@id\":\"https:\\\/\\\/batijournal.com\\\/#website\",\"url\":\"https:\\\/\\\/batijournal.com\\\/\",\"name\":\"Batijournal\",\"description\":\"L&#039;actualit\u00e9 du b\u00e2timent\",\"potentialAction\":[{\"@type\":\"SearchAction\",\"target\":{\"@type\":\"EntryPoint\",\"urlTemplate\":\"https:\\\/\\\/batijournal.com\\\/?s={search_term_string}\"},\"query-input\":{\"@type\":\"PropertyValueSpecification\",\"valueRequired\":true,\"valueName\":\"search_term_string\"}}],\"inLanguage\":\"fr-FR\"},{\"@type\":\"Person\",\"@id\":\"https:\\\/\\\/batijournal.com\\\/#\\\/schema\\\/person\\\/1dc96ec6957aa1ccb25ebe78bb19f100\",\"name\":\"St\u00e9phane Miget\",\"image\":{\"@type\":\"ImageObject\",\"inLanguage\":\"fr-FR\",\"@id\":\"https:\\\/\\\/secure.gravatar.com\\\/avatar\\\/89915563d925342126b8ef0281b93d9d7fc337043e8df017f780908eb9644451?s=96&d=mm&r=g\",\"url\":\"https:\\\/\\\/secure.gravatar.com\\\/avatar\\\/89915563d925342126b8ef0281b93d9d7fc337043e8df017f780908eb9644451?s=96&d=mm&r=g\",\"contentUrl\":\"https:\\\/\\\/secure.gravatar.com\\\/avatar\\\/89915563d925342126b8ef0281b93d9d7fc337043e8df017f780908eb9644451?s=96&d=mm&r=g\",\"caption\":\"St\u00e9phane Miget\"},\"url\":\"https:\\\/\\\/batijournal.com\\\/index.php\\\/author\\\/stephane\\\/\"}]}<\/script>\n<!-- \/ Yoast SEO plugin. -->","yoast_head_json":{"title":"Les r\u00e9gions veulent prendre les commandes des politiques de l'emploi et de la formation","robots":{"index":"index","follow":"follow","max-snippet":"max-snippet:-1","max-image-preview":"max-image-preview:large","max-video-preview":"max-video-preview:-1"},"canonical":"https:\/\/batijournal.com\/index.php\/les-regions-veulent-prendre-les-commandes-des-politiques-de-lemploi-et-des-formations\/91240\/","og_locale":"fr_FR","og_type":"article","og_title":"Les r\u00e9gions veulent prendre les commandes des politiques de l'emploi et de la formation","og_description":"A l&rsquo;occasion de la publication des chiffres mensuels du ch\u00f4mage du\u00a027 janvier 2016, l&rsquo;Association des R\u00e9gions de France appelle le Gouvernement \u00e0 faire de la R\u00e9gion le seul pilote des politiques d&#8217;emploi et de formation. \u00ab Nous r\u00e9pondons positivement \u00e0 l&rsquo;invitation lanc\u00e9e par le Pr\u00e9sident de la R\u00e9publique et le Premier ministre, Manuel Valls, \u00e0 [&hellip;]","og_url":"https:\/\/batijournal.com\/index.php\/les-regions-veulent-prendre-les-commandes-des-politiques-de-lemploi-et-des-formations\/91240\/","og_site_name":"Batijournal","article_published_time":"2016-01-29T13:19:16+00:00","article_modified_time":"2019-07-15T10:07:21+00:00","og_image":[{"width":600,"height":400,"url":"https:\/\/batijournal.com\/wp-content\/uploads\/2015\/05\/99696222.jpg","type":"image\/jpeg"}],"author":"St\u00e9phane Miget","twitter_card":"summary_large_image","twitter_creator":"@bati_journal","twitter_site":"@bati_journal","twitter_misc":{"\u00c9crit par":"St\u00e9phane Miget","Dur\u00e9e de lecture estim\u00e9e":"2 minutes"},"schema":{"@context":"https:\/\/schema.org","@graph":[{"@type":"Article","@id":"https:\/\/batijournal.com\/index.php\/les-regions-veulent-prendre-les-commandes-des-politiques-de-lemploi-et-des-formations\/91240\/#article","isPartOf":{"@id":"https:\/\/batijournal.com\/index.php\/les-regions-veulent-prendre-les-commandes-des-politiques-de-lemploi-et-des-formations\/91240\/"},"author":{"name":"St\u00e9phane Miget","@id":"https:\/\/batijournal.com\/#\/schema\/person\/1dc96ec6957aa1ccb25ebe78bb19f100"},"headline":"Les r\u00e9gions veulent prendre les commandes des politiques de l&#8217;emploi et de la formation","datePublished":"2016-01-29T13:19:16+00:00","dateModified":"2019-07-15T10:07:21+00:00","mainEntityOfPage":{"@id":"https:\/\/batijournal.com\/index.php\/les-regions-veulent-prendre-les-commandes-des-politiques-de-lemploi-et-des-formations\/91240\/"},"wordCount":476,"image":{"@id":"https:\/\/batijournal.com\/index.php\/les-regions-veulent-prendre-les-commandes-des-politiques-de-lemploi-et-des-formations\/91240\/#primaryimage"},"thumbnailUrl":"https:\/\/batijournal.com\/wp-content\/uploads\/2015\/05\/99696222.jpg","keywords":["emploi","formation","r\u00e9gion"],"articleSection":["A la Une","\u00c9conomie &amp; March\u00e9s"],"inLanguage":"fr-FR"},{"@type":"WebPage","@id":"https:\/\/batijournal.com\/index.php\/les-regions-veulent-prendre-les-commandes-des-politiques-de-lemploi-et-des-formations\/91240\/","url":"https:\/\/batijournal.com\/index.php\/les-regions-veulent-prendre-les-commandes-des-politiques-de-lemploi-et-des-formations\/91240\/","name":"Les r\u00e9gions veulent prendre les commandes des politiques de l'emploi et de la formation","isPartOf":{"@id":"https:\/\/batijournal.com\/#website"},"primaryImageOfPage":{"@id":"https:\/\/batijournal.com\/index.php\/les-regions-veulent-prendre-les-commandes-des-politiques-de-lemploi-et-des-formations\/91240\/#primaryimage"},"image":{"@id":"https:\/\/batijournal.com\/index.php\/les-regions-veulent-prendre-les-commandes-des-politiques-de-lemploi-et-des-formations\/91240\/#primaryimage"},"thumbnailUrl":"https:\/\/batijournal.com\/wp-content\/uploads\/2015\/05\/99696222.jpg","datePublished":"2016-01-29T13:19:16+00:00","dateModified":"2019-07-15T10:07:21+00:00","author":{"@id":"https:\/\/batijournal.com\/#\/schema\/person\/1dc96ec6957aa1ccb25ebe78bb19f100"},"breadcrumb":{"@id":"https:\/\/batijournal.com\/index.php\/les-regions-veulent-prendre-les-commandes-des-politiques-de-lemploi-et-des-formations\/91240\/#breadcrumb"},"inLanguage":"fr-FR","potentialAction":[{"@type":"ReadAction","target":["https:\/\/batijournal.com\/index.php\/les-regions-veulent-prendre-les-commandes-des-politiques-de-lemploi-et-des-formations\/91240\/"]}]},{"@type":"ImageObject","inLanguage":"fr-FR","@id":"https:\/\/batijournal.com\/index.php\/les-regions-veulent-prendre-les-commandes-des-politiques-de-lemploi-et-des-formations\/91240\/#primaryimage","url":"https:\/\/batijournal.com\/wp-content\/uploads\/2015\/05\/99696222.jpg","contentUrl":"https:\/\/batijournal.com\/wp-content\/uploads\/2015\/05\/99696222.jpg","width":600,"height":400,"caption":"10Kverts-verdissement-des-formations"},{"@type":"BreadcrumbList","@id":"https:\/\/batijournal.com\/index.php\/les-regions-veulent-prendre-les-commandes-des-politiques-de-lemploi-et-des-formations\/91240\/#breadcrumb","itemListElement":[{"@type":"ListItem","position":1,"name":"Accueil","item":"https:\/\/batijournal.com\/"},{"@type":"ListItem","position":2,"name":"Actualit\u00e9s","item":"https:\/\/batijournal.com\/index.php\/category\/actualites\/"},{"@type":"ListItem","position":3,"name":"\u00c9conomie &amp; March\u00e9s","item":"https:\/\/batijournal.com\/index.php\/category\/actualites\/economie-marches\/"},{"@type":"ListItem","position":4,"name":"Les r\u00e9gions veulent prendre les commandes des politiques de l&#8217;emploi et de la formation"}]},{"@type":"WebSite","@id":"https:\/\/batijournal.com\/#website","url":"https:\/\/batijournal.com\/","name":"Batijournal","description":"L&#039;actualit\u00e9 du b\u00e2timent","potentialAction":[{"@type":"SearchAction","target":{"@type":"EntryPoint","urlTemplate":"https:\/\/batijournal.com\/?s={search_term_string}"},"query-input":{"@type":"PropertyValueSpecification","valueRequired":true,"valueName":"search_term_string"}}],"inLanguage":"fr-FR"},{"@type":"Person","@id":"https:\/\/batijournal.com\/#\/schema\/person\/1dc96ec6957aa1ccb25ebe78bb19f100","name":"St\u00e9phane Miget","image":{"@type":"ImageObject","inLanguage":"fr-FR","@id":"https:\/\/secure.gravatar.com\/avatar\/89915563d925342126b8ef0281b93d9d7fc337043e8df017f780908eb9644451?s=96&d=mm&r=g","url":"https:\/\/secure.gravatar.com\/avatar\/89915563d925342126b8ef0281b93d9d7fc337043e8df017f780908eb9644451?s=96&d=mm&r=g","contentUrl":"https:\/\/secure.gravatar.com\/avatar\/89915563d925342126b8ef0281b93d9d7fc337043e8df017f780908eb9644451?s=96&d=mm&r=g","caption":"St\u00e9phane Miget"},"url":"https:\/\/batijournal.com\/index.php\/author\/stephane\/"}]}},"_links":{"self":[{"href":"https:\/\/batijournal.com\/index.php\/wp-json\/wp\/v2\/posts\/91240","targetHints":{"allow":["GET"]}}],"collection":[{"href":"https:\/\/batijournal.com\/index.php\/wp-json\/wp\/v2\/posts"}],"about":[{"href":"https:\/\/batijournal.com\/index.php\/wp-json\/wp\/v2\/types\/post"}],"author":[{"embeddable":true,"href":"https:\/\/batijournal.com\/index.php\/wp-json\/wp\/v2\/users\/17"}],"replies":[{"embeddable":true,"href":"https:\/\/batijournal.com\/index.php\/wp-json\/wp\/v2\/comments?post=91240"}],"version-history":[{"count":0,"href":"https:\/\/batijournal.com\/index.php\/wp-json\/wp\/v2\/posts\/91240\/revisions"}],"wp:featuredmedia":[{"embeddable":true,"href":"https:\/\/batijournal.com\/index.php\/wp-json\/wp\/v2\/media\/87184"}],"wp:attachment":[{"href":"https:\/\/batijournal.com\/index.php\/wp-json\/wp\/v2\/media?parent=91240"}],"wp:term":[{"taxonomy":"category","embeddable":true,"href":"https:\/\/batijournal.com\/index.php\/wp-json\/wp\/v2\/categories?post=91240"},{"taxonomy":"post_tag","embeddable":true,"href":"https:\/\/batijournal.com\/index.php\/wp-json\/wp\/v2\/tags?post=91240"}],"curies":[{"name":"wp","href":"https:\/\/api.w.org\/{rel}","templated":true}]}}