{"id":91251,"date":"2016-02-01T14:54:09","date_gmt":"2016-02-01T13:54:09","guid":{"rendered":"http:\/\/batijournal.com\/?p=91251"},"modified":"2019-07-15T12:07:21","modified_gmt":"2019-07-15T10:07:21","slug":"une-passerelle-entre-culture-generale-et-metiers-de-la-construction","status":"publish","type":"post","link":"https:\/\/batijournal.com\/index.php\/une-passerelle-entre-culture-generale-et-metiers-de-la-construction\/91251\/","title":{"rendered":"Une passerelle entre culture g\u00e9n\u00e9rale et m\u00e9tiers de la construction"},"content":{"rendered":"<p align=\"JUSTIFY\"><span style=\"color: #000000;\"><span style=\"font-family: Arial, sans-serif;\"><span style=\"font-size: medium;\">Bruno Racine, pr\u00e9sident de la Biblioth\u00e8que nationale de France (BnF), Armand Suardi, pr\u00e9sident du CCCA-BTP (Comit\u00e9 de concertation et de coordination de l\u2019apprentissage du b\u00e2timent et des travaux publics) et Jean Gaudin, pr\u00e9sident de la Fondation BTP PLUS, ont inaugur\u00e9, le 29 janvier 2016 \u00e0 la BnF, Passerelle(s), un site de culture g\u00e9n\u00e9rale con\u00e7u en premier lieu pour les apprentis du b\u00e2timent et des travaux publics. Passerelle(s)\u00a0permet de rapprocher l\u2019univers professionnel de la construction et celui de la culture. Il invite pour cela \u00e0 une exploration interactive des m\u00e9tiers du BTP et de quelque 70 constructions phares, repr\u00e9sentatives de l&rsquo;histoire et des techniques de leur \u00e9poque. <\/span><\/span><\/span><\/p>\n<p><span style=\"font-family: Arial, sans-serif;\"><span style=\"font-size: medium;\"><span style=\"color: #000000;\"><a href=\"http:\/\/passerelles.bnf.fr\">D\u00e9couvrir le site<\/a><\/span><\/span><\/span><\/p>\n","protected":false},"excerpt":{"rendered":"<p>Bruno Racine, pr\u00e9sident de la Biblioth\u00e8que nationale de France (BnF), Armand Suardi, pr\u00e9sident du CCCA-BTP (Comit\u00e9 de concertation et de coordination de l\u2019apprentissage du b\u00e2timent et des travaux publics) et Jean Gaudin, pr\u00e9sident de la Fondation BTP PLUS, ont inaugur\u00e9, le 29 janvier 2016 \u00e0 la BnF, Passerelle(s), un site de culture g\u00e9n\u00e9rale con\u00e7u en [&hellip;]<\/p>\n","protected":false},"author":17,"featured_media":91264,"comment_status":"closed","ping_status":"closed","sticky":false,"template":"","format":"standard","meta":{"_et_pb_use_builder":"","_et_pb_old_content":"","_et_gb_content_width":"","footnotes":""},"categories":[10530,6345,10764],"tags":[],"class_list":["post-91251","post","type-post","status-publish","format-standard","has-post-thumbnail","hentry","category-actualites","category-economie-marches","category-woodsurfer"],"yoast_head":"<!-- This site is optimized with the Yoast SEO plugin v27.4 - https:\/\/yoast.com\/product\/yoast-seo-wordpress\/ -->\n<title>Une passerelle entre culture g\u00e9n\u00e9rale et m\u00e9tiers de la construction<\/title>\n<meta name=\"robots\" content=\"index, follow, max-snippet:-1, max-image-preview:large, max-video-preview:-1\" \/>\n<link rel=\"canonical\" href=\"https:\/\/batijournal.com\/index.php\/une-passerelle-entre-culture-generale-et-metiers-de-la-construction\/91251\/\" \/>\n<meta property=\"og:locale\" content=\"fr_FR\" \/>\n<meta property=\"og:type\" content=\"article\" \/>\n<meta property=\"og:title\" content=\"Une passerelle entre culture g\u00e9n\u00e9rale et m\u00e9tiers de la construction\" \/>\n<meta property=\"og:description\" content=\"Bruno Racine, pr\u00e9sident de la Biblioth\u00e8que nationale de France (BnF), Armand Suardi, pr\u00e9sident du CCCA-BTP (Comit\u00e9 de concertation et de coordination de l\u2019apprentissage du b\u00e2timent et des travaux publics) et Jean Gaudin, pr\u00e9sident de la Fondation BTP PLUS, ont inaugur\u00e9, le 29 janvier 2016 \u00e0 la BnF, Passerelle(s), un site de culture g\u00e9n\u00e9rale con\u00e7u en [&hellip;]\" \/>\n<meta property=\"og:url\" content=\"https:\/\/batijournal.com\/index.php\/une-passerelle-entre-culture-generale-et-metiers-de-la-construction\/91251\/\" \/>\n<meta property=\"og:site_name\" content=\"Batijournal\" \/>\n<meta property=\"article:published_time\" content=\"2016-02-01T13:54:09+00:00\" \/>\n<meta property=\"article:modified_time\" content=\"2019-07-15T10:07:21+00:00\" \/>\n<meta property=\"og:image\" content=\"https:\/\/batijournal.com\/wp-content\/uploads\/2016\/02\/passerelles.jpg\" \/>\n\t<meta property=\"og:image:width\" content=\"999\" \/>\n\t<meta property=\"og:image:height\" content=\"692\" \/>\n\t<meta property=\"og:image:type\" content=\"image\/jpeg\" \/>\n<meta name=\"author\" content=\"St\u00e9phane Miget\" \/>\n<meta name=\"twitter:card\" content=\"summary_large_image\" \/>\n<meta name=\"twitter:creator\" content=\"@bati_journal\" \/>\n<meta name=\"twitter:site\" content=\"@bati_journal\" \/>\n<meta name=\"twitter:label1\" content=\"\u00c9crit par\" \/>\n\t<meta name=\"twitter:data1\" content=\"St\u00e9phane Miget\" \/>\n\t<meta name=\"twitter:label2\" content=\"Dur\u00e9e de lecture estim\u00e9e\" \/>\n\t<meta name=\"twitter:data2\" content=\"1 minute\" \/>\n<script type=\"application\/ld+json\" class=\"yoast-schema-graph\">{\"@context\":\"https:\\\/\\\/schema.org\",\"@graph\":[{\"@type\":\"Article\",\"@id\":\"https:\\\/\\\/batijournal.com\\\/index.php\\\/une-passerelle-entre-culture-generale-et-metiers-de-la-construction\\\/91251\\\/#article\",\"isPartOf\":{\"@id\":\"https:\\\/\\\/batijournal.com\\\/index.php\\\/une-passerelle-entre-culture-generale-et-metiers-de-la-construction\\\/91251\\\/\"},\"author\":{\"name\":\"St\u00e9phane Miget\",\"@id\":\"https:\\\/\\\/batijournal.com\\\/#\\\/schema\\\/person\\\/1dc96ec6957aa1ccb25ebe78bb19f100\"},\"headline\":\"Une passerelle entre culture g\u00e9n\u00e9rale et m\u00e9tiers de la construction\",\"datePublished\":\"2016-02-01T13:54:09+00:00\",\"dateModified\":\"2019-07-15T10:07:21+00:00\",\"mainEntityOfPage\":{\"@id\":\"https:\\\/\\\/batijournal.com\\\/index.php\\\/une-passerelle-entre-culture-generale-et-metiers-de-la-construction\\\/91251\\\/\"},\"wordCount\":135,\"image\":{\"@id\":\"https:\\\/\\\/batijournal.com\\\/index.php\\\/une-passerelle-entre-culture-generale-et-metiers-de-la-construction\\\/91251\\\/#primaryimage\"},\"thumbnailUrl\":\"https:\\\/\\\/batijournal.com\\\/wp-content\\\/uploads\\\/2016\\\/02\\\/passerelles.jpg\",\"articleSection\":[\"Actualit\u00e9s\",\"\u00c9conomie &amp; March\u00e9s\",\"zz_Woodsurfer\"],\"inLanguage\":\"fr-FR\"},{\"@type\":\"WebPage\",\"@id\":\"https:\\\/\\\/batijournal.com\\\/index.php\\\/une-passerelle-entre-culture-generale-et-metiers-de-la-construction\\\/91251\\\/\",\"url\":\"https:\\\/\\\/batijournal.com\\\/index.php\\\/une-passerelle-entre-culture-generale-et-metiers-de-la-construction\\\/91251\\\/\",\"name\":\"Une passerelle entre culture g\u00e9n\u00e9rale et m\u00e9tiers de la construction\",\"isPartOf\":{\"@id\":\"https:\\\/\\\/batijournal.com\\\/#website\"},\"primaryImageOfPage\":{\"@id\":\"https:\\\/\\\/batijournal.com\\\/index.php\\\/une-passerelle-entre-culture-generale-et-metiers-de-la-construction\\\/91251\\\/#primaryimage\"},\"image\":{\"@id\":\"https:\\\/\\\/batijournal.com\\\/index.php\\\/une-passerelle-entre-culture-generale-et-metiers-de-la-construction\\\/91251\\\/#primaryimage\"},\"thumbnailUrl\":\"https:\\\/\\\/batijournal.com\\\/wp-content\\\/uploads\\\/2016\\\/02\\\/passerelles.jpg\",\"datePublished\":\"2016-02-01T13:54:09+00:00\",\"dateModified\":\"2019-07-15T10:07:21+00:00\",\"author\":{\"@id\":\"https:\\\/\\\/batijournal.com\\\/#\\\/schema\\\/person\\\/1dc96ec6957aa1ccb25ebe78bb19f100\"},\"breadcrumb\":{\"@id\":\"https:\\\/\\\/batijournal.com\\\/index.php\\\/une-passerelle-entre-culture-generale-et-metiers-de-la-construction\\\/91251\\\/#breadcrumb\"},\"inLanguage\":\"fr-FR\",\"potentialAction\":[{\"@type\":\"ReadAction\",\"target\":[\"https:\\\/\\\/batijournal.com\\\/index.php\\\/une-passerelle-entre-culture-generale-et-metiers-de-la-construction\\\/91251\\\/\"]}]},{\"@type\":\"ImageObject\",\"inLanguage\":\"fr-FR\",\"@id\":\"https:\\\/\\\/batijournal.com\\\/index.php\\\/une-passerelle-entre-culture-generale-et-metiers-de-la-construction\\\/91251\\\/#primaryimage\",\"url\":\"https:\\\/\\\/batijournal.com\\\/wp-content\\\/uploads\\\/2016\\\/02\\\/passerelles.jpg\",\"contentUrl\":\"https:\\\/\\\/batijournal.com\\\/wp-content\\\/uploads\\\/2016\\\/02\\\/passerelles.jpg\",\"width\":999,\"height\":692},{\"@type\":\"BreadcrumbList\",\"@id\":\"https:\\\/\\\/batijournal.com\\\/index.php\\\/une-passerelle-entre-culture-generale-et-metiers-de-la-construction\\\/91251\\\/#breadcrumb\",\"itemListElement\":[{\"@type\":\"ListItem\",\"position\":1,\"name\":\"Accueil\",\"item\":\"https:\\\/\\\/batijournal.com\\\/\"},{\"@type\":\"ListItem\",\"position\":2,\"name\":\"Actualit\u00e9s\",\"item\":\"https:\\\/\\\/batijournal.com\\\/index.php\\\/category\\\/actualites\\\/\"},{\"@type\":\"ListItem\",\"position\":3,\"name\":\"\u00c9conomie &amp; March\u00e9s\",\"item\":\"https:\\\/\\\/batijournal.com\\\/index.php\\\/category\\\/actualites\\\/economie-marches\\\/\"},{\"@type\":\"ListItem\",\"position\":4,\"name\":\"Une passerelle entre culture g\u00e9n\u00e9rale et m\u00e9tiers de la construction\"}]},{\"@type\":\"WebSite\",\"@id\":\"https:\\\/\\\/batijournal.com\\\/#website\",\"url\":\"https:\\\/\\\/batijournal.com\\\/\",\"name\":\"Batijournal\",\"description\":\"L&#039;actualit\u00e9 du b\u00e2timent\",\"potentialAction\":[{\"@type\":\"SearchAction\",\"target\":{\"@type\":\"EntryPoint\",\"urlTemplate\":\"https:\\\/\\\/batijournal.com\\\/?s={search_term_string}\"},\"query-input\":{\"@type\":\"PropertyValueSpecification\",\"valueRequired\":true,\"valueName\":\"search_term_string\"}}],\"inLanguage\":\"fr-FR\"},{\"@type\":\"Person\",\"@id\":\"https:\\\/\\\/batijournal.com\\\/#\\\/schema\\\/person\\\/1dc96ec6957aa1ccb25ebe78bb19f100\",\"name\":\"St\u00e9phane Miget\",\"image\":{\"@type\":\"ImageObject\",\"inLanguage\":\"fr-FR\",\"@id\":\"https:\\\/\\\/secure.gravatar.com\\\/avatar\\\/89915563d925342126b8ef0281b93d9d7fc337043e8df017f780908eb9644451?s=96&d=mm&r=g\",\"url\":\"https:\\\/\\\/secure.gravatar.com\\\/avatar\\\/89915563d925342126b8ef0281b93d9d7fc337043e8df017f780908eb9644451?s=96&d=mm&r=g\",\"contentUrl\":\"https:\\\/\\\/secure.gravatar.com\\\/avatar\\\/89915563d925342126b8ef0281b93d9d7fc337043e8df017f780908eb9644451?s=96&d=mm&r=g\",\"caption\":\"St\u00e9phane Miget\"},\"url\":\"https:\\\/\\\/batijournal.com\\\/index.php\\\/author\\\/stephane\\\/\"}]}<\/script>\n<!-- \/ Yoast SEO plugin. -->","yoast_head_json":{"title":"Une passerelle entre culture g\u00e9n\u00e9rale et m\u00e9tiers de la construction","robots":{"index":"index","follow":"follow","max-snippet":"max-snippet:-1","max-image-preview":"max-image-preview:large","max-video-preview":"max-video-preview:-1"},"canonical":"https:\/\/batijournal.com\/index.php\/une-passerelle-entre-culture-generale-et-metiers-de-la-construction\/91251\/","og_locale":"fr_FR","og_type":"article","og_title":"Une passerelle entre culture g\u00e9n\u00e9rale et m\u00e9tiers de la construction","og_description":"Bruno Racine, pr\u00e9sident de la Biblioth\u00e8que nationale de France (BnF), Armand Suardi, pr\u00e9sident du CCCA-BTP (Comit\u00e9 de concertation et de coordination de l\u2019apprentissage du b\u00e2timent et des travaux publics) et Jean Gaudin, pr\u00e9sident de la Fondation BTP PLUS, ont inaugur\u00e9, le 29 janvier 2016 \u00e0 la BnF, Passerelle(s), un site de culture g\u00e9n\u00e9rale con\u00e7u en [&hellip;]","og_url":"https:\/\/batijournal.com\/index.php\/une-passerelle-entre-culture-generale-et-metiers-de-la-construction\/91251\/","og_site_name":"Batijournal","article_published_time":"2016-02-01T13:54:09+00:00","article_modified_time":"2019-07-15T10:07:21+00:00","og_image":[{"width":999,"height":692,"url":"https:\/\/batijournal.com\/wp-content\/uploads\/2016\/02\/passerelles.jpg","type":"image\/jpeg"}],"author":"St\u00e9phane Miget","twitter_card":"summary_large_image","twitter_creator":"@bati_journal","twitter_site":"@bati_journal","twitter_misc":{"\u00c9crit par":"St\u00e9phane Miget","Dur\u00e9e de lecture estim\u00e9e":"1 minute"},"schema":{"@context":"https:\/\/schema.org","@graph":[{"@type":"Article","@id":"https:\/\/batijournal.com\/index.php\/une-passerelle-entre-culture-generale-et-metiers-de-la-construction\/91251\/#article","isPartOf":{"@id":"https:\/\/batijournal.com\/index.php\/une-passerelle-entre-culture-generale-et-metiers-de-la-construction\/91251\/"},"author":{"name":"St\u00e9phane Miget","@id":"https:\/\/batijournal.com\/#\/schema\/person\/1dc96ec6957aa1ccb25ebe78bb19f100"},"headline":"Une passerelle entre culture g\u00e9n\u00e9rale et m\u00e9tiers de la construction","datePublished":"2016-02-01T13:54:09+00:00","dateModified":"2019-07-15T10:07:21+00:00","mainEntityOfPage":{"@id":"https:\/\/batijournal.com\/index.php\/une-passerelle-entre-culture-generale-et-metiers-de-la-construction\/91251\/"},"wordCount":135,"image":{"@id":"https:\/\/batijournal.com\/index.php\/une-passerelle-entre-culture-generale-et-metiers-de-la-construction\/91251\/#primaryimage"},"thumbnailUrl":"https:\/\/batijournal.com\/wp-content\/uploads\/2016\/02\/passerelles.jpg","articleSection":["Actualit\u00e9s","\u00c9conomie &amp; March\u00e9s","zz_Woodsurfer"],"inLanguage":"fr-FR"},{"@type":"WebPage","@id":"https:\/\/batijournal.com\/index.php\/une-passerelle-entre-culture-generale-et-metiers-de-la-construction\/91251\/","url":"https:\/\/batijournal.com\/index.php\/une-passerelle-entre-culture-generale-et-metiers-de-la-construction\/91251\/","name":"Une passerelle entre culture g\u00e9n\u00e9rale et m\u00e9tiers de la construction","isPartOf":{"@id":"https:\/\/batijournal.com\/#website"},"primaryImageOfPage":{"@id":"https:\/\/batijournal.com\/index.php\/une-passerelle-entre-culture-generale-et-metiers-de-la-construction\/91251\/#primaryimage"},"image":{"@id":"https:\/\/batijournal.com\/index.php\/une-passerelle-entre-culture-generale-et-metiers-de-la-construction\/91251\/#primaryimage"},"thumbnailUrl":"https:\/\/batijournal.com\/wp-content\/uploads\/2016\/02\/passerelles.jpg","datePublished":"2016-02-01T13:54:09+00:00","dateModified":"2019-07-15T10:07:21+00:00","author":{"@id":"https:\/\/batijournal.com\/#\/schema\/person\/1dc96ec6957aa1ccb25ebe78bb19f100"},"breadcrumb":{"@id":"https:\/\/batijournal.com\/index.php\/une-passerelle-entre-culture-generale-et-metiers-de-la-construction\/91251\/#breadcrumb"},"inLanguage":"fr-FR","potentialAction":[{"@type":"ReadAction","target":["https:\/\/batijournal.com\/index.php\/une-passerelle-entre-culture-generale-et-metiers-de-la-construction\/91251\/"]}]},{"@type":"ImageObject","inLanguage":"fr-FR","@id":"https:\/\/batijournal.com\/index.php\/une-passerelle-entre-culture-generale-et-metiers-de-la-construction\/91251\/#primaryimage","url":"https:\/\/batijournal.com\/wp-content\/uploads\/2016\/02\/passerelles.jpg","contentUrl":"https:\/\/batijournal.com\/wp-content\/uploads\/2016\/02\/passerelles.jpg","width":999,"height":692},{"@type":"BreadcrumbList","@id":"https:\/\/batijournal.com\/index.php\/une-passerelle-entre-culture-generale-et-metiers-de-la-construction\/91251\/#breadcrumb","itemListElement":[{"@type":"ListItem","position":1,"name":"Accueil","item":"https:\/\/batijournal.com\/"},{"@type":"ListItem","position":2,"name":"Actualit\u00e9s","item":"https:\/\/batijournal.com\/index.php\/category\/actualites\/"},{"@type":"ListItem","position":3,"name":"\u00c9conomie &amp; March\u00e9s","item":"https:\/\/batijournal.com\/index.php\/category\/actualites\/economie-marches\/"},{"@type":"ListItem","position":4,"name":"Une passerelle entre culture g\u00e9n\u00e9rale et m\u00e9tiers de la construction"}]},{"@type":"WebSite","@id":"https:\/\/batijournal.com\/#website","url":"https:\/\/batijournal.com\/","name":"Batijournal","description":"L&#039;actualit\u00e9 du b\u00e2timent","potentialAction":[{"@type":"SearchAction","target":{"@type":"EntryPoint","urlTemplate":"https:\/\/batijournal.com\/?s={search_term_string}"},"query-input":{"@type":"PropertyValueSpecification","valueRequired":true,"valueName":"search_term_string"}}],"inLanguage":"fr-FR"},{"@type":"Person","@id":"https:\/\/batijournal.com\/#\/schema\/person\/1dc96ec6957aa1ccb25ebe78bb19f100","name":"St\u00e9phane Miget","image":{"@type":"ImageObject","inLanguage":"fr-FR","@id":"https:\/\/secure.gravatar.com\/avatar\/89915563d925342126b8ef0281b93d9d7fc337043e8df017f780908eb9644451?s=96&d=mm&r=g","url":"https:\/\/secure.gravatar.com\/avatar\/89915563d925342126b8ef0281b93d9d7fc337043e8df017f780908eb9644451?s=96&d=mm&r=g","contentUrl":"https:\/\/secure.gravatar.com\/avatar\/89915563d925342126b8ef0281b93d9d7fc337043e8df017f780908eb9644451?s=96&d=mm&r=g","caption":"St\u00e9phane Miget"},"url":"https:\/\/batijournal.com\/index.php\/author\/stephane\/"}]}},"_links":{"self":[{"href":"https:\/\/batijournal.com\/index.php\/wp-json\/wp\/v2\/posts\/91251","targetHints":{"allow":["GET"]}}],"collection":[{"href":"https:\/\/batijournal.com\/index.php\/wp-json\/wp\/v2\/posts"}],"about":[{"href":"https:\/\/batijournal.com\/index.php\/wp-json\/wp\/v2\/types\/post"}],"author":[{"embeddable":true,"href":"https:\/\/batijournal.com\/index.php\/wp-json\/wp\/v2\/users\/17"}],"replies":[{"embeddable":true,"href":"https:\/\/batijournal.com\/index.php\/wp-json\/wp\/v2\/comments?post=91251"}],"version-history":[{"count":0,"href":"https:\/\/batijournal.com\/index.php\/wp-json\/wp\/v2\/posts\/91251\/revisions"}],"wp:featuredmedia":[{"embeddable":true,"href":"https:\/\/batijournal.com\/index.php\/wp-json\/wp\/v2\/media\/91264"}],"wp:attachment":[{"href":"https:\/\/batijournal.com\/index.php\/wp-json\/wp\/v2\/media?parent=91251"}],"wp:term":[{"taxonomy":"category","embeddable":true,"href":"https:\/\/batijournal.com\/index.php\/wp-json\/wp\/v2\/categories?post=91251"},{"taxonomy":"post_tag","embeddable":true,"href":"https:\/\/batijournal.com\/index.php\/wp-json\/wp\/v2\/tags?post=91251"}],"curies":[{"name":"wp","href":"https:\/\/api.w.org\/{rel}","templated":true}]}}