{"id":91254,"date":"2016-02-01T14:52:15","date_gmt":"2016-02-01T13:52:15","guid":{"rendered":"http:\/\/batijournal.com\/?p=91254"},"modified":"2016-02-01T14:52:15","modified_gmt":"2016-02-01T13:52:15","slug":"une-presidente-pour-atlanbois","status":"publish","type":"post","link":"https:\/\/batijournal.com\/index.php\/une-presidente-pour-atlanbois\/91254\/","title":{"rendered":"Une nouvelle pr\u00e9sidente pour Atlanbois"},"content":{"rendered":"<p><span style=\"font-family: Arial, sans-serif;\"><span style=\"font-size: large;\"><span style=\"color: #000000;\">Karine Bouhier vient d\u2019\u00eatre \u00e9lue pour trois ans \u00e0 la t\u00eate d\u2019Atlanbois, l\u2019interprofession de la fili\u00e8re for\u00eat-bois dans les Pays de la Loire. Cette chef d&rsquo;entreprise de 43 ans est pr\u00e9sidente du groupe vend\u00e9en Bonnin-Charbonneau (Les Charpentiers de l\u2019Atlantique, HCL-Habitat) employant une soixantaine de salari\u00e9s et couvrant les secteurs de la construction bois, de la menuiserie et de l&rsquo;am\u00e9nagement int\u00e9rieur.\u00a0<\/span><\/span><\/span><\/p>\n<p><span style=\"font-family: Arial, sans-serif;\"><span style=\"font-size: large;\"><span style=\"color: #000000;\">Photo\u00a0: Bureau d&rsquo;Atlanbois. De gauche \u00e0 droite : Antoine d\u2019Am\u00e9court, Jean Piveteau, Pascaline Gorr\u00e9e, Herv\u00e9 Drouin, Karine Bouhier, Robert Janvrin, Jean Bureau, Thierry Desfoss\u00e9s, Pierre Piveteau.<\/span><\/span><\/span><\/p>\n<p><a href=\"http:\/\/www.atlanbois.com\">www.atlanbois.com<\/a><\/p>\n<p>&nbsp;<\/p>\n","protected":false},"excerpt":{"rendered":"<p>Karine Bouhier vient d\u2019\u00eatre \u00e9lue pour trois ans \u00e0 la t\u00eate d\u2019Atlanbois, l\u2019interprofession de la fili\u00e8re for\u00eat-bois dans les Pays de la Loire. Cette chef d&rsquo;entreprise de 43 ans est pr\u00e9sidente du groupe vend\u00e9en Bonnin-Charbonneau (Les Charpentiers de l\u2019Atlantique, HCL-Habitat) employant une soixantaine de salari\u00e9s et couvrant les secteurs de la construction bois, de la [&hellip;]<\/p>\n","protected":false},"author":17,"featured_media":91255,"comment_status":"closed","ping_status":"closed","sticky":false,"template":"","format":"standard","meta":{"_et_pb_use_builder":"","_et_pb_old_content":"","_et_gb_content_width":"","footnotes":""},"categories":[10530,10768,10764],"tags":[],"class_list":["post-91254","post","type-post","status-publish","format-standard","has-post-thumbnail","hentry","category-actualites","category-nouvelles-tetes","category-woodsurfer"],"yoast_head":"<!-- This site is optimized with the Yoast SEO plugin v27.4 - https:\/\/yoast.com\/product\/yoast-seo-wordpress\/ -->\n<title>Une nouvelle pr\u00e9sidente pour Atlanbois<\/title>\n<meta name=\"robots\" content=\"index, follow, max-snippet:-1, max-image-preview:large, max-video-preview:-1\" \/>\n<link rel=\"canonical\" href=\"https:\/\/batijournal.com\/index.php\/une-presidente-pour-atlanbois\/91254\/\" \/>\n<meta property=\"og:locale\" content=\"fr_FR\" \/>\n<meta property=\"og:type\" content=\"article\" \/>\n<meta property=\"og:title\" content=\"Une nouvelle pr\u00e9sidente pour Atlanbois\" \/>\n<meta property=\"og:description\" content=\"Karine Bouhier vient d\u2019\u00eatre \u00e9lue pour trois ans \u00e0 la t\u00eate d\u2019Atlanbois, l\u2019interprofession de la fili\u00e8re for\u00eat-bois dans les Pays de la Loire. Cette chef d&rsquo;entreprise de 43 ans est pr\u00e9sidente du groupe vend\u00e9en Bonnin-Charbonneau (Les Charpentiers de l\u2019Atlantique, HCL-Habitat) employant une soixantaine de salari\u00e9s et couvrant les secteurs de la construction bois, de la [&hellip;]\" \/>\n<meta property=\"og:url\" content=\"https:\/\/batijournal.com\/index.php\/une-presidente-pour-atlanbois\/91254\/\" \/>\n<meta property=\"og:site_name\" content=\"Batijournal\" \/>\n<meta property=\"article:published_time\" content=\"2016-02-01T13:52:15+00:00\" \/>\n<meta property=\"og:image\" content=\"https:\/\/batijournal.com\/wp-content\/uploads\/2016\/02\/atlanbois.jpg\" \/>\n\t<meta property=\"og:image:width\" content=\"1632\" \/>\n\t<meta property=\"og:image:height\" content=\"507\" \/>\n\t<meta property=\"og:image:type\" content=\"image\/jpeg\" \/>\n<meta name=\"author\" content=\"St\u00e9phane Miget\" \/>\n<meta name=\"twitter:card\" content=\"summary_large_image\" \/>\n<meta name=\"twitter:creator\" content=\"@bati_journal\" \/>\n<meta name=\"twitter:site\" content=\"@bati_journal\" \/>\n<meta name=\"twitter:label1\" content=\"\u00c9crit par\" \/>\n\t<meta name=\"twitter:data1\" content=\"St\u00e9phane Miget\" \/>\n\t<meta name=\"twitter:label2\" content=\"Dur\u00e9e de lecture estim\u00e9e\" \/>\n\t<meta name=\"twitter:data2\" content=\"1 minute\" \/>\n<script type=\"application\/ld+json\" class=\"yoast-schema-graph\">{\"@context\":\"https:\\\/\\\/schema.org\",\"@graph\":[{\"@type\":\"Article\",\"@id\":\"https:\\\/\\\/batijournal.com\\\/index.php\\\/une-presidente-pour-atlanbois\\\/91254\\\/#article\",\"isPartOf\":{\"@id\":\"https:\\\/\\\/batijournal.com\\\/index.php\\\/une-presidente-pour-atlanbois\\\/91254\\\/\"},\"author\":{\"name\":\"St\u00e9phane Miget\",\"@id\":\"https:\\\/\\\/batijournal.com\\\/#\\\/schema\\\/person\\\/1dc96ec6957aa1ccb25ebe78bb19f100\"},\"headline\":\"Une nouvelle pr\u00e9sidente pour Atlanbois\",\"datePublished\":\"2016-02-01T13:52:15+00:00\",\"mainEntityOfPage\":{\"@id\":\"https:\\\/\\\/batijournal.com\\\/index.php\\\/une-presidente-pour-atlanbois\\\/91254\\\/\"},\"wordCount\":111,\"image\":{\"@id\":\"https:\\\/\\\/batijournal.com\\\/index.php\\\/une-presidente-pour-atlanbois\\\/91254\\\/#primaryimage\"},\"thumbnailUrl\":\"https:\\\/\\\/batijournal.com\\\/wp-content\\\/uploads\\\/2016\\\/02\\\/atlanbois.jpg\",\"articleSection\":[\"Actualit\u00e9s\",\"zz_Nouvelles t\u00eates - Woodsurfer\",\"zz_Woodsurfer\"],\"inLanguage\":\"fr-FR\"},{\"@type\":\"WebPage\",\"@id\":\"https:\\\/\\\/batijournal.com\\\/index.php\\\/une-presidente-pour-atlanbois\\\/91254\\\/\",\"url\":\"https:\\\/\\\/batijournal.com\\\/index.php\\\/une-presidente-pour-atlanbois\\\/91254\\\/\",\"name\":\"Une nouvelle pr\u00e9sidente pour Atlanbois\",\"isPartOf\":{\"@id\":\"https:\\\/\\\/batijournal.com\\\/#website\"},\"primaryImageOfPage\":{\"@id\":\"https:\\\/\\\/batijournal.com\\\/index.php\\\/une-presidente-pour-atlanbois\\\/91254\\\/#primaryimage\"},\"image\":{\"@id\":\"https:\\\/\\\/batijournal.com\\\/index.php\\\/une-presidente-pour-atlanbois\\\/91254\\\/#primaryimage\"},\"thumbnailUrl\":\"https:\\\/\\\/batijournal.com\\\/wp-content\\\/uploads\\\/2016\\\/02\\\/atlanbois.jpg\",\"datePublished\":\"2016-02-01T13:52:15+00:00\",\"author\":{\"@id\":\"https:\\\/\\\/batijournal.com\\\/#\\\/schema\\\/person\\\/1dc96ec6957aa1ccb25ebe78bb19f100\"},\"breadcrumb\":{\"@id\":\"https:\\\/\\\/batijournal.com\\\/index.php\\\/une-presidente-pour-atlanbois\\\/91254\\\/#breadcrumb\"},\"inLanguage\":\"fr-FR\",\"potentialAction\":[{\"@type\":\"ReadAction\",\"target\":[\"https:\\\/\\\/batijournal.com\\\/index.php\\\/une-presidente-pour-atlanbois\\\/91254\\\/\"]}]},{\"@type\":\"ImageObject\",\"inLanguage\":\"fr-FR\",\"@id\":\"https:\\\/\\\/batijournal.com\\\/index.php\\\/une-presidente-pour-atlanbois\\\/91254\\\/#primaryimage\",\"url\":\"https:\\\/\\\/batijournal.com\\\/wp-content\\\/uploads\\\/2016\\\/02\\\/atlanbois.jpg\",\"contentUrl\":\"https:\\\/\\\/batijournal.com\\\/wp-content\\\/uploads\\\/2016\\\/02\\\/atlanbois.jpg\",\"width\":1632,\"height\":507},{\"@type\":\"BreadcrumbList\",\"@id\":\"https:\\\/\\\/batijournal.com\\\/index.php\\\/une-presidente-pour-atlanbois\\\/91254\\\/#breadcrumb\",\"itemListElement\":[{\"@type\":\"ListItem\",\"position\":1,\"name\":\"Accueil\",\"item\":\"https:\\\/\\\/batijournal.com\\\/\"},{\"@type\":\"ListItem\",\"position\":2,\"name\":\"zz_Woodsurfer\",\"item\":\"https:\\\/\\\/batijournal.com\\\/index.php\\\/category\\\/woodsurfer\\\/\"},{\"@type\":\"ListItem\",\"position\":3,\"name\":\"zz_Nouvelles t\u00eates - Woodsurfer\",\"item\":\"https:\\\/\\\/batijournal.com\\\/index.php\\\/category\\\/woodsurfer\\\/nouvelles-tetes\\\/\"},{\"@type\":\"ListItem\",\"position\":4,\"name\":\"Une nouvelle pr\u00e9sidente pour Atlanbois\"}]},{\"@type\":\"WebSite\",\"@id\":\"https:\\\/\\\/batijournal.com\\\/#website\",\"url\":\"https:\\\/\\\/batijournal.com\\\/\",\"name\":\"Batijournal\",\"description\":\"L&#039;actualit\u00e9 du b\u00e2timent\",\"potentialAction\":[{\"@type\":\"SearchAction\",\"target\":{\"@type\":\"EntryPoint\",\"urlTemplate\":\"https:\\\/\\\/batijournal.com\\\/?s={search_term_string}\"},\"query-input\":{\"@type\":\"PropertyValueSpecification\",\"valueRequired\":true,\"valueName\":\"search_term_string\"}}],\"inLanguage\":\"fr-FR\"},{\"@type\":\"Person\",\"@id\":\"https:\\\/\\\/batijournal.com\\\/#\\\/schema\\\/person\\\/1dc96ec6957aa1ccb25ebe78bb19f100\",\"name\":\"St\u00e9phane Miget\",\"image\":{\"@type\":\"ImageObject\",\"inLanguage\":\"fr-FR\",\"@id\":\"https:\\\/\\\/secure.gravatar.com\\\/avatar\\\/89915563d925342126b8ef0281b93d9d7fc337043e8df017f780908eb9644451?s=96&d=mm&r=g\",\"url\":\"https:\\\/\\\/secure.gravatar.com\\\/avatar\\\/89915563d925342126b8ef0281b93d9d7fc337043e8df017f780908eb9644451?s=96&d=mm&r=g\",\"contentUrl\":\"https:\\\/\\\/secure.gravatar.com\\\/avatar\\\/89915563d925342126b8ef0281b93d9d7fc337043e8df017f780908eb9644451?s=96&d=mm&r=g\",\"caption\":\"St\u00e9phane Miget\"},\"url\":\"https:\\\/\\\/batijournal.com\\\/index.php\\\/author\\\/stephane\\\/\"}]}<\/script>\n<!-- \/ Yoast SEO plugin. -->","yoast_head_json":{"title":"Une nouvelle pr\u00e9sidente pour Atlanbois","robots":{"index":"index","follow":"follow","max-snippet":"max-snippet:-1","max-image-preview":"max-image-preview:large","max-video-preview":"max-video-preview:-1"},"canonical":"https:\/\/batijournal.com\/index.php\/une-presidente-pour-atlanbois\/91254\/","og_locale":"fr_FR","og_type":"article","og_title":"Une nouvelle pr\u00e9sidente pour Atlanbois","og_description":"Karine Bouhier vient d\u2019\u00eatre \u00e9lue pour trois ans \u00e0 la t\u00eate d\u2019Atlanbois, l\u2019interprofession de la fili\u00e8re for\u00eat-bois dans les Pays de la Loire. Cette chef d&rsquo;entreprise de 43 ans est pr\u00e9sidente du groupe vend\u00e9en Bonnin-Charbonneau (Les Charpentiers de l\u2019Atlantique, HCL-Habitat) employant une soixantaine de salari\u00e9s et couvrant les secteurs de la construction bois, de la [&hellip;]","og_url":"https:\/\/batijournal.com\/index.php\/une-presidente-pour-atlanbois\/91254\/","og_site_name":"Batijournal","article_published_time":"2016-02-01T13:52:15+00:00","og_image":[{"width":1632,"height":507,"url":"https:\/\/batijournal.com\/wp-content\/uploads\/2016\/02\/atlanbois.jpg","type":"image\/jpeg"}],"author":"St\u00e9phane Miget","twitter_card":"summary_large_image","twitter_creator":"@bati_journal","twitter_site":"@bati_journal","twitter_misc":{"\u00c9crit par":"St\u00e9phane Miget","Dur\u00e9e de lecture estim\u00e9e":"1 minute"},"schema":{"@context":"https:\/\/schema.org","@graph":[{"@type":"Article","@id":"https:\/\/batijournal.com\/index.php\/une-presidente-pour-atlanbois\/91254\/#article","isPartOf":{"@id":"https:\/\/batijournal.com\/index.php\/une-presidente-pour-atlanbois\/91254\/"},"author":{"name":"St\u00e9phane Miget","@id":"https:\/\/batijournal.com\/#\/schema\/person\/1dc96ec6957aa1ccb25ebe78bb19f100"},"headline":"Une nouvelle pr\u00e9sidente pour Atlanbois","datePublished":"2016-02-01T13:52:15+00:00","mainEntityOfPage":{"@id":"https:\/\/batijournal.com\/index.php\/une-presidente-pour-atlanbois\/91254\/"},"wordCount":111,"image":{"@id":"https:\/\/batijournal.com\/index.php\/une-presidente-pour-atlanbois\/91254\/#primaryimage"},"thumbnailUrl":"https:\/\/batijournal.com\/wp-content\/uploads\/2016\/02\/atlanbois.jpg","articleSection":["Actualit\u00e9s","zz_Nouvelles t\u00eates - Woodsurfer","zz_Woodsurfer"],"inLanguage":"fr-FR"},{"@type":"WebPage","@id":"https:\/\/batijournal.com\/index.php\/une-presidente-pour-atlanbois\/91254\/","url":"https:\/\/batijournal.com\/index.php\/une-presidente-pour-atlanbois\/91254\/","name":"Une nouvelle pr\u00e9sidente pour Atlanbois","isPartOf":{"@id":"https:\/\/batijournal.com\/#website"},"primaryImageOfPage":{"@id":"https:\/\/batijournal.com\/index.php\/une-presidente-pour-atlanbois\/91254\/#primaryimage"},"image":{"@id":"https:\/\/batijournal.com\/index.php\/une-presidente-pour-atlanbois\/91254\/#primaryimage"},"thumbnailUrl":"https:\/\/batijournal.com\/wp-content\/uploads\/2016\/02\/atlanbois.jpg","datePublished":"2016-02-01T13:52:15+00:00","author":{"@id":"https:\/\/batijournal.com\/#\/schema\/person\/1dc96ec6957aa1ccb25ebe78bb19f100"},"breadcrumb":{"@id":"https:\/\/batijournal.com\/index.php\/une-presidente-pour-atlanbois\/91254\/#breadcrumb"},"inLanguage":"fr-FR","potentialAction":[{"@type":"ReadAction","target":["https:\/\/batijournal.com\/index.php\/une-presidente-pour-atlanbois\/91254\/"]}]},{"@type":"ImageObject","inLanguage":"fr-FR","@id":"https:\/\/batijournal.com\/index.php\/une-presidente-pour-atlanbois\/91254\/#primaryimage","url":"https:\/\/batijournal.com\/wp-content\/uploads\/2016\/02\/atlanbois.jpg","contentUrl":"https:\/\/batijournal.com\/wp-content\/uploads\/2016\/02\/atlanbois.jpg","width":1632,"height":507},{"@type":"BreadcrumbList","@id":"https:\/\/batijournal.com\/index.php\/une-presidente-pour-atlanbois\/91254\/#breadcrumb","itemListElement":[{"@type":"ListItem","position":1,"name":"Accueil","item":"https:\/\/batijournal.com\/"},{"@type":"ListItem","position":2,"name":"zz_Woodsurfer","item":"https:\/\/batijournal.com\/index.php\/category\/woodsurfer\/"},{"@type":"ListItem","position":3,"name":"zz_Nouvelles t\u00eates - Woodsurfer","item":"https:\/\/batijournal.com\/index.php\/category\/woodsurfer\/nouvelles-tetes\/"},{"@type":"ListItem","position":4,"name":"Une nouvelle pr\u00e9sidente pour Atlanbois"}]},{"@type":"WebSite","@id":"https:\/\/batijournal.com\/#website","url":"https:\/\/batijournal.com\/","name":"Batijournal","description":"L&#039;actualit\u00e9 du b\u00e2timent","potentialAction":[{"@type":"SearchAction","target":{"@type":"EntryPoint","urlTemplate":"https:\/\/batijournal.com\/?s={search_term_string}"},"query-input":{"@type":"PropertyValueSpecification","valueRequired":true,"valueName":"search_term_string"}}],"inLanguage":"fr-FR"},{"@type":"Person","@id":"https:\/\/batijournal.com\/#\/schema\/person\/1dc96ec6957aa1ccb25ebe78bb19f100","name":"St\u00e9phane Miget","image":{"@type":"ImageObject","inLanguage":"fr-FR","@id":"https:\/\/secure.gravatar.com\/avatar\/89915563d925342126b8ef0281b93d9d7fc337043e8df017f780908eb9644451?s=96&d=mm&r=g","url":"https:\/\/secure.gravatar.com\/avatar\/89915563d925342126b8ef0281b93d9d7fc337043e8df017f780908eb9644451?s=96&d=mm&r=g","contentUrl":"https:\/\/secure.gravatar.com\/avatar\/89915563d925342126b8ef0281b93d9d7fc337043e8df017f780908eb9644451?s=96&d=mm&r=g","caption":"St\u00e9phane Miget"},"url":"https:\/\/batijournal.com\/index.php\/author\/stephane\/"}]}},"_links":{"self":[{"href":"https:\/\/batijournal.com\/index.php\/wp-json\/wp\/v2\/posts\/91254","targetHints":{"allow":["GET"]}}],"collection":[{"href":"https:\/\/batijournal.com\/index.php\/wp-json\/wp\/v2\/posts"}],"about":[{"href":"https:\/\/batijournal.com\/index.php\/wp-json\/wp\/v2\/types\/post"}],"author":[{"embeddable":true,"href":"https:\/\/batijournal.com\/index.php\/wp-json\/wp\/v2\/users\/17"}],"replies":[{"embeddable":true,"href":"https:\/\/batijournal.com\/index.php\/wp-json\/wp\/v2\/comments?post=91254"}],"version-history":[{"count":0,"href":"https:\/\/batijournal.com\/index.php\/wp-json\/wp\/v2\/posts\/91254\/revisions"}],"wp:featuredmedia":[{"embeddable":true,"href":"https:\/\/batijournal.com\/index.php\/wp-json\/wp\/v2\/media\/91255"}],"wp:attachment":[{"href":"https:\/\/batijournal.com\/index.php\/wp-json\/wp\/v2\/media?parent=91254"}],"wp:term":[{"taxonomy":"category","embeddable":true,"href":"https:\/\/batijournal.com\/index.php\/wp-json\/wp\/v2\/categories?post=91254"},{"taxonomy":"post_tag","embeddable":true,"href":"https:\/\/batijournal.com\/index.php\/wp-json\/wp\/v2\/tags?post=91254"}],"curies":[{"name":"wp","href":"https:\/\/api.w.org\/{rel}","templated":true}]}}