{"id":91270,"date":"2016-02-02T07:18:25","date_gmt":"2016-02-02T06:18:25","guid":{"rendered":"http:\/\/batijournal.com\/?p=91270"},"modified":"2019-07-15T12:04:06","modified_gmt":"2019-07-15T10:04:06","slug":"gilles-bernardeau-nouveau-directeur-general-du-cerib","status":"publish","type":"post","link":"https:\/\/batijournal.com\/index.php\/gilles-bernardeau-nouveau-directeur-general-du-cerib\/91270\/","title":{"rendered":"Gilles Bernardeau, nouveau directeur g\u00e9n\u00e9ral du CERIB"},"content":{"rendered":"<p>Gilles Bernardeau, 56 ans, est nomm\u00e9 directeur g\u00e9n\u00e9ral du CERIB (Centre d\u2019\u00c9tudes et de Recherche de l\u2019Industrie du B\u00e9ton). \u00a0Il succ\u00e8de \u00e0 Marc Lebrun, qui occupait cette fonction depuis 2008 et qui poursuivra des missions dans le cadre des relations europ\u00e9ennes.Titulaire d\u2019une ma\u00eetrise de chimie des solides, Gilles Bernardeau a effectu\u00e9 la majeure partie de sa carri\u00e8re professionnelle dans le domaine des mat\u00e9riaux de construction et de l\u2019industrie des produits en b\u00e9ton, en particulier.<\/p>\n","protected":false},"excerpt":{"rendered":"<p>Gilles Bernardeau, 56 ans, est nomm\u00e9 directeur g\u00e9n\u00e9ral du CERIB (Centre d\u2019\u00c9tudes et de Recherche de l\u2019Industrie du B\u00e9ton). \u00a0Il succ\u00e8de \u00e0 Marc Lebrun, qui occupait cette fonction depuis 2008 et qui poursuivra des missions dans le cadre des relations europ\u00e9ennes.Titulaire d\u2019une ma\u00eetrise de chimie des solides, Gilles Bernardeau a effectu\u00e9 la majeure partie de [&hellip;]<\/p>\n","protected":false},"author":17,"featured_media":91271,"comment_status":"closed","ping_status":"closed","sticky":false,"template":"","format":"standard","meta":{"_et_pb_use_builder":"","_et_pb_old_content":"","_et_gb_content_width":"","footnotes":""},"categories":[10530,6345,10776],"tags":[1128,2802],"class_list":["post-91270","post","type-post","status-publish","format-standard","has-post-thumbnail","hentry","category-actualites","category-economie-marches","category-nouvelles-tetes-5facades","tag-beton","tag-cerib"],"yoast_head":"<!-- This site is optimized with the Yoast SEO plugin v27.4 - https:\/\/yoast.com\/product\/yoast-seo-wordpress\/ -->\n<title>Gilles Bernardeau, nouveau directeur g\u00e9n\u00e9ral du CERIB<\/title>\n<meta name=\"robots\" content=\"index, follow, max-snippet:-1, max-image-preview:large, max-video-preview:-1\" \/>\n<link rel=\"canonical\" href=\"https:\/\/batijournal.com\/index.php\/gilles-bernardeau-nouveau-directeur-general-du-cerib\/91270\/\" \/>\n<meta property=\"og:locale\" content=\"fr_FR\" \/>\n<meta property=\"og:type\" content=\"article\" \/>\n<meta property=\"og:title\" content=\"Gilles Bernardeau, nouveau directeur g\u00e9n\u00e9ral du CERIB\" \/>\n<meta property=\"og:description\" content=\"Gilles Bernardeau, 56 ans, est nomm\u00e9 directeur g\u00e9n\u00e9ral du CERIB (Centre d\u2019\u00c9tudes et de Recherche de l\u2019Industrie du B\u00e9ton). \u00a0Il succ\u00e8de \u00e0 Marc Lebrun, qui occupait cette fonction depuis 2008 et qui poursuivra des missions dans le cadre des relations europ\u00e9ennes.Titulaire d\u2019une ma\u00eetrise de chimie des solides, Gilles Bernardeau a effectu\u00e9 la majeure partie de [&hellip;]\" \/>\n<meta property=\"og:url\" content=\"https:\/\/batijournal.com\/index.php\/gilles-bernardeau-nouveau-directeur-general-du-cerib\/91270\/\" \/>\n<meta property=\"og:site_name\" content=\"Batijournal\" \/>\n<meta property=\"article:published_time\" content=\"2016-02-02T06:18:25+00:00\" \/>\n<meta property=\"article:modified_time\" content=\"2019-07-15T10:04:06+00:00\" \/>\n<meta property=\"og:image\" content=\"https:\/\/batijournal.com\/wp-content\/uploads\/2016\/02\/Photo-Gilles-Bernardeau.jpg\" \/>\n\t<meta property=\"og:image:width\" content=\"928\" \/>\n\t<meta property=\"og:image:height\" content=\"665\" \/>\n\t<meta property=\"og:image:type\" content=\"image\/jpeg\" \/>\n<meta name=\"author\" content=\"St\u00e9phane Miget\" \/>\n<meta name=\"twitter:card\" content=\"summary_large_image\" \/>\n<meta name=\"twitter:creator\" content=\"@bati_journal\" \/>\n<meta name=\"twitter:site\" content=\"@bati_journal\" \/>\n<meta name=\"twitter:label1\" content=\"\u00c9crit par\" \/>\n\t<meta name=\"twitter:data1\" content=\"St\u00e9phane Miget\" \/>\n<script type=\"application\/ld+json\" class=\"yoast-schema-graph\">{\"@context\":\"https:\\\/\\\/schema.org\",\"@graph\":[{\"@type\":\"Article\",\"@id\":\"https:\\\/\\\/batijournal.com\\\/index.php\\\/gilles-bernardeau-nouveau-directeur-general-du-cerib\\\/91270\\\/#article\",\"isPartOf\":{\"@id\":\"https:\\\/\\\/batijournal.com\\\/index.php\\\/gilles-bernardeau-nouveau-directeur-general-du-cerib\\\/91270\\\/\"},\"author\":{\"name\":\"St\u00e9phane Miget\",\"@id\":\"https:\\\/\\\/batijournal.com\\\/#\\\/schema\\\/person\\\/1dc96ec6957aa1ccb25ebe78bb19f100\"},\"headline\":\"Gilles Bernardeau, nouveau directeur g\u00e9n\u00e9ral du CERIB\",\"datePublished\":\"2016-02-02T06:18:25+00:00\",\"dateModified\":\"2019-07-15T10:04:06+00:00\",\"mainEntityOfPage\":{\"@id\":\"https:\\\/\\\/batijournal.com\\\/index.php\\\/gilles-bernardeau-nouveau-directeur-general-du-cerib\\\/91270\\\/\"},\"wordCount\":94,\"image\":{\"@id\":\"https:\\\/\\\/batijournal.com\\\/index.php\\\/gilles-bernardeau-nouveau-directeur-general-du-cerib\\\/91270\\\/#primaryimage\"},\"thumbnailUrl\":\"https:\\\/\\\/batijournal.com\\\/wp-content\\\/uploads\\\/2016\\\/02\\\/Photo-Gilles-Bernardeau.jpg\",\"keywords\":[\"b\u00e9ton\",\"CERIB\"],\"articleSection\":[\"Actualit\u00e9s\",\"\u00c9conomie &amp; March\u00e9s\",\"zz_Nouvelles t\u00eates - 5fa\u00e7ades\"],\"inLanguage\":\"fr-FR\"},{\"@type\":\"WebPage\",\"@id\":\"https:\\\/\\\/batijournal.com\\\/index.php\\\/gilles-bernardeau-nouveau-directeur-general-du-cerib\\\/91270\\\/\",\"url\":\"https:\\\/\\\/batijournal.com\\\/index.php\\\/gilles-bernardeau-nouveau-directeur-general-du-cerib\\\/91270\\\/\",\"name\":\"Gilles Bernardeau, nouveau directeur g\u00e9n\u00e9ral du CERIB\",\"isPartOf\":{\"@id\":\"https:\\\/\\\/batijournal.com\\\/#website\"},\"primaryImageOfPage\":{\"@id\":\"https:\\\/\\\/batijournal.com\\\/index.php\\\/gilles-bernardeau-nouveau-directeur-general-du-cerib\\\/91270\\\/#primaryimage\"},\"image\":{\"@id\":\"https:\\\/\\\/batijournal.com\\\/index.php\\\/gilles-bernardeau-nouveau-directeur-general-du-cerib\\\/91270\\\/#primaryimage\"},\"thumbnailUrl\":\"https:\\\/\\\/batijournal.com\\\/wp-content\\\/uploads\\\/2016\\\/02\\\/Photo-Gilles-Bernardeau.jpg\",\"datePublished\":\"2016-02-02T06:18:25+00:00\",\"dateModified\":\"2019-07-15T10:04:06+00:00\",\"author\":{\"@id\":\"https:\\\/\\\/batijournal.com\\\/#\\\/schema\\\/person\\\/1dc96ec6957aa1ccb25ebe78bb19f100\"},\"breadcrumb\":{\"@id\":\"https:\\\/\\\/batijournal.com\\\/index.php\\\/gilles-bernardeau-nouveau-directeur-general-du-cerib\\\/91270\\\/#breadcrumb\"},\"inLanguage\":\"fr-FR\",\"potentialAction\":[{\"@type\":\"ReadAction\",\"target\":[\"https:\\\/\\\/batijournal.com\\\/index.php\\\/gilles-bernardeau-nouveau-directeur-general-du-cerib\\\/91270\\\/\"]}]},{\"@type\":\"ImageObject\",\"inLanguage\":\"fr-FR\",\"@id\":\"https:\\\/\\\/batijournal.com\\\/index.php\\\/gilles-bernardeau-nouveau-directeur-general-du-cerib\\\/91270\\\/#primaryimage\",\"url\":\"https:\\\/\\\/batijournal.com\\\/wp-content\\\/uploads\\\/2016\\\/02\\\/Photo-Gilles-Bernardeau.jpg\",\"contentUrl\":\"https:\\\/\\\/batijournal.com\\\/wp-content\\\/uploads\\\/2016\\\/02\\\/Photo-Gilles-Bernardeau.jpg\",\"width\":928,\"height\":665},{\"@type\":\"BreadcrumbList\",\"@id\":\"https:\\\/\\\/batijournal.com\\\/index.php\\\/gilles-bernardeau-nouveau-directeur-general-du-cerib\\\/91270\\\/#breadcrumb\",\"itemListElement\":[{\"@type\":\"ListItem\",\"position\":1,\"name\":\"Accueil\",\"item\":\"https:\\\/\\\/batijournal.com\\\/\"},{\"@type\":\"ListItem\",\"position\":2,\"name\":\"Actualit\u00e9s\",\"item\":\"https:\\\/\\\/batijournal.com\\\/index.php\\\/category\\\/actualites\\\/\"},{\"@type\":\"ListItem\",\"position\":3,\"name\":\"\u00c9conomie &amp; March\u00e9s\",\"item\":\"https:\\\/\\\/batijournal.com\\\/index.php\\\/category\\\/actualites\\\/economie-marches\\\/\"},{\"@type\":\"ListItem\",\"position\":4,\"name\":\"Gilles Bernardeau, nouveau directeur g\u00e9n\u00e9ral du CERIB\"}]},{\"@type\":\"WebSite\",\"@id\":\"https:\\\/\\\/batijournal.com\\\/#website\",\"url\":\"https:\\\/\\\/batijournal.com\\\/\",\"name\":\"Batijournal\",\"description\":\"L&#039;actualit\u00e9 du b\u00e2timent\",\"potentialAction\":[{\"@type\":\"SearchAction\",\"target\":{\"@type\":\"EntryPoint\",\"urlTemplate\":\"https:\\\/\\\/batijournal.com\\\/?s={search_term_string}\"},\"query-input\":{\"@type\":\"PropertyValueSpecification\",\"valueRequired\":true,\"valueName\":\"search_term_string\"}}],\"inLanguage\":\"fr-FR\"},{\"@type\":\"Person\",\"@id\":\"https:\\\/\\\/batijournal.com\\\/#\\\/schema\\\/person\\\/1dc96ec6957aa1ccb25ebe78bb19f100\",\"name\":\"St\u00e9phane Miget\",\"image\":{\"@type\":\"ImageObject\",\"inLanguage\":\"fr-FR\",\"@id\":\"https:\\\/\\\/secure.gravatar.com\\\/avatar\\\/89915563d925342126b8ef0281b93d9d7fc337043e8df017f780908eb9644451?s=96&d=mm&r=g\",\"url\":\"https:\\\/\\\/secure.gravatar.com\\\/avatar\\\/89915563d925342126b8ef0281b93d9d7fc337043e8df017f780908eb9644451?s=96&d=mm&r=g\",\"contentUrl\":\"https:\\\/\\\/secure.gravatar.com\\\/avatar\\\/89915563d925342126b8ef0281b93d9d7fc337043e8df017f780908eb9644451?s=96&d=mm&r=g\",\"caption\":\"St\u00e9phane Miget\"},\"url\":\"https:\\\/\\\/batijournal.com\\\/index.php\\\/author\\\/stephane\\\/\"}]}<\/script>\n<!-- \/ Yoast SEO plugin. -->","yoast_head_json":{"title":"Gilles Bernardeau, nouveau directeur g\u00e9n\u00e9ral du CERIB","robots":{"index":"index","follow":"follow","max-snippet":"max-snippet:-1","max-image-preview":"max-image-preview:large","max-video-preview":"max-video-preview:-1"},"canonical":"https:\/\/batijournal.com\/index.php\/gilles-bernardeau-nouveau-directeur-general-du-cerib\/91270\/","og_locale":"fr_FR","og_type":"article","og_title":"Gilles Bernardeau, nouveau directeur g\u00e9n\u00e9ral du CERIB","og_description":"Gilles Bernardeau, 56 ans, est nomm\u00e9 directeur g\u00e9n\u00e9ral du CERIB (Centre d\u2019\u00c9tudes et de Recherche de l\u2019Industrie du B\u00e9ton). \u00a0Il succ\u00e8de \u00e0 Marc Lebrun, qui occupait cette fonction depuis 2008 et qui poursuivra des missions dans le cadre des relations europ\u00e9ennes.Titulaire d\u2019une ma\u00eetrise de chimie des solides, Gilles Bernardeau a effectu\u00e9 la majeure partie de [&hellip;]","og_url":"https:\/\/batijournal.com\/index.php\/gilles-bernardeau-nouveau-directeur-general-du-cerib\/91270\/","og_site_name":"Batijournal","article_published_time":"2016-02-02T06:18:25+00:00","article_modified_time":"2019-07-15T10:04:06+00:00","og_image":[{"width":928,"height":665,"url":"https:\/\/batijournal.com\/wp-content\/uploads\/2016\/02\/Photo-Gilles-Bernardeau.jpg","type":"image\/jpeg"}],"author":"St\u00e9phane Miget","twitter_card":"summary_large_image","twitter_creator":"@bati_journal","twitter_site":"@bati_journal","twitter_misc":{"\u00c9crit par":"St\u00e9phane Miget"},"schema":{"@context":"https:\/\/schema.org","@graph":[{"@type":"Article","@id":"https:\/\/batijournal.com\/index.php\/gilles-bernardeau-nouveau-directeur-general-du-cerib\/91270\/#article","isPartOf":{"@id":"https:\/\/batijournal.com\/index.php\/gilles-bernardeau-nouveau-directeur-general-du-cerib\/91270\/"},"author":{"name":"St\u00e9phane Miget","@id":"https:\/\/batijournal.com\/#\/schema\/person\/1dc96ec6957aa1ccb25ebe78bb19f100"},"headline":"Gilles Bernardeau, nouveau directeur g\u00e9n\u00e9ral du CERIB","datePublished":"2016-02-02T06:18:25+00:00","dateModified":"2019-07-15T10:04:06+00:00","mainEntityOfPage":{"@id":"https:\/\/batijournal.com\/index.php\/gilles-bernardeau-nouveau-directeur-general-du-cerib\/91270\/"},"wordCount":94,"image":{"@id":"https:\/\/batijournal.com\/index.php\/gilles-bernardeau-nouveau-directeur-general-du-cerib\/91270\/#primaryimage"},"thumbnailUrl":"https:\/\/batijournal.com\/wp-content\/uploads\/2016\/02\/Photo-Gilles-Bernardeau.jpg","keywords":["b\u00e9ton","CERIB"],"articleSection":["Actualit\u00e9s","\u00c9conomie &amp; March\u00e9s","zz_Nouvelles t\u00eates - 5fa\u00e7ades"],"inLanguage":"fr-FR"},{"@type":"WebPage","@id":"https:\/\/batijournal.com\/index.php\/gilles-bernardeau-nouveau-directeur-general-du-cerib\/91270\/","url":"https:\/\/batijournal.com\/index.php\/gilles-bernardeau-nouveau-directeur-general-du-cerib\/91270\/","name":"Gilles Bernardeau, nouveau directeur g\u00e9n\u00e9ral du CERIB","isPartOf":{"@id":"https:\/\/batijournal.com\/#website"},"primaryImageOfPage":{"@id":"https:\/\/batijournal.com\/index.php\/gilles-bernardeau-nouveau-directeur-general-du-cerib\/91270\/#primaryimage"},"image":{"@id":"https:\/\/batijournal.com\/index.php\/gilles-bernardeau-nouveau-directeur-general-du-cerib\/91270\/#primaryimage"},"thumbnailUrl":"https:\/\/batijournal.com\/wp-content\/uploads\/2016\/02\/Photo-Gilles-Bernardeau.jpg","datePublished":"2016-02-02T06:18:25+00:00","dateModified":"2019-07-15T10:04:06+00:00","author":{"@id":"https:\/\/batijournal.com\/#\/schema\/person\/1dc96ec6957aa1ccb25ebe78bb19f100"},"breadcrumb":{"@id":"https:\/\/batijournal.com\/index.php\/gilles-bernardeau-nouveau-directeur-general-du-cerib\/91270\/#breadcrumb"},"inLanguage":"fr-FR","potentialAction":[{"@type":"ReadAction","target":["https:\/\/batijournal.com\/index.php\/gilles-bernardeau-nouveau-directeur-general-du-cerib\/91270\/"]}]},{"@type":"ImageObject","inLanguage":"fr-FR","@id":"https:\/\/batijournal.com\/index.php\/gilles-bernardeau-nouveau-directeur-general-du-cerib\/91270\/#primaryimage","url":"https:\/\/batijournal.com\/wp-content\/uploads\/2016\/02\/Photo-Gilles-Bernardeau.jpg","contentUrl":"https:\/\/batijournal.com\/wp-content\/uploads\/2016\/02\/Photo-Gilles-Bernardeau.jpg","width":928,"height":665},{"@type":"BreadcrumbList","@id":"https:\/\/batijournal.com\/index.php\/gilles-bernardeau-nouveau-directeur-general-du-cerib\/91270\/#breadcrumb","itemListElement":[{"@type":"ListItem","position":1,"name":"Accueil","item":"https:\/\/batijournal.com\/"},{"@type":"ListItem","position":2,"name":"Actualit\u00e9s","item":"https:\/\/batijournal.com\/index.php\/category\/actualites\/"},{"@type":"ListItem","position":3,"name":"\u00c9conomie &amp; March\u00e9s","item":"https:\/\/batijournal.com\/index.php\/category\/actualites\/economie-marches\/"},{"@type":"ListItem","position":4,"name":"Gilles Bernardeau, nouveau directeur g\u00e9n\u00e9ral du CERIB"}]},{"@type":"WebSite","@id":"https:\/\/batijournal.com\/#website","url":"https:\/\/batijournal.com\/","name":"Batijournal","description":"L&#039;actualit\u00e9 du b\u00e2timent","potentialAction":[{"@type":"SearchAction","target":{"@type":"EntryPoint","urlTemplate":"https:\/\/batijournal.com\/?s={search_term_string}"},"query-input":{"@type":"PropertyValueSpecification","valueRequired":true,"valueName":"search_term_string"}}],"inLanguage":"fr-FR"},{"@type":"Person","@id":"https:\/\/batijournal.com\/#\/schema\/person\/1dc96ec6957aa1ccb25ebe78bb19f100","name":"St\u00e9phane Miget","image":{"@type":"ImageObject","inLanguage":"fr-FR","@id":"https:\/\/secure.gravatar.com\/avatar\/89915563d925342126b8ef0281b93d9d7fc337043e8df017f780908eb9644451?s=96&d=mm&r=g","url":"https:\/\/secure.gravatar.com\/avatar\/89915563d925342126b8ef0281b93d9d7fc337043e8df017f780908eb9644451?s=96&d=mm&r=g","contentUrl":"https:\/\/secure.gravatar.com\/avatar\/89915563d925342126b8ef0281b93d9d7fc337043e8df017f780908eb9644451?s=96&d=mm&r=g","caption":"St\u00e9phane Miget"},"url":"https:\/\/batijournal.com\/index.php\/author\/stephane\/"}]}},"_links":{"self":[{"href":"https:\/\/batijournal.com\/index.php\/wp-json\/wp\/v2\/posts\/91270","targetHints":{"allow":["GET"]}}],"collection":[{"href":"https:\/\/batijournal.com\/index.php\/wp-json\/wp\/v2\/posts"}],"about":[{"href":"https:\/\/batijournal.com\/index.php\/wp-json\/wp\/v2\/types\/post"}],"author":[{"embeddable":true,"href":"https:\/\/batijournal.com\/index.php\/wp-json\/wp\/v2\/users\/17"}],"replies":[{"embeddable":true,"href":"https:\/\/batijournal.com\/index.php\/wp-json\/wp\/v2\/comments?post=91270"}],"version-history":[{"count":0,"href":"https:\/\/batijournal.com\/index.php\/wp-json\/wp\/v2\/posts\/91270\/revisions"}],"wp:featuredmedia":[{"embeddable":true,"href":"https:\/\/batijournal.com\/index.php\/wp-json\/wp\/v2\/media\/91271"}],"wp:attachment":[{"href":"https:\/\/batijournal.com\/index.php\/wp-json\/wp\/v2\/media?parent=91270"}],"wp:term":[{"taxonomy":"category","embeddable":true,"href":"https:\/\/batijournal.com\/index.php\/wp-json\/wp\/v2\/categories?post=91270"},{"taxonomy":"post_tag","embeddable":true,"href":"https:\/\/batijournal.com\/index.php\/wp-json\/wp\/v2\/tags?post=91270"}],"curies":[{"name":"wp","href":"https:\/\/api.w.org\/{rel}","templated":true}]}}