{"id":91286,"date":"2016-02-03T08:32:57","date_gmt":"2016-02-03T07:32:57","guid":{"rendered":"http:\/\/batijournal.com\/?p=91286"},"modified":"2019-07-15T11:16:59","modified_gmt":"2019-07-15T09:16:59","slug":"concours-des-entrees-de-villes-lancement-de-la-14e-edition","status":"publish","type":"post","link":"https:\/\/batijournal.com\/index.php\/concours-des-entrees-de-villes-lancement-de-la-14e-edition\/91286\/","title":{"rendered":"Concours des entr\u00e9es de villes : lancement de la 14e \u00e9dition"},"content":{"rendered":"<p>Le 15 f\u00e9vrier prochain, l\u2019Association nationale des Villes et Pays d\u2019art et d\u2019histoire &amp; des Villes \u00e0 secteurs sauvegard\u00e9s et prot\u00e9g\u00e9s et la F\u00e9d\u00e9ration Patrimoine Environnement lancent la 14\u00e8me \u00e9dition du Concours National des Entr\u00e9es de Villes &amp; reconqu\u00eate des franges urbaines, avec le soutien du minist\u00e8re de l\u2019\u00c9cologie, du D\u00e9veloppement Durable et de l\u2019\u00c9nergie et du minist\u00e8re de la Culture et de la Communication. Il distinguera des collectivit\u00e9s qui conduisent une ou plusieurs op\u00e9rations exemplaires en mati\u00e8re de reconqu\u00eate de franges urbaines et d\u2019am\u00e9nagement des entr\u00e9es de ville. Toutes les communes de plus de 2000 habitants, ayant men\u00e9 des op\u00e9rations finalis\u00e9es ou avec une tranche assez significative depuis plus de deux ans, pourront candidater \u00e0 partir du lundi 15 f\u00e9vrier et jusqu\u2019au 20 juin 2016. Le jury se tiendra en novembre 2016, pour une remise de prix d\u00e9but 2017.<\/p>\n<p><a href=\"http:\/\/patrimoine-environnement.fr\/concours-national-des-entrees-de-ville\/\" target=\"_blank\" rel=\"noopener noreferrer\">patrimoine-environnement.fr\/concours-national-des-entrees-de-ville<\/a><\/p>\n","protected":false},"excerpt":{"rendered":"<p>Le 15 f\u00e9vrier prochain, l\u2019Association nationale des Villes et Pays d\u2019art et d\u2019histoire &amp; des Villes \u00e0 secteurs sauvegard\u00e9s et prot\u00e9g\u00e9s et la F\u00e9d\u00e9ration Patrimoine Environnement lancent la 14\u00e8me \u00e9dition du Concours National des Entr\u00e9es de Villes &amp; reconqu\u00eate des franges urbaines, avec le soutien du minist\u00e8re de l\u2019\u00c9cologie, du D\u00e9veloppement Durable et de l\u2019\u00c9nergie [&hellip;]<\/p>\n","protected":false},"author":17,"featured_media":89741,"comment_status":"closed","ping_status":"closed","sticky":false,"template":"","format":"standard","meta":{"_et_pb_use_builder":"","_et_pb_old_content":"","_et_gb_content_width":"","footnotes":""},"categories":[6340],"tags":[11042,9735],"class_list":["post-91286","post","type-post","status-publish","format-standard","has-post-thumbnail","hentry","category-architecture-conception","tag-patrimoine","tag-villes"],"yoast_head":"<!-- This site is optimized with the Yoast SEO plugin v27.4 - https:\/\/yoast.com\/product\/yoast-seo-wordpress\/ -->\n<title>Concours des entr\u00e9es de villes : lancement de la 14e \u00e9dition<\/title>\n<meta name=\"robots\" content=\"index, follow, max-snippet:-1, max-image-preview:large, max-video-preview:-1\" \/>\n<link rel=\"canonical\" href=\"https:\/\/batijournal.com\/index.php\/concours-des-entrees-de-villes-lancement-de-la-14e-edition\/91286\/\" \/>\n<meta property=\"og:locale\" content=\"fr_FR\" \/>\n<meta property=\"og:type\" content=\"article\" \/>\n<meta property=\"og:title\" content=\"Concours des entr\u00e9es de villes : lancement de la 14e \u00e9dition\" \/>\n<meta property=\"og:description\" content=\"Le 15 f\u00e9vrier prochain, l\u2019Association nationale des Villes et Pays d\u2019art et d\u2019histoire &amp; des Villes \u00e0 secteurs sauvegard\u00e9s et prot\u00e9g\u00e9s et la F\u00e9d\u00e9ration Patrimoine Environnement lancent la 14\u00e8me \u00e9dition du Concours National des Entr\u00e9es de Villes &amp; reconqu\u00eate des franges urbaines, avec le soutien du minist\u00e8re de l\u2019\u00c9cologie, du D\u00e9veloppement Durable et de l\u2019\u00c9nergie [&hellip;]\" \/>\n<meta property=\"og:url\" content=\"https:\/\/batijournal.com\/index.php\/concours-des-entrees-de-villes-lancement-de-la-14e-edition\/91286\/\" \/>\n<meta property=\"og:site_name\" content=\"Batijournal\" \/>\n<meta property=\"article:published_time\" content=\"2016-02-03T07:32:57+00:00\" \/>\n<meta property=\"article:modified_time\" content=\"2019-07-15T09:16:59+00:00\" \/>\n<meta property=\"og:image\" content=\"https:\/\/batijournal.com\/wp-content\/uploads\/2015\/10\/MH-monument-historique.jpg\" \/>\n\t<meta property=\"og:image:width\" content=\"821\" \/>\n\t<meta property=\"og:image:height\" content=\"599\" \/>\n\t<meta property=\"og:image:type\" content=\"image\/jpeg\" \/>\n<meta name=\"author\" content=\"St\u00e9phane Miget\" \/>\n<meta name=\"twitter:card\" content=\"summary_large_image\" \/>\n<meta name=\"twitter:creator\" content=\"@bati_journal\" \/>\n<meta name=\"twitter:site\" content=\"@bati_journal\" \/>\n<meta name=\"twitter:label1\" content=\"\u00c9crit par\" \/>\n\t<meta name=\"twitter:data1\" content=\"St\u00e9phane Miget\" \/>\n\t<meta name=\"twitter:label2\" content=\"Dur\u00e9e de lecture estim\u00e9e\" \/>\n\t<meta name=\"twitter:data2\" content=\"1 minute\" \/>\n<script type=\"application\/ld+json\" class=\"yoast-schema-graph\">{\"@context\":\"https:\\\/\\\/schema.org\",\"@graph\":[{\"@type\":\"Article\",\"@id\":\"https:\\\/\\\/batijournal.com\\\/index.php\\\/concours-des-entrees-de-villes-lancement-de-la-14e-edition\\\/91286\\\/#article\",\"isPartOf\":{\"@id\":\"https:\\\/\\\/batijournal.com\\\/index.php\\\/concours-des-entrees-de-villes-lancement-de-la-14e-edition\\\/91286\\\/\"},\"author\":{\"name\":\"St\u00e9phane Miget\",\"@id\":\"https:\\\/\\\/batijournal.com\\\/#\\\/schema\\\/person\\\/1dc96ec6957aa1ccb25ebe78bb19f100\"},\"headline\":\"Concours des entr\u00e9es de villes : lancement de la 14e \u00e9dition\",\"datePublished\":\"2016-02-03T07:32:57+00:00\",\"dateModified\":\"2019-07-15T09:16:59+00:00\",\"mainEntityOfPage\":{\"@id\":\"https:\\\/\\\/batijournal.com\\\/index.php\\\/concours-des-entrees-de-villes-lancement-de-la-14e-edition\\\/91286\\\/\"},\"wordCount\":173,\"image\":{\"@id\":\"https:\\\/\\\/batijournal.com\\\/index.php\\\/concours-des-entrees-de-villes-lancement-de-la-14e-edition\\\/91286\\\/#primaryimage\"},\"thumbnailUrl\":\"https:\\\/\\\/batijournal.com\\\/wp-content\\\/uploads\\\/2015\\\/10\\\/MH-monument-historique.jpg\",\"keywords\":[\"patrimoine\",\"villes\"],\"articleSection\":[\"Architecture &amp; Conception\"],\"inLanguage\":\"fr-FR\"},{\"@type\":\"WebPage\",\"@id\":\"https:\\\/\\\/batijournal.com\\\/index.php\\\/concours-des-entrees-de-villes-lancement-de-la-14e-edition\\\/91286\\\/\",\"url\":\"https:\\\/\\\/batijournal.com\\\/index.php\\\/concours-des-entrees-de-villes-lancement-de-la-14e-edition\\\/91286\\\/\",\"name\":\"Concours des entr\u00e9es de villes : lancement de la 14e \u00e9dition\",\"isPartOf\":{\"@id\":\"https:\\\/\\\/batijournal.com\\\/#website\"},\"primaryImageOfPage\":{\"@id\":\"https:\\\/\\\/batijournal.com\\\/index.php\\\/concours-des-entrees-de-villes-lancement-de-la-14e-edition\\\/91286\\\/#primaryimage\"},\"image\":{\"@id\":\"https:\\\/\\\/batijournal.com\\\/index.php\\\/concours-des-entrees-de-villes-lancement-de-la-14e-edition\\\/91286\\\/#primaryimage\"},\"thumbnailUrl\":\"https:\\\/\\\/batijournal.com\\\/wp-content\\\/uploads\\\/2015\\\/10\\\/MH-monument-historique.jpg\",\"datePublished\":\"2016-02-03T07:32:57+00:00\",\"dateModified\":\"2019-07-15T09:16:59+00:00\",\"author\":{\"@id\":\"https:\\\/\\\/batijournal.com\\\/#\\\/schema\\\/person\\\/1dc96ec6957aa1ccb25ebe78bb19f100\"},\"breadcrumb\":{\"@id\":\"https:\\\/\\\/batijournal.com\\\/index.php\\\/concours-des-entrees-de-villes-lancement-de-la-14e-edition\\\/91286\\\/#breadcrumb\"},\"inLanguage\":\"fr-FR\",\"potentialAction\":[{\"@type\":\"ReadAction\",\"target\":[\"https:\\\/\\\/batijournal.com\\\/index.php\\\/concours-des-entrees-de-villes-lancement-de-la-14e-edition\\\/91286\\\/\"]}]},{\"@type\":\"ImageObject\",\"inLanguage\":\"fr-FR\",\"@id\":\"https:\\\/\\\/batijournal.com\\\/index.php\\\/concours-des-entrees-de-villes-lancement-de-la-14e-edition\\\/91286\\\/#primaryimage\",\"url\":\"https:\\\/\\\/batijournal.com\\\/wp-content\\\/uploads\\\/2015\\\/10\\\/MH-monument-historique.jpg\",\"contentUrl\":\"https:\\\/\\\/batijournal.com\\\/wp-content\\\/uploads\\\/2015\\\/10\\\/MH-monument-historique.jpg\",\"width\":821,\"height\":599},{\"@type\":\"BreadcrumbList\",\"@id\":\"https:\\\/\\\/batijournal.com\\\/index.php\\\/concours-des-entrees-de-villes-lancement-de-la-14e-edition\\\/91286\\\/#breadcrumb\",\"itemListElement\":[{\"@type\":\"ListItem\",\"position\":1,\"name\":\"Accueil\",\"item\":\"https:\\\/\\\/batijournal.com\\\/\"},{\"@type\":\"ListItem\",\"position\":2,\"name\":\"Actualit\u00e9s\",\"item\":\"https:\\\/\\\/batijournal.com\\\/index.php\\\/category\\\/actualites\\\/\"},{\"@type\":\"ListItem\",\"position\":3,\"name\":\"Architecture &amp; Conception\",\"item\":\"https:\\\/\\\/batijournal.com\\\/index.php\\\/category\\\/actualites\\\/architecture-conception\\\/\"},{\"@type\":\"ListItem\",\"position\":4,\"name\":\"Concours des entr\u00e9es de villes : lancement de la 14e \u00e9dition\"}]},{\"@type\":\"WebSite\",\"@id\":\"https:\\\/\\\/batijournal.com\\\/#website\",\"url\":\"https:\\\/\\\/batijournal.com\\\/\",\"name\":\"Batijournal\",\"description\":\"L&#039;actualit\u00e9 du b\u00e2timent\",\"potentialAction\":[{\"@type\":\"SearchAction\",\"target\":{\"@type\":\"EntryPoint\",\"urlTemplate\":\"https:\\\/\\\/batijournal.com\\\/?s={search_term_string}\"},\"query-input\":{\"@type\":\"PropertyValueSpecification\",\"valueRequired\":true,\"valueName\":\"search_term_string\"}}],\"inLanguage\":\"fr-FR\"},{\"@type\":\"Person\",\"@id\":\"https:\\\/\\\/batijournal.com\\\/#\\\/schema\\\/person\\\/1dc96ec6957aa1ccb25ebe78bb19f100\",\"name\":\"St\u00e9phane Miget\",\"image\":{\"@type\":\"ImageObject\",\"inLanguage\":\"fr-FR\",\"@id\":\"https:\\\/\\\/secure.gravatar.com\\\/avatar\\\/89915563d925342126b8ef0281b93d9d7fc337043e8df017f780908eb9644451?s=96&d=mm&r=g\",\"url\":\"https:\\\/\\\/secure.gravatar.com\\\/avatar\\\/89915563d925342126b8ef0281b93d9d7fc337043e8df017f780908eb9644451?s=96&d=mm&r=g\",\"contentUrl\":\"https:\\\/\\\/secure.gravatar.com\\\/avatar\\\/89915563d925342126b8ef0281b93d9d7fc337043e8df017f780908eb9644451?s=96&d=mm&r=g\",\"caption\":\"St\u00e9phane Miget\"},\"url\":\"https:\\\/\\\/batijournal.com\\\/index.php\\\/author\\\/stephane\\\/\"}]}<\/script>\n<!-- \/ Yoast SEO plugin. -->","yoast_head_json":{"title":"Concours des entr\u00e9es de villes : lancement de la 14e \u00e9dition","robots":{"index":"index","follow":"follow","max-snippet":"max-snippet:-1","max-image-preview":"max-image-preview:large","max-video-preview":"max-video-preview:-1"},"canonical":"https:\/\/batijournal.com\/index.php\/concours-des-entrees-de-villes-lancement-de-la-14e-edition\/91286\/","og_locale":"fr_FR","og_type":"article","og_title":"Concours des entr\u00e9es de villes : lancement de la 14e \u00e9dition","og_description":"Le 15 f\u00e9vrier prochain, l\u2019Association nationale des Villes et Pays d\u2019art et d\u2019histoire &amp; des Villes \u00e0 secteurs sauvegard\u00e9s et prot\u00e9g\u00e9s et la F\u00e9d\u00e9ration Patrimoine Environnement lancent la 14\u00e8me \u00e9dition du Concours National des Entr\u00e9es de Villes &amp; reconqu\u00eate des franges urbaines, avec le soutien du minist\u00e8re de l\u2019\u00c9cologie, du D\u00e9veloppement Durable et de l\u2019\u00c9nergie [&hellip;]","og_url":"https:\/\/batijournal.com\/index.php\/concours-des-entrees-de-villes-lancement-de-la-14e-edition\/91286\/","og_site_name":"Batijournal","article_published_time":"2016-02-03T07:32:57+00:00","article_modified_time":"2019-07-15T09:16:59+00:00","og_image":[{"width":821,"height":599,"url":"https:\/\/batijournal.com\/wp-content\/uploads\/2015\/10\/MH-monument-historique.jpg","type":"image\/jpeg"}],"author":"St\u00e9phane Miget","twitter_card":"summary_large_image","twitter_creator":"@bati_journal","twitter_site":"@bati_journal","twitter_misc":{"\u00c9crit par":"St\u00e9phane Miget","Dur\u00e9e de lecture estim\u00e9e":"1 minute"},"schema":{"@context":"https:\/\/schema.org","@graph":[{"@type":"Article","@id":"https:\/\/batijournal.com\/index.php\/concours-des-entrees-de-villes-lancement-de-la-14e-edition\/91286\/#article","isPartOf":{"@id":"https:\/\/batijournal.com\/index.php\/concours-des-entrees-de-villes-lancement-de-la-14e-edition\/91286\/"},"author":{"name":"St\u00e9phane Miget","@id":"https:\/\/batijournal.com\/#\/schema\/person\/1dc96ec6957aa1ccb25ebe78bb19f100"},"headline":"Concours des entr\u00e9es de villes : lancement de la 14e \u00e9dition","datePublished":"2016-02-03T07:32:57+00:00","dateModified":"2019-07-15T09:16:59+00:00","mainEntityOfPage":{"@id":"https:\/\/batijournal.com\/index.php\/concours-des-entrees-de-villes-lancement-de-la-14e-edition\/91286\/"},"wordCount":173,"image":{"@id":"https:\/\/batijournal.com\/index.php\/concours-des-entrees-de-villes-lancement-de-la-14e-edition\/91286\/#primaryimage"},"thumbnailUrl":"https:\/\/batijournal.com\/wp-content\/uploads\/2015\/10\/MH-monument-historique.jpg","keywords":["patrimoine","villes"],"articleSection":["Architecture &amp; Conception"],"inLanguage":"fr-FR"},{"@type":"WebPage","@id":"https:\/\/batijournal.com\/index.php\/concours-des-entrees-de-villes-lancement-de-la-14e-edition\/91286\/","url":"https:\/\/batijournal.com\/index.php\/concours-des-entrees-de-villes-lancement-de-la-14e-edition\/91286\/","name":"Concours des entr\u00e9es de villes : lancement de la 14e \u00e9dition","isPartOf":{"@id":"https:\/\/batijournal.com\/#website"},"primaryImageOfPage":{"@id":"https:\/\/batijournal.com\/index.php\/concours-des-entrees-de-villes-lancement-de-la-14e-edition\/91286\/#primaryimage"},"image":{"@id":"https:\/\/batijournal.com\/index.php\/concours-des-entrees-de-villes-lancement-de-la-14e-edition\/91286\/#primaryimage"},"thumbnailUrl":"https:\/\/batijournal.com\/wp-content\/uploads\/2015\/10\/MH-monument-historique.jpg","datePublished":"2016-02-03T07:32:57+00:00","dateModified":"2019-07-15T09:16:59+00:00","author":{"@id":"https:\/\/batijournal.com\/#\/schema\/person\/1dc96ec6957aa1ccb25ebe78bb19f100"},"breadcrumb":{"@id":"https:\/\/batijournal.com\/index.php\/concours-des-entrees-de-villes-lancement-de-la-14e-edition\/91286\/#breadcrumb"},"inLanguage":"fr-FR","potentialAction":[{"@type":"ReadAction","target":["https:\/\/batijournal.com\/index.php\/concours-des-entrees-de-villes-lancement-de-la-14e-edition\/91286\/"]}]},{"@type":"ImageObject","inLanguage":"fr-FR","@id":"https:\/\/batijournal.com\/index.php\/concours-des-entrees-de-villes-lancement-de-la-14e-edition\/91286\/#primaryimage","url":"https:\/\/batijournal.com\/wp-content\/uploads\/2015\/10\/MH-monument-historique.jpg","contentUrl":"https:\/\/batijournal.com\/wp-content\/uploads\/2015\/10\/MH-monument-historique.jpg","width":821,"height":599},{"@type":"BreadcrumbList","@id":"https:\/\/batijournal.com\/index.php\/concours-des-entrees-de-villes-lancement-de-la-14e-edition\/91286\/#breadcrumb","itemListElement":[{"@type":"ListItem","position":1,"name":"Accueil","item":"https:\/\/batijournal.com\/"},{"@type":"ListItem","position":2,"name":"Actualit\u00e9s","item":"https:\/\/batijournal.com\/index.php\/category\/actualites\/"},{"@type":"ListItem","position":3,"name":"Architecture &amp; Conception","item":"https:\/\/batijournal.com\/index.php\/category\/actualites\/architecture-conception\/"},{"@type":"ListItem","position":4,"name":"Concours des entr\u00e9es de villes : lancement de la 14e \u00e9dition"}]},{"@type":"WebSite","@id":"https:\/\/batijournal.com\/#website","url":"https:\/\/batijournal.com\/","name":"Batijournal","description":"L&#039;actualit\u00e9 du b\u00e2timent","potentialAction":[{"@type":"SearchAction","target":{"@type":"EntryPoint","urlTemplate":"https:\/\/batijournal.com\/?s={search_term_string}"},"query-input":{"@type":"PropertyValueSpecification","valueRequired":true,"valueName":"search_term_string"}}],"inLanguage":"fr-FR"},{"@type":"Person","@id":"https:\/\/batijournal.com\/#\/schema\/person\/1dc96ec6957aa1ccb25ebe78bb19f100","name":"St\u00e9phane Miget","image":{"@type":"ImageObject","inLanguage":"fr-FR","@id":"https:\/\/secure.gravatar.com\/avatar\/89915563d925342126b8ef0281b93d9d7fc337043e8df017f780908eb9644451?s=96&d=mm&r=g","url":"https:\/\/secure.gravatar.com\/avatar\/89915563d925342126b8ef0281b93d9d7fc337043e8df017f780908eb9644451?s=96&d=mm&r=g","contentUrl":"https:\/\/secure.gravatar.com\/avatar\/89915563d925342126b8ef0281b93d9d7fc337043e8df017f780908eb9644451?s=96&d=mm&r=g","caption":"St\u00e9phane Miget"},"url":"https:\/\/batijournal.com\/index.php\/author\/stephane\/"}]}},"_links":{"self":[{"href":"https:\/\/batijournal.com\/index.php\/wp-json\/wp\/v2\/posts\/91286","targetHints":{"allow":["GET"]}}],"collection":[{"href":"https:\/\/batijournal.com\/index.php\/wp-json\/wp\/v2\/posts"}],"about":[{"href":"https:\/\/batijournal.com\/index.php\/wp-json\/wp\/v2\/types\/post"}],"author":[{"embeddable":true,"href":"https:\/\/batijournal.com\/index.php\/wp-json\/wp\/v2\/users\/17"}],"replies":[{"embeddable":true,"href":"https:\/\/batijournal.com\/index.php\/wp-json\/wp\/v2\/comments?post=91286"}],"version-history":[{"count":0,"href":"https:\/\/batijournal.com\/index.php\/wp-json\/wp\/v2\/posts\/91286\/revisions"}],"wp:featuredmedia":[{"embeddable":true,"href":"https:\/\/batijournal.com\/index.php\/wp-json\/wp\/v2\/media\/89741"}],"wp:attachment":[{"href":"https:\/\/batijournal.com\/index.php\/wp-json\/wp\/v2\/media?parent=91286"}],"wp:term":[{"taxonomy":"category","embeddable":true,"href":"https:\/\/batijournal.com\/index.php\/wp-json\/wp\/v2\/categories?post=91286"},{"taxonomy":"post_tag","embeddable":true,"href":"https:\/\/batijournal.com\/index.php\/wp-json\/wp\/v2\/tags?post=91286"}],"curies":[{"name":"wp","href":"https:\/\/api.w.org\/{rel}","templated":true}]}}