{"id":91341,"date":"2016-02-06T07:32:28","date_gmt":"2016-02-06T06:32:28","guid":{"rendered":"http:\/\/batijournal.com\/?p=91341"},"modified":"2019-07-15T12:08:53","modified_gmt":"2019-07-15T10:08:53","slug":"choc-de-simplification-saison-3-episode-2-immeubles-de-moyenne-hauteur-et-logements-sans-evier","status":"publish","type":"post","link":"https:\/\/batijournal.com\/index.php\/choc-de-simplification-saison-3-episode-2-immeubles-de-moyenne-hauteur-et-logements-sans-evier\/91341\/","title":{"rendered":"Choc de simplification saison 3, \u00e9pisode 2 : immeubles de moyenne hauteur et logements sans \u00e9vier"},"content":{"rendered":"<p><strong>Apr\u00e8s deux vagues de 40 mesures, le Choc de simplification lanc\u00e9 par le Pr\u00e9sident de la R\u00e9publique, se poursuit avec 80 nouvelles mesures lanc\u00e9es en ce d\u00e9but 2016. Elles concernent tous les domaines de la vie publique, les particuliers aussi bien que les entreprises. Parmi elle, des mesures pour simplifier la construction. Voici l&rsquo;\u00e9pisode deux de cette troisi\u00e8me saison.<\/strong><\/p>\n<h2>Favoriser la construction des immeubles de moyenne hauteur<\/h2>\n<div class=\"page\" title=\"Page 35\">\n<div class=\"section\">\n<div class=\"layoutArea\">\n<div class=\"column\">\n<p>La r\u00e9glementation applicable aux immeubles de bureau de moyenne hauteur (inf\u00e9rieure \u00e0 50 m\u00e8tres) surench\u00e9rit fortement leur co\u00fbt d\u2019exploitation (jusqu\u2019\u00e0 +150%), en raison de la pr\u00e9sence obligatoire de personnels de s\u00e9curit\u00e9 incendie 24h sur 24 et 7 jours sur 7. Cette r\u00e9glementation sp\u00e9cifique va \u00eatre\u00a0adapt\u00e9e pour diminuer le co\u00fbt d\u2019exploitation de ces immeubles tout en garantissant un niveau de s\u00e9curit\u00e9 et de pr\u00e9vention \u00e9quivalent. Concr\u00e8tement, le nombre d\u2019agents sera r\u00e9duit en fonction des p\u00e9riodes d\u2019occupation et une plus grande polyvalence sera recherch\u00e9e afin de mutualiser les comp\u00e9tences.<\/p>\n<\/div>\n<\/div>\n<\/div>\n<\/div>\n<p>A terme, une \u00e9conomie de 50% du co\u00fbt moyen de personnel est attendue pour un immeuble de grande hauteur (\u00e0 usage de bureaux) de type W1 de 10 000 m2 et par la suite, une dynamisation de la construction des immeubles de moyenne hauteur. Cette mesure est \u00e0 \u00e9ch\u00e9ance de juin 2016.<\/p>\n<p>&nbsp;<\/p>\n<h2>Permettre aux promoteurs immobiliers, lorsque les acqu\u00e9reurs le souhaitent, de livrer des logements sans \u00e9vier<\/h2>\n<p>Le code de la construction et de l\u2019habitation dispose que <em>\u00ab tout logement doit [&#8230;] comporter un \u00e9vier muni d&rsquo;un \u00e9coulement d&rsquo;eau \u00bb.<\/em> Le code de la construction et de l\u2019habitation va \u00eatre\u00a0modifi\u00e9 pour laisser le choix \u00e0 l\u2019acqu\u00e9reur d\u2019un logement de faire installer un \u00e9vier, sur le mod\u00e8le de ce qui existe d\u00e9j\u00e0 dans le contrat de construction de maisons individuelles (CCMI) : le promoteur s&rsquo;engagera \u00e0 installer un \u00e9vier selon des co\u00fbts et des caract\u00e9ristiques pr\u00e9alablement fix\u00e9s, sauf si l\u2019acqu\u00e9reur s\u2019y oppose dans un d\u00e9lai encadr\u00e9. Cette mesure est pr\u00e9vue pour\u00a0mars 2016.<\/p>\n","protected":false},"excerpt":{"rendered":"<p>Apr\u00e8s deux vagues de 40 mesures, le Choc de simplification lanc\u00e9 par le Pr\u00e9sident de la R\u00e9publique, se poursuit avec 80 nouvelles mesures lanc\u00e9es en ce d\u00e9but 2016. Elles concernent tous les domaines de la vie publique, les particuliers aussi bien que les entreprises. Parmi elle, des mesures pour simplifier la construction. Voici l&rsquo;\u00e9pisode deux [&hellip;]<\/p>\n","protected":false},"author":17,"featured_media":87954,"comment_status":"closed","ping_status":"closed","sticky":false,"template":"","format":"standard","meta":{"_et_pb_use_builder":"","_et_pb_old_content":"","_et_gb_content_width":"","footnotes":""},"categories":[6345],"tags":[53,10662,7414],"class_list":["post-91341","post","type-post","status-publish","format-standard","has-post-thumbnail","hentry","category-economie-marches","tag-construction","tag-mesures-de-simplification","tag-simplification"],"yoast_head":"<!-- This site is optimized with the Yoast SEO plugin v27.4 - https:\/\/yoast.com\/product\/yoast-seo-wordpress\/ -->\n<title>Choc de simplification saison 3, \u00e9pisode 2 : immeubles de moyenne hauteur et logements sans \u00e9vier<\/title>\n<meta name=\"robots\" content=\"index, follow, max-snippet:-1, max-image-preview:large, max-video-preview:-1\" \/>\n<link rel=\"canonical\" href=\"https:\/\/batijournal.com\/index.php\/choc-de-simplification-saison-3-episode-2-immeubles-de-moyenne-hauteur-et-logements-sans-evier\/91341\/\" \/>\n<meta property=\"og:locale\" content=\"fr_FR\" \/>\n<meta property=\"og:type\" content=\"article\" \/>\n<meta property=\"og:title\" content=\"Choc de simplification saison 3, \u00e9pisode 2 : immeubles de moyenne hauteur et logements sans \u00e9vier\" \/>\n<meta property=\"og:description\" content=\"Apr\u00e8s deux vagues de 40 mesures, le Choc de simplification lanc\u00e9 par le Pr\u00e9sident de la R\u00e9publique, se poursuit avec 80 nouvelles mesures lanc\u00e9es en ce d\u00e9but 2016. Elles concernent tous les domaines de la vie publique, les particuliers aussi bien que les entreprises. Parmi elle, des mesures pour simplifier la construction. Voici l&rsquo;\u00e9pisode deux [&hellip;]\" \/>\n<meta property=\"og:url\" content=\"https:\/\/batijournal.com\/index.php\/choc-de-simplification-saison-3-episode-2-immeubles-de-moyenne-hauteur-et-logements-sans-evier\/91341\/\" \/>\n<meta property=\"og:site_name\" content=\"Batijournal\" \/>\n<meta property=\"article:published_time\" content=\"2016-02-06T06:32:28+00:00\" \/>\n<meta property=\"article:modified_time\" content=\"2019-07-15T10:08:53+00:00\" \/>\n<meta property=\"og:image\" content=\"https:\/\/batijournal.com\/wp-content\/uploads\/2015\/06\/mouvement-hlm.jpg\" \/>\n\t<meta property=\"og:image:width\" content=\"1000\" \/>\n\t<meta property=\"og:image:height\" content=\"593\" \/>\n\t<meta property=\"og:image:type\" content=\"image\/jpeg\" \/>\n<meta name=\"author\" content=\"St\u00e9phane Miget\" \/>\n<meta name=\"twitter:card\" content=\"summary_large_image\" \/>\n<meta name=\"twitter:creator\" content=\"@bati_journal\" \/>\n<meta name=\"twitter:site\" content=\"@bati_journal\" \/>\n<meta name=\"twitter:label1\" content=\"\u00c9crit par\" \/>\n\t<meta name=\"twitter:data1\" content=\"St\u00e9phane Miget\" \/>\n\t<meta name=\"twitter:label2\" content=\"Dur\u00e9e de lecture estim\u00e9e\" \/>\n\t<meta name=\"twitter:data2\" content=\"2 minutes\" \/>\n<script type=\"application\/ld+json\" class=\"yoast-schema-graph\">{\"@context\":\"https:\\\/\\\/schema.org\",\"@graph\":[{\"@type\":\"Article\",\"@id\":\"https:\\\/\\\/batijournal.com\\\/index.php\\\/choc-de-simplification-saison-3-episode-2-immeubles-de-moyenne-hauteur-et-logements-sans-evier\\\/91341\\\/#article\",\"isPartOf\":{\"@id\":\"https:\\\/\\\/batijournal.com\\\/index.php\\\/choc-de-simplification-saison-3-episode-2-immeubles-de-moyenne-hauteur-et-logements-sans-evier\\\/91341\\\/\"},\"author\":{\"name\":\"St\u00e9phane Miget\",\"@id\":\"https:\\\/\\\/batijournal.com\\\/#\\\/schema\\\/person\\\/1dc96ec6957aa1ccb25ebe78bb19f100\"},\"headline\":\"Choc de simplification saison 3, \u00e9pisode 2 : immeubles de moyenne hauteur et logements sans \u00e9vier\",\"datePublished\":\"2016-02-06T06:32:28+00:00\",\"dateModified\":\"2019-07-15T10:08:53+00:00\",\"mainEntityOfPage\":{\"@id\":\"https:\\\/\\\/batijournal.com\\\/index.php\\\/choc-de-simplification-saison-3-episode-2-immeubles-de-moyenne-hauteur-et-logements-sans-evier\\\/91341\\\/\"},\"wordCount\":361,\"image\":{\"@id\":\"https:\\\/\\\/batijournal.com\\\/index.php\\\/choc-de-simplification-saison-3-episode-2-immeubles-de-moyenne-hauteur-et-logements-sans-evier\\\/91341\\\/#primaryimage\"},\"thumbnailUrl\":\"https:\\\/\\\/batijournal.com\\\/wp-content\\\/uploads\\\/2015\\\/06\\\/mouvement-hlm.jpg\",\"keywords\":[\"construction\",\"mesures de simplification\",\"simplification\"],\"articleSection\":[\"\u00c9conomie &amp; March\u00e9s\"],\"inLanguage\":\"fr-FR\"},{\"@type\":\"WebPage\",\"@id\":\"https:\\\/\\\/batijournal.com\\\/index.php\\\/choc-de-simplification-saison-3-episode-2-immeubles-de-moyenne-hauteur-et-logements-sans-evier\\\/91341\\\/\",\"url\":\"https:\\\/\\\/batijournal.com\\\/index.php\\\/choc-de-simplification-saison-3-episode-2-immeubles-de-moyenne-hauteur-et-logements-sans-evier\\\/91341\\\/\",\"name\":\"Choc de simplification saison 3, \u00e9pisode 2 : immeubles de moyenne hauteur et logements sans \u00e9vier\",\"isPartOf\":{\"@id\":\"https:\\\/\\\/batijournal.com\\\/#website\"},\"primaryImageOfPage\":{\"@id\":\"https:\\\/\\\/batijournal.com\\\/index.php\\\/choc-de-simplification-saison-3-episode-2-immeubles-de-moyenne-hauteur-et-logements-sans-evier\\\/91341\\\/#primaryimage\"},\"image\":{\"@id\":\"https:\\\/\\\/batijournal.com\\\/index.php\\\/choc-de-simplification-saison-3-episode-2-immeubles-de-moyenne-hauteur-et-logements-sans-evier\\\/91341\\\/#primaryimage\"},\"thumbnailUrl\":\"https:\\\/\\\/batijournal.com\\\/wp-content\\\/uploads\\\/2015\\\/06\\\/mouvement-hlm.jpg\",\"datePublished\":\"2016-02-06T06:32:28+00:00\",\"dateModified\":\"2019-07-15T10:08:53+00:00\",\"author\":{\"@id\":\"https:\\\/\\\/batijournal.com\\\/#\\\/schema\\\/person\\\/1dc96ec6957aa1ccb25ebe78bb19f100\"},\"breadcrumb\":{\"@id\":\"https:\\\/\\\/batijournal.com\\\/index.php\\\/choc-de-simplification-saison-3-episode-2-immeubles-de-moyenne-hauteur-et-logements-sans-evier\\\/91341\\\/#breadcrumb\"},\"inLanguage\":\"fr-FR\",\"potentialAction\":[{\"@type\":\"ReadAction\",\"target\":[\"https:\\\/\\\/batijournal.com\\\/index.php\\\/choc-de-simplification-saison-3-episode-2-immeubles-de-moyenne-hauteur-et-logements-sans-evier\\\/91341\\\/\"]}]},{\"@type\":\"ImageObject\",\"inLanguage\":\"fr-FR\",\"@id\":\"https:\\\/\\\/batijournal.com\\\/index.php\\\/choc-de-simplification-saison-3-episode-2-immeubles-de-moyenne-hauteur-et-logements-sans-evier\\\/91341\\\/#primaryimage\",\"url\":\"https:\\\/\\\/batijournal.com\\\/wp-content\\\/uploads\\\/2015\\\/06\\\/mouvement-hlm.jpg\",\"contentUrl\":\"https:\\\/\\\/batijournal.com\\\/wp-content\\\/uploads\\\/2015\\\/06\\\/mouvement-hlm.jpg\",\"width\":1000,\"height\":593,\"caption\":\"Offices Publics de l Habitat\"},{\"@type\":\"BreadcrumbList\",\"@id\":\"https:\\\/\\\/batijournal.com\\\/index.php\\\/choc-de-simplification-saison-3-episode-2-immeubles-de-moyenne-hauteur-et-logements-sans-evier\\\/91341\\\/#breadcrumb\",\"itemListElement\":[{\"@type\":\"ListItem\",\"position\":1,\"name\":\"Accueil\",\"item\":\"https:\\\/\\\/batijournal.com\\\/\"},{\"@type\":\"ListItem\",\"position\":2,\"name\":\"Actualit\u00e9s\",\"item\":\"https:\\\/\\\/batijournal.com\\\/index.php\\\/category\\\/actualites\\\/\"},{\"@type\":\"ListItem\",\"position\":3,\"name\":\"\u00c9conomie &amp; March\u00e9s\",\"item\":\"https:\\\/\\\/batijournal.com\\\/index.php\\\/category\\\/actualites\\\/economie-marches\\\/\"},{\"@type\":\"ListItem\",\"position\":4,\"name\":\"Choc de simplification saison 3, \u00e9pisode 2 : immeubles de moyenne hauteur et logements sans \u00e9vier\"}]},{\"@type\":\"WebSite\",\"@id\":\"https:\\\/\\\/batijournal.com\\\/#website\",\"url\":\"https:\\\/\\\/batijournal.com\\\/\",\"name\":\"Batijournal\",\"description\":\"L&#039;actualit\u00e9 du b\u00e2timent\",\"potentialAction\":[{\"@type\":\"SearchAction\",\"target\":{\"@type\":\"EntryPoint\",\"urlTemplate\":\"https:\\\/\\\/batijournal.com\\\/?s={search_term_string}\"},\"query-input\":{\"@type\":\"PropertyValueSpecification\",\"valueRequired\":true,\"valueName\":\"search_term_string\"}}],\"inLanguage\":\"fr-FR\"},{\"@type\":\"Person\",\"@id\":\"https:\\\/\\\/batijournal.com\\\/#\\\/schema\\\/person\\\/1dc96ec6957aa1ccb25ebe78bb19f100\",\"name\":\"St\u00e9phane Miget\",\"image\":{\"@type\":\"ImageObject\",\"inLanguage\":\"fr-FR\",\"@id\":\"https:\\\/\\\/secure.gravatar.com\\\/avatar\\\/89915563d925342126b8ef0281b93d9d7fc337043e8df017f780908eb9644451?s=96&d=mm&r=g\",\"url\":\"https:\\\/\\\/secure.gravatar.com\\\/avatar\\\/89915563d925342126b8ef0281b93d9d7fc337043e8df017f780908eb9644451?s=96&d=mm&r=g\",\"contentUrl\":\"https:\\\/\\\/secure.gravatar.com\\\/avatar\\\/89915563d925342126b8ef0281b93d9d7fc337043e8df017f780908eb9644451?s=96&d=mm&r=g\",\"caption\":\"St\u00e9phane Miget\"},\"url\":\"https:\\\/\\\/batijournal.com\\\/index.php\\\/author\\\/stephane\\\/\"}]}<\/script>\n<!-- \/ Yoast SEO plugin. -->","yoast_head_json":{"title":"Choc de simplification saison 3, \u00e9pisode 2 : immeubles de moyenne hauteur et logements sans \u00e9vier","robots":{"index":"index","follow":"follow","max-snippet":"max-snippet:-1","max-image-preview":"max-image-preview:large","max-video-preview":"max-video-preview:-1"},"canonical":"https:\/\/batijournal.com\/index.php\/choc-de-simplification-saison-3-episode-2-immeubles-de-moyenne-hauteur-et-logements-sans-evier\/91341\/","og_locale":"fr_FR","og_type":"article","og_title":"Choc de simplification saison 3, \u00e9pisode 2 : immeubles de moyenne hauteur et logements sans \u00e9vier","og_description":"Apr\u00e8s deux vagues de 40 mesures, le Choc de simplification lanc\u00e9 par le Pr\u00e9sident de la R\u00e9publique, se poursuit avec 80 nouvelles mesures lanc\u00e9es en ce d\u00e9but 2016. Elles concernent tous les domaines de la vie publique, les particuliers aussi bien que les entreprises. Parmi elle, des mesures pour simplifier la construction. Voici l&rsquo;\u00e9pisode deux [&hellip;]","og_url":"https:\/\/batijournal.com\/index.php\/choc-de-simplification-saison-3-episode-2-immeubles-de-moyenne-hauteur-et-logements-sans-evier\/91341\/","og_site_name":"Batijournal","article_published_time":"2016-02-06T06:32:28+00:00","article_modified_time":"2019-07-15T10:08:53+00:00","og_image":[{"width":1000,"height":593,"url":"https:\/\/batijournal.com\/wp-content\/uploads\/2015\/06\/mouvement-hlm.jpg","type":"image\/jpeg"}],"author":"St\u00e9phane Miget","twitter_card":"summary_large_image","twitter_creator":"@bati_journal","twitter_site":"@bati_journal","twitter_misc":{"\u00c9crit par":"St\u00e9phane Miget","Dur\u00e9e de lecture estim\u00e9e":"2 minutes"},"schema":{"@context":"https:\/\/schema.org","@graph":[{"@type":"Article","@id":"https:\/\/batijournal.com\/index.php\/choc-de-simplification-saison-3-episode-2-immeubles-de-moyenne-hauteur-et-logements-sans-evier\/91341\/#article","isPartOf":{"@id":"https:\/\/batijournal.com\/index.php\/choc-de-simplification-saison-3-episode-2-immeubles-de-moyenne-hauteur-et-logements-sans-evier\/91341\/"},"author":{"name":"St\u00e9phane Miget","@id":"https:\/\/batijournal.com\/#\/schema\/person\/1dc96ec6957aa1ccb25ebe78bb19f100"},"headline":"Choc de simplification saison 3, \u00e9pisode 2 : immeubles de moyenne hauteur et logements sans \u00e9vier","datePublished":"2016-02-06T06:32:28+00:00","dateModified":"2019-07-15T10:08:53+00:00","mainEntityOfPage":{"@id":"https:\/\/batijournal.com\/index.php\/choc-de-simplification-saison-3-episode-2-immeubles-de-moyenne-hauteur-et-logements-sans-evier\/91341\/"},"wordCount":361,"image":{"@id":"https:\/\/batijournal.com\/index.php\/choc-de-simplification-saison-3-episode-2-immeubles-de-moyenne-hauteur-et-logements-sans-evier\/91341\/#primaryimage"},"thumbnailUrl":"https:\/\/batijournal.com\/wp-content\/uploads\/2015\/06\/mouvement-hlm.jpg","keywords":["construction","mesures de simplification","simplification"],"articleSection":["\u00c9conomie &amp; March\u00e9s"],"inLanguage":"fr-FR"},{"@type":"WebPage","@id":"https:\/\/batijournal.com\/index.php\/choc-de-simplification-saison-3-episode-2-immeubles-de-moyenne-hauteur-et-logements-sans-evier\/91341\/","url":"https:\/\/batijournal.com\/index.php\/choc-de-simplification-saison-3-episode-2-immeubles-de-moyenne-hauteur-et-logements-sans-evier\/91341\/","name":"Choc de simplification saison 3, \u00e9pisode 2 : immeubles de moyenne hauteur et logements sans \u00e9vier","isPartOf":{"@id":"https:\/\/batijournal.com\/#website"},"primaryImageOfPage":{"@id":"https:\/\/batijournal.com\/index.php\/choc-de-simplification-saison-3-episode-2-immeubles-de-moyenne-hauteur-et-logements-sans-evier\/91341\/#primaryimage"},"image":{"@id":"https:\/\/batijournal.com\/index.php\/choc-de-simplification-saison-3-episode-2-immeubles-de-moyenne-hauteur-et-logements-sans-evier\/91341\/#primaryimage"},"thumbnailUrl":"https:\/\/batijournal.com\/wp-content\/uploads\/2015\/06\/mouvement-hlm.jpg","datePublished":"2016-02-06T06:32:28+00:00","dateModified":"2019-07-15T10:08:53+00:00","author":{"@id":"https:\/\/batijournal.com\/#\/schema\/person\/1dc96ec6957aa1ccb25ebe78bb19f100"},"breadcrumb":{"@id":"https:\/\/batijournal.com\/index.php\/choc-de-simplification-saison-3-episode-2-immeubles-de-moyenne-hauteur-et-logements-sans-evier\/91341\/#breadcrumb"},"inLanguage":"fr-FR","potentialAction":[{"@type":"ReadAction","target":["https:\/\/batijournal.com\/index.php\/choc-de-simplification-saison-3-episode-2-immeubles-de-moyenne-hauteur-et-logements-sans-evier\/91341\/"]}]},{"@type":"ImageObject","inLanguage":"fr-FR","@id":"https:\/\/batijournal.com\/index.php\/choc-de-simplification-saison-3-episode-2-immeubles-de-moyenne-hauteur-et-logements-sans-evier\/91341\/#primaryimage","url":"https:\/\/batijournal.com\/wp-content\/uploads\/2015\/06\/mouvement-hlm.jpg","contentUrl":"https:\/\/batijournal.com\/wp-content\/uploads\/2015\/06\/mouvement-hlm.jpg","width":1000,"height":593,"caption":"Offices Publics de l Habitat"},{"@type":"BreadcrumbList","@id":"https:\/\/batijournal.com\/index.php\/choc-de-simplification-saison-3-episode-2-immeubles-de-moyenne-hauteur-et-logements-sans-evier\/91341\/#breadcrumb","itemListElement":[{"@type":"ListItem","position":1,"name":"Accueil","item":"https:\/\/batijournal.com\/"},{"@type":"ListItem","position":2,"name":"Actualit\u00e9s","item":"https:\/\/batijournal.com\/index.php\/category\/actualites\/"},{"@type":"ListItem","position":3,"name":"\u00c9conomie &amp; March\u00e9s","item":"https:\/\/batijournal.com\/index.php\/category\/actualites\/economie-marches\/"},{"@type":"ListItem","position":4,"name":"Choc de simplification saison 3, \u00e9pisode 2 : immeubles de moyenne hauteur et logements sans \u00e9vier"}]},{"@type":"WebSite","@id":"https:\/\/batijournal.com\/#website","url":"https:\/\/batijournal.com\/","name":"Batijournal","description":"L&#039;actualit\u00e9 du b\u00e2timent","potentialAction":[{"@type":"SearchAction","target":{"@type":"EntryPoint","urlTemplate":"https:\/\/batijournal.com\/?s={search_term_string}"},"query-input":{"@type":"PropertyValueSpecification","valueRequired":true,"valueName":"search_term_string"}}],"inLanguage":"fr-FR"},{"@type":"Person","@id":"https:\/\/batijournal.com\/#\/schema\/person\/1dc96ec6957aa1ccb25ebe78bb19f100","name":"St\u00e9phane Miget","image":{"@type":"ImageObject","inLanguage":"fr-FR","@id":"https:\/\/secure.gravatar.com\/avatar\/89915563d925342126b8ef0281b93d9d7fc337043e8df017f780908eb9644451?s=96&d=mm&r=g","url":"https:\/\/secure.gravatar.com\/avatar\/89915563d925342126b8ef0281b93d9d7fc337043e8df017f780908eb9644451?s=96&d=mm&r=g","contentUrl":"https:\/\/secure.gravatar.com\/avatar\/89915563d925342126b8ef0281b93d9d7fc337043e8df017f780908eb9644451?s=96&d=mm&r=g","caption":"St\u00e9phane Miget"},"url":"https:\/\/batijournal.com\/index.php\/author\/stephane\/"}]}},"_links":{"self":[{"href":"https:\/\/batijournal.com\/index.php\/wp-json\/wp\/v2\/posts\/91341","targetHints":{"allow":["GET"]}}],"collection":[{"href":"https:\/\/batijournal.com\/index.php\/wp-json\/wp\/v2\/posts"}],"about":[{"href":"https:\/\/batijournal.com\/index.php\/wp-json\/wp\/v2\/types\/post"}],"author":[{"embeddable":true,"href":"https:\/\/batijournal.com\/index.php\/wp-json\/wp\/v2\/users\/17"}],"replies":[{"embeddable":true,"href":"https:\/\/batijournal.com\/index.php\/wp-json\/wp\/v2\/comments?post=91341"}],"version-history":[{"count":0,"href":"https:\/\/batijournal.com\/index.php\/wp-json\/wp\/v2\/posts\/91341\/revisions"}],"wp:featuredmedia":[{"embeddable":true,"href":"https:\/\/batijournal.com\/index.php\/wp-json\/wp\/v2\/media\/87954"}],"wp:attachment":[{"href":"https:\/\/batijournal.com\/index.php\/wp-json\/wp\/v2\/media?parent=91341"}],"wp:term":[{"taxonomy":"category","embeddable":true,"href":"https:\/\/batijournal.com\/index.php\/wp-json\/wp\/v2\/categories?post=91341"},{"taxonomy":"post_tag","embeddable":true,"href":"https:\/\/batijournal.com\/index.php\/wp-json\/wp\/v2\/tags?post=91341"}],"curies":[{"name":"wp","href":"https:\/\/api.w.org\/{rel}","templated":true}]}}