{"id":91492,"date":"2016-02-17T15:38:06","date_gmt":"2016-02-17T14:38:06","guid":{"rendered":"http:\/\/batijournal.com\/?p=91492"},"modified":"2019-07-15T12:04:06","modified_gmt":"2019-07-15T10:04:06","slug":"la-mobilisation-du-foncier-public-en-2015-va-permettre-la-realisation-de-7900-logements","status":"publish","type":"post","link":"https:\/\/batijournal.com\/index.php\/la-mobilisation-du-foncier-public-en-2015-va-permettre-la-realisation-de-7900-logements\/91492\/","title":{"rendered":"La mobilisation du foncier public en 2015 va permettre la r\u00e9alisation de 7900 logements"},"content":{"rendered":"<p><strong>Thierry Repentin, Pr\u00e9sident de la Commission nationale de l\u2019am\u00e9nagement, de l\u2019urbanisme et du foncier (CNAUF) a remis \u00e0 Emmanuelle Cosse, Ministre du Logement et de l\u2019Habitat durable, et Christian Eckert, Secr\u00e9taire d\u2019Etat charg\u00e9 du Budget le deuxi\u00e8me rapport annuel sur la mobilisation du foncier public.<\/strong><\/p>\n<p>Sur l\u2019ann\u00e9e 2015, l\u2019Etat et ses op\u00e9rateurs ont c\u00e9d\u00e9 70 terrains, d\u00e9passant ainsi l\u2019objectif de 60 cessions de terrains en faveur d\u2019une production de logements fix\u00e9 par le Pr\u00e9sident de la R\u00e9publique. Parmi ces cessions, l\u2019Etat a c\u00e9d\u00e9 37 terrains, pour un potentiel estim\u00e9 de 2 500 logements, dont 1 350 logements sociaux. SNCF Immobilier a c\u00e9d\u00e9 26 terrains pour plus de 4 000 logements, dont 1 900 logements sociaux. La SOVAFIM a c\u00e9d\u00e9 5 terrains pour 600 logements, dont 250 logements sociaux. S\u2019agissant du bilan de l\u2019application de la loi du 18 janvier 2013, 13 terrains ont \u00e9t\u00e9 vendus selon ce dispositif en 2013 et 2014 et 20 terrains en 2015. Au total, depuis 2013, l\u2019effort financier consenti par l\u2019Etat pour les seules cessions encadr\u00e9es par ces dispositions est de l\u2019ordre de 76,7 millions d\u2019euros, dont 48,5 millions d\u2019euros pour les 19 cessions en 2015.<\/p>\n<p>La dizaine de conventions ou protocoles sign\u00e9s en 2015 en vue d\u2019une cession en 2016 augurent une poursuite de cette acc\u00e9l\u00e9ration en 2016. Au cours de leur entretien avec Thierry Repentin, les ministres ont \u00e9voqu\u00e9 les projets de l\u2019ann\u00e9e 2016, et notamment les premi\u00e8res cessions gratuites dont celle d\u2019ores et d\u00e9j\u00e0 r\u00e9alis\u00e9e le mois dernier \u00e0 Lille.<\/p>\n<blockquote><p>\u00ab Il s\u2019agit de poursuivre la mobilisation de l\u2019Etat propri\u00e9taire et d\u2019\u00e9largir la dynamique \u00e0 ses op\u00e9rateurs au service de la construction de logements abordables, adapt\u00e9s aux besoins de l\u2019ensemble de nos concitoyens \u00bb.<\/p><\/blockquote>\n","protected":false},"excerpt":{"rendered":"<p>Thierry Repentin, Pr\u00e9sident de la Commission nationale de l\u2019am\u00e9nagement, de l\u2019urbanisme et du foncier (CNAUF) a remis \u00e0 Emmanuelle Cosse, Ministre du Logement et de l\u2019Habitat durable, et Christian Eckert, Secr\u00e9taire d\u2019Etat charg\u00e9 du Budget le deuxi\u00e8me rapport annuel sur la mobilisation du foncier public. Sur l\u2019ann\u00e9e 2015, l\u2019Etat et ses op\u00e9rateurs ont c\u00e9d\u00e9 70 [&hellip;]<\/p>\n","protected":false},"author":17,"featured_media":90801,"comment_status":"closed","ping_status":"closed","sticky":false,"template":"","format":"standard","meta":{"_et_pb_use_builder":"","_et_pb_old_content":"","_et_gb_content_width":"","footnotes":""},"categories":[10530,6340,6345],"tags":[53,7428],"class_list":["post-91492","post","type-post","status-publish","format-standard","has-post-thumbnail","hentry","category-actualites","category-architecture-conception","category-economie-marches","tag-construction","tag-foncier"],"yoast_head":"<!-- This site is optimized with the Yoast SEO plugin v27.4 - https:\/\/yoast.com\/product\/yoast-seo-wordpress\/ -->\n<title>La mobilisation du foncier public en 2015 va permettre la r\u00e9alisation de 7900 logements<\/title>\n<meta name=\"robots\" content=\"index, follow, max-snippet:-1, max-image-preview:large, max-video-preview:-1\" \/>\n<link rel=\"canonical\" href=\"https:\/\/batijournal.com\/index.php\/la-mobilisation-du-foncier-public-en-2015-va-permettre-la-realisation-de-7900-logements\/91492\/\" \/>\n<meta property=\"og:locale\" content=\"fr_FR\" \/>\n<meta property=\"og:type\" content=\"article\" \/>\n<meta property=\"og:title\" content=\"La mobilisation du foncier public en 2015 va permettre la r\u00e9alisation de 7900 logements\" \/>\n<meta property=\"og:description\" content=\"Thierry Repentin, Pr\u00e9sident de la Commission nationale de l\u2019am\u00e9nagement, de l\u2019urbanisme et du foncier (CNAUF) a remis \u00e0 Emmanuelle Cosse, Ministre du Logement et de l\u2019Habitat durable, et Christian Eckert, Secr\u00e9taire d\u2019Etat charg\u00e9 du Budget le deuxi\u00e8me rapport annuel sur la mobilisation du foncier public. Sur l\u2019ann\u00e9e 2015, l\u2019Etat et ses op\u00e9rateurs ont c\u00e9d\u00e9 70 [&hellip;]\" \/>\n<meta property=\"og:url\" content=\"https:\/\/batijournal.com\/index.php\/la-mobilisation-du-foncier-public-en-2015-va-permettre-la-realisation-de-7900-logements\/91492\/\" \/>\n<meta property=\"og:site_name\" content=\"Batijournal\" \/>\n<meta property=\"article:published_time\" content=\"2016-02-17T14:38:06+00:00\" \/>\n<meta property=\"article:modified_time\" content=\"2019-07-15T10:04:06+00:00\" \/>\n<meta property=\"og:image\" content=\"https:\/\/batijournal.com\/wp-content\/uploads\/2015\/12\/construction.jpg\" \/>\n\t<meta property=\"og:image:width\" content=\"1200\" \/>\n\t<meta property=\"og:image:height\" content=\"697\" \/>\n\t<meta property=\"og:image:type\" content=\"image\/jpeg\" \/>\n<meta name=\"author\" content=\"St\u00e9phane Miget\" \/>\n<meta name=\"twitter:card\" content=\"summary_large_image\" \/>\n<meta name=\"twitter:creator\" content=\"@bati_journal\" \/>\n<meta name=\"twitter:site\" content=\"@bati_journal\" \/>\n<meta name=\"twitter:label1\" content=\"\u00c9crit par\" \/>\n\t<meta name=\"twitter:data1\" content=\"St\u00e9phane Miget\" \/>\n\t<meta name=\"twitter:label2\" content=\"Dur\u00e9e de lecture estim\u00e9e\" \/>\n\t<meta name=\"twitter:data2\" content=\"1 minute\" \/>\n<script type=\"application\/ld+json\" class=\"yoast-schema-graph\">{\"@context\":\"https:\\\/\\\/schema.org\",\"@graph\":[{\"@type\":\"Article\",\"@id\":\"https:\\\/\\\/batijournal.com\\\/index.php\\\/la-mobilisation-du-foncier-public-en-2015-va-permettre-la-realisation-de-7900-logements\\\/91492\\\/#article\",\"isPartOf\":{\"@id\":\"https:\\\/\\\/batijournal.com\\\/index.php\\\/la-mobilisation-du-foncier-public-en-2015-va-permettre-la-realisation-de-7900-logements\\\/91492\\\/\"},\"author\":{\"name\":\"St\u00e9phane Miget\",\"@id\":\"https:\\\/\\\/batijournal.com\\\/#\\\/schema\\\/person\\\/1dc96ec6957aa1ccb25ebe78bb19f100\"},\"headline\":\"La mobilisation du foncier public en 2015 va permettre la r\u00e9alisation de 7900 logements\",\"datePublished\":\"2016-02-17T14:38:06+00:00\",\"dateModified\":\"2019-07-15T10:04:06+00:00\",\"mainEntityOfPage\":{\"@id\":\"https:\\\/\\\/batijournal.com\\\/index.php\\\/la-mobilisation-du-foncier-public-en-2015-va-permettre-la-realisation-de-7900-logements\\\/91492\\\/\"},\"wordCount\":306,\"image\":{\"@id\":\"https:\\\/\\\/batijournal.com\\\/index.php\\\/la-mobilisation-du-foncier-public-en-2015-va-permettre-la-realisation-de-7900-logements\\\/91492\\\/#primaryimage\"},\"thumbnailUrl\":\"https:\\\/\\\/batijournal.com\\\/wp-content\\\/uploads\\\/2015\\\/12\\\/construction.jpg\",\"keywords\":[\"construction\",\"foncier\"],\"articleSection\":[\"Actualit\u00e9s\",\"Architecture &amp; Conception\",\"\u00c9conomie &amp; March\u00e9s\"],\"inLanguage\":\"fr-FR\"},{\"@type\":\"WebPage\",\"@id\":\"https:\\\/\\\/batijournal.com\\\/index.php\\\/la-mobilisation-du-foncier-public-en-2015-va-permettre-la-realisation-de-7900-logements\\\/91492\\\/\",\"url\":\"https:\\\/\\\/batijournal.com\\\/index.php\\\/la-mobilisation-du-foncier-public-en-2015-va-permettre-la-realisation-de-7900-logements\\\/91492\\\/\",\"name\":\"La mobilisation du foncier public en 2015 va permettre la r\u00e9alisation de 7900 logements\",\"isPartOf\":{\"@id\":\"https:\\\/\\\/batijournal.com\\\/#website\"},\"primaryImageOfPage\":{\"@id\":\"https:\\\/\\\/batijournal.com\\\/index.php\\\/la-mobilisation-du-foncier-public-en-2015-va-permettre-la-realisation-de-7900-logements\\\/91492\\\/#primaryimage\"},\"image\":{\"@id\":\"https:\\\/\\\/batijournal.com\\\/index.php\\\/la-mobilisation-du-foncier-public-en-2015-va-permettre-la-realisation-de-7900-logements\\\/91492\\\/#primaryimage\"},\"thumbnailUrl\":\"https:\\\/\\\/batijournal.com\\\/wp-content\\\/uploads\\\/2015\\\/12\\\/construction.jpg\",\"datePublished\":\"2016-02-17T14:38:06+00:00\",\"dateModified\":\"2019-07-15T10:04:06+00:00\",\"author\":{\"@id\":\"https:\\\/\\\/batijournal.com\\\/#\\\/schema\\\/person\\\/1dc96ec6957aa1ccb25ebe78bb19f100\"},\"breadcrumb\":{\"@id\":\"https:\\\/\\\/batijournal.com\\\/index.php\\\/la-mobilisation-du-foncier-public-en-2015-va-permettre-la-realisation-de-7900-logements\\\/91492\\\/#breadcrumb\"},\"inLanguage\":\"fr-FR\",\"potentialAction\":[{\"@type\":\"ReadAction\",\"target\":[\"https:\\\/\\\/batijournal.com\\\/index.php\\\/la-mobilisation-du-foncier-public-en-2015-va-permettre-la-realisation-de-7900-logements\\\/91492\\\/\"]}]},{\"@type\":\"ImageObject\",\"inLanguage\":\"fr-FR\",\"@id\":\"https:\\\/\\\/batijournal.com\\\/index.php\\\/la-mobilisation-du-foncier-public-en-2015-va-permettre-la-realisation-de-7900-logements\\\/91492\\\/#primaryimage\",\"url\":\"https:\\\/\\\/batijournal.com\\\/wp-content\\\/uploads\\\/2015\\\/12\\\/construction.jpg\",\"contentUrl\":\"https:\\\/\\\/batijournal.com\\\/wp-content\\\/uploads\\\/2015\\\/12\\\/construction.jpg\",\"width\":1200,\"height\":697,\"caption\":\"projet de loi de finances\"},{\"@type\":\"BreadcrumbList\",\"@id\":\"https:\\\/\\\/batijournal.com\\\/index.php\\\/la-mobilisation-du-foncier-public-en-2015-va-permettre-la-realisation-de-7900-logements\\\/91492\\\/#breadcrumb\",\"itemListElement\":[{\"@type\":\"ListItem\",\"position\":1,\"name\":\"Accueil\",\"item\":\"https:\\\/\\\/batijournal.com\\\/\"},{\"@type\":\"ListItem\",\"position\":2,\"name\":\"Actualit\u00e9s\",\"item\":\"https:\\\/\\\/batijournal.com\\\/index.php\\\/category\\\/actualites\\\/\"},{\"@type\":\"ListItem\",\"position\":3,\"name\":\"Architecture &amp; Conception\",\"item\":\"https:\\\/\\\/batijournal.com\\\/index.php\\\/category\\\/actualites\\\/architecture-conception\\\/\"},{\"@type\":\"ListItem\",\"position\":4,\"name\":\"La mobilisation du foncier public en 2015 va permettre la r\u00e9alisation de 7900 logements\"}]},{\"@type\":\"WebSite\",\"@id\":\"https:\\\/\\\/batijournal.com\\\/#website\",\"url\":\"https:\\\/\\\/batijournal.com\\\/\",\"name\":\"Batijournal\",\"description\":\"L&#039;actualit\u00e9 du b\u00e2timent\",\"potentialAction\":[{\"@type\":\"SearchAction\",\"target\":{\"@type\":\"EntryPoint\",\"urlTemplate\":\"https:\\\/\\\/batijournal.com\\\/?s={search_term_string}\"},\"query-input\":{\"@type\":\"PropertyValueSpecification\",\"valueRequired\":true,\"valueName\":\"search_term_string\"}}],\"inLanguage\":\"fr-FR\"},{\"@type\":\"Person\",\"@id\":\"https:\\\/\\\/batijournal.com\\\/#\\\/schema\\\/person\\\/1dc96ec6957aa1ccb25ebe78bb19f100\",\"name\":\"St\u00e9phane Miget\",\"image\":{\"@type\":\"ImageObject\",\"inLanguage\":\"fr-FR\",\"@id\":\"https:\\\/\\\/secure.gravatar.com\\\/avatar\\\/89915563d925342126b8ef0281b93d9d7fc337043e8df017f780908eb9644451?s=96&d=mm&r=g\",\"url\":\"https:\\\/\\\/secure.gravatar.com\\\/avatar\\\/89915563d925342126b8ef0281b93d9d7fc337043e8df017f780908eb9644451?s=96&d=mm&r=g\",\"contentUrl\":\"https:\\\/\\\/secure.gravatar.com\\\/avatar\\\/89915563d925342126b8ef0281b93d9d7fc337043e8df017f780908eb9644451?s=96&d=mm&r=g\",\"caption\":\"St\u00e9phane Miget\"},\"url\":\"https:\\\/\\\/batijournal.com\\\/index.php\\\/author\\\/stephane\\\/\"}]}<\/script>\n<!-- \/ Yoast SEO plugin. -->","yoast_head_json":{"title":"La mobilisation du foncier public en 2015 va permettre la r\u00e9alisation de 7900 logements","robots":{"index":"index","follow":"follow","max-snippet":"max-snippet:-1","max-image-preview":"max-image-preview:large","max-video-preview":"max-video-preview:-1"},"canonical":"https:\/\/batijournal.com\/index.php\/la-mobilisation-du-foncier-public-en-2015-va-permettre-la-realisation-de-7900-logements\/91492\/","og_locale":"fr_FR","og_type":"article","og_title":"La mobilisation du foncier public en 2015 va permettre la r\u00e9alisation de 7900 logements","og_description":"Thierry Repentin, Pr\u00e9sident de la Commission nationale de l\u2019am\u00e9nagement, de l\u2019urbanisme et du foncier (CNAUF) a remis \u00e0 Emmanuelle Cosse, Ministre du Logement et de l\u2019Habitat durable, et Christian Eckert, Secr\u00e9taire d\u2019Etat charg\u00e9 du Budget le deuxi\u00e8me rapport annuel sur la mobilisation du foncier public. Sur l\u2019ann\u00e9e 2015, l\u2019Etat et ses op\u00e9rateurs ont c\u00e9d\u00e9 70 [&hellip;]","og_url":"https:\/\/batijournal.com\/index.php\/la-mobilisation-du-foncier-public-en-2015-va-permettre-la-realisation-de-7900-logements\/91492\/","og_site_name":"Batijournal","article_published_time":"2016-02-17T14:38:06+00:00","article_modified_time":"2019-07-15T10:04:06+00:00","og_image":[{"width":1200,"height":697,"url":"https:\/\/batijournal.com\/wp-content\/uploads\/2015\/12\/construction.jpg","type":"image\/jpeg"}],"author":"St\u00e9phane Miget","twitter_card":"summary_large_image","twitter_creator":"@bati_journal","twitter_site":"@bati_journal","twitter_misc":{"\u00c9crit par":"St\u00e9phane Miget","Dur\u00e9e de lecture estim\u00e9e":"1 minute"},"schema":{"@context":"https:\/\/schema.org","@graph":[{"@type":"Article","@id":"https:\/\/batijournal.com\/index.php\/la-mobilisation-du-foncier-public-en-2015-va-permettre-la-realisation-de-7900-logements\/91492\/#article","isPartOf":{"@id":"https:\/\/batijournal.com\/index.php\/la-mobilisation-du-foncier-public-en-2015-va-permettre-la-realisation-de-7900-logements\/91492\/"},"author":{"name":"St\u00e9phane Miget","@id":"https:\/\/batijournal.com\/#\/schema\/person\/1dc96ec6957aa1ccb25ebe78bb19f100"},"headline":"La mobilisation du foncier public en 2015 va permettre la r\u00e9alisation de 7900 logements","datePublished":"2016-02-17T14:38:06+00:00","dateModified":"2019-07-15T10:04:06+00:00","mainEntityOfPage":{"@id":"https:\/\/batijournal.com\/index.php\/la-mobilisation-du-foncier-public-en-2015-va-permettre-la-realisation-de-7900-logements\/91492\/"},"wordCount":306,"image":{"@id":"https:\/\/batijournal.com\/index.php\/la-mobilisation-du-foncier-public-en-2015-va-permettre-la-realisation-de-7900-logements\/91492\/#primaryimage"},"thumbnailUrl":"https:\/\/batijournal.com\/wp-content\/uploads\/2015\/12\/construction.jpg","keywords":["construction","foncier"],"articleSection":["Actualit\u00e9s","Architecture &amp; Conception","\u00c9conomie &amp; March\u00e9s"],"inLanguage":"fr-FR"},{"@type":"WebPage","@id":"https:\/\/batijournal.com\/index.php\/la-mobilisation-du-foncier-public-en-2015-va-permettre-la-realisation-de-7900-logements\/91492\/","url":"https:\/\/batijournal.com\/index.php\/la-mobilisation-du-foncier-public-en-2015-va-permettre-la-realisation-de-7900-logements\/91492\/","name":"La mobilisation du foncier public en 2015 va permettre la r\u00e9alisation de 7900 logements","isPartOf":{"@id":"https:\/\/batijournal.com\/#website"},"primaryImageOfPage":{"@id":"https:\/\/batijournal.com\/index.php\/la-mobilisation-du-foncier-public-en-2015-va-permettre-la-realisation-de-7900-logements\/91492\/#primaryimage"},"image":{"@id":"https:\/\/batijournal.com\/index.php\/la-mobilisation-du-foncier-public-en-2015-va-permettre-la-realisation-de-7900-logements\/91492\/#primaryimage"},"thumbnailUrl":"https:\/\/batijournal.com\/wp-content\/uploads\/2015\/12\/construction.jpg","datePublished":"2016-02-17T14:38:06+00:00","dateModified":"2019-07-15T10:04:06+00:00","author":{"@id":"https:\/\/batijournal.com\/#\/schema\/person\/1dc96ec6957aa1ccb25ebe78bb19f100"},"breadcrumb":{"@id":"https:\/\/batijournal.com\/index.php\/la-mobilisation-du-foncier-public-en-2015-va-permettre-la-realisation-de-7900-logements\/91492\/#breadcrumb"},"inLanguage":"fr-FR","potentialAction":[{"@type":"ReadAction","target":["https:\/\/batijournal.com\/index.php\/la-mobilisation-du-foncier-public-en-2015-va-permettre-la-realisation-de-7900-logements\/91492\/"]}]},{"@type":"ImageObject","inLanguage":"fr-FR","@id":"https:\/\/batijournal.com\/index.php\/la-mobilisation-du-foncier-public-en-2015-va-permettre-la-realisation-de-7900-logements\/91492\/#primaryimage","url":"https:\/\/batijournal.com\/wp-content\/uploads\/2015\/12\/construction.jpg","contentUrl":"https:\/\/batijournal.com\/wp-content\/uploads\/2015\/12\/construction.jpg","width":1200,"height":697,"caption":"projet de loi de finances"},{"@type":"BreadcrumbList","@id":"https:\/\/batijournal.com\/index.php\/la-mobilisation-du-foncier-public-en-2015-va-permettre-la-realisation-de-7900-logements\/91492\/#breadcrumb","itemListElement":[{"@type":"ListItem","position":1,"name":"Accueil","item":"https:\/\/batijournal.com\/"},{"@type":"ListItem","position":2,"name":"Actualit\u00e9s","item":"https:\/\/batijournal.com\/index.php\/category\/actualites\/"},{"@type":"ListItem","position":3,"name":"Architecture &amp; Conception","item":"https:\/\/batijournal.com\/index.php\/category\/actualites\/architecture-conception\/"},{"@type":"ListItem","position":4,"name":"La mobilisation du foncier public en 2015 va permettre la r\u00e9alisation de 7900 logements"}]},{"@type":"WebSite","@id":"https:\/\/batijournal.com\/#website","url":"https:\/\/batijournal.com\/","name":"Batijournal","description":"L&#039;actualit\u00e9 du b\u00e2timent","potentialAction":[{"@type":"SearchAction","target":{"@type":"EntryPoint","urlTemplate":"https:\/\/batijournal.com\/?s={search_term_string}"},"query-input":{"@type":"PropertyValueSpecification","valueRequired":true,"valueName":"search_term_string"}}],"inLanguage":"fr-FR"},{"@type":"Person","@id":"https:\/\/batijournal.com\/#\/schema\/person\/1dc96ec6957aa1ccb25ebe78bb19f100","name":"St\u00e9phane Miget","image":{"@type":"ImageObject","inLanguage":"fr-FR","@id":"https:\/\/secure.gravatar.com\/avatar\/89915563d925342126b8ef0281b93d9d7fc337043e8df017f780908eb9644451?s=96&d=mm&r=g","url":"https:\/\/secure.gravatar.com\/avatar\/89915563d925342126b8ef0281b93d9d7fc337043e8df017f780908eb9644451?s=96&d=mm&r=g","contentUrl":"https:\/\/secure.gravatar.com\/avatar\/89915563d925342126b8ef0281b93d9d7fc337043e8df017f780908eb9644451?s=96&d=mm&r=g","caption":"St\u00e9phane Miget"},"url":"https:\/\/batijournal.com\/index.php\/author\/stephane\/"}]}},"_links":{"self":[{"href":"https:\/\/batijournal.com\/index.php\/wp-json\/wp\/v2\/posts\/91492","targetHints":{"allow":["GET"]}}],"collection":[{"href":"https:\/\/batijournal.com\/index.php\/wp-json\/wp\/v2\/posts"}],"about":[{"href":"https:\/\/batijournal.com\/index.php\/wp-json\/wp\/v2\/types\/post"}],"author":[{"embeddable":true,"href":"https:\/\/batijournal.com\/index.php\/wp-json\/wp\/v2\/users\/17"}],"replies":[{"embeddable":true,"href":"https:\/\/batijournal.com\/index.php\/wp-json\/wp\/v2\/comments?post=91492"}],"version-history":[{"count":0,"href":"https:\/\/batijournal.com\/index.php\/wp-json\/wp\/v2\/posts\/91492\/revisions"}],"wp:featuredmedia":[{"embeddable":true,"href":"https:\/\/batijournal.com\/index.php\/wp-json\/wp\/v2\/media\/90801"}],"wp:attachment":[{"href":"https:\/\/batijournal.com\/index.php\/wp-json\/wp\/v2\/media?parent=91492"}],"wp:term":[{"taxonomy":"category","embeddable":true,"href":"https:\/\/batijournal.com\/index.php\/wp-json\/wp\/v2\/categories?post=91492"},{"taxonomy":"post_tag","embeddable":true,"href":"https:\/\/batijournal.com\/index.php\/wp-json\/wp\/v2\/tags?post=91492"}],"curies":[{"name":"wp","href":"https:\/\/api.w.org\/{rel}","templated":true}]}}