{"id":91512,"date":"2016-02-18T15:49:23","date_gmt":"2016-02-18T14:49:23","guid":{"rendered":"http:\/\/batijournal.com\/?p=91512"},"modified":"2019-07-15T12:04:05","modified_gmt":"2019-07-15T10:04:05","slug":"toute-lattention-du-gouvernement-repose-sur-le-secteur-de-la-construction","status":"publish","type":"post","link":"https:\/\/batijournal.com\/index.php\/toute-lattention-du-gouvernement-repose-sur-le-secteur-de-la-construction\/91512\/","title":{"rendered":"Rencontre FFB \/ ministre du logement : \u00ab\u00a0Toute l\u2019attention du Gouvernement repose sur le secteur de la construction\u00a0\u00bb"},"content":{"rendered":"<p>Le 17 f\u00e9vrier 2016, Jacques Chanut, pr\u00e9sident de la FFB, a \u00e9t\u00e9 le premier repr\u00e9sentant de la fili\u00e8re re\u00e7u par la nouvelle ministre du Logement Emmanuelle COSSE. Il a indiqu\u00e9 que les mesures vot\u00e9es r\u00e9cemment : CITE, dispositif PINEL, renforcement du PTZ, avaient permis d\u2019enclencher une dynamique de relance de l\u2019activit\u00e9 dans le secteur. Il a soulign\u00e9\u00a0le fait que cette dynamique demeurait extr\u00eamement fragile et que tout signal de changement de cap provoquerait une s\u00e9rieuse crise de confiance. La ministre lui a confirm\u00e9 qu\u2019elle n\u2019avait aucunement l\u2019intention de prendre des initiatives de nature \u00e0 fragiliser cette reprise et que toute l\u2019attention du Gouvernement reposait aujourd\u2019hui sur le secteur de la construction. Elle a fait part de sa pr\u00e9occupation concernant la r\u00e9novation \u00e9nerg\u00e9tique, qui \u00e0 ce stade, lui para\u00eet encore trop peu pl\u00e9biscit\u00e9e dans le pays. Elle entend travailler \u00e9troitement avec la FFB pour tenter de renforcer l\u2019attractivit\u00e9 de ces travaux pour les particuliers.<\/p>\n<p>Source : FFB<\/p>\n","protected":false},"excerpt":{"rendered":"<p>Le 17 f\u00e9vrier 2016, Jacques Chanut, pr\u00e9sident de la FFB, a \u00e9t\u00e9 le premier repr\u00e9sentant de la fili\u00e8re re\u00e7u par la nouvelle ministre du Logement Emmanuelle COSSE. Il a indiqu\u00e9 que les mesures vot\u00e9es r\u00e9cemment : CITE, dispositif PINEL, renforcement du PTZ, avaient permis d\u2019enclencher une dynamique de relance de l\u2019activit\u00e9 dans le secteur. Il [&hellip;]<\/p>\n","protected":false},"author":17,"featured_media":91513,"comment_status":"closed","ping_status":"closed","sticky":false,"template":"","format":"standard","meta":{"_et_pb_use_builder":"","_et_pb_old_content":"","_et_gb_content_width":"","footnotes":""},"categories":[10530,6345],"tags":[373,8130],"class_list":["post-91512","post","type-post","status-publish","format-standard","has-post-thumbnail","hentry","category-actualites","category-economie-marches","tag-ffb","tag-ministere-du-logement"],"yoast_head":"<!-- This site is optimized with the Yoast SEO plugin v27.4 - https:\/\/yoast.com\/product\/yoast-seo-wordpress\/ -->\n<title>Rencontre FFB \/ ministre du logement : &quot;Toute l\u2019attention du Gouvernement repose sur le secteur de la construction&quot;<\/title>\n<meta name=\"robots\" content=\"index, follow, max-snippet:-1, max-image-preview:large, max-video-preview:-1\" \/>\n<link rel=\"canonical\" href=\"https:\/\/batijournal.com\/index.php\/toute-lattention-du-gouvernement-repose-sur-le-secteur-de-la-construction\/91512\/\" \/>\n<meta property=\"og:locale\" content=\"fr_FR\" \/>\n<meta property=\"og:type\" content=\"article\" \/>\n<meta property=\"og:title\" content=\"Rencontre FFB \/ ministre du logement : &quot;Toute l\u2019attention du Gouvernement repose sur le secteur de la construction&quot;\" \/>\n<meta property=\"og:description\" content=\"Le 17 f\u00e9vrier 2016, Jacques Chanut, pr\u00e9sident de la FFB, a \u00e9t\u00e9 le premier repr\u00e9sentant de la fili\u00e8re re\u00e7u par la nouvelle ministre du Logement Emmanuelle COSSE. Il a indiqu\u00e9 que les mesures vot\u00e9es r\u00e9cemment : CITE, dispositif PINEL, renforcement du PTZ, avaient permis d\u2019enclencher une dynamique de relance de l\u2019activit\u00e9 dans le secteur. Il [&hellip;]\" \/>\n<meta property=\"og:url\" content=\"https:\/\/batijournal.com\/index.php\/toute-lattention-du-gouvernement-repose-sur-le-secteur-de-la-construction\/91512\/\" \/>\n<meta property=\"og:site_name\" content=\"Batijournal\" \/>\n<meta property=\"article:published_time\" content=\"2016-02-18T14:49:23+00:00\" \/>\n<meta property=\"article:modified_time\" content=\"2019-07-15T10:04:05+00:00\" \/>\n<meta property=\"og:image\" content=\"https:\/\/batijournal.com\/wp-content\/uploads\/2016\/02\/jacques-chanut-emmanuelle-cosse.jpg\" \/>\n\t<meta property=\"og:image:width\" content=\"546\" \/>\n\t<meta property=\"og:image:height\" content=\"369\" \/>\n\t<meta property=\"og:image:type\" content=\"image\/jpeg\" \/>\n<meta name=\"author\" content=\"St\u00e9phane Miget\" \/>\n<meta name=\"twitter:card\" content=\"summary_large_image\" \/>\n<meta name=\"twitter:creator\" content=\"@bati_journal\" \/>\n<meta name=\"twitter:site\" content=\"@bati_journal\" \/>\n<meta name=\"twitter:label1\" content=\"\u00c9crit par\" \/>\n\t<meta name=\"twitter:data1\" content=\"St\u00e9phane Miget\" \/>\n\t<meta name=\"twitter:label2\" content=\"Dur\u00e9e de lecture estim\u00e9e\" \/>\n\t<meta name=\"twitter:data2\" content=\"1 minute\" \/>\n<script type=\"application\/ld+json\" class=\"yoast-schema-graph\">{\"@context\":\"https:\\\/\\\/schema.org\",\"@graph\":[{\"@type\":\"Article\",\"@id\":\"https:\\\/\\\/batijournal.com\\\/index.php\\\/toute-lattention-du-gouvernement-repose-sur-le-secteur-de-la-construction\\\/91512\\\/#article\",\"isPartOf\":{\"@id\":\"https:\\\/\\\/batijournal.com\\\/index.php\\\/toute-lattention-du-gouvernement-repose-sur-le-secteur-de-la-construction\\\/91512\\\/\"},\"author\":{\"name\":\"St\u00e9phane Miget\",\"@id\":\"https:\\\/\\\/batijournal.com\\\/#\\\/schema\\\/person\\\/1dc96ec6957aa1ccb25ebe78bb19f100\"},\"headline\":\"Rencontre FFB \\\/ ministre du logement : \u00ab\u00a0Toute l\u2019attention du Gouvernement repose sur le secteur de la construction\u00a0\u00bb\",\"datePublished\":\"2016-02-18T14:49:23+00:00\",\"dateModified\":\"2019-07-15T10:04:05+00:00\",\"mainEntityOfPage\":{\"@id\":\"https:\\\/\\\/batijournal.com\\\/index.php\\\/toute-lattention-du-gouvernement-repose-sur-le-secteur-de-la-construction\\\/91512\\\/\"},\"wordCount\":191,\"image\":{\"@id\":\"https:\\\/\\\/batijournal.com\\\/index.php\\\/toute-lattention-du-gouvernement-repose-sur-le-secteur-de-la-construction\\\/91512\\\/#primaryimage\"},\"thumbnailUrl\":\"https:\\\/\\\/batijournal.com\\\/wp-content\\\/uploads\\\/2016\\\/02\\\/jacques-chanut-emmanuelle-cosse.jpg\",\"keywords\":[\"ffb\",\"ministere du logement\"],\"articleSection\":[\"Actualit\u00e9s\",\"\u00c9conomie &amp; March\u00e9s\"],\"inLanguage\":\"fr-FR\"},{\"@type\":\"WebPage\",\"@id\":\"https:\\\/\\\/batijournal.com\\\/index.php\\\/toute-lattention-du-gouvernement-repose-sur-le-secteur-de-la-construction\\\/91512\\\/\",\"url\":\"https:\\\/\\\/batijournal.com\\\/index.php\\\/toute-lattention-du-gouvernement-repose-sur-le-secteur-de-la-construction\\\/91512\\\/\",\"name\":\"Rencontre FFB \\\/ ministre du logement : \\\"Toute l\u2019attention du Gouvernement repose sur le secteur de la construction\\\"\",\"isPartOf\":{\"@id\":\"https:\\\/\\\/batijournal.com\\\/#website\"},\"primaryImageOfPage\":{\"@id\":\"https:\\\/\\\/batijournal.com\\\/index.php\\\/toute-lattention-du-gouvernement-repose-sur-le-secteur-de-la-construction\\\/91512\\\/#primaryimage\"},\"image\":{\"@id\":\"https:\\\/\\\/batijournal.com\\\/index.php\\\/toute-lattention-du-gouvernement-repose-sur-le-secteur-de-la-construction\\\/91512\\\/#primaryimage\"},\"thumbnailUrl\":\"https:\\\/\\\/batijournal.com\\\/wp-content\\\/uploads\\\/2016\\\/02\\\/jacques-chanut-emmanuelle-cosse.jpg\",\"datePublished\":\"2016-02-18T14:49:23+00:00\",\"dateModified\":\"2019-07-15T10:04:05+00:00\",\"author\":{\"@id\":\"https:\\\/\\\/batijournal.com\\\/#\\\/schema\\\/person\\\/1dc96ec6957aa1ccb25ebe78bb19f100\"},\"breadcrumb\":{\"@id\":\"https:\\\/\\\/batijournal.com\\\/index.php\\\/toute-lattention-du-gouvernement-repose-sur-le-secteur-de-la-construction\\\/91512\\\/#breadcrumb\"},\"inLanguage\":\"fr-FR\",\"potentialAction\":[{\"@type\":\"ReadAction\",\"target\":[\"https:\\\/\\\/batijournal.com\\\/index.php\\\/toute-lattention-du-gouvernement-repose-sur-le-secteur-de-la-construction\\\/91512\\\/\"]}]},{\"@type\":\"ImageObject\",\"inLanguage\":\"fr-FR\",\"@id\":\"https:\\\/\\\/batijournal.com\\\/index.php\\\/toute-lattention-du-gouvernement-repose-sur-le-secteur-de-la-construction\\\/91512\\\/#primaryimage\",\"url\":\"https:\\\/\\\/batijournal.com\\\/wp-content\\\/uploads\\\/2016\\\/02\\\/jacques-chanut-emmanuelle-cosse.jpg\",\"contentUrl\":\"https:\\\/\\\/batijournal.com\\\/wp-content\\\/uploads\\\/2016\\\/02\\\/jacques-chanut-emmanuelle-cosse.jpg\",\"width\":546,\"height\":369},{\"@type\":\"BreadcrumbList\",\"@id\":\"https:\\\/\\\/batijournal.com\\\/index.php\\\/toute-lattention-du-gouvernement-repose-sur-le-secteur-de-la-construction\\\/91512\\\/#breadcrumb\",\"itemListElement\":[{\"@type\":\"ListItem\",\"position\":1,\"name\":\"Accueil\",\"item\":\"https:\\\/\\\/batijournal.com\\\/\"},{\"@type\":\"ListItem\",\"position\":2,\"name\":\"Actualit\u00e9s\",\"item\":\"https:\\\/\\\/batijournal.com\\\/index.php\\\/category\\\/actualites\\\/\"},{\"@type\":\"ListItem\",\"position\":3,\"name\":\"\u00c9conomie &amp; March\u00e9s\",\"item\":\"https:\\\/\\\/batijournal.com\\\/index.php\\\/category\\\/actualites\\\/economie-marches\\\/\"},{\"@type\":\"ListItem\",\"position\":4,\"name\":\"Rencontre FFB \\\/ ministre du logement : \u00ab\u00a0Toute l\u2019attention du Gouvernement repose sur le secteur de la construction\u00a0\u00bb\"}]},{\"@type\":\"WebSite\",\"@id\":\"https:\\\/\\\/batijournal.com\\\/#website\",\"url\":\"https:\\\/\\\/batijournal.com\\\/\",\"name\":\"Batijournal\",\"description\":\"L&#039;actualit\u00e9 du b\u00e2timent\",\"potentialAction\":[{\"@type\":\"SearchAction\",\"target\":{\"@type\":\"EntryPoint\",\"urlTemplate\":\"https:\\\/\\\/batijournal.com\\\/?s={search_term_string}\"},\"query-input\":{\"@type\":\"PropertyValueSpecification\",\"valueRequired\":true,\"valueName\":\"search_term_string\"}}],\"inLanguage\":\"fr-FR\"},{\"@type\":\"Person\",\"@id\":\"https:\\\/\\\/batijournal.com\\\/#\\\/schema\\\/person\\\/1dc96ec6957aa1ccb25ebe78bb19f100\",\"name\":\"St\u00e9phane Miget\",\"image\":{\"@type\":\"ImageObject\",\"inLanguage\":\"fr-FR\",\"@id\":\"https:\\\/\\\/secure.gravatar.com\\\/avatar\\\/89915563d925342126b8ef0281b93d9d7fc337043e8df017f780908eb9644451?s=96&d=mm&r=g\",\"url\":\"https:\\\/\\\/secure.gravatar.com\\\/avatar\\\/89915563d925342126b8ef0281b93d9d7fc337043e8df017f780908eb9644451?s=96&d=mm&r=g\",\"contentUrl\":\"https:\\\/\\\/secure.gravatar.com\\\/avatar\\\/89915563d925342126b8ef0281b93d9d7fc337043e8df017f780908eb9644451?s=96&d=mm&r=g\",\"caption\":\"St\u00e9phane Miget\"},\"url\":\"https:\\\/\\\/batijournal.com\\\/index.php\\\/author\\\/stephane\\\/\"}]}<\/script>\n<!-- \/ Yoast SEO plugin. -->","yoast_head_json":{"title":"Rencontre FFB \/ ministre du logement : \"Toute l\u2019attention du Gouvernement repose sur le secteur de la construction\"","robots":{"index":"index","follow":"follow","max-snippet":"max-snippet:-1","max-image-preview":"max-image-preview:large","max-video-preview":"max-video-preview:-1"},"canonical":"https:\/\/batijournal.com\/index.php\/toute-lattention-du-gouvernement-repose-sur-le-secteur-de-la-construction\/91512\/","og_locale":"fr_FR","og_type":"article","og_title":"Rencontre FFB \/ ministre du logement : \"Toute l\u2019attention du Gouvernement repose sur le secteur de la construction\"","og_description":"Le 17 f\u00e9vrier 2016, Jacques Chanut, pr\u00e9sident de la FFB, a \u00e9t\u00e9 le premier repr\u00e9sentant de la fili\u00e8re re\u00e7u par la nouvelle ministre du Logement Emmanuelle COSSE. Il a indiqu\u00e9 que les mesures vot\u00e9es r\u00e9cemment : CITE, dispositif PINEL, renforcement du PTZ, avaient permis d\u2019enclencher une dynamique de relance de l\u2019activit\u00e9 dans le secteur. Il [&hellip;]","og_url":"https:\/\/batijournal.com\/index.php\/toute-lattention-du-gouvernement-repose-sur-le-secteur-de-la-construction\/91512\/","og_site_name":"Batijournal","article_published_time":"2016-02-18T14:49:23+00:00","article_modified_time":"2019-07-15T10:04:05+00:00","og_image":[{"width":546,"height":369,"url":"https:\/\/batijournal.com\/wp-content\/uploads\/2016\/02\/jacques-chanut-emmanuelle-cosse.jpg","type":"image\/jpeg"}],"author":"St\u00e9phane Miget","twitter_card":"summary_large_image","twitter_creator":"@bati_journal","twitter_site":"@bati_journal","twitter_misc":{"\u00c9crit par":"St\u00e9phane Miget","Dur\u00e9e de lecture estim\u00e9e":"1 minute"},"schema":{"@context":"https:\/\/schema.org","@graph":[{"@type":"Article","@id":"https:\/\/batijournal.com\/index.php\/toute-lattention-du-gouvernement-repose-sur-le-secteur-de-la-construction\/91512\/#article","isPartOf":{"@id":"https:\/\/batijournal.com\/index.php\/toute-lattention-du-gouvernement-repose-sur-le-secteur-de-la-construction\/91512\/"},"author":{"name":"St\u00e9phane Miget","@id":"https:\/\/batijournal.com\/#\/schema\/person\/1dc96ec6957aa1ccb25ebe78bb19f100"},"headline":"Rencontre FFB \/ ministre du logement : \u00ab\u00a0Toute l\u2019attention du Gouvernement repose sur le secteur de la construction\u00a0\u00bb","datePublished":"2016-02-18T14:49:23+00:00","dateModified":"2019-07-15T10:04:05+00:00","mainEntityOfPage":{"@id":"https:\/\/batijournal.com\/index.php\/toute-lattention-du-gouvernement-repose-sur-le-secteur-de-la-construction\/91512\/"},"wordCount":191,"image":{"@id":"https:\/\/batijournal.com\/index.php\/toute-lattention-du-gouvernement-repose-sur-le-secteur-de-la-construction\/91512\/#primaryimage"},"thumbnailUrl":"https:\/\/batijournal.com\/wp-content\/uploads\/2016\/02\/jacques-chanut-emmanuelle-cosse.jpg","keywords":["ffb","ministere du logement"],"articleSection":["Actualit\u00e9s","\u00c9conomie &amp; March\u00e9s"],"inLanguage":"fr-FR"},{"@type":"WebPage","@id":"https:\/\/batijournal.com\/index.php\/toute-lattention-du-gouvernement-repose-sur-le-secteur-de-la-construction\/91512\/","url":"https:\/\/batijournal.com\/index.php\/toute-lattention-du-gouvernement-repose-sur-le-secteur-de-la-construction\/91512\/","name":"Rencontre FFB \/ ministre du logement : \"Toute l\u2019attention du Gouvernement repose sur le secteur de la construction\"","isPartOf":{"@id":"https:\/\/batijournal.com\/#website"},"primaryImageOfPage":{"@id":"https:\/\/batijournal.com\/index.php\/toute-lattention-du-gouvernement-repose-sur-le-secteur-de-la-construction\/91512\/#primaryimage"},"image":{"@id":"https:\/\/batijournal.com\/index.php\/toute-lattention-du-gouvernement-repose-sur-le-secteur-de-la-construction\/91512\/#primaryimage"},"thumbnailUrl":"https:\/\/batijournal.com\/wp-content\/uploads\/2016\/02\/jacques-chanut-emmanuelle-cosse.jpg","datePublished":"2016-02-18T14:49:23+00:00","dateModified":"2019-07-15T10:04:05+00:00","author":{"@id":"https:\/\/batijournal.com\/#\/schema\/person\/1dc96ec6957aa1ccb25ebe78bb19f100"},"breadcrumb":{"@id":"https:\/\/batijournal.com\/index.php\/toute-lattention-du-gouvernement-repose-sur-le-secteur-de-la-construction\/91512\/#breadcrumb"},"inLanguage":"fr-FR","potentialAction":[{"@type":"ReadAction","target":["https:\/\/batijournal.com\/index.php\/toute-lattention-du-gouvernement-repose-sur-le-secteur-de-la-construction\/91512\/"]}]},{"@type":"ImageObject","inLanguage":"fr-FR","@id":"https:\/\/batijournal.com\/index.php\/toute-lattention-du-gouvernement-repose-sur-le-secteur-de-la-construction\/91512\/#primaryimage","url":"https:\/\/batijournal.com\/wp-content\/uploads\/2016\/02\/jacques-chanut-emmanuelle-cosse.jpg","contentUrl":"https:\/\/batijournal.com\/wp-content\/uploads\/2016\/02\/jacques-chanut-emmanuelle-cosse.jpg","width":546,"height":369},{"@type":"BreadcrumbList","@id":"https:\/\/batijournal.com\/index.php\/toute-lattention-du-gouvernement-repose-sur-le-secteur-de-la-construction\/91512\/#breadcrumb","itemListElement":[{"@type":"ListItem","position":1,"name":"Accueil","item":"https:\/\/batijournal.com\/"},{"@type":"ListItem","position":2,"name":"Actualit\u00e9s","item":"https:\/\/batijournal.com\/index.php\/category\/actualites\/"},{"@type":"ListItem","position":3,"name":"\u00c9conomie &amp; March\u00e9s","item":"https:\/\/batijournal.com\/index.php\/category\/actualites\/economie-marches\/"},{"@type":"ListItem","position":4,"name":"Rencontre FFB \/ ministre du logement : \u00ab\u00a0Toute l\u2019attention du Gouvernement repose sur le secteur de la construction\u00a0\u00bb"}]},{"@type":"WebSite","@id":"https:\/\/batijournal.com\/#website","url":"https:\/\/batijournal.com\/","name":"Batijournal","description":"L&#039;actualit\u00e9 du b\u00e2timent","potentialAction":[{"@type":"SearchAction","target":{"@type":"EntryPoint","urlTemplate":"https:\/\/batijournal.com\/?s={search_term_string}"},"query-input":{"@type":"PropertyValueSpecification","valueRequired":true,"valueName":"search_term_string"}}],"inLanguage":"fr-FR"},{"@type":"Person","@id":"https:\/\/batijournal.com\/#\/schema\/person\/1dc96ec6957aa1ccb25ebe78bb19f100","name":"St\u00e9phane Miget","image":{"@type":"ImageObject","inLanguage":"fr-FR","@id":"https:\/\/secure.gravatar.com\/avatar\/89915563d925342126b8ef0281b93d9d7fc337043e8df017f780908eb9644451?s=96&d=mm&r=g","url":"https:\/\/secure.gravatar.com\/avatar\/89915563d925342126b8ef0281b93d9d7fc337043e8df017f780908eb9644451?s=96&d=mm&r=g","contentUrl":"https:\/\/secure.gravatar.com\/avatar\/89915563d925342126b8ef0281b93d9d7fc337043e8df017f780908eb9644451?s=96&d=mm&r=g","caption":"St\u00e9phane Miget"},"url":"https:\/\/batijournal.com\/index.php\/author\/stephane\/"}]}},"_links":{"self":[{"href":"https:\/\/batijournal.com\/index.php\/wp-json\/wp\/v2\/posts\/91512","targetHints":{"allow":["GET"]}}],"collection":[{"href":"https:\/\/batijournal.com\/index.php\/wp-json\/wp\/v2\/posts"}],"about":[{"href":"https:\/\/batijournal.com\/index.php\/wp-json\/wp\/v2\/types\/post"}],"author":[{"embeddable":true,"href":"https:\/\/batijournal.com\/index.php\/wp-json\/wp\/v2\/users\/17"}],"replies":[{"embeddable":true,"href":"https:\/\/batijournal.com\/index.php\/wp-json\/wp\/v2\/comments?post=91512"}],"version-history":[{"count":0,"href":"https:\/\/batijournal.com\/index.php\/wp-json\/wp\/v2\/posts\/91512\/revisions"}],"wp:featuredmedia":[{"embeddable":true,"href":"https:\/\/batijournal.com\/index.php\/wp-json\/wp\/v2\/media\/91513"}],"wp:attachment":[{"href":"https:\/\/batijournal.com\/index.php\/wp-json\/wp\/v2\/media?parent=91512"}],"wp:term":[{"taxonomy":"category","embeddable":true,"href":"https:\/\/batijournal.com\/index.php\/wp-json\/wp\/v2\/categories?post=91512"},{"taxonomy":"post_tag","embeddable":true,"href":"https:\/\/batijournal.com\/index.php\/wp-json\/wp\/v2\/tags?post=91512"}],"curies":[{"name":"wp","href":"https:\/\/api.w.org\/{rel}","templated":true}]}}