{"id":91537,"date":"2016-02-22T05:13:53","date_gmt":"2016-02-22T04:13:53","guid":{"rendered":"http:\/\/batijournal.com\/?p=91537"},"modified":"2019-07-15T12:04:05","modified_gmt":"2019-07-15T10:04:05","slug":"la-capeb-fait-5-preconisations-a-emmanuelle-cosse","status":"publish","type":"post","link":"https:\/\/batijournal.com\/index.php\/la-capeb-fait-5-preconisations-a-emmanuelle-cosse\/91537\/","title":{"rendered":"La Capeb fait 5 pr\u00e9conisations \u00e0 Emmanuelle Cosse"},"content":{"rendered":"<p><strong>Patrick Li\u00e9bus, Pr\u00e9sident de la CAPEB a rencontr\u00e9 Emmanuelle Cosse, Ministre du Logement et de l\u2019Habitat Durable, afin de lui pr\u00e9senter en cinq points les chantiers prioritaires pour que la politique du Logement soutienne le B\u00e2timent.<\/strong><\/p>\n<ol>\n<li>Assurer la stabilit\u00e9 en p\u00e9rennisant notamment les mesures d\u2019accompagnement actuelles en faveur du financement de travaux au-del\u00e0 de 2016 (CITE, pr\u00eat \u00e0 taux 0,\u2026). Envisager une extension de la TVA \u00e0 taux r\u00e9duit (actuellement applicable pour les travaux de r\u00e9novation \u00e9nerg\u00e9tique) aux travaux d\u2019adaptabilit\u00e9 du logement voire \u00e0 l\u2019ensemble des travaux, car celle-ci est cr\u00e9atrice d\u2019emploi (50 000 emplois cr\u00e9\u00e9s en 1999\/2000).<\/li>\n<li>Poursuivre les travaux de simplification engag\u00e9s et ne pas ajouter de nouvelle r\u00e9glementation \u00e0 un secteur qui en comporte beaucoup.<\/li>\n<li>Mobiliser les partenaires financiers des TPE (banques, BPI)<br \/>\n&#8211; Pour assurer une distribution efficace de l\u2019ECO PTZ (banques)<br \/>\n&#8211; Pour faciliter l\u2019obtention d\u2019un cr\u00e9dit de tr\u00e9sorerie pour les TPE (BPI)<\/li>\n<li>Mettre en \u0153uvre une \u00ab grande politique de petits travaux \u00bb en renfor\u00e7ant notamment les moyens de l\u2019ANAH et en mettant en \u0153uvre des campagnes de sensibilisation des particuliers \u00e0 la r\u00e9novation \u00e9nerg\u00e9tique et \u00e0 l\u2019adaptabilit\u00e9 des logements.<\/li>\n<li>Accro\u00eetre la part des TPE dans les march\u00e9s publics. La CAPEB souhaite faire que le principe d\u2019allotissement soit intangible et ne s\u2019applique pas uniquement sous certaines conditions ou avec des d\u00e9rogations trop nombreuses ; instaurer une m\u00e9thode de d\u00e9tection obligatoire des offres anormalement basses et exiger la fourniture et la justification du co\u00fbt horaire de main d\u2019\u0153uvre dans tous les appels d\u2019offres publics ; \u00e9tendre les march\u00e9s lab\u00e9lis\u00e9s March\u00e9s Publics Simplifi\u00e9s (MPS) ; rehausser le seuil de limitation des march\u00e9s de partenariat \u00e0 50 millions d\u2019euros HT (contre 5 millions actuellement) pour les r\u00e9server aux grands travaux<\/li>\n<\/ol>\n","protected":false},"excerpt":{"rendered":"<p>Patrick Li\u00e9bus, Pr\u00e9sident de la CAPEB a rencontr\u00e9 Emmanuelle Cosse, Ministre du Logement et de l\u2019Habitat Durable, afin de lui pr\u00e9senter en cinq points les chantiers prioritaires pour que la politique du Logement soutienne le B\u00e2timent. Assurer la stabilit\u00e9 en p\u00e9rennisant notamment les mesures d\u2019accompagnement actuelles en faveur du financement de travaux au-del\u00e0 de 2016 [&hellip;]<\/p>\n","protected":false},"author":17,"featured_media":91538,"comment_status":"closed","ping_status":"closed","sticky":false,"template":"","format":"standard","meta":{"_et_pb_use_builder":"","_et_pb_old_content":"","_et_gb_content_width":"","footnotes":""},"categories":[10530,6345],"tags":[647],"class_list":["post-91537","post","type-post","status-publish","format-standard","has-post-thumbnail","hentry","category-actualites","category-economie-marches","tag-capeb"],"yoast_head":"<!-- This site is optimized with the Yoast SEO plugin v27.4 - https:\/\/yoast.com\/product\/yoast-seo-wordpress\/ -->\n<title>La Capeb fait 5 pr\u00e9conisations \u00e0 Emmanuelle Cosse<\/title>\n<meta name=\"robots\" content=\"index, follow, max-snippet:-1, max-image-preview:large, max-video-preview:-1\" \/>\n<link rel=\"canonical\" href=\"https:\/\/batijournal.com\/index.php\/la-capeb-fait-5-preconisations-a-emmanuelle-cosse\/91537\/\" \/>\n<meta property=\"og:locale\" content=\"fr_FR\" \/>\n<meta property=\"og:type\" content=\"article\" \/>\n<meta property=\"og:title\" content=\"La Capeb fait 5 pr\u00e9conisations \u00e0 Emmanuelle Cosse\" \/>\n<meta property=\"og:description\" content=\"Patrick Li\u00e9bus, Pr\u00e9sident de la CAPEB a rencontr\u00e9 Emmanuelle Cosse, Ministre du Logement et de l\u2019Habitat Durable, afin de lui pr\u00e9senter en cinq points les chantiers prioritaires pour que la politique du Logement soutienne le B\u00e2timent. Assurer la stabilit\u00e9 en p\u00e9rennisant notamment les mesures d\u2019accompagnement actuelles en faveur du financement de travaux au-del\u00e0 de 2016 [&hellip;]\" \/>\n<meta property=\"og:url\" content=\"https:\/\/batijournal.com\/index.php\/la-capeb-fait-5-preconisations-a-emmanuelle-cosse\/91537\/\" \/>\n<meta property=\"og:site_name\" content=\"Batijournal\" \/>\n<meta property=\"article:published_time\" content=\"2016-02-22T04:13:53+00:00\" \/>\n<meta property=\"article:modified_time\" content=\"2019-07-15T10:04:05+00:00\" \/>\n<meta property=\"og:image\" content=\"https:\/\/batijournal.com\/wp-content\/uploads\/2016\/02\/patrick-liebus-capeb-emmanuelle-cosse-ministre-du-logement.jpg\" \/>\n\t<meta property=\"og:image:width\" content=\"600\" \/>\n\t<meta property=\"og:image:height\" content=\"401\" \/>\n\t<meta property=\"og:image:type\" content=\"image\/jpeg\" \/>\n<meta name=\"author\" content=\"St\u00e9phane Miget\" \/>\n<meta name=\"twitter:card\" content=\"summary_large_image\" \/>\n<meta name=\"twitter:creator\" content=\"@bati_journal\" \/>\n<meta name=\"twitter:site\" content=\"@bati_journal\" \/>\n<meta name=\"twitter:label1\" content=\"\u00c9crit par\" \/>\n\t<meta name=\"twitter:data1\" content=\"St\u00e9phane Miget\" \/>\n\t<meta name=\"twitter:label2\" content=\"Dur\u00e9e de lecture estim\u00e9e\" \/>\n\t<meta name=\"twitter:data2\" content=\"2 minutes\" \/>\n<script type=\"application\/ld+json\" class=\"yoast-schema-graph\">{\"@context\":\"https:\\\/\\\/schema.org\",\"@graph\":[{\"@type\":\"Article\",\"@id\":\"https:\\\/\\\/batijournal.com\\\/index.php\\\/la-capeb-fait-5-preconisations-a-emmanuelle-cosse\\\/91537\\\/#article\",\"isPartOf\":{\"@id\":\"https:\\\/\\\/batijournal.com\\\/index.php\\\/la-capeb-fait-5-preconisations-a-emmanuelle-cosse\\\/91537\\\/\"},\"author\":{\"name\":\"St\u00e9phane Miget\",\"@id\":\"https:\\\/\\\/batijournal.com\\\/#\\\/schema\\\/person\\\/1dc96ec6957aa1ccb25ebe78bb19f100\"},\"headline\":\"La Capeb fait 5 pr\u00e9conisations \u00e0 Emmanuelle Cosse\",\"datePublished\":\"2016-02-22T04:13:53+00:00\",\"dateModified\":\"2019-07-15T10:04:05+00:00\",\"mainEntityOfPage\":{\"@id\":\"https:\\\/\\\/batijournal.com\\\/index.php\\\/la-capeb-fait-5-preconisations-a-emmanuelle-cosse\\\/91537\\\/\"},\"wordCount\":317,\"image\":{\"@id\":\"https:\\\/\\\/batijournal.com\\\/index.php\\\/la-capeb-fait-5-preconisations-a-emmanuelle-cosse\\\/91537\\\/#primaryimage\"},\"thumbnailUrl\":\"https:\\\/\\\/batijournal.com\\\/wp-content\\\/uploads\\\/2016\\\/02\\\/patrick-liebus-capeb-emmanuelle-cosse-ministre-du-logement.jpg\",\"keywords\":[\"CAPEB\"],\"articleSection\":[\"Actualit\u00e9s\",\"\u00c9conomie &amp; March\u00e9s\"],\"inLanguage\":\"fr-FR\"},{\"@type\":\"WebPage\",\"@id\":\"https:\\\/\\\/batijournal.com\\\/index.php\\\/la-capeb-fait-5-preconisations-a-emmanuelle-cosse\\\/91537\\\/\",\"url\":\"https:\\\/\\\/batijournal.com\\\/index.php\\\/la-capeb-fait-5-preconisations-a-emmanuelle-cosse\\\/91537\\\/\",\"name\":\"La Capeb fait 5 pr\u00e9conisations \u00e0 Emmanuelle Cosse\",\"isPartOf\":{\"@id\":\"https:\\\/\\\/batijournal.com\\\/#website\"},\"primaryImageOfPage\":{\"@id\":\"https:\\\/\\\/batijournal.com\\\/index.php\\\/la-capeb-fait-5-preconisations-a-emmanuelle-cosse\\\/91537\\\/#primaryimage\"},\"image\":{\"@id\":\"https:\\\/\\\/batijournal.com\\\/index.php\\\/la-capeb-fait-5-preconisations-a-emmanuelle-cosse\\\/91537\\\/#primaryimage\"},\"thumbnailUrl\":\"https:\\\/\\\/batijournal.com\\\/wp-content\\\/uploads\\\/2016\\\/02\\\/patrick-liebus-capeb-emmanuelle-cosse-ministre-du-logement.jpg\",\"datePublished\":\"2016-02-22T04:13:53+00:00\",\"dateModified\":\"2019-07-15T10:04:05+00:00\",\"author\":{\"@id\":\"https:\\\/\\\/batijournal.com\\\/#\\\/schema\\\/person\\\/1dc96ec6957aa1ccb25ebe78bb19f100\"},\"breadcrumb\":{\"@id\":\"https:\\\/\\\/batijournal.com\\\/index.php\\\/la-capeb-fait-5-preconisations-a-emmanuelle-cosse\\\/91537\\\/#breadcrumb\"},\"inLanguage\":\"fr-FR\",\"potentialAction\":[{\"@type\":\"ReadAction\",\"target\":[\"https:\\\/\\\/batijournal.com\\\/index.php\\\/la-capeb-fait-5-preconisations-a-emmanuelle-cosse\\\/91537\\\/\"]}]},{\"@type\":\"ImageObject\",\"inLanguage\":\"fr-FR\",\"@id\":\"https:\\\/\\\/batijournal.com\\\/index.php\\\/la-capeb-fait-5-preconisations-a-emmanuelle-cosse\\\/91537\\\/#primaryimage\",\"url\":\"https:\\\/\\\/batijournal.com\\\/wp-content\\\/uploads\\\/2016\\\/02\\\/patrick-liebus-capeb-emmanuelle-cosse-ministre-du-logement.jpg\",\"contentUrl\":\"https:\\\/\\\/batijournal.com\\\/wp-content\\\/uploads\\\/2016\\\/02\\\/patrick-liebus-capeb-emmanuelle-cosse-ministre-du-logement.jpg\",\"width\":600,\"height\":401,\"caption\":\"Patrick Liebus Emmanuelle Cosse\"},{\"@type\":\"BreadcrumbList\",\"@id\":\"https:\\\/\\\/batijournal.com\\\/index.php\\\/la-capeb-fait-5-preconisations-a-emmanuelle-cosse\\\/91537\\\/#breadcrumb\",\"itemListElement\":[{\"@type\":\"ListItem\",\"position\":1,\"name\":\"Accueil\",\"item\":\"https:\\\/\\\/batijournal.com\\\/\"},{\"@type\":\"ListItem\",\"position\":2,\"name\":\"Actualit\u00e9s\",\"item\":\"https:\\\/\\\/batijournal.com\\\/index.php\\\/category\\\/actualites\\\/\"},{\"@type\":\"ListItem\",\"position\":3,\"name\":\"\u00c9conomie &amp; March\u00e9s\",\"item\":\"https:\\\/\\\/batijournal.com\\\/index.php\\\/category\\\/actualites\\\/economie-marches\\\/\"},{\"@type\":\"ListItem\",\"position\":4,\"name\":\"La Capeb fait 5 pr\u00e9conisations \u00e0 Emmanuelle Cosse\"}]},{\"@type\":\"WebSite\",\"@id\":\"https:\\\/\\\/batijournal.com\\\/#website\",\"url\":\"https:\\\/\\\/batijournal.com\\\/\",\"name\":\"Batijournal\",\"description\":\"L&#039;actualit\u00e9 du b\u00e2timent\",\"potentialAction\":[{\"@type\":\"SearchAction\",\"target\":{\"@type\":\"EntryPoint\",\"urlTemplate\":\"https:\\\/\\\/batijournal.com\\\/?s={search_term_string}\"},\"query-input\":{\"@type\":\"PropertyValueSpecification\",\"valueRequired\":true,\"valueName\":\"search_term_string\"}}],\"inLanguage\":\"fr-FR\"},{\"@type\":\"Person\",\"@id\":\"https:\\\/\\\/batijournal.com\\\/#\\\/schema\\\/person\\\/1dc96ec6957aa1ccb25ebe78bb19f100\",\"name\":\"St\u00e9phane Miget\",\"image\":{\"@type\":\"ImageObject\",\"inLanguage\":\"fr-FR\",\"@id\":\"https:\\\/\\\/secure.gravatar.com\\\/avatar\\\/89915563d925342126b8ef0281b93d9d7fc337043e8df017f780908eb9644451?s=96&d=mm&r=g\",\"url\":\"https:\\\/\\\/secure.gravatar.com\\\/avatar\\\/89915563d925342126b8ef0281b93d9d7fc337043e8df017f780908eb9644451?s=96&d=mm&r=g\",\"contentUrl\":\"https:\\\/\\\/secure.gravatar.com\\\/avatar\\\/89915563d925342126b8ef0281b93d9d7fc337043e8df017f780908eb9644451?s=96&d=mm&r=g\",\"caption\":\"St\u00e9phane Miget\"},\"url\":\"https:\\\/\\\/batijournal.com\\\/index.php\\\/author\\\/stephane\\\/\"}]}<\/script>\n<!-- \/ Yoast SEO plugin. -->","yoast_head_json":{"title":"La Capeb fait 5 pr\u00e9conisations \u00e0 Emmanuelle Cosse","robots":{"index":"index","follow":"follow","max-snippet":"max-snippet:-1","max-image-preview":"max-image-preview:large","max-video-preview":"max-video-preview:-1"},"canonical":"https:\/\/batijournal.com\/index.php\/la-capeb-fait-5-preconisations-a-emmanuelle-cosse\/91537\/","og_locale":"fr_FR","og_type":"article","og_title":"La Capeb fait 5 pr\u00e9conisations \u00e0 Emmanuelle Cosse","og_description":"Patrick Li\u00e9bus, Pr\u00e9sident de la CAPEB a rencontr\u00e9 Emmanuelle Cosse, Ministre du Logement et de l\u2019Habitat Durable, afin de lui pr\u00e9senter en cinq points les chantiers prioritaires pour que la politique du Logement soutienne le B\u00e2timent. Assurer la stabilit\u00e9 en p\u00e9rennisant notamment les mesures d\u2019accompagnement actuelles en faveur du financement de travaux au-del\u00e0 de 2016 [&hellip;]","og_url":"https:\/\/batijournal.com\/index.php\/la-capeb-fait-5-preconisations-a-emmanuelle-cosse\/91537\/","og_site_name":"Batijournal","article_published_time":"2016-02-22T04:13:53+00:00","article_modified_time":"2019-07-15T10:04:05+00:00","og_image":[{"width":600,"height":401,"url":"https:\/\/batijournal.com\/wp-content\/uploads\/2016\/02\/patrick-liebus-capeb-emmanuelle-cosse-ministre-du-logement.jpg","type":"image\/jpeg"}],"author":"St\u00e9phane Miget","twitter_card":"summary_large_image","twitter_creator":"@bati_journal","twitter_site":"@bati_journal","twitter_misc":{"\u00c9crit par":"St\u00e9phane Miget","Dur\u00e9e de lecture estim\u00e9e":"2 minutes"},"schema":{"@context":"https:\/\/schema.org","@graph":[{"@type":"Article","@id":"https:\/\/batijournal.com\/index.php\/la-capeb-fait-5-preconisations-a-emmanuelle-cosse\/91537\/#article","isPartOf":{"@id":"https:\/\/batijournal.com\/index.php\/la-capeb-fait-5-preconisations-a-emmanuelle-cosse\/91537\/"},"author":{"name":"St\u00e9phane Miget","@id":"https:\/\/batijournal.com\/#\/schema\/person\/1dc96ec6957aa1ccb25ebe78bb19f100"},"headline":"La Capeb fait 5 pr\u00e9conisations \u00e0 Emmanuelle Cosse","datePublished":"2016-02-22T04:13:53+00:00","dateModified":"2019-07-15T10:04:05+00:00","mainEntityOfPage":{"@id":"https:\/\/batijournal.com\/index.php\/la-capeb-fait-5-preconisations-a-emmanuelle-cosse\/91537\/"},"wordCount":317,"image":{"@id":"https:\/\/batijournal.com\/index.php\/la-capeb-fait-5-preconisations-a-emmanuelle-cosse\/91537\/#primaryimage"},"thumbnailUrl":"https:\/\/batijournal.com\/wp-content\/uploads\/2016\/02\/patrick-liebus-capeb-emmanuelle-cosse-ministre-du-logement.jpg","keywords":["CAPEB"],"articleSection":["Actualit\u00e9s","\u00c9conomie &amp; March\u00e9s"],"inLanguage":"fr-FR"},{"@type":"WebPage","@id":"https:\/\/batijournal.com\/index.php\/la-capeb-fait-5-preconisations-a-emmanuelle-cosse\/91537\/","url":"https:\/\/batijournal.com\/index.php\/la-capeb-fait-5-preconisations-a-emmanuelle-cosse\/91537\/","name":"La Capeb fait 5 pr\u00e9conisations \u00e0 Emmanuelle Cosse","isPartOf":{"@id":"https:\/\/batijournal.com\/#website"},"primaryImageOfPage":{"@id":"https:\/\/batijournal.com\/index.php\/la-capeb-fait-5-preconisations-a-emmanuelle-cosse\/91537\/#primaryimage"},"image":{"@id":"https:\/\/batijournal.com\/index.php\/la-capeb-fait-5-preconisations-a-emmanuelle-cosse\/91537\/#primaryimage"},"thumbnailUrl":"https:\/\/batijournal.com\/wp-content\/uploads\/2016\/02\/patrick-liebus-capeb-emmanuelle-cosse-ministre-du-logement.jpg","datePublished":"2016-02-22T04:13:53+00:00","dateModified":"2019-07-15T10:04:05+00:00","author":{"@id":"https:\/\/batijournal.com\/#\/schema\/person\/1dc96ec6957aa1ccb25ebe78bb19f100"},"breadcrumb":{"@id":"https:\/\/batijournal.com\/index.php\/la-capeb-fait-5-preconisations-a-emmanuelle-cosse\/91537\/#breadcrumb"},"inLanguage":"fr-FR","potentialAction":[{"@type":"ReadAction","target":["https:\/\/batijournal.com\/index.php\/la-capeb-fait-5-preconisations-a-emmanuelle-cosse\/91537\/"]}]},{"@type":"ImageObject","inLanguage":"fr-FR","@id":"https:\/\/batijournal.com\/index.php\/la-capeb-fait-5-preconisations-a-emmanuelle-cosse\/91537\/#primaryimage","url":"https:\/\/batijournal.com\/wp-content\/uploads\/2016\/02\/patrick-liebus-capeb-emmanuelle-cosse-ministre-du-logement.jpg","contentUrl":"https:\/\/batijournal.com\/wp-content\/uploads\/2016\/02\/patrick-liebus-capeb-emmanuelle-cosse-ministre-du-logement.jpg","width":600,"height":401,"caption":"Patrick Liebus Emmanuelle Cosse"},{"@type":"BreadcrumbList","@id":"https:\/\/batijournal.com\/index.php\/la-capeb-fait-5-preconisations-a-emmanuelle-cosse\/91537\/#breadcrumb","itemListElement":[{"@type":"ListItem","position":1,"name":"Accueil","item":"https:\/\/batijournal.com\/"},{"@type":"ListItem","position":2,"name":"Actualit\u00e9s","item":"https:\/\/batijournal.com\/index.php\/category\/actualites\/"},{"@type":"ListItem","position":3,"name":"\u00c9conomie &amp; March\u00e9s","item":"https:\/\/batijournal.com\/index.php\/category\/actualites\/economie-marches\/"},{"@type":"ListItem","position":4,"name":"La Capeb fait 5 pr\u00e9conisations \u00e0 Emmanuelle Cosse"}]},{"@type":"WebSite","@id":"https:\/\/batijournal.com\/#website","url":"https:\/\/batijournal.com\/","name":"Batijournal","description":"L&#039;actualit\u00e9 du b\u00e2timent","potentialAction":[{"@type":"SearchAction","target":{"@type":"EntryPoint","urlTemplate":"https:\/\/batijournal.com\/?s={search_term_string}"},"query-input":{"@type":"PropertyValueSpecification","valueRequired":true,"valueName":"search_term_string"}}],"inLanguage":"fr-FR"},{"@type":"Person","@id":"https:\/\/batijournal.com\/#\/schema\/person\/1dc96ec6957aa1ccb25ebe78bb19f100","name":"St\u00e9phane Miget","image":{"@type":"ImageObject","inLanguage":"fr-FR","@id":"https:\/\/secure.gravatar.com\/avatar\/89915563d925342126b8ef0281b93d9d7fc337043e8df017f780908eb9644451?s=96&d=mm&r=g","url":"https:\/\/secure.gravatar.com\/avatar\/89915563d925342126b8ef0281b93d9d7fc337043e8df017f780908eb9644451?s=96&d=mm&r=g","contentUrl":"https:\/\/secure.gravatar.com\/avatar\/89915563d925342126b8ef0281b93d9d7fc337043e8df017f780908eb9644451?s=96&d=mm&r=g","caption":"St\u00e9phane Miget"},"url":"https:\/\/batijournal.com\/index.php\/author\/stephane\/"}]}},"_links":{"self":[{"href":"https:\/\/batijournal.com\/index.php\/wp-json\/wp\/v2\/posts\/91537","targetHints":{"allow":["GET"]}}],"collection":[{"href":"https:\/\/batijournal.com\/index.php\/wp-json\/wp\/v2\/posts"}],"about":[{"href":"https:\/\/batijournal.com\/index.php\/wp-json\/wp\/v2\/types\/post"}],"author":[{"embeddable":true,"href":"https:\/\/batijournal.com\/index.php\/wp-json\/wp\/v2\/users\/17"}],"replies":[{"embeddable":true,"href":"https:\/\/batijournal.com\/index.php\/wp-json\/wp\/v2\/comments?post=91537"}],"version-history":[{"count":0,"href":"https:\/\/batijournal.com\/index.php\/wp-json\/wp\/v2\/posts\/91537\/revisions"}],"wp:featuredmedia":[{"embeddable":true,"href":"https:\/\/batijournal.com\/index.php\/wp-json\/wp\/v2\/media\/91538"}],"wp:attachment":[{"href":"https:\/\/batijournal.com\/index.php\/wp-json\/wp\/v2\/media?parent=91537"}],"wp:term":[{"taxonomy":"category","embeddable":true,"href":"https:\/\/batijournal.com\/index.php\/wp-json\/wp\/v2\/categories?post=91537"},{"taxonomy":"post_tag","embeddable":true,"href":"https:\/\/batijournal.com\/index.php\/wp-json\/wp\/v2\/tags?post=91537"}],"curies":[{"name":"wp","href":"https:\/\/api.w.org\/{rel}","templated":true}]}}