{"id":91559,"date":"2016-02-24T08:18:18","date_gmt":"2016-02-24T07:18:18","guid":{"rendered":"http:\/\/batijournal.com\/?p=91559"},"modified":"2019-07-15T11:16:57","modified_gmt":"2019-07-15T09:16:57","slug":"les-francais-sont-tres-attaches-au-patrimoine-de-proximite","status":"publish","type":"post","link":"https:\/\/batijournal.com\/index.php\/les-francais-sont-tres-attaches-au-patrimoine-de-proximite\/91559\/","title":{"rendered":"Les Fran\u00e7ais sont tr\u00e8s attach\u00e9s au patrimoine de proximit\u00e9"},"content":{"rendered":"<p><strong>Selon les r\u00e9sultats de l\u2019\u00e9tude Caisse d\u2019Epargne pour la Fondation du patrimoine \u00abLes Fran\u00e7ais et le patrimoine de proximit\u00e9 \u00bb, r\u00e9alis\u00e9e \u00e0 l\u2019occasion de ses 20 ans, les Fran\u00e7ais sont attach\u00e9s \u00e0 leur patrimoine de proximit\u00e9 et sont pr\u00eats \u00e0 y consacrer du temps.<\/strong><\/p>\n<h2>Les enjeux de la protection, l\u2019entretien et la restauration du patrimoine de proximit\u00e9<\/h2>\n<p>Pour 67 % des Fran\u00e7ais il y a urgence \u00e0 prot\u00e9ger, entretenir et restaurer le patrimoine de proximit\u00e9. Un chiffre qui reste stable depuis 20 ans, alors qu\u2019ils sont de plus en plus nombreux (32 % en 2016 contre 26 % en 1996) \u00e0 penser que la France prend du retard dans ce domaine par rapport aux autres pays europ\u00e9ens.<\/p>\n<p>Marque de leur fort attachement au patrimoine de proximit\u00e9, plus d\u2019un Fran\u00e7ais sur deux (55 %) se d\u00e9clare pr\u00eat \u00e0 consacrer du temps \u00e0 sa protection, son entretien et sa valorisation. Il y a, en effet, pour les Fran\u00e7ais de nombreux enjeux autour du patrimoine de proximit\u00e9 : il fait \u00ab partie int\u00e9grante de l\u2019identit\u00e9 culturelle et permet de transmettre la m\u00e9moire \u00bb (pour 97 % des Fran\u00e7ais), il est un \u00ab enjeu \u00e9conomique pour le tourisme \u00bb (94 %), il doit avoir \u00ab une utilit\u00e9 sociale et culturelle \u00bb (93 %) et il contribue au \u00ab rayonnement de la France dans le monde \u00bb (92 %).<\/p>\n<p>Ils pl\u00e9biscitent 5 grands univers :<\/p>\n<ul>\n<li>le patrimoine li\u00e9 \u00e0 l\u2019eau (ponts, puits, lavoirs, moulins, phares&#8230;),<\/li>\n<li>les chantiers de formation aux m\u00e9tiers de la restauration (ferronnerie, taille de pierre, menuiserie),<\/li>\n<li>le patrimoine mobilier (objets de mus\u00e9es, tableaux, meubles&#8230;),<\/li>\n<li>les \u00e9difices et objets religieux,\u00a071 % des se d\u00e9clarant de confession catholique sont favorables \u00e0 la r\u00e9habilitation des \u00e9glises non entretenues en b\u00e2timents civils<\/li>\n<li>le patrimoine industriel,\u00a064 % regrettent que le patrimoine industriel ne soit pas suffisamment mis\u00a0en valeur.<\/li>\n<\/ul>\n<h2>Les acteurs du patrimoine de proximit\u00e9 : l\u2019importance croissante des associations et fondations priv\u00e9es<\/h2>\n<p>Dans le classement des acteurs les plus importants pour la protection, l\u2019entretien et la valorisation du patrimoine de proximit\u00e9, les associations et fondations priv\u00e9es deviennent le deuxi\u00e8me acteur (cit\u00e9s par 92 % des Fran\u00e7ais), aux c\u00f4t\u00e9s des collectivit\u00e9s locales (94 %) et devant l\u2019Etat (91 %), suivi par les banques r\u00e9gionales (84 %). 93 % des Fran\u00e7ais jugent, d\u2019ailleurs, de mani\u00e8re positive le financement de la restauration et la protection du patrimoine de proximit\u00e9 par des fondations soutenues par des fonds priv\u00e9s, confirmant leur r\u00f4le d\u2019acteur de premier ordre. La Fondation du patrimoine b\u00e9n\u00e9ficie d\u2019une notori\u00e9t\u00e9 assist\u00e9e en hausse de 30 points en 20 ans (en 2016, 48 % des sond\u00e9s ont entendu parler de la Fondation du patrimoine, contre 18 % en 1996), 79 % lui font confiance pour bien utiliser les ressources issus des dons et 91% consid\u00e8rent qu\u2019elle est utile \u00e0 la pr\u00e9servation du patrimoine (dont 29% la jugent indispensable).<\/p>\n<h2>Les nouvelles technologies au service du patrimoine de proximit\u00e9<\/h2>\n<p>Les associations et fondations peuvent compter sur les nouvelles technologies pour r\u00e9colter des dons. 59 % des Fran\u00e7ais ont d\u00e9j\u00e0 entendu parler des plateformes de dons en ligne et 23 % d\u2019entre eux ont d\u00e9j\u00e0 fait un don via le crowdfunding.\u00a0Le crowdfunding b\u00e9n\u00e9ficie d\u2019une forte confiance, y compris parmi les interrog\u00e9s qui n\u2019ont jamais fait de don via une plateforme en ligne : ils sont 61 % \u00e0 d\u00e9clarer faire confiance \u00e0 ce mode de financement.<\/p>\n<p>Les sond\u00e9s souhaitent, par ailleurs, d\u2019\u00eatre inform\u00e9s sur le patrimoine de proximit\u00e9 avec les moyens de communication actuels et grands publics tels qu\u2019Internet et les \u00e9missions de t\u00e9l\u00e9vision (reportages, d\u00e9couverte, jeux&#8230;), confirmant ainsi la modernit\u00e9 et la popularit\u00e9 du patrimoine de proximit\u00e9.<\/p>\n","protected":false},"excerpt":{"rendered":"<p>Selon les r\u00e9sultats de l\u2019\u00e9tude Caisse d\u2019Epargne pour la Fondation du patrimoine \u00abLes Fran\u00e7ais et le patrimoine de proximit\u00e9 \u00bb, r\u00e9alis\u00e9e \u00e0 l\u2019occasion de ses 20 ans, les Fran\u00e7ais sont attach\u00e9s \u00e0 leur patrimoine de proximit\u00e9 et sont pr\u00eats \u00e0 y consacrer du temps. Les enjeux de la protection, l\u2019entretien et la restauration du patrimoine [&hellip;]<\/p>\n","protected":false},"author":17,"featured_media":91560,"comment_status":"closed","ping_status":"closed","sticky":false,"template":"","format":"standard","meta":{"_et_pb_use_builder":"","_et_pb_old_content":"","_et_gb_content_width":"","footnotes":""},"categories":[10736,10530,6340],"tags":[5905,6376,11042],"class_list":["post-91559","post","type-post","status-publish","format-standard","has-post-thumbnail","hentry","category-a-la-une","category-actualites","category-architecture-conception","tag-fondation-du-patrimoine","tag-monument-historique","tag-patrimoine"],"yoast_head":"<!-- This site is optimized with the Yoast SEO plugin v27.4 - https:\/\/yoast.com\/product\/yoast-seo-wordpress\/ -->\n<title>Les Fran\u00e7ais sont tr\u00e8s attach\u00e9s au patrimoine de proximit\u00e9<\/title>\n<meta name=\"robots\" content=\"index, follow, max-snippet:-1, max-image-preview:large, max-video-preview:-1\" \/>\n<link rel=\"canonical\" href=\"https:\/\/batijournal.com\/index.php\/les-francais-sont-tres-attaches-au-patrimoine-de-proximite\/91559\/\" \/>\n<meta property=\"og:locale\" content=\"fr_FR\" \/>\n<meta property=\"og:type\" content=\"article\" \/>\n<meta property=\"og:title\" content=\"Les Fran\u00e7ais sont tr\u00e8s attach\u00e9s au patrimoine de proximit\u00e9\" \/>\n<meta property=\"og:description\" content=\"Selon les r\u00e9sultats de l\u2019\u00e9tude Caisse d\u2019Epargne pour la Fondation du patrimoine \u00abLes Fran\u00e7ais et le patrimoine de proximit\u00e9 \u00bb, r\u00e9alis\u00e9e \u00e0 l\u2019occasion de ses 20 ans, les Fran\u00e7ais sont attach\u00e9s \u00e0 leur patrimoine de proximit\u00e9 et sont pr\u00eats \u00e0 y consacrer du temps. Les enjeux de la protection, l\u2019entretien et la restauration du patrimoine [&hellip;]\" \/>\n<meta property=\"og:url\" content=\"https:\/\/batijournal.com\/index.php\/les-francais-sont-tres-attaches-au-patrimoine-de-proximite\/91559\/\" \/>\n<meta property=\"og:site_name\" content=\"Batijournal\" \/>\n<meta property=\"article:published_time\" content=\"2016-02-24T07:18:18+00:00\" \/>\n<meta property=\"article:modified_time\" content=\"2019-07-15T09:16:57+00:00\" \/>\n<meta property=\"og:image\" content=\"https:\/\/batijournal.com\/wp-content\/uploads\/2016\/02\/patrimoine-de-proximite.jpg\" \/>\n\t<meta property=\"og:image:width\" content=\"1024\" \/>\n\t<meta property=\"og:image:height\" content=\"683\" \/>\n\t<meta property=\"og:image:type\" content=\"image\/jpeg\" \/>\n<meta name=\"author\" content=\"St\u00e9phane Miget\" \/>\n<meta name=\"twitter:card\" content=\"summary_large_image\" \/>\n<meta name=\"twitter:creator\" content=\"@bati_journal\" \/>\n<meta name=\"twitter:site\" content=\"@bati_journal\" \/>\n<meta name=\"twitter:label1\" content=\"\u00c9crit par\" \/>\n\t<meta name=\"twitter:data1\" content=\"St\u00e9phane Miget\" \/>\n\t<meta name=\"twitter:label2\" content=\"Dur\u00e9e de lecture estim\u00e9e\" \/>\n\t<meta name=\"twitter:data2\" content=\"3 minutes\" \/>\n<script type=\"application\/ld+json\" class=\"yoast-schema-graph\">{\"@context\":\"https:\\\/\\\/schema.org\",\"@graph\":[{\"@type\":\"Article\",\"@id\":\"https:\\\/\\\/batijournal.com\\\/index.php\\\/les-francais-sont-tres-attaches-au-patrimoine-de-proximite\\\/91559\\\/#article\",\"isPartOf\":{\"@id\":\"https:\\\/\\\/batijournal.com\\\/index.php\\\/les-francais-sont-tres-attaches-au-patrimoine-de-proximite\\\/91559\\\/\"},\"author\":{\"name\":\"St\u00e9phane Miget\",\"@id\":\"https:\\\/\\\/batijournal.com\\\/#\\\/schema\\\/person\\\/1dc96ec6957aa1ccb25ebe78bb19f100\"},\"headline\":\"Les Fran\u00e7ais sont tr\u00e8s attach\u00e9s au patrimoine de proximit\u00e9\",\"datePublished\":\"2016-02-24T07:18:18+00:00\",\"dateModified\":\"2019-07-15T09:16:57+00:00\",\"mainEntityOfPage\":{\"@id\":\"https:\\\/\\\/batijournal.com\\\/index.php\\\/les-francais-sont-tres-attaches-au-patrimoine-de-proximite\\\/91559\\\/\"},\"wordCount\":609,\"image\":{\"@id\":\"https:\\\/\\\/batijournal.com\\\/index.php\\\/les-francais-sont-tres-attaches-au-patrimoine-de-proximite\\\/91559\\\/#primaryimage\"},\"thumbnailUrl\":\"https:\\\/\\\/batijournal.com\\\/wp-content\\\/uploads\\\/2016\\\/02\\\/patrimoine-de-proximite.jpg\",\"keywords\":[\"fondation du patrimoine\",\"monument historique\",\"patrimoine\"],\"articleSection\":[\"A la Une\",\"Actualit\u00e9s\",\"Architecture &amp; Conception\"],\"inLanguage\":\"fr-FR\"},{\"@type\":\"WebPage\",\"@id\":\"https:\\\/\\\/batijournal.com\\\/index.php\\\/les-francais-sont-tres-attaches-au-patrimoine-de-proximite\\\/91559\\\/\",\"url\":\"https:\\\/\\\/batijournal.com\\\/index.php\\\/les-francais-sont-tres-attaches-au-patrimoine-de-proximite\\\/91559\\\/\",\"name\":\"Les Fran\u00e7ais sont tr\u00e8s attach\u00e9s au patrimoine de proximit\u00e9\",\"isPartOf\":{\"@id\":\"https:\\\/\\\/batijournal.com\\\/#website\"},\"primaryImageOfPage\":{\"@id\":\"https:\\\/\\\/batijournal.com\\\/index.php\\\/les-francais-sont-tres-attaches-au-patrimoine-de-proximite\\\/91559\\\/#primaryimage\"},\"image\":{\"@id\":\"https:\\\/\\\/batijournal.com\\\/index.php\\\/les-francais-sont-tres-attaches-au-patrimoine-de-proximite\\\/91559\\\/#primaryimage\"},\"thumbnailUrl\":\"https:\\\/\\\/batijournal.com\\\/wp-content\\\/uploads\\\/2016\\\/02\\\/patrimoine-de-proximite.jpg\",\"datePublished\":\"2016-02-24T07:18:18+00:00\",\"dateModified\":\"2019-07-15T09:16:57+00:00\",\"author\":{\"@id\":\"https:\\\/\\\/batijournal.com\\\/#\\\/schema\\\/person\\\/1dc96ec6957aa1ccb25ebe78bb19f100\"},\"breadcrumb\":{\"@id\":\"https:\\\/\\\/batijournal.com\\\/index.php\\\/les-francais-sont-tres-attaches-au-patrimoine-de-proximite\\\/91559\\\/#breadcrumb\"},\"inLanguage\":\"fr-FR\",\"potentialAction\":[{\"@type\":\"ReadAction\",\"target\":[\"https:\\\/\\\/batijournal.com\\\/index.php\\\/les-francais-sont-tres-attaches-au-patrimoine-de-proximite\\\/91559\\\/\"]}]},{\"@type\":\"ImageObject\",\"inLanguage\":\"fr-FR\",\"@id\":\"https:\\\/\\\/batijournal.com\\\/index.php\\\/les-francais-sont-tres-attaches-au-patrimoine-de-proximite\\\/91559\\\/#primaryimage\",\"url\":\"https:\\\/\\\/batijournal.com\\\/wp-content\\\/uploads\\\/2016\\\/02\\\/patrimoine-de-proximite.jpg\",\"contentUrl\":\"https:\\\/\\\/batijournal.com\\\/wp-content\\\/uploads\\\/2016\\\/02\\\/patrimoine-de-proximite.jpg\",\"width\":1024,\"height\":683,\"caption\":\"infographie-patrimoine-en-peril\"},{\"@type\":\"BreadcrumbList\",\"@id\":\"https:\\\/\\\/batijournal.com\\\/index.php\\\/les-francais-sont-tres-attaches-au-patrimoine-de-proximite\\\/91559\\\/#breadcrumb\",\"itemListElement\":[{\"@type\":\"ListItem\",\"position\":1,\"name\":\"Accueil\",\"item\":\"https:\\\/\\\/batijournal.com\\\/\"},{\"@type\":\"ListItem\",\"position\":2,\"name\":\"Actualit\u00e9s\",\"item\":\"https:\\\/\\\/batijournal.com\\\/index.php\\\/category\\\/actualites\\\/\"},{\"@type\":\"ListItem\",\"position\":3,\"name\":\"Architecture &amp; Conception\",\"item\":\"https:\\\/\\\/batijournal.com\\\/index.php\\\/category\\\/actualites\\\/architecture-conception\\\/\"},{\"@type\":\"ListItem\",\"position\":4,\"name\":\"Les Fran\u00e7ais sont tr\u00e8s attach\u00e9s au patrimoine de proximit\u00e9\"}]},{\"@type\":\"WebSite\",\"@id\":\"https:\\\/\\\/batijournal.com\\\/#website\",\"url\":\"https:\\\/\\\/batijournal.com\\\/\",\"name\":\"Batijournal\",\"description\":\"L&#039;actualit\u00e9 du b\u00e2timent\",\"potentialAction\":[{\"@type\":\"SearchAction\",\"target\":{\"@type\":\"EntryPoint\",\"urlTemplate\":\"https:\\\/\\\/batijournal.com\\\/?s={search_term_string}\"},\"query-input\":{\"@type\":\"PropertyValueSpecification\",\"valueRequired\":true,\"valueName\":\"search_term_string\"}}],\"inLanguage\":\"fr-FR\"},{\"@type\":\"Person\",\"@id\":\"https:\\\/\\\/batijournal.com\\\/#\\\/schema\\\/person\\\/1dc96ec6957aa1ccb25ebe78bb19f100\",\"name\":\"St\u00e9phane Miget\",\"image\":{\"@type\":\"ImageObject\",\"inLanguage\":\"fr-FR\",\"@id\":\"https:\\\/\\\/secure.gravatar.com\\\/avatar\\\/89915563d925342126b8ef0281b93d9d7fc337043e8df017f780908eb9644451?s=96&d=mm&r=g\",\"url\":\"https:\\\/\\\/secure.gravatar.com\\\/avatar\\\/89915563d925342126b8ef0281b93d9d7fc337043e8df017f780908eb9644451?s=96&d=mm&r=g\",\"contentUrl\":\"https:\\\/\\\/secure.gravatar.com\\\/avatar\\\/89915563d925342126b8ef0281b93d9d7fc337043e8df017f780908eb9644451?s=96&d=mm&r=g\",\"caption\":\"St\u00e9phane Miget\"},\"url\":\"https:\\\/\\\/batijournal.com\\\/index.php\\\/author\\\/stephane\\\/\"}]}<\/script>\n<!-- \/ Yoast SEO plugin. -->","yoast_head_json":{"title":"Les Fran\u00e7ais sont tr\u00e8s attach\u00e9s au patrimoine de proximit\u00e9","robots":{"index":"index","follow":"follow","max-snippet":"max-snippet:-1","max-image-preview":"max-image-preview:large","max-video-preview":"max-video-preview:-1"},"canonical":"https:\/\/batijournal.com\/index.php\/les-francais-sont-tres-attaches-au-patrimoine-de-proximite\/91559\/","og_locale":"fr_FR","og_type":"article","og_title":"Les Fran\u00e7ais sont tr\u00e8s attach\u00e9s au patrimoine de proximit\u00e9","og_description":"Selon les r\u00e9sultats de l\u2019\u00e9tude Caisse d\u2019Epargne pour la Fondation du patrimoine \u00abLes Fran\u00e7ais et le patrimoine de proximit\u00e9 \u00bb, r\u00e9alis\u00e9e \u00e0 l\u2019occasion de ses 20 ans, les Fran\u00e7ais sont attach\u00e9s \u00e0 leur patrimoine de proximit\u00e9 et sont pr\u00eats \u00e0 y consacrer du temps. Les enjeux de la protection, l\u2019entretien et la restauration du patrimoine [&hellip;]","og_url":"https:\/\/batijournal.com\/index.php\/les-francais-sont-tres-attaches-au-patrimoine-de-proximite\/91559\/","og_site_name":"Batijournal","article_published_time":"2016-02-24T07:18:18+00:00","article_modified_time":"2019-07-15T09:16:57+00:00","og_image":[{"width":1024,"height":683,"url":"https:\/\/batijournal.com\/wp-content\/uploads\/2016\/02\/patrimoine-de-proximite.jpg","type":"image\/jpeg"}],"author":"St\u00e9phane Miget","twitter_card":"summary_large_image","twitter_creator":"@bati_journal","twitter_site":"@bati_journal","twitter_misc":{"\u00c9crit par":"St\u00e9phane Miget","Dur\u00e9e de lecture estim\u00e9e":"3 minutes"},"schema":{"@context":"https:\/\/schema.org","@graph":[{"@type":"Article","@id":"https:\/\/batijournal.com\/index.php\/les-francais-sont-tres-attaches-au-patrimoine-de-proximite\/91559\/#article","isPartOf":{"@id":"https:\/\/batijournal.com\/index.php\/les-francais-sont-tres-attaches-au-patrimoine-de-proximite\/91559\/"},"author":{"name":"St\u00e9phane Miget","@id":"https:\/\/batijournal.com\/#\/schema\/person\/1dc96ec6957aa1ccb25ebe78bb19f100"},"headline":"Les Fran\u00e7ais sont tr\u00e8s attach\u00e9s au patrimoine de proximit\u00e9","datePublished":"2016-02-24T07:18:18+00:00","dateModified":"2019-07-15T09:16:57+00:00","mainEntityOfPage":{"@id":"https:\/\/batijournal.com\/index.php\/les-francais-sont-tres-attaches-au-patrimoine-de-proximite\/91559\/"},"wordCount":609,"image":{"@id":"https:\/\/batijournal.com\/index.php\/les-francais-sont-tres-attaches-au-patrimoine-de-proximite\/91559\/#primaryimage"},"thumbnailUrl":"https:\/\/batijournal.com\/wp-content\/uploads\/2016\/02\/patrimoine-de-proximite.jpg","keywords":["fondation du patrimoine","monument historique","patrimoine"],"articleSection":["A la Une","Actualit\u00e9s","Architecture &amp; Conception"],"inLanguage":"fr-FR"},{"@type":"WebPage","@id":"https:\/\/batijournal.com\/index.php\/les-francais-sont-tres-attaches-au-patrimoine-de-proximite\/91559\/","url":"https:\/\/batijournal.com\/index.php\/les-francais-sont-tres-attaches-au-patrimoine-de-proximite\/91559\/","name":"Les Fran\u00e7ais sont tr\u00e8s attach\u00e9s au patrimoine de proximit\u00e9","isPartOf":{"@id":"https:\/\/batijournal.com\/#website"},"primaryImageOfPage":{"@id":"https:\/\/batijournal.com\/index.php\/les-francais-sont-tres-attaches-au-patrimoine-de-proximite\/91559\/#primaryimage"},"image":{"@id":"https:\/\/batijournal.com\/index.php\/les-francais-sont-tres-attaches-au-patrimoine-de-proximite\/91559\/#primaryimage"},"thumbnailUrl":"https:\/\/batijournal.com\/wp-content\/uploads\/2016\/02\/patrimoine-de-proximite.jpg","datePublished":"2016-02-24T07:18:18+00:00","dateModified":"2019-07-15T09:16:57+00:00","author":{"@id":"https:\/\/batijournal.com\/#\/schema\/person\/1dc96ec6957aa1ccb25ebe78bb19f100"},"breadcrumb":{"@id":"https:\/\/batijournal.com\/index.php\/les-francais-sont-tres-attaches-au-patrimoine-de-proximite\/91559\/#breadcrumb"},"inLanguage":"fr-FR","potentialAction":[{"@type":"ReadAction","target":["https:\/\/batijournal.com\/index.php\/les-francais-sont-tres-attaches-au-patrimoine-de-proximite\/91559\/"]}]},{"@type":"ImageObject","inLanguage":"fr-FR","@id":"https:\/\/batijournal.com\/index.php\/les-francais-sont-tres-attaches-au-patrimoine-de-proximite\/91559\/#primaryimage","url":"https:\/\/batijournal.com\/wp-content\/uploads\/2016\/02\/patrimoine-de-proximite.jpg","contentUrl":"https:\/\/batijournal.com\/wp-content\/uploads\/2016\/02\/patrimoine-de-proximite.jpg","width":1024,"height":683,"caption":"infographie-patrimoine-en-peril"},{"@type":"BreadcrumbList","@id":"https:\/\/batijournal.com\/index.php\/les-francais-sont-tres-attaches-au-patrimoine-de-proximite\/91559\/#breadcrumb","itemListElement":[{"@type":"ListItem","position":1,"name":"Accueil","item":"https:\/\/batijournal.com\/"},{"@type":"ListItem","position":2,"name":"Actualit\u00e9s","item":"https:\/\/batijournal.com\/index.php\/category\/actualites\/"},{"@type":"ListItem","position":3,"name":"Architecture &amp; Conception","item":"https:\/\/batijournal.com\/index.php\/category\/actualites\/architecture-conception\/"},{"@type":"ListItem","position":4,"name":"Les Fran\u00e7ais sont tr\u00e8s attach\u00e9s au patrimoine de proximit\u00e9"}]},{"@type":"WebSite","@id":"https:\/\/batijournal.com\/#website","url":"https:\/\/batijournal.com\/","name":"Batijournal","description":"L&#039;actualit\u00e9 du b\u00e2timent","potentialAction":[{"@type":"SearchAction","target":{"@type":"EntryPoint","urlTemplate":"https:\/\/batijournal.com\/?s={search_term_string}"},"query-input":{"@type":"PropertyValueSpecification","valueRequired":true,"valueName":"search_term_string"}}],"inLanguage":"fr-FR"},{"@type":"Person","@id":"https:\/\/batijournal.com\/#\/schema\/person\/1dc96ec6957aa1ccb25ebe78bb19f100","name":"St\u00e9phane Miget","image":{"@type":"ImageObject","inLanguage":"fr-FR","@id":"https:\/\/secure.gravatar.com\/avatar\/89915563d925342126b8ef0281b93d9d7fc337043e8df017f780908eb9644451?s=96&d=mm&r=g","url":"https:\/\/secure.gravatar.com\/avatar\/89915563d925342126b8ef0281b93d9d7fc337043e8df017f780908eb9644451?s=96&d=mm&r=g","contentUrl":"https:\/\/secure.gravatar.com\/avatar\/89915563d925342126b8ef0281b93d9d7fc337043e8df017f780908eb9644451?s=96&d=mm&r=g","caption":"St\u00e9phane Miget"},"url":"https:\/\/batijournal.com\/index.php\/author\/stephane\/"}]}},"_links":{"self":[{"href":"https:\/\/batijournal.com\/index.php\/wp-json\/wp\/v2\/posts\/91559","targetHints":{"allow":["GET"]}}],"collection":[{"href":"https:\/\/batijournal.com\/index.php\/wp-json\/wp\/v2\/posts"}],"about":[{"href":"https:\/\/batijournal.com\/index.php\/wp-json\/wp\/v2\/types\/post"}],"author":[{"embeddable":true,"href":"https:\/\/batijournal.com\/index.php\/wp-json\/wp\/v2\/users\/17"}],"replies":[{"embeddable":true,"href":"https:\/\/batijournal.com\/index.php\/wp-json\/wp\/v2\/comments?post=91559"}],"version-history":[{"count":0,"href":"https:\/\/batijournal.com\/index.php\/wp-json\/wp\/v2\/posts\/91559\/revisions"}],"wp:featuredmedia":[{"embeddable":true,"href":"https:\/\/batijournal.com\/index.php\/wp-json\/wp\/v2\/media\/91560"}],"wp:attachment":[{"href":"https:\/\/batijournal.com\/index.php\/wp-json\/wp\/v2\/media?parent=91559"}],"wp:term":[{"taxonomy":"category","embeddable":true,"href":"https:\/\/batijournal.com\/index.php\/wp-json\/wp\/v2\/categories?post=91559"},{"taxonomy":"post_tag","embeddable":true,"href":"https:\/\/batijournal.com\/index.php\/wp-json\/wp\/v2\/tags?post=91559"}],"curies":[{"name":"wp","href":"https:\/\/api.w.org\/{rel}","templated":true}]}}