{"id":91602,"date":"2016-02-25T09:19:14","date_gmt":"2016-02-25T08:19:14","guid":{"rendered":"http:\/\/batijournal.com\/?p=91602"},"modified":"2019-07-15T12:13:31","modified_gmt":"2019-07-15T10:13:31","slug":"les-formations-a-la-prevention-souvent-considerees-comme-des-figures-imposees","status":"publish","type":"post","link":"https:\/\/batijournal.com\/index.php\/les-formations-a-la-prevention-souvent-considerees-comme-des-figures-imposees\/91602\/","title":{"rendered":"Les formations \u00e0 la pr\u00e9vention souvent consid\u00e9r\u00e9es comme des figures impos\u00e9es"},"content":{"rendered":"<p><strong>Engag\u00e9 depuis de nombreuses ann\u00e9es pour la pr\u00e9vention dans les entreprises artisanales du BTP, l\u2019IRIS-ST, en partenariat avec la CAPEB, la CNATP et l\u2019OPPBTP, a d\u00e9cid\u00e9 de mener une enqu\u00eate nationale afin d\u2019am\u00e9liorer les connaissances sur les pratiques, les besoins et les freins au suivi et \u00e0 l\u2019organisation de formations \u00e0 la s\u00e9curit\u00e9 au sein des entreprises artisanales du BTP.<\/strong><\/p>\n<p>Pour 68% des r\u00e9pondants, la formation se lit en premier lieu comme une figure impos\u00e9e. Ce constat s\u2019explique en partie par le nombre croissant des formations obligatoires ces derni\u00e8res ann\u00e9es, et par la responsabilit\u00e9 qui p\u00e8se sur le chef d\u2019entreprise vis-\u00e0-vis de la formation de ses salari\u00e9s. Les formations sont \u00e9galement per\u00e7ues comme un investissement strat\u00e9gique pour l\u2019entreprise. Elles sont ainsi un moyen de maintenir et d\u00e9velopper ses comp\u00e9tences ou d\u2019accroitre ou maintenir la comp\u00e9titivit\u00e9 des entreprises.<\/p>\n<p><img loading=\"lazy\" decoding=\"async\" class=\"aligncenter size-full wp-image-91605\" src=\"https:\/\/batijournal.com\/wp-content\/uploads\/2016\/02\/suivi-formation.png\" alt=\"suivi-formation\" width=\"461\" height=\"183\" srcset=\"https:\/\/batijournal.com\/wp-content\/uploads\/2016\/02\/suivi-formation.png 461w, https:\/\/batijournal.com\/wp-content\/uploads\/2016\/02\/suivi-formation-150x60.png 150w, https:\/\/batijournal.com\/wp-content\/uploads\/2016\/02\/suivi-formation-300x119.png 300w\" sizes=\"(max-width: 461px) 100vw, 461px\" \/><\/p>\n<p>Dans ce contexte, la place r\u00e9serv\u00e9e aux formations \u00ab s\u00e9curit\u00e9 \u00bb est \u00e0 la tra\u00eene. Les chefs d\u2019entreprise privil\u00e9gient davantage les formations \u00e0 la s\u00e9curit\u00e9 pour leurs salari\u00e9s que pour eux-m\u00eames. Sur les deux derni\u00e8res ann\u00e9es, 60% des salari\u00e9s des r\u00e9pondants ont, en effet, particip\u00e9 \u00e0 au moins une action de formation, dont 50% des formations \u00e0 la s\u00e9curit\u00e9. Bien que les r\u00e9pondants ayant particip\u00e9 \u00e0 au moins une formation s\u00e9curit\u00e9 aient un avis plut\u00f4t favorable sur ces formations (notamment quant \u00e0 l\u2019ad\u00e9quation \u00e0 leur niveau, pour 93% d\u2019entre eux, et \u00e0 leur activit\u00e9, pour 87%), ils pointent les nombreux obstacles \u00e0 l\u2019organisation et au suivi de formations s\u00e9curit\u00e9.<\/p>\n<p><img loading=\"lazy\" decoding=\"async\" class=\"aligncenter size-full wp-image-91604\" src=\"https:\/\/batijournal.com\/wp-content\/uploads\/2016\/02\/domaines-formation.png\" alt=\"domaines-formation\" width=\"541\" height=\"357\" srcset=\"https:\/\/batijournal.com\/wp-content\/uploads\/2016\/02\/domaines-formation.png 541w, https:\/\/batijournal.com\/wp-content\/uploads\/2016\/02\/domaines-formation-150x99.png 150w, https:\/\/batijournal.com\/wp-content\/uploads\/2016\/02\/domaines-formation-300x198.png 300w\" sizes=\"(max-width: 541px) 100vw, 541px\" \/><\/p>\n<p>Cette enqu\u00eate permet \u00e9galement d\u2019introduire des recommandations, visant \u00e0 inscrire et \u00ab l\u00e9gitimer \u00bb ces formations dans une strat\u00e9gie globale de l\u2019entreprise en :<\/p>\n<ul>\n<li>Int\u00e9grant syst\u00e9matiquement la pr\u00e9vention comme une comp\u00e9tence m\u00e9tier,<\/li>\n<li>Am\u00e9liorant la connaissance des artisans en mati\u00e8re de formations obligatoires \u00e0 la s\u00e9curit\u00e9<\/li>\n<li>Adaptant le contenu des formations pr\u00e9vention aux besoins et contraintes des entreprises artisanales du BTP<\/li>\n<\/ul>\n<p>Pour gagner en efficacit\u00e9 et en s\u00e9curit\u00e9, il est \u00e9galement essentiel de renforcer la pr\u00e9sence de la pr\u00e9vention dans la formation des plus jeunes dans le cadre des formations initiales.<\/p>\n","protected":false},"excerpt":{"rendered":"<p>Engag\u00e9 depuis de nombreuses ann\u00e9es pour la pr\u00e9vention dans les entreprises artisanales du BTP, l\u2019IRIS-ST, en partenariat avec la CAPEB, la CNATP et l\u2019OPPBTP, a d\u00e9cid\u00e9 de mener une enqu\u00eate nationale afin d\u2019am\u00e9liorer les connaissances sur les pratiques, les besoins et les freins au suivi et \u00e0 l\u2019organisation de formations \u00e0 la s\u00e9curit\u00e9 au sein [&hellip;]<\/p>\n","protected":false},"author":17,"featured_media":91603,"comment_status":"closed","ping_status":"closed","sticky":false,"template":"","format":"standard","meta":{"_et_pb_use_builder":"","_et_pb_old_content":"","_et_gb_content_width":"","footnotes":""},"categories":[10530,6345],"tags":[2617,1564],"class_list":["post-91602","post","type-post","status-publish","format-standard","has-post-thumbnail","hentry","category-actualites","category-economie-marches","tag-prevention","tag-securite"],"yoast_head":"<!-- This site is optimized with the Yoast SEO plugin v27.4 - https:\/\/yoast.com\/product\/yoast-seo-wordpress\/ -->\n<title>Les formations \u00e0 la pr\u00e9vention souvent consid\u00e9r\u00e9es comme des figures impos\u00e9es<\/title>\n<meta name=\"robots\" content=\"index, follow, max-snippet:-1, max-image-preview:large, max-video-preview:-1\" \/>\n<link rel=\"canonical\" href=\"https:\/\/batijournal.com\/index.php\/les-formations-a-la-prevention-souvent-considerees-comme-des-figures-imposees\/91602\/\" \/>\n<meta property=\"og:locale\" content=\"fr_FR\" \/>\n<meta property=\"og:type\" content=\"article\" \/>\n<meta property=\"og:title\" content=\"Les formations \u00e0 la pr\u00e9vention souvent consid\u00e9r\u00e9es comme des figures impos\u00e9es\" \/>\n<meta property=\"og:description\" content=\"Engag\u00e9 depuis de nombreuses ann\u00e9es pour la pr\u00e9vention dans les entreprises artisanales du BTP, l\u2019IRIS-ST, en partenariat avec la CAPEB, la CNATP et l\u2019OPPBTP, a d\u00e9cid\u00e9 de mener une enqu\u00eate nationale afin d\u2019am\u00e9liorer les connaissances sur les pratiques, les besoins et les freins au suivi et \u00e0 l\u2019organisation de formations \u00e0 la s\u00e9curit\u00e9 au sein [&hellip;]\" \/>\n<meta property=\"og:url\" content=\"https:\/\/batijournal.com\/index.php\/les-formations-a-la-prevention-souvent-considerees-comme-des-figures-imposees\/91602\/\" \/>\n<meta property=\"og:site_name\" content=\"Batijournal\" \/>\n<meta property=\"article:published_time\" content=\"2016-02-25T08:19:14+00:00\" \/>\n<meta property=\"article:modified_time\" content=\"2019-07-15T10:13:31+00:00\" \/>\n<meta property=\"og:image\" content=\"https:\/\/batijournal.com\/wp-content\/uploads\/2016\/02\/besoins-formation.png\" \/>\n\t<meta property=\"og:image:width\" content=\"816\" \/>\n\t<meta property=\"og:image:height\" content=\"507\" \/>\n\t<meta property=\"og:image:type\" content=\"image\/png\" \/>\n<meta name=\"author\" content=\"St\u00e9phane Miget\" \/>\n<meta name=\"twitter:card\" content=\"summary_large_image\" \/>\n<meta name=\"twitter:creator\" content=\"@bati_journal\" \/>\n<meta name=\"twitter:site\" content=\"@bati_journal\" \/>\n<meta name=\"twitter:label1\" content=\"\u00c9crit par\" \/>\n\t<meta name=\"twitter:data1\" content=\"St\u00e9phane Miget\" \/>\n\t<meta name=\"twitter:label2\" content=\"Dur\u00e9e de lecture estim\u00e9e\" \/>\n\t<meta name=\"twitter:data2\" content=\"2 minutes\" \/>\n<script type=\"application\/ld+json\" class=\"yoast-schema-graph\">{\"@context\":\"https:\\\/\\\/schema.org\",\"@graph\":[{\"@type\":\"Article\",\"@id\":\"https:\\\/\\\/batijournal.com\\\/index.php\\\/les-formations-a-la-prevention-souvent-considerees-comme-des-figures-imposees\\\/91602\\\/#article\",\"isPartOf\":{\"@id\":\"https:\\\/\\\/batijournal.com\\\/index.php\\\/les-formations-a-la-prevention-souvent-considerees-comme-des-figures-imposees\\\/91602\\\/\"},\"author\":{\"name\":\"St\u00e9phane Miget\",\"@id\":\"https:\\\/\\\/batijournal.com\\\/#\\\/schema\\\/person\\\/1dc96ec6957aa1ccb25ebe78bb19f100\"},\"headline\":\"Les formations \u00e0 la pr\u00e9vention souvent consid\u00e9r\u00e9es comme des figures impos\u00e9es\",\"datePublished\":\"2016-02-25T08:19:14+00:00\",\"dateModified\":\"2019-07-15T10:13:31+00:00\",\"mainEntityOfPage\":{\"@id\":\"https:\\\/\\\/batijournal.com\\\/index.php\\\/les-formations-a-la-prevention-souvent-considerees-comme-des-figures-imposees\\\/91602\\\/\"},\"wordCount\":392,\"image\":{\"@id\":\"https:\\\/\\\/batijournal.com\\\/index.php\\\/les-formations-a-la-prevention-souvent-considerees-comme-des-figures-imposees\\\/91602\\\/#primaryimage\"},\"thumbnailUrl\":\"https:\\\/\\\/batijournal.com\\\/wp-content\\\/uploads\\\/2016\\\/02\\\/besoins-formation.png\",\"keywords\":[\"Pr\u00e9vention\",\"securite\"],\"articleSection\":[\"Actualit\u00e9s\",\"\u00c9conomie &amp; March\u00e9s\"],\"inLanguage\":\"fr-FR\"},{\"@type\":\"WebPage\",\"@id\":\"https:\\\/\\\/batijournal.com\\\/index.php\\\/les-formations-a-la-prevention-souvent-considerees-comme-des-figures-imposees\\\/91602\\\/\",\"url\":\"https:\\\/\\\/batijournal.com\\\/index.php\\\/les-formations-a-la-prevention-souvent-considerees-comme-des-figures-imposees\\\/91602\\\/\",\"name\":\"Les formations \u00e0 la pr\u00e9vention souvent consid\u00e9r\u00e9es comme des figures impos\u00e9es\",\"isPartOf\":{\"@id\":\"https:\\\/\\\/batijournal.com\\\/#website\"},\"primaryImageOfPage\":{\"@id\":\"https:\\\/\\\/batijournal.com\\\/index.php\\\/les-formations-a-la-prevention-souvent-considerees-comme-des-figures-imposees\\\/91602\\\/#primaryimage\"},\"image\":{\"@id\":\"https:\\\/\\\/batijournal.com\\\/index.php\\\/les-formations-a-la-prevention-souvent-considerees-comme-des-figures-imposees\\\/91602\\\/#primaryimage\"},\"thumbnailUrl\":\"https:\\\/\\\/batijournal.com\\\/wp-content\\\/uploads\\\/2016\\\/02\\\/besoins-formation.png\",\"datePublished\":\"2016-02-25T08:19:14+00:00\",\"dateModified\":\"2019-07-15T10:13:31+00:00\",\"author\":{\"@id\":\"https:\\\/\\\/batijournal.com\\\/#\\\/schema\\\/person\\\/1dc96ec6957aa1ccb25ebe78bb19f100\"},\"breadcrumb\":{\"@id\":\"https:\\\/\\\/batijournal.com\\\/index.php\\\/les-formations-a-la-prevention-souvent-considerees-comme-des-figures-imposees\\\/91602\\\/#breadcrumb\"},\"inLanguage\":\"fr-FR\",\"potentialAction\":[{\"@type\":\"ReadAction\",\"target\":[\"https:\\\/\\\/batijournal.com\\\/index.php\\\/les-formations-a-la-prevention-souvent-considerees-comme-des-figures-imposees\\\/91602\\\/\"]}]},{\"@type\":\"ImageObject\",\"inLanguage\":\"fr-FR\",\"@id\":\"https:\\\/\\\/batijournal.com\\\/index.php\\\/les-formations-a-la-prevention-souvent-considerees-comme-des-figures-imposees\\\/91602\\\/#primaryimage\",\"url\":\"https:\\\/\\\/batijournal.com\\\/wp-content\\\/uploads\\\/2016\\\/02\\\/besoins-formation.png\",\"contentUrl\":\"https:\\\/\\\/batijournal.com\\\/wp-content\\\/uploads\\\/2016\\\/02\\\/besoins-formation.png\",\"width\":816,\"height\":507,\"caption\":\"graphique artisanat\"},{\"@type\":\"BreadcrumbList\",\"@id\":\"https:\\\/\\\/batijournal.com\\\/index.php\\\/les-formations-a-la-prevention-souvent-considerees-comme-des-figures-imposees\\\/91602\\\/#breadcrumb\",\"itemListElement\":[{\"@type\":\"ListItem\",\"position\":1,\"name\":\"Accueil\",\"item\":\"https:\\\/\\\/batijournal.com\\\/\"},{\"@type\":\"ListItem\",\"position\":2,\"name\":\"Actualit\u00e9s\",\"item\":\"https:\\\/\\\/batijournal.com\\\/index.php\\\/category\\\/actualites\\\/\"},{\"@type\":\"ListItem\",\"position\":3,\"name\":\"\u00c9conomie &amp; March\u00e9s\",\"item\":\"https:\\\/\\\/batijournal.com\\\/index.php\\\/category\\\/actualites\\\/economie-marches\\\/\"},{\"@type\":\"ListItem\",\"position\":4,\"name\":\"Les formations \u00e0 la pr\u00e9vention souvent consid\u00e9r\u00e9es comme des figures impos\u00e9es\"}]},{\"@type\":\"WebSite\",\"@id\":\"https:\\\/\\\/batijournal.com\\\/#website\",\"url\":\"https:\\\/\\\/batijournal.com\\\/\",\"name\":\"Batijournal\",\"description\":\"L&#039;actualit\u00e9 du b\u00e2timent\",\"potentialAction\":[{\"@type\":\"SearchAction\",\"target\":{\"@type\":\"EntryPoint\",\"urlTemplate\":\"https:\\\/\\\/batijournal.com\\\/?s={search_term_string}\"},\"query-input\":{\"@type\":\"PropertyValueSpecification\",\"valueRequired\":true,\"valueName\":\"search_term_string\"}}],\"inLanguage\":\"fr-FR\"},{\"@type\":\"Person\",\"@id\":\"https:\\\/\\\/batijournal.com\\\/#\\\/schema\\\/person\\\/1dc96ec6957aa1ccb25ebe78bb19f100\",\"name\":\"St\u00e9phane Miget\",\"image\":{\"@type\":\"ImageObject\",\"inLanguage\":\"fr-FR\",\"@id\":\"https:\\\/\\\/secure.gravatar.com\\\/avatar\\\/89915563d925342126b8ef0281b93d9d7fc337043e8df017f780908eb9644451?s=96&d=mm&r=g\",\"url\":\"https:\\\/\\\/secure.gravatar.com\\\/avatar\\\/89915563d925342126b8ef0281b93d9d7fc337043e8df017f780908eb9644451?s=96&d=mm&r=g\",\"contentUrl\":\"https:\\\/\\\/secure.gravatar.com\\\/avatar\\\/89915563d925342126b8ef0281b93d9d7fc337043e8df017f780908eb9644451?s=96&d=mm&r=g\",\"caption\":\"St\u00e9phane Miget\"},\"url\":\"https:\\\/\\\/batijournal.com\\\/index.php\\\/author\\\/stephane\\\/\"}]}<\/script>\n<!-- \/ Yoast SEO plugin. -->","yoast_head_json":{"title":"Les formations \u00e0 la pr\u00e9vention souvent consid\u00e9r\u00e9es comme des figures impos\u00e9es","robots":{"index":"index","follow":"follow","max-snippet":"max-snippet:-1","max-image-preview":"max-image-preview:large","max-video-preview":"max-video-preview:-1"},"canonical":"https:\/\/batijournal.com\/index.php\/les-formations-a-la-prevention-souvent-considerees-comme-des-figures-imposees\/91602\/","og_locale":"fr_FR","og_type":"article","og_title":"Les formations \u00e0 la pr\u00e9vention souvent consid\u00e9r\u00e9es comme des figures impos\u00e9es","og_description":"Engag\u00e9 depuis de nombreuses ann\u00e9es pour la pr\u00e9vention dans les entreprises artisanales du BTP, l\u2019IRIS-ST, en partenariat avec la CAPEB, la CNATP et l\u2019OPPBTP, a d\u00e9cid\u00e9 de mener une enqu\u00eate nationale afin d\u2019am\u00e9liorer les connaissances sur les pratiques, les besoins et les freins au suivi et \u00e0 l\u2019organisation de formations \u00e0 la s\u00e9curit\u00e9 au sein [&hellip;]","og_url":"https:\/\/batijournal.com\/index.php\/les-formations-a-la-prevention-souvent-considerees-comme-des-figures-imposees\/91602\/","og_site_name":"Batijournal","article_published_time":"2016-02-25T08:19:14+00:00","article_modified_time":"2019-07-15T10:13:31+00:00","og_image":[{"width":816,"height":507,"url":"https:\/\/batijournal.com\/wp-content\/uploads\/2016\/02\/besoins-formation.png","type":"image\/png"}],"author":"St\u00e9phane Miget","twitter_card":"summary_large_image","twitter_creator":"@bati_journal","twitter_site":"@bati_journal","twitter_misc":{"\u00c9crit par":"St\u00e9phane Miget","Dur\u00e9e de lecture estim\u00e9e":"2 minutes"},"schema":{"@context":"https:\/\/schema.org","@graph":[{"@type":"Article","@id":"https:\/\/batijournal.com\/index.php\/les-formations-a-la-prevention-souvent-considerees-comme-des-figures-imposees\/91602\/#article","isPartOf":{"@id":"https:\/\/batijournal.com\/index.php\/les-formations-a-la-prevention-souvent-considerees-comme-des-figures-imposees\/91602\/"},"author":{"name":"St\u00e9phane Miget","@id":"https:\/\/batijournal.com\/#\/schema\/person\/1dc96ec6957aa1ccb25ebe78bb19f100"},"headline":"Les formations \u00e0 la pr\u00e9vention souvent consid\u00e9r\u00e9es comme des figures impos\u00e9es","datePublished":"2016-02-25T08:19:14+00:00","dateModified":"2019-07-15T10:13:31+00:00","mainEntityOfPage":{"@id":"https:\/\/batijournal.com\/index.php\/les-formations-a-la-prevention-souvent-considerees-comme-des-figures-imposees\/91602\/"},"wordCount":392,"image":{"@id":"https:\/\/batijournal.com\/index.php\/les-formations-a-la-prevention-souvent-considerees-comme-des-figures-imposees\/91602\/#primaryimage"},"thumbnailUrl":"https:\/\/batijournal.com\/wp-content\/uploads\/2016\/02\/besoins-formation.png","keywords":["Pr\u00e9vention","securite"],"articleSection":["Actualit\u00e9s","\u00c9conomie &amp; March\u00e9s"],"inLanguage":"fr-FR"},{"@type":"WebPage","@id":"https:\/\/batijournal.com\/index.php\/les-formations-a-la-prevention-souvent-considerees-comme-des-figures-imposees\/91602\/","url":"https:\/\/batijournal.com\/index.php\/les-formations-a-la-prevention-souvent-considerees-comme-des-figures-imposees\/91602\/","name":"Les formations \u00e0 la pr\u00e9vention souvent consid\u00e9r\u00e9es comme des figures impos\u00e9es","isPartOf":{"@id":"https:\/\/batijournal.com\/#website"},"primaryImageOfPage":{"@id":"https:\/\/batijournal.com\/index.php\/les-formations-a-la-prevention-souvent-considerees-comme-des-figures-imposees\/91602\/#primaryimage"},"image":{"@id":"https:\/\/batijournal.com\/index.php\/les-formations-a-la-prevention-souvent-considerees-comme-des-figures-imposees\/91602\/#primaryimage"},"thumbnailUrl":"https:\/\/batijournal.com\/wp-content\/uploads\/2016\/02\/besoins-formation.png","datePublished":"2016-02-25T08:19:14+00:00","dateModified":"2019-07-15T10:13:31+00:00","author":{"@id":"https:\/\/batijournal.com\/#\/schema\/person\/1dc96ec6957aa1ccb25ebe78bb19f100"},"breadcrumb":{"@id":"https:\/\/batijournal.com\/index.php\/les-formations-a-la-prevention-souvent-considerees-comme-des-figures-imposees\/91602\/#breadcrumb"},"inLanguage":"fr-FR","potentialAction":[{"@type":"ReadAction","target":["https:\/\/batijournal.com\/index.php\/les-formations-a-la-prevention-souvent-considerees-comme-des-figures-imposees\/91602\/"]}]},{"@type":"ImageObject","inLanguage":"fr-FR","@id":"https:\/\/batijournal.com\/index.php\/les-formations-a-la-prevention-souvent-considerees-comme-des-figures-imposees\/91602\/#primaryimage","url":"https:\/\/batijournal.com\/wp-content\/uploads\/2016\/02\/besoins-formation.png","contentUrl":"https:\/\/batijournal.com\/wp-content\/uploads\/2016\/02\/besoins-formation.png","width":816,"height":507,"caption":"graphique artisanat"},{"@type":"BreadcrumbList","@id":"https:\/\/batijournal.com\/index.php\/les-formations-a-la-prevention-souvent-considerees-comme-des-figures-imposees\/91602\/#breadcrumb","itemListElement":[{"@type":"ListItem","position":1,"name":"Accueil","item":"https:\/\/batijournal.com\/"},{"@type":"ListItem","position":2,"name":"Actualit\u00e9s","item":"https:\/\/batijournal.com\/index.php\/category\/actualites\/"},{"@type":"ListItem","position":3,"name":"\u00c9conomie &amp; March\u00e9s","item":"https:\/\/batijournal.com\/index.php\/category\/actualites\/economie-marches\/"},{"@type":"ListItem","position":4,"name":"Les formations \u00e0 la pr\u00e9vention souvent consid\u00e9r\u00e9es comme des figures impos\u00e9es"}]},{"@type":"WebSite","@id":"https:\/\/batijournal.com\/#website","url":"https:\/\/batijournal.com\/","name":"Batijournal","description":"L&#039;actualit\u00e9 du b\u00e2timent","potentialAction":[{"@type":"SearchAction","target":{"@type":"EntryPoint","urlTemplate":"https:\/\/batijournal.com\/?s={search_term_string}"},"query-input":{"@type":"PropertyValueSpecification","valueRequired":true,"valueName":"search_term_string"}}],"inLanguage":"fr-FR"},{"@type":"Person","@id":"https:\/\/batijournal.com\/#\/schema\/person\/1dc96ec6957aa1ccb25ebe78bb19f100","name":"St\u00e9phane Miget","image":{"@type":"ImageObject","inLanguage":"fr-FR","@id":"https:\/\/secure.gravatar.com\/avatar\/89915563d925342126b8ef0281b93d9d7fc337043e8df017f780908eb9644451?s=96&d=mm&r=g","url":"https:\/\/secure.gravatar.com\/avatar\/89915563d925342126b8ef0281b93d9d7fc337043e8df017f780908eb9644451?s=96&d=mm&r=g","contentUrl":"https:\/\/secure.gravatar.com\/avatar\/89915563d925342126b8ef0281b93d9d7fc337043e8df017f780908eb9644451?s=96&d=mm&r=g","caption":"St\u00e9phane Miget"},"url":"https:\/\/batijournal.com\/index.php\/author\/stephane\/"}]}},"_links":{"self":[{"href":"https:\/\/batijournal.com\/index.php\/wp-json\/wp\/v2\/posts\/91602","targetHints":{"allow":["GET"]}}],"collection":[{"href":"https:\/\/batijournal.com\/index.php\/wp-json\/wp\/v2\/posts"}],"about":[{"href":"https:\/\/batijournal.com\/index.php\/wp-json\/wp\/v2\/types\/post"}],"author":[{"embeddable":true,"href":"https:\/\/batijournal.com\/index.php\/wp-json\/wp\/v2\/users\/17"}],"replies":[{"embeddable":true,"href":"https:\/\/batijournal.com\/index.php\/wp-json\/wp\/v2\/comments?post=91602"}],"version-history":[{"count":0,"href":"https:\/\/batijournal.com\/index.php\/wp-json\/wp\/v2\/posts\/91602\/revisions"}],"wp:featuredmedia":[{"embeddable":true,"href":"https:\/\/batijournal.com\/index.php\/wp-json\/wp\/v2\/media\/91603"}],"wp:attachment":[{"href":"https:\/\/batijournal.com\/index.php\/wp-json\/wp\/v2\/media?parent=91602"}],"wp:term":[{"taxonomy":"category","embeddable":true,"href":"https:\/\/batijournal.com\/index.php\/wp-json\/wp\/v2\/categories?post=91602"},{"taxonomy":"post_tag","embeddable":true,"href":"https:\/\/batijournal.com\/index.php\/wp-json\/wp\/v2\/tags?post=91602"}],"curies":[{"name":"wp","href":"https:\/\/api.w.org\/{rel}","templated":true}]}}