{"id":91611,"date":"2016-02-25T17:27:46","date_gmt":"2016-02-25T16:27:46","guid":{"rendered":"http:\/\/batijournal.com\/?p=91611"},"modified":"2019-07-15T11:16:56","modified_gmt":"2019-07-15T09:16:56","slug":"les-plus-anciennes-sepultures-musulmanes-medievales-de-france-decouvertes-a-nimes","status":"publish","type":"post","link":"https:\/\/batijournal.com\/index.php\/les-plus-anciennes-sepultures-musulmanes-medievales-de-france-decouvertes-a-nimes\/91611\/","title":{"rendered":"Les plus anciennes s\u00e9pultures musulmanes de France d\u00e9couvertes \u00e0 N\u00eemes"},"content":{"rendered":"<div class=\"page\" title=\"Page 1\">\n<div class=\"layoutArea\">\n<div class=\"column\">\n<p>Des chercheurs de l\u2019Inrap et de l\u2019UMR Pacea, Universit\u00e9 de Bordeaux, publient dans la revue PlosOne, le premier t\u00e9moignage arch\u00e9ologique et anthropologique de cette pr\u00e9sence musulmane en France, durant le premier Moyen \u00c2ge.<\/p>\n<\/div>\n<div class=\"page\" title=\"Page 1\">\n<div class=\"layoutArea\">\n<div class=\"column\">\n<p>Pr\u00e9alablement \u00e0 la construction d\u2019un parking souterrain \u00e0 N\u00eemes, avenue Jean- Jaur\u00e8s, les fouilles r\u00e9alis\u00e9es par l\u2019Inrap ont mis en \u00e9vidence un quartier r\u00e9sidentiel antique de la cit\u00e9, ainsi qu\u2019une vingtaine de s\u00e9pultures. Parmi celles-ci, trois inhumations d\u2019hommes se distinguent par la position du corps des d\u00e9funts, d\u00e9pos\u00e9s sur le c\u00f4t\u00e9 droit, la face orient\u00e9e vers le sud-est. La position du corps, la t\u00eate orient\u00e9e vers la Mecque comme le d\u00e9p\u00f4t direct dans une fosse sont des caract\u00e9ristiques \u00e9voquant les rites musulmans. Dans deux s\u00e9pultures, la forme du creusement des fosses pr\u00e9sente un surcreusement lat\u00e9ral qui n\u2019est pas sans rappeler le dispositif \u00ab al-lahd \u00bb de la tradition musulmane.<\/p>\n<\/div>\n<div class=\"page\" title=\"Page 1\">\n<div class=\"layoutArea\">\n<div class=\"column\">\n<p>La r\u00e9alisation de plusieurs datations radiom\u00e9triques sur les trois individus permet d\u2019en pr\u00e9ciser l\u2019\u00e2ge : entre le VIIe si\u00e8cle et le IXe si\u00e8cle de notre \u00e8re. Ces donn\u00e9es arch\u00e9ologiques font \u00e9chos \u00e0 des sources historiques qui documentent cette pr\u00e9sence musulmane durant la premi\u00e8re moiti\u00e9 du VIIIe si\u00e8cle. Ainsi, la Chronique de Moissac attesterait l\u2019existence de musulmans \u00e0 N\u00eemes, d\u00e8s 720.<\/p>\n<p>Au vu des premiers r\u00e9sultats et afin d\u2019en savoir plus sur l\u2019identit\u00e9 des individus, une analyse pal\u00e9o-g\u00e9n\u00e9tique vient d\u2019\u00eatre entreprise. Les r\u00e9sultats plaident en faveur d\u2019une origine nord-africaine de ces trois individus, du moins en ce qui concerne leur lign\u00e9e paternelle. L\u2019ensemble de ces donn\u00e9es sugg\u00e8re que les squelettes d\u00e9couverts dans les tombes de N\u00eemes appartenaient \u00e0 des soldats berb\u00e8res enr\u00f4l\u00e9s dans l\u2019arm\u00e9e omeyyade durant l\u2019expansion arabe en Afrique du Nord. Non seulement cette d\u00e9couverte apporte les premi\u00e8res donn\u00e9es anthropologiques et g\u00e9n\u00e9tiques sur l\u2019occupation islamique du territoire wisigothique de la Septimanie, mais elle souligne \u00e9galement la complexit\u00e9 de la relation entre les deux communaut\u00e9s durant cette p\u00e9riode.<\/p>\n<\/div>\n<\/div>\n<\/div>\n<\/div>\n<p>Photo : S\u00e9pultures musulmanes. Fouille du parking avenue Jean-Jaur\u00e8s, N\u00eemes &#8211;\u00a0\u00a9 Patrice Pliskine, Inrap<\/p>\n<\/div>\n<\/div>\n<\/div>\n","protected":false},"excerpt":{"rendered":"<p>Des chercheurs de l\u2019Inrap et de l\u2019UMR Pacea, Universit\u00e9 de Bordeaux, publient dans la revue PlosOne, le premier t\u00e9moignage arch\u00e9ologique et anthropologique de cette pr\u00e9sence musulmane en France, durant le premier Moyen \u00c2ge. Pr\u00e9alablement \u00e0 la construction d\u2019un parking souterrain \u00e0 N\u00eemes, avenue Jean- Jaur\u00e8s, les fouilles r\u00e9alis\u00e9es par l\u2019Inrap ont mis en \u00e9vidence un [&hellip;]<\/p>\n","protected":false},"author":17,"featured_media":91612,"comment_status":"closed","ping_status":"closed","sticky":false,"template":"","format":"standard","meta":{"_et_pb_use_builder":"","_et_pb_old_content":"","_et_gb_content_width":"","footnotes":""},"categories":[10530,6340],"tags":[],"class_list":["post-91611","post","type-post","status-publish","format-standard","has-post-thumbnail","hentry","category-actualites","category-architecture-conception"],"yoast_head":"<!-- This site is optimized with the Yoast SEO plugin v27.4 - https:\/\/yoast.com\/product\/yoast-seo-wordpress\/ -->\n<title>Les plus anciennes s\u00e9pultures musulmanes de France d\u00e9couvertes \u00e0 N\u00eemes<\/title>\n<meta name=\"robots\" content=\"index, follow, max-snippet:-1, max-image-preview:large, max-video-preview:-1\" \/>\n<link rel=\"canonical\" href=\"https:\/\/batijournal.com\/index.php\/les-plus-anciennes-sepultures-musulmanes-medievales-de-france-decouvertes-a-nimes\/91611\/\" \/>\n<meta property=\"og:locale\" content=\"fr_FR\" \/>\n<meta property=\"og:type\" content=\"article\" \/>\n<meta property=\"og:title\" content=\"Les plus anciennes s\u00e9pultures musulmanes de France d\u00e9couvertes \u00e0 N\u00eemes\" \/>\n<meta property=\"og:description\" content=\"Des chercheurs de l\u2019Inrap et de l\u2019UMR Pacea, Universit\u00e9 de Bordeaux, publient dans la revue PlosOne, le premier t\u00e9moignage arch\u00e9ologique et anthropologique de cette pr\u00e9sence musulmane en France, durant le premier Moyen \u00c2ge. Pr\u00e9alablement \u00e0 la construction d\u2019un parking souterrain \u00e0 N\u00eemes, avenue Jean- Jaur\u00e8s, les fouilles r\u00e9alis\u00e9es par l\u2019Inrap ont mis en \u00e9vidence un [&hellip;]\" \/>\n<meta property=\"og:url\" content=\"https:\/\/batijournal.com\/index.php\/les-plus-anciennes-sepultures-musulmanes-medievales-de-france-decouvertes-a-nimes\/91611\/\" \/>\n<meta property=\"og:site_name\" content=\"Batijournal\" \/>\n<meta property=\"article:published_time\" content=\"2016-02-25T16:27:46+00:00\" \/>\n<meta property=\"article:modified_time\" content=\"2019-07-15T09:16:56+00:00\" \/>\n<meta property=\"og:image\" content=\"https:\/\/batijournal.com\/wp-content\/uploads\/2016\/02\/fig_3.jpg\" \/>\n\t<meta property=\"og:image:width\" content=\"1024\" \/>\n\t<meta property=\"og:image:height\" content=\"455\" \/>\n\t<meta property=\"og:image:type\" content=\"image\/jpeg\" \/>\n<meta name=\"author\" content=\"St\u00e9phane Miget\" \/>\n<meta name=\"twitter:card\" content=\"summary_large_image\" \/>\n<meta name=\"twitter:creator\" content=\"@bati_journal\" \/>\n<meta name=\"twitter:site\" content=\"@bati_journal\" \/>\n<meta name=\"twitter:label1\" content=\"\u00c9crit par\" \/>\n\t<meta name=\"twitter:data1\" content=\"St\u00e9phane Miget\" \/>\n\t<meta name=\"twitter:label2\" content=\"Dur\u00e9e de lecture estim\u00e9e\" \/>\n\t<meta name=\"twitter:data2\" content=\"2 minutes\" \/>\n<script type=\"application\/ld+json\" class=\"yoast-schema-graph\">{\"@context\":\"https:\\\/\\\/schema.org\",\"@graph\":[{\"@type\":\"Article\",\"@id\":\"https:\\\/\\\/batijournal.com\\\/index.php\\\/les-plus-anciennes-sepultures-musulmanes-medievales-de-france-decouvertes-a-nimes\\\/91611\\\/#article\",\"isPartOf\":{\"@id\":\"https:\\\/\\\/batijournal.com\\\/index.php\\\/les-plus-anciennes-sepultures-musulmanes-medievales-de-france-decouvertes-a-nimes\\\/91611\\\/\"},\"author\":{\"name\":\"St\u00e9phane Miget\",\"@id\":\"https:\\\/\\\/batijournal.com\\\/#\\\/schema\\\/person\\\/1dc96ec6957aa1ccb25ebe78bb19f100\"},\"headline\":\"Les plus anciennes s\u00e9pultures musulmanes de France d\u00e9couvertes \u00e0 N\u00eemes\",\"datePublished\":\"2016-02-25T16:27:46+00:00\",\"dateModified\":\"2019-07-15T09:16:56+00:00\",\"mainEntityOfPage\":{\"@id\":\"https:\\\/\\\/batijournal.com\\\/index.php\\\/les-plus-anciennes-sepultures-musulmanes-medievales-de-france-decouvertes-a-nimes\\\/91611\\\/\"},\"wordCount\":402,\"image\":{\"@id\":\"https:\\\/\\\/batijournal.com\\\/index.php\\\/les-plus-anciennes-sepultures-musulmanes-medievales-de-france-decouvertes-a-nimes\\\/91611\\\/#primaryimage\"},\"thumbnailUrl\":\"https:\\\/\\\/batijournal.com\\\/wp-content\\\/uploads\\\/2016\\\/02\\\/fig_3.jpg\",\"articleSection\":[\"Actualit\u00e9s\",\"Architecture &amp; Conception\"],\"inLanguage\":\"fr-FR\"},{\"@type\":\"WebPage\",\"@id\":\"https:\\\/\\\/batijournal.com\\\/index.php\\\/les-plus-anciennes-sepultures-musulmanes-medievales-de-france-decouvertes-a-nimes\\\/91611\\\/\",\"url\":\"https:\\\/\\\/batijournal.com\\\/index.php\\\/les-plus-anciennes-sepultures-musulmanes-medievales-de-france-decouvertes-a-nimes\\\/91611\\\/\",\"name\":\"Les plus anciennes s\u00e9pultures musulmanes de France d\u00e9couvertes \u00e0 N\u00eemes\",\"isPartOf\":{\"@id\":\"https:\\\/\\\/batijournal.com\\\/#website\"},\"primaryImageOfPage\":{\"@id\":\"https:\\\/\\\/batijournal.com\\\/index.php\\\/les-plus-anciennes-sepultures-musulmanes-medievales-de-france-decouvertes-a-nimes\\\/91611\\\/#primaryimage\"},\"image\":{\"@id\":\"https:\\\/\\\/batijournal.com\\\/index.php\\\/les-plus-anciennes-sepultures-musulmanes-medievales-de-france-decouvertes-a-nimes\\\/91611\\\/#primaryimage\"},\"thumbnailUrl\":\"https:\\\/\\\/batijournal.com\\\/wp-content\\\/uploads\\\/2016\\\/02\\\/fig_3.jpg\",\"datePublished\":\"2016-02-25T16:27:46+00:00\",\"dateModified\":\"2019-07-15T09:16:56+00:00\",\"author\":{\"@id\":\"https:\\\/\\\/batijournal.com\\\/#\\\/schema\\\/person\\\/1dc96ec6957aa1ccb25ebe78bb19f100\"},\"breadcrumb\":{\"@id\":\"https:\\\/\\\/batijournal.com\\\/index.php\\\/les-plus-anciennes-sepultures-musulmanes-medievales-de-france-decouvertes-a-nimes\\\/91611\\\/#breadcrumb\"},\"inLanguage\":\"fr-FR\",\"potentialAction\":[{\"@type\":\"ReadAction\",\"target\":[\"https:\\\/\\\/batijournal.com\\\/index.php\\\/les-plus-anciennes-sepultures-musulmanes-medievales-de-france-decouvertes-a-nimes\\\/91611\\\/\"]}]},{\"@type\":\"ImageObject\",\"inLanguage\":\"fr-FR\",\"@id\":\"https:\\\/\\\/batijournal.com\\\/index.php\\\/les-plus-anciennes-sepultures-musulmanes-medievales-de-france-decouvertes-a-nimes\\\/91611\\\/#primaryimage\",\"url\":\"https:\\\/\\\/batijournal.com\\\/wp-content\\\/uploads\\\/2016\\\/02\\\/fig_3.jpg\",\"contentUrl\":\"https:\\\/\\\/batijournal.com\\\/wp-content\\\/uploads\\\/2016\\\/02\\\/fig_3.jpg\",\"width\":1024,\"height\":455,\"caption\":\"S\u00e9pultures musulmanes. Fouille du parking avenue Jean-Jaur\u00e8s, N\u00eemes \u00a9 Patrice Pliskine, Inrap\"},{\"@type\":\"BreadcrumbList\",\"@id\":\"https:\\\/\\\/batijournal.com\\\/index.php\\\/les-plus-anciennes-sepultures-musulmanes-medievales-de-france-decouvertes-a-nimes\\\/91611\\\/#breadcrumb\",\"itemListElement\":[{\"@type\":\"ListItem\",\"position\":1,\"name\":\"Accueil\",\"item\":\"https:\\\/\\\/batijournal.com\\\/\"},{\"@type\":\"ListItem\",\"position\":2,\"name\":\"Actualit\u00e9s\",\"item\":\"https:\\\/\\\/batijournal.com\\\/index.php\\\/category\\\/actualites\\\/\"},{\"@type\":\"ListItem\",\"position\":3,\"name\":\"Architecture &amp; Conception\",\"item\":\"https:\\\/\\\/batijournal.com\\\/index.php\\\/category\\\/actualites\\\/architecture-conception\\\/\"},{\"@type\":\"ListItem\",\"position\":4,\"name\":\"Les plus anciennes s\u00e9pultures musulmanes de France d\u00e9couvertes \u00e0 N\u00eemes\"}]},{\"@type\":\"WebSite\",\"@id\":\"https:\\\/\\\/batijournal.com\\\/#website\",\"url\":\"https:\\\/\\\/batijournal.com\\\/\",\"name\":\"Batijournal\",\"description\":\"L&#039;actualit\u00e9 du b\u00e2timent\",\"potentialAction\":[{\"@type\":\"SearchAction\",\"target\":{\"@type\":\"EntryPoint\",\"urlTemplate\":\"https:\\\/\\\/batijournal.com\\\/?s={search_term_string}\"},\"query-input\":{\"@type\":\"PropertyValueSpecification\",\"valueRequired\":true,\"valueName\":\"search_term_string\"}}],\"inLanguage\":\"fr-FR\"},{\"@type\":\"Person\",\"@id\":\"https:\\\/\\\/batijournal.com\\\/#\\\/schema\\\/person\\\/1dc96ec6957aa1ccb25ebe78bb19f100\",\"name\":\"St\u00e9phane Miget\",\"image\":{\"@type\":\"ImageObject\",\"inLanguage\":\"fr-FR\",\"@id\":\"https:\\\/\\\/secure.gravatar.com\\\/avatar\\\/89915563d925342126b8ef0281b93d9d7fc337043e8df017f780908eb9644451?s=96&d=mm&r=g\",\"url\":\"https:\\\/\\\/secure.gravatar.com\\\/avatar\\\/89915563d925342126b8ef0281b93d9d7fc337043e8df017f780908eb9644451?s=96&d=mm&r=g\",\"contentUrl\":\"https:\\\/\\\/secure.gravatar.com\\\/avatar\\\/89915563d925342126b8ef0281b93d9d7fc337043e8df017f780908eb9644451?s=96&d=mm&r=g\",\"caption\":\"St\u00e9phane Miget\"},\"url\":\"https:\\\/\\\/batijournal.com\\\/index.php\\\/author\\\/stephane\\\/\"}]}<\/script>\n<!-- \/ Yoast SEO plugin. -->","yoast_head_json":{"title":"Les plus anciennes s\u00e9pultures musulmanes de France d\u00e9couvertes \u00e0 N\u00eemes","robots":{"index":"index","follow":"follow","max-snippet":"max-snippet:-1","max-image-preview":"max-image-preview:large","max-video-preview":"max-video-preview:-1"},"canonical":"https:\/\/batijournal.com\/index.php\/les-plus-anciennes-sepultures-musulmanes-medievales-de-france-decouvertes-a-nimes\/91611\/","og_locale":"fr_FR","og_type":"article","og_title":"Les plus anciennes s\u00e9pultures musulmanes de France d\u00e9couvertes \u00e0 N\u00eemes","og_description":"Des chercheurs de l\u2019Inrap et de l\u2019UMR Pacea, Universit\u00e9 de Bordeaux, publient dans la revue PlosOne, le premier t\u00e9moignage arch\u00e9ologique et anthropologique de cette pr\u00e9sence musulmane en France, durant le premier Moyen \u00c2ge. Pr\u00e9alablement \u00e0 la construction d\u2019un parking souterrain \u00e0 N\u00eemes, avenue Jean- Jaur\u00e8s, les fouilles r\u00e9alis\u00e9es par l\u2019Inrap ont mis en \u00e9vidence un [&hellip;]","og_url":"https:\/\/batijournal.com\/index.php\/les-plus-anciennes-sepultures-musulmanes-medievales-de-france-decouvertes-a-nimes\/91611\/","og_site_name":"Batijournal","article_published_time":"2016-02-25T16:27:46+00:00","article_modified_time":"2019-07-15T09:16:56+00:00","og_image":[{"width":1024,"height":455,"url":"https:\/\/batijournal.com\/wp-content\/uploads\/2016\/02\/fig_3.jpg","type":"image\/jpeg"}],"author":"St\u00e9phane Miget","twitter_card":"summary_large_image","twitter_creator":"@bati_journal","twitter_site":"@bati_journal","twitter_misc":{"\u00c9crit par":"St\u00e9phane Miget","Dur\u00e9e de lecture estim\u00e9e":"2 minutes"},"schema":{"@context":"https:\/\/schema.org","@graph":[{"@type":"Article","@id":"https:\/\/batijournal.com\/index.php\/les-plus-anciennes-sepultures-musulmanes-medievales-de-france-decouvertes-a-nimes\/91611\/#article","isPartOf":{"@id":"https:\/\/batijournal.com\/index.php\/les-plus-anciennes-sepultures-musulmanes-medievales-de-france-decouvertes-a-nimes\/91611\/"},"author":{"name":"St\u00e9phane Miget","@id":"https:\/\/batijournal.com\/#\/schema\/person\/1dc96ec6957aa1ccb25ebe78bb19f100"},"headline":"Les plus anciennes s\u00e9pultures musulmanes de France d\u00e9couvertes \u00e0 N\u00eemes","datePublished":"2016-02-25T16:27:46+00:00","dateModified":"2019-07-15T09:16:56+00:00","mainEntityOfPage":{"@id":"https:\/\/batijournal.com\/index.php\/les-plus-anciennes-sepultures-musulmanes-medievales-de-france-decouvertes-a-nimes\/91611\/"},"wordCount":402,"image":{"@id":"https:\/\/batijournal.com\/index.php\/les-plus-anciennes-sepultures-musulmanes-medievales-de-france-decouvertes-a-nimes\/91611\/#primaryimage"},"thumbnailUrl":"https:\/\/batijournal.com\/wp-content\/uploads\/2016\/02\/fig_3.jpg","articleSection":["Actualit\u00e9s","Architecture &amp; Conception"],"inLanguage":"fr-FR"},{"@type":"WebPage","@id":"https:\/\/batijournal.com\/index.php\/les-plus-anciennes-sepultures-musulmanes-medievales-de-france-decouvertes-a-nimes\/91611\/","url":"https:\/\/batijournal.com\/index.php\/les-plus-anciennes-sepultures-musulmanes-medievales-de-france-decouvertes-a-nimes\/91611\/","name":"Les plus anciennes s\u00e9pultures musulmanes de France d\u00e9couvertes \u00e0 N\u00eemes","isPartOf":{"@id":"https:\/\/batijournal.com\/#website"},"primaryImageOfPage":{"@id":"https:\/\/batijournal.com\/index.php\/les-plus-anciennes-sepultures-musulmanes-medievales-de-france-decouvertes-a-nimes\/91611\/#primaryimage"},"image":{"@id":"https:\/\/batijournal.com\/index.php\/les-plus-anciennes-sepultures-musulmanes-medievales-de-france-decouvertes-a-nimes\/91611\/#primaryimage"},"thumbnailUrl":"https:\/\/batijournal.com\/wp-content\/uploads\/2016\/02\/fig_3.jpg","datePublished":"2016-02-25T16:27:46+00:00","dateModified":"2019-07-15T09:16:56+00:00","author":{"@id":"https:\/\/batijournal.com\/#\/schema\/person\/1dc96ec6957aa1ccb25ebe78bb19f100"},"breadcrumb":{"@id":"https:\/\/batijournal.com\/index.php\/les-plus-anciennes-sepultures-musulmanes-medievales-de-france-decouvertes-a-nimes\/91611\/#breadcrumb"},"inLanguage":"fr-FR","potentialAction":[{"@type":"ReadAction","target":["https:\/\/batijournal.com\/index.php\/les-plus-anciennes-sepultures-musulmanes-medievales-de-france-decouvertes-a-nimes\/91611\/"]}]},{"@type":"ImageObject","inLanguage":"fr-FR","@id":"https:\/\/batijournal.com\/index.php\/les-plus-anciennes-sepultures-musulmanes-medievales-de-france-decouvertes-a-nimes\/91611\/#primaryimage","url":"https:\/\/batijournal.com\/wp-content\/uploads\/2016\/02\/fig_3.jpg","contentUrl":"https:\/\/batijournal.com\/wp-content\/uploads\/2016\/02\/fig_3.jpg","width":1024,"height":455,"caption":"S\u00e9pultures musulmanes. Fouille du parking avenue Jean-Jaur\u00e8s, N\u00eemes \u00a9 Patrice Pliskine, Inrap"},{"@type":"BreadcrumbList","@id":"https:\/\/batijournal.com\/index.php\/les-plus-anciennes-sepultures-musulmanes-medievales-de-france-decouvertes-a-nimes\/91611\/#breadcrumb","itemListElement":[{"@type":"ListItem","position":1,"name":"Accueil","item":"https:\/\/batijournal.com\/"},{"@type":"ListItem","position":2,"name":"Actualit\u00e9s","item":"https:\/\/batijournal.com\/index.php\/category\/actualites\/"},{"@type":"ListItem","position":3,"name":"Architecture &amp; Conception","item":"https:\/\/batijournal.com\/index.php\/category\/actualites\/architecture-conception\/"},{"@type":"ListItem","position":4,"name":"Les plus anciennes s\u00e9pultures musulmanes de France d\u00e9couvertes \u00e0 N\u00eemes"}]},{"@type":"WebSite","@id":"https:\/\/batijournal.com\/#website","url":"https:\/\/batijournal.com\/","name":"Batijournal","description":"L&#039;actualit\u00e9 du b\u00e2timent","potentialAction":[{"@type":"SearchAction","target":{"@type":"EntryPoint","urlTemplate":"https:\/\/batijournal.com\/?s={search_term_string}"},"query-input":{"@type":"PropertyValueSpecification","valueRequired":true,"valueName":"search_term_string"}}],"inLanguage":"fr-FR"},{"@type":"Person","@id":"https:\/\/batijournal.com\/#\/schema\/person\/1dc96ec6957aa1ccb25ebe78bb19f100","name":"St\u00e9phane Miget","image":{"@type":"ImageObject","inLanguage":"fr-FR","@id":"https:\/\/secure.gravatar.com\/avatar\/89915563d925342126b8ef0281b93d9d7fc337043e8df017f780908eb9644451?s=96&d=mm&r=g","url":"https:\/\/secure.gravatar.com\/avatar\/89915563d925342126b8ef0281b93d9d7fc337043e8df017f780908eb9644451?s=96&d=mm&r=g","contentUrl":"https:\/\/secure.gravatar.com\/avatar\/89915563d925342126b8ef0281b93d9d7fc337043e8df017f780908eb9644451?s=96&d=mm&r=g","caption":"St\u00e9phane Miget"},"url":"https:\/\/batijournal.com\/index.php\/author\/stephane\/"}]}},"_links":{"self":[{"href":"https:\/\/batijournal.com\/index.php\/wp-json\/wp\/v2\/posts\/91611","targetHints":{"allow":["GET"]}}],"collection":[{"href":"https:\/\/batijournal.com\/index.php\/wp-json\/wp\/v2\/posts"}],"about":[{"href":"https:\/\/batijournal.com\/index.php\/wp-json\/wp\/v2\/types\/post"}],"author":[{"embeddable":true,"href":"https:\/\/batijournal.com\/index.php\/wp-json\/wp\/v2\/users\/17"}],"replies":[{"embeddable":true,"href":"https:\/\/batijournal.com\/index.php\/wp-json\/wp\/v2\/comments?post=91611"}],"version-history":[{"count":0,"href":"https:\/\/batijournal.com\/index.php\/wp-json\/wp\/v2\/posts\/91611\/revisions"}],"wp:featuredmedia":[{"embeddable":true,"href":"https:\/\/batijournal.com\/index.php\/wp-json\/wp\/v2\/media\/91612"}],"wp:attachment":[{"href":"https:\/\/batijournal.com\/index.php\/wp-json\/wp\/v2\/media?parent=91611"}],"wp:term":[{"taxonomy":"category","embeddable":true,"href":"https:\/\/batijournal.com\/index.php\/wp-json\/wp\/v2\/categories?post=91611"},{"taxonomy":"post_tag","embeddable":true,"href":"https:\/\/batijournal.com\/index.php\/wp-json\/wp\/v2\/tags?post=91611"}],"curies":[{"name":"wp","href":"https:\/\/api.w.org\/{rel}","templated":true}]}}