{"id":91657,"date":"2016-03-03T07:56:09","date_gmt":"2016-03-03T06:56:09","guid":{"rendered":"http:\/\/batijournal.com\/?p=91657"},"modified":"2019-07-15T12:13:31","modified_gmt":"2019-07-15T10:13:31","slug":"participez-a-journee-de-prevention","status":"publish","type":"post","link":"https:\/\/batijournal.com\/index.php\/participez-a-journee-de-prevention\/91657\/","title":{"rendered":"Participez \u00e0 la journ\u00e9e de la pr\u00e9vention"},"content":{"rendered":"<p>La 7\u00e8me \u00e9dition de la Journ\u00e9e de la pr\u00e9vention sera consacr\u00e9e aux risques professionnels dans le BTP et, plus particuli\u00e8rement, le risque routier et les chutes, principales causes d\u2019accidents mortels dans le secteur. Les sessions sont didactiques et participatives, avec une animation type \u00abchasse aux risques\u00a0\u00bb \u00e0 travers une s\u00e9rie de photos de chantiers ainsi qu\u2019un quiz enti\u00e8rement d\u00e9di\u00e9 au risque routier et aux chutes. Port\u00e9e par la FFB et ses partenaires, l\u2019OPPBTP, les SIST BTP et la CNAMTS, cette op\u00e9ration \u00ab cl\u00e9 en main\u00a0\u00bb s\u2019adresse aux salari\u00e9s, aux chefs d\u2019entreprise et aux jeunes en apprentissage. Elle leur apporte des conseils et des solutions directement applicables dans leur activit\u00e9 quotidienne \u00e0 travers des supports d\u2019animation et de communication con\u00e7us pour l\u2019occasion.<\/p>\n<p>La nouvelle \u00e9dition de la Journ\u00e9e de la pr\u00e9vention aura lieu le 31 mars prochain partout en France.<br \/>\n<a href=\"http:\/\/www.ffbatiment.fr\" target=\"_blank\" rel=\"noopener noreferrer\">www.ffbatiment.fr<\/a><\/p>\n","protected":false},"excerpt":{"rendered":"<p>La 7\u00e8me \u00e9dition de la Journ\u00e9e de la pr\u00e9vention sera consacr\u00e9e aux risques professionnels dans le BTP et, plus particuli\u00e8rement, le risque routier et les chutes, principales causes d\u2019accidents mortels dans le secteur. Les sessions sont didactiques et participatives, avec une animation type \u00abchasse aux risques\u00a0\u00bb \u00e0 travers une s\u00e9rie de photos de chantiers ainsi [&hellip;]<\/p>\n","protected":false},"author":17,"featured_media":91658,"comment_status":"closed","ping_status":"closed","sticky":false,"template":"","format":"standard","meta":{"_et_pb_use_builder":"","_et_pb_old_content":"","_et_gb_content_width":"","footnotes":""},"categories":[10530,6345,10775],"tags":[2617,1564],"class_list":["post-91657","post","type-post","status-publish","format-standard","has-post-thumbnail","hentry","category-actualites","category-economie-marches","category-actualites-5facades","tag-prevention","tag-securite"],"yoast_head":"<!-- This site is optimized with the Yoast SEO plugin v27.4 - https:\/\/yoast.com\/product\/yoast-seo-wordpress\/ -->\n<title>Participez \u00e0 la journ\u00e9e de la pr\u00e9vention<\/title>\n<meta name=\"robots\" content=\"index, follow, max-snippet:-1, max-image-preview:large, max-video-preview:-1\" \/>\n<link rel=\"canonical\" href=\"https:\/\/batijournal.com\/index.php\/participez-a-journee-de-prevention\/91657\/\" \/>\n<meta property=\"og:locale\" content=\"fr_FR\" \/>\n<meta property=\"og:type\" content=\"article\" \/>\n<meta property=\"og:title\" content=\"Participez \u00e0 la journ\u00e9e de la pr\u00e9vention\" \/>\n<meta property=\"og:description\" content=\"La 7\u00e8me \u00e9dition de la Journ\u00e9e de la pr\u00e9vention sera consacr\u00e9e aux risques professionnels dans le BTP et, plus particuli\u00e8rement, le risque routier et les chutes, principales causes d\u2019accidents mortels dans le secteur. Les sessions sont didactiques et participatives, avec une animation type \u00abchasse aux risques\u00a0\u00bb \u00e0 travers une s\u00e9rie de photos de chantiers ainsi [&hellip;]\" \/>\n<meta property=\"og:url\" content=\"https:\/\/batijournal.com\/index.php\/participez-a-journee-de-prevention\/91657\/\" \/>\n<meta property=\"og:site_name\" content=\"Batijournal\" \/>\n<meta property=\"article:published_time\" content=\"2016-03-03T06:56:09+00:00\" \/>\n<meta property=\"article:modified_time\" content=\"2019-07-15T10:13:31+00:00\" \/>\n<meta property=\"og:image\" content=\"https:\/\/batijournal.com\/wp-content\/uploads\/2016\/03\/Journee-de-la-pr\u00e9vention.png\" \/>\n\t<meta property=\"og:image:width\" content=\"555\" \/>\n\t<meta property=\"og:image:height\" content=\"740\" \/>\n\t<meta property=\"og:image:type\" content=\"image\/png\" \/>\n<meta name=\"author\" content=\"St\u00e9phane Miget\" \/>\n<meta name=\"twitter:card\" content=\"summary_large_image\" \/>\n<meta name=\"twitter:creator\" content=\"@bati_journal\" \/>\n<meta name=\"twitter:site\" content=\"@bati_journal\" \/>\n<meta name=\"twitter:label1\" content=\"\u00c9crit par\" \/>\n\t<meta name=\"twitter:data1\" content=\"St\u00e9phane Miget\" \/>\n\t<meta name=\"twitter:label2\" content=\"Dur\u00e9e de lecture estim\u00e9e\" \/>\n\t<meta name=\"twitter:data2\" content=\"1 minute\" \/>\n<script type=\"application\/ld+json\" class=\"yoast-schema-graph\">{\"@context\":\"https:\\\/\\\/schema.org\",\"@graph\":[{\"@type\":\"Article\",\"@id\":\"https:\\\/\\\/batijournal.com\\\/index.php\\\/participez-a-journee-de-prevention\\\/91657\\\/#article\",\"isPartOf\":{\"@id\":\"https:\\\/\\\/batijournal.com\\\/index.php\\\/participez-a-journee-de-prevention\\\/91657\\\/\"},\"author\":{\"name\":\"St\u00e9phane Miget\",\"@id\":\"https:\\\/\\\/batijournal.com\\\/#\\\/schema\\\/person\\\/1dc96ec6957aa1ccb25ebe78bb19f100\"},\"headline\":\"Participez \u00e0 la journ\u00e9e de la pr\u00e9vention\",\"datePublished\":\"2016-03-03T06:56:09+00:00\",\"dateModified\":\"2019-07-15T10:13:31+00:00\",\"mainEntityOfPage\":{\"@id\":\"https:\\\/\\\/batijournal.com\\\/index.php\\\/participez-a-journee-de-prevention\\\/91657\\\/\"},\"wordCount\":166,\"image\":{\"@id\":\"https:\\\/\\\/batijournal.com\\\/index.php\\\/participez-a-journee-de-prevention\\\/91657\\\/#primaryimage\"},\"thumbnailUrl\":\"https:\\\/\\\/batijournal.com\\\/wp-content\\\/uploads\\\/2016\\\/03\\\/Journee-de-la-pr\u00e9vention.png\",\"keywords\":[\"Pr\u00e9vention\",\"securite\"],\"articleSection\":[\"Actualit\u00e9s\",\"\u00c9conomie &amp; March\u00e9s\",\"zz_Actualit\u00e9s - 5fa\u00e7ades\"],\"inLanguage\":\"fr-FR\"},{\"@type\":\"WebPage\",\"@id\":\"https:\\\/\\\/batijournal.com\\\/index.php\\\/participez-a-journee-de-prevention\\\/91657\\\/\",\"url\":\"https:\\\/\\\/batijournal.com\\\/index.php\\\/participez-a-journee-de-prevention\\\/91657\\\/\",\"name\":\"Participez \u00e0 la journ\u00e9e de la pr\u00e9vention\",\"isPartOf\":{\"@id\":\"https:\\\/\\\/batijournal.com\\\/#website\"},\"primaryImageOfPage\":{\"@id\":\"https:\\\/\\\/batijournal.com\\\/index.php\\\/participez-a-journee-de-prevention\\\/91657\\\/#primaryimage\"},\"image\":{\"@id\":\"https:\\\/\\\/batijournal.com\\\/index.php\\\/participez-a-journee-de-prevention\\\/91657\\\/#primaryimage\"},\"thumbnailUrl\":\"https:\\\/\\\/batijournal.com\\\/wp-content\\\/uploads\\\/2016\\\/03\\\/Journee-de-la-pr\u00e9vention.png\",\"datePublished\":\"2016-03-03T06:56:09+00:00\",\"dateModified\":\"2019-07-15T10:13:31+00:00\",\"author\":{\"@id\":\"https:\\\/\\\/batijournal.com\\\/#\\\/schema\\\/person\\\/1dc96ec6957aa1ccb25ebe78bb19f100\"},\"breadcrumb\":{\"@id\":\"https:\\\/\\\/batijournal.com\\\/index.php\\\/participez-a-journee-de-prevention\\\/91657\\\/#breadcrumb\"},\"inLanguage\":\"fr-FR\",\"potentialAction\":[{\"@type\":\"ReadAction\",\"target\":[\"https:\\\/\\\/batijournal.com\\\/index.php\\\/participez-a-journee-de-prevention\\\/91657\\\/\"]}]},{\"@type\":\"ImageObject\",\"inLanguage\":\"fr-FR\",\"@id\":\"https:\\\/\\\/batijournal.com\\\/index.php\\\/participez-a-journee-de-prevention\\\/91657\\\/#primaryimage\",\"url\":\"https:\\\/\\\/batijournal.com\\\/wp-content\\\/uploads\\\/2016\\\/03\\\/Journee-de-la-pr\u00e9vention.png\",\"contentUrl\":\"https:\\\/\\\/batijournal.com\\\/wp-content\\\/uploads\\\/2016\\\/03\\\/Journee-de-la-pr\u00e9vention.png\",\"width\":555,\"height\":740,\"caption\":\"journ\u00e9e de la pr\u00e9vention\"},{\"@type\":\"BreadcrumbList\",\"@id\":\"https:\\\/\\\/batijournal.com\\\/index.php\\\/participez-a-journee-de-prevention\\\/91657\\\/#breadcrumb\",\"itemListElement\":[{\"@type\":\"ListItem\",\"position\":1,\"name\":\"Accueil\",\"item\":\"https:\\\/\\\/batijournal.com\\\/\"},{\"@type\":\"ListItem\",\"position\":2,\"name\":\"Actualit\u00e9s\",\"item\":\"https:\\\/\\\/batijournal.com\\\/index.php\\\/category\\\/actualites\\\/\"},{\"@type\":\"ListItem\",\"position\":3,\"name\":\"Participez \u00e0 la journ\u00e9e de la pr\u00e9vention\"}]},{\"@type\":\"WebSite\",\"@id\":\"https:\\\/\\\/batijournal.com\\\/#website\",\"url\":\"https:\\\/\\\/batijournal.com\\\/\",\"name\":\"Batijournal\",\"description\":\"L&#039;actualit\u00e9 du b\u00e2timent\",\"potentialAction\":[{\"@type\":\"SearchAction\",\"target\":{\"@type\":\"EntryPoint\",\"urlTemplate\":\"https:\\\/\\\/batijournal.com\\\/?s={search_term_string}\"},\"query-input\":{\"@type\":\"PropertyValueSpecification\",\"valueRequired\":true,\"valueName\":\"search_term_string\"}}],\"inLanguage\":\"fr-FR\"},{\"@type\":\"Person\",\"@id\":\"https:\\\/\\\/batijournal.com\\\/#\\\/schema\\\/person\\\/1dc96ec6957aa1ccb25ebe78bb19f100\",\"name\":\"St\u00e9phane Miget\",\"image\":{\"@type\":\"ImageObject\",\"inLanguage\":\"fr-FR\",\"@id\":\"https:\\\/\\\/secure.gravatar.com\\\/avatar\\\/89915563d925342126b8ef0281b93d9d7fc337043e8df017f780908eb9644451?s=96&d=mm&r=g\",\"url\":\"https:\\\/\\\/secure.gravatar.com\\\/avatar\\\/89915563d925342126b8ef0281b93d9d7fc337043e8df017f780908eb9644451?s=96&d=mm&r=g\",\"contentUrl\":\"https:\\\/\\\/secure.gravatar.com\\\/avatar\\\/89915563d925342126b8ef0281b93d9d7fc337043e8df017f780908eb9644451?s=96&d=mm&r=g\",\"caption\":\"St\u00e9phane Miget\"},\"url\":\"https:\\\/\\\/batijournal.com\\\/index.php\\\/author\\\/stephane\\\/\"}]}<\/script>\n<!-- \/ Yoast SEO plugin. -->","yoast_head_json":{"title":"Participez \u00e0 la journ\u00e9e de la pr\u00e9vention","robots":{"index":"index","follow":"follow","max-snippet":"max-snippet:-1","max-image-preview":"max-image-preview:large","max-video-preview":"max-video-preview:-1"},"canonical":"https:\/\/batijournal.com\/index.php\/participez-a-journee-de-prevention\/91657\/","og_locale":"fr_FR","og_type":"article","og_title":"Participez \u00e0 la journ\u00e9e de la pr\u00e9vention","og_description":"La 7\u00e8me \u00e9dition de la Journ\u00e9e de la pr\u00e9vention sera consacr\u00e9e aux risques professionnels dans le BTP et, plus particuli\u00e8rement, le risque routier et les chutes, principales causes d\u2019accidents mortels dans le secteur. Les sessions sont didactiques et participatives, avec une animation type \u00abchasse aux risques\u00a0\u00bb \u00e0 travers une s\u00e9rie de photos de chantiers ainsi [&hellip;]","og_url":"https:\/\/batijournal.com\/index.php\/participez-a-journee-de-prevention\/91657\/","og_site_name":"Batijournal","article_published_time":"2016-03-03T06:56:09+00:00","article_modified_time":"2019-07-15T10:13:31+00:00","og_image":[{"width":555,"height":740,"url":"https:\/\/batijournal.com\/wp-content\/uploads\/2016\/03\/Journee-de-la-pr\u00e9vention.png","type":"image\/png"}],"author":"St\u00e9phane Miget","twitter_card":"summary_large_image","twitter_creator":"@bati_journal","twitter_site":"@bati_journal","twitter_misc":{"\u00c9crit par":"St\u00e9phane Miget","Dur\u00e9e de lecture estim\u00e9e":"1 minute"},"schema":{"@context":"https:\/\/schema.org","@graph":[{"@type":"Article","@id":"https:\/\/batijournal.com\/index.php\/participez-a-journee-de-prevention\/91657\/#article","isPartOf":{"@id":"https:\/\/batijournal.com\/index.php\/participez-a-journee-de-prevention\/91657\/"},"author":{"name":"St\u00e9phane Miget","@id":"https:\/\/batijournal.com\/#\/schema\/person\/1dc96ec6957aa1ccb25ebe78bb19f100"},"headline":"Participez \u00e0 la journ\u00e9e de la pr\u00e9vention","datePublished":"2016-03-03T06:56:09+00:00","dateModified":"2019-07-15T10:13:31+00:00","mainEntityOfPage":{"@id":"https:\/\/batijournal.com\/index.php\/participez-a-journee-de-prevention\/91657\/"},"wordCount":166,"image":{"@id":"https:\/\/batijournal.com\/index.php\/participez-a-journee-de-prevention\/91657\/#primaryimage"},"thumbnailUrl":"https:\/\/batijournal.com\/wp-content\/uploads\/2016\/03\/Journee-de-la-pr\u00e9vention.png","keywords":["Pr\u00e9vention","securite"],"articleSection":["Actualit\u00e9s","\u00c9conomie &amp; March\u00e9s","zz_Actualit\u00e9s - 5fa\u00e7ades"],"inLanguage":"fr-FR"},{"@type":"WebPage","@id":"https:\/\/batijournal.com\/index.php\/participez-a-journee-de-prevention\/91657\/","url":"https:\/\/batijournal.com\/index.php\/participez-a-journee-de-prevention\/91657\/","name":"Participez \u00e0 la journ\u00e9e de la pr\u00e9vention","isPartOf":{"@id":"https:\/\/batijournal.com\/#website"},"primaryImageOfPage":{"@id":"https:\/\/batijournal.com\/index.php\/participez-a-journee-de-prevention\/91657\/#primaryimage"},"image":{"@id":"https:\/\/batijournal.com\/index.php\/participez-a-journee-de-prevention\/91657\/#primaryimage"},"thumbnailUrl":"https:\/\/batijournal.com\/wp-content\/uploads\/2016\/03\/Journee-de-la-pr\u00e9vention.png","datePublished":"2016-03-03T06:56:09+00:00","dateModified":"2019-07-15T10:13:31+00:00","author":{"@id":"https:\/\/batijournal.com\/#\/schema\/person\/1dc96ec6957aa1ccb25ebe78bb19f100"},"breadcrumb":{"@id":"https:\/\/batijournal.com\/index.php\/participez-a-journee-de-prevention\/91657\/#breadcrumb"},"inLanguage":"fr-FR","potentialAction":[{"@type":"ReadAction","target":["https:\/\/batijournal.com\/index.php\/participez-a-journee-de-prevention\/91657\/"]}]},{"@type":"ImageObject","inLanguage":"fr-FR","@id":"https:\/\/batijournal.com\/index.php\/participez-a-journee-de-prevention\/91657\/#primaryimage","url":"https:\/\/batijournal.com\/wp-content\/uploads\/2016\/03\/Journee-de-la-pr\u00e9vention.png","contentUrl":"https:\/\/batijournal.com\/wp-content\/uploads\/2016\/03\/Journee-de-la-pr\u00e9vention.png","width":555,"height":740,"caption":"journ\u00e9e de la pr\u00e9vention"},{"@type":"BreadcrumbList","@id":"https:\/\/batijournal.com\/index.php\/participez-a-journee-de-prevention\/91657\/#breadcrumb","itemListElement":[{"@type":"ListItem","position":1,"name":"Accueil","item":"https:\/\/batijournal.com\/"},{"@type":"ListItem","position":2,"name":"Actualit\u00e9s","item":"https:\/\/batijournal.com\/index.php\/category\/actualites\/"},{"@type":"ListItem","position":3,"name":"Participez \u00e0 la journ\u00e9e de la pr\u00e9vention"}]},{"@type":"WebSite","@id":"https:\/\/batijournal.com\/#website","url":"https:\/\/batijournal.com\/","name":"Batijournal","description":"L&#039;actualit\u00e9 du b\u00e2timent","potentialAction":[{"@type":"SearchAction","target":{"@type":"EntryPoint","urlTemplate":"https:\/\/batijournal.com\/?s={search_term_string}"},"query-input":{"@type":"PropertyValueSpecification","valueRequired":true,"valueName":"search_term_string"}}],"inLanguage":"fr-FR"},{"@type":"Person","@id":"https:\/\/batijournal.com\/#\/schema\/person\/1dc96ec6957aa1ccb25ebe78bb19f100","name":"St\u00e9phane Miget","image":{"@type":"ImageObject","inLanguage":"fr-FR","@id":"https:\/\/secure.gravatar.com\/avatar\/89915563d925342126b8ef0281b93d9d7fc337043e8df017f780908eb9644451?s=96&d=mm&r=g","url":"https:\/\/secure.gravatar.com\/avatar\/89915563d925342126b8ef0281b93d9d7fc337043e8df017f780908eb9644451?s=96&d=mm&r=g","contentUrl":"https:\/\/secure.gravatar.com\/avatar\/89915563d925342126b8ef0281b93d9d7fc337043e8df017f780908eb9644451?s=96&d=mm&r=g","caption":"St\u00e9phane Miget"},"url":"https:\/\/batijournal.com\/index.php\/author\/stephane\/"}]}},"_links":{"self":[{"href":"https:\/\/batijournal.com\/index.php\/wp-json\/wp\/v2\/posts\/91657","targetHints":{"allow":["GET"]}}],"collection":[{"href":"https:\/\/batijournal.com\/index.php\/wp-json\/wp\/v2\/posts"}],"about":[{"href":"https:\/\/batijournal.com\/index.php\/wp-json\/wp\/v2\/types\/post"}],"author":[{"embeddable":true,"href":"https:\/\/batijournal.com\/index.php\/wp-json\/wp\/v2\/users\/17"}],"replies":[{"embeddable":true,"href":"https:\/\/batijournal.com\/index.php\/wp-json\/wp\/v2\/comments?post=91657"}],"version-history":[{"count":0,"href":"https:\/\/batijournal.com\/index.php\/wp-json\/wp\/v2\/posts\/91657\/revisions"}],"wp:featuredmedia":[{"embeddable":true,"href":"https:\/\/batijournal.com\/index.php\/wp-json\/wp\/v2\/media\/91658"}],"wp:attachment":[{"href":"https:\/\/batijournal.com\/index.php\/wp-json\/wp\/v2\/media?parent=91657"}],"wp:term":[{"taxonomy":"category","embeddable":true,"href":"https:\/\/batijournal.com\/index.php\/wp-json\/wp\/v2\/categories?post=91657"},{"taxonomy":"post_tag","embeddable":true,"href":"https:\/\/batijournal.com\/index.php\/wp-json\/wp\/v2\/tags?post=91657"}],"curies":[{"name":"wp","href":"https:\/\/api.w.org\/{rel}","templated":true}]}}